{"id":10205,"date":"2022-09-19T17:52:04","date_gmt":"2022-09-19T15:52:04","guid":{"rendered":"https:\/\/www.made-in-meubles.com\/blog\/?p=10205"},"modified":"2024-12-04T18:10:12","modified_gmt":"2024-12-04T17:10:12","slug":"du-noir-dans-ma-cuisine-industrielle-2","status":"publish","type":"post","link":"https:\/\/www.made-in-meubles.com\/blog\/du-noir-dans-ma-cuisine-industrielle-2\/","title":{"rendered":"J\u2019ose le noir dans ma cuisine type industriel !"},"content":{"rendered":"\n<p>Plus qu\u2019une tendance, une \u00e9vidence.&nbsp;<strong>Le noir<\/strong>&nbsp;s\u2019invite dans nos cuisines et son&nbsp;<strong>ind\u00e9modable charme<\/strong>&nbsp;fait une fois de plus&nbsp;des ravages!&nbsp;L\u2019intemporel lui colle \u00e0 la peau et on aime par dessus tout son authenticit\u00e9. Adoptez le noir dans votre&nbsp;<a href=\"https:\/\/web.archive.org\/web\/20210416143651\/https:\/\/www.made-in-meubles.com\/cuisine.html\" target=\"_blank\" rel=\"noreferrer noopener\">cuisine<\/a>&nbsp;pour un style r\u00e9solument industriel !<\/p>\n\n\n\n<h2>Black &amp; Wood dans ma cuisine !<\/h2>\n\n\n\n<p><strong>Adoucissez les traits<\/strong>&nbsp;du m\u00e9tal noir en l\u2019associant \u00e0 des couleurs ou mati\u00e8res sobres. Le bois semble \u00eatre<strong>&nbsp;l\u2019alli\u00e9<\/strong>&nbsp;parfait de la couleur noire. Capable d\u2019att\u00e9nuer et de temp\u00e9rer ses nuances, le bois apportera chaleur et convivialit\u00e9 dans votre pi\u00e8ce. Optez pour un bois recycl\u00e9 si vous souhaitez apporter une touche de modernit\u00e9 \u00e0 votre cuisine, a contrario optez pour un bois cir\u00e9 si vous pr\u00e9f\u00e9rez mettre en exergue un c\u00f4t\u00e9 plus rustique.<\/p>\n\n\n\n<figure class=\"wp-block-image size-large\"><img src=\"https:\/\/web.archive.org\/web\/20210416143651im_\/https:\/\/www.made-in-meubles.com\/blog\/wp-content\/uploads\/2017\/02\/Template-4-Photoskkkkk.jpg\" alt=\"\"\/><\/figure>\n\n\n\n<h2>Ma cr\u00e9dence donne le ton !<\/h2>\n\n\n\n<p>Si vous souhaitez y aller par \u00e9tape,&nbsp;vous pouvez commencer par relooker&nbsp;votre cr\u00e9dence. De cette fa\u00e7on, vous aurez un premier aper\u00e7u de votre cuisine au style industriel !<\/p>\n\n\n\n<figure class=\"wp-block-image size-large\"><img src=\"https:\/\/web.archive.org\/web\/20210416143651im_\/https:\/\/www.made-in-meubles.com\/blog\/wp-content\/uploads\/2017\/02\/Template-2-Photos.jpgkkk.jpg\" alt=\"\"\/><\/figure>\n\n\n\n<h2>J\u2019a\u00e8re et je mise sur la luminosit\u00e9 !<\/h2>\n\n\n\n<p>Pi\u00e8ce ouverte, banc, peau de b\u00eate, tableau d\u2019enfance\u2026 tout est bon pour \u00e9gayer et amener un maximum de&nbsp;<strong>convivialit\u00e9<\/strong>&nbsp;au sein de votre pi\u00e8ce. Optez pour des&nbsp;<strong>murs blancs<\/strong>&nbsp;afin d\u2019amener de la profondeur \u00e0 votre pi\u00e8ce et&nbsp;<strong>pr\u00e9f\u00e9rez une verri\u00e8re<\/strong>&nbsp;\u00e0 une simple cloison afin de b\u00e9n\u00e9ficier de nombreuses sources de lumi\u00e8re.<\/p>\n\n\n\n<figure class=\"wp-block-image size-large\"><img src=\"https:\/\/web.archive.org\/web\/20210416143651im_\/https:\/\/www.made-in-meubles.com\/blog\/wp-content\/uploads\/2017\/02\/Template-2-Photosddd.jpg\" alt=\"\"\/><\/figure>\n\n\n\n<h2>Je trouve&nbsp;un meuble esprit industriel qui me plait !<\/h2>\n\n\n\n<p>Soignez votre style de d\u00e9coration en fonction de&nbsp;l\u2019am\u00e9nagement de votre pi\u00e8ce. D\u00e9terminez les couleurs et mat\u00e9riaux dominants de votre cuisine et en fonction de ce constat, choisissez votre meuble&nbsp;bois metal! Optez pour du mobilier en m\u00e9tal si vous souhaitez&nbsp;<strong>compl\u00e9ter et renforcer le look indus\u2019 de votre cuisine.&nbsp;<\/strong>A contrario,<strong>&nbsp;<\/strong>si<strong>&nbsp;<\/strong>votre&nbsp;mobilier de cuisine est enti\u00e8rement noir, tournez-vous vers&nbsp;un meuble cuisine&nbsp;bois massif dot\u00e9 de d\u00e9tails en m\u00e9tal qui adoucira votre pi\u00e8ce.<\/p>\n\n\n\n<h2>Touche indus\u2019 pour une cuisine r\u00e9tro !<\/h2>\n\n\n\n<p>Jouez la carte de la tendance industrielle!&nbsp;<strong>Laissez para\u00eetre des d\u00e9tails qui&nbsp;auront toute leur importance et qui habilleront votre int\u00e9rieur subtilement<\/strong>.&nbsp;On aime ici l\u2019aspect brut des tuyaux, les lampes originales qui am\u00e8nent du caract\u00e8re et l\u2019utilisation de chaises d\u00e9pareill\u00e9es autour de la table principale.<\/p>\n\n\n\n<figure class=\"wp-block-image size-large\"><img src=\"https:\/\/web.archive.org\/web\/20210416143651im_\/https:\/\/www.made-in-meubles.com\/blog\/wp-content\/uploads\/2017\/02\/Template-2-Photosuuu.jpg\" alt=\"\"\/><\/figure>\n","protected":false},"excerpt":{"rendered":"<p>Plus qu\u2019une tendance, une \u00e9vidence.&nbsp;Le noir&nbsp;s\u2019invite dans nos cuisines et son&nbsp;ind\u00e9modable charme&nbsp;fait une fois de plus&nbsp;des ravages!&nbsp;L\u2019intemporel lui colle \u00e0 la peau et on aime par dessus tout son authenticit\u00e9. Adoptez le noir dans votre&nbsp;cuisine&nbsp;pour un style r\u00e9solument industriel ! Black &amp; Wood dans ma cuisine ! Adoucissez les traits&nbsp;du m\u00e9tal noir en l\u2019associant \u00e0 [&hellip;]<\/p>\n","protected":false},"author":14,"featured_media":10206,"comment_status":"open","ping_status":"open","sticky":false,"template":"","format":"standard","meta":[],"categories":[5],"tags":[],"acf":[],"_links":{"self":[{"href":"https:\/\/www.made-in-meubles.com\/blog\/wp-json\/wp\/v2\/posts\/10205"}],"collection":[{"href":"https:\/\/www.made-in-meubles.com\/blog\/wp-json\/wp\/v2\/posts"}],"about":[{"href":"https:\/\/www.made-in-meubles.com\/blog\/wp-json\/wp\/v2\/types\/post"}],"author":[{"embeddable":true,"href":"https:\/\/www.made-in-meubles.com\/blog\/wp-json\/wp\/v2\/users\/14"}],"replies":[{"embeddable":true,"href":"https:\/\/www.made-in-meubles.com\/blog\/wp-json\/wp\/v2\/comments?post=10205"}],"version-history":[{"count":3,"href":"https:\/\/www.made-in-meubles.com\/blog\/wp-json\/wp\/v2\/posts\/10205\/revisions"}],"predecessor-version":[{"id":15172,"href":"https:\/\/www.made-in-meubles.com\/blog\/wp-json\/wp\/v2\/posts\/10205\/revisions\/15172"}],"wp:featuredmedia":[{"embeddable":true,"href":"https:\/\/www.made-in-meubles.com\/blog\/wp-json\/wp\/v2\/media\/10206"}],"wp:attachment":[{"href":"https:\/\/www.made-in-meubles.com\/blog\/wp-json\/wp\/v2\/media?parent=10205"}],"wp:term":[{"taxonomy":"category","embeddable":true,"href":"https:\/\/www.made-in-meubles.com\/blog\/wp-json\/wp\/v2\/categories?post=10205"},{"taxonomy":"post_tag","embeddable":true,"href":"https:\/\/www.made-in-meubles.com\/blog\/wp-json\/wp\/v2\/tags?post=10205"}],"curies":[{"name":"wp","href":"https:\/\/api.w.org\/{rel}","templated":true}]}}