{"id":10263,"date":"2022-10-07T16:22:19","date_gmt":"2022-10-07T14:22:19","guid":{"rendered":"https:\/\/www.made-in-meubles.com\/blog\/?p=10263"},"modified":"2025-09-09T16:59:54","modified_gmt":"2025-09-09T14:59:54","slug":"inspiration-chambre-scandinave","status":"publish","type":"post","link":"https:\/\/www.made-in-meubles.com\/blog\/inspiration-chambre-scandinave\/","title":{"rendered":"Nos conseils pour une chambre scandinave"},"content":{"rendered":"\t\t<div data-elementor-type=\"wp-post\" data-elementor-id=\"10263\" class=\"elementor elementor-10263\">\n\t\t\t\t\t\t\t\t\t<section class=\"elementor-section elementor-top-section elementor-element elementor-element-43ace67 elementor-section-boxed elementor-section-height-default elementor-section-height-default\" data-id=\"43ace67\" data-element_type=\"section\" data-settings=\"{&quot;jet_parallax_layout_list&quot;:[]}\">\n\t\t\t\t\t\t<div class=\"elementor-container elementor-column-gap-default\">\n\t\t\t\t\t<div class=\"elementor-column elementor-col-100 elementor-top-column elementor-element elementor-element-fd98fee\" data-id=\"fd98fee\" data-element_type=\"column\">\n\t\t\t<div class=\"elementor-widget-wrap elementor-element-populated\">\n\t\t\t\t\t\t\t\t<div class=\"elementor-element elementor-element-4c3377e elementor-widget elementor-widget-text-editor\" data-id=\"4c3377e\" data-element_type=\"widget\" data-widget_type=\"text-editor.default\">\n\t\t\t\t<div class=\"elementor-widget-container\">\n\t\t\t<style>\/*! elementor - v3.6.5 - 27-04-2022 *\/\n.elementor-widget-text-editor.elementor-drop-cap-view-stacked .elementor-drop-cap{background-color:#818a91;color:#fff}.elementor-widget-text-editor.elementor-drop-cap-view-framed .elementor-drop-cap{color:#818a91;border:3px solid;background-color:transparent}.elementor-widget-text-editor:not(.elementor-drop-cap-view-default) .elementor-drop-cap{margin-top:8px}.elementor-widget-text-editor:not(.elementor-drop-cap-view-default) .elementor-drop-cap-letter{width:1em;height:1em}.elementor-widget-text-editor .elementor-drop-cap{float:left;text-align:center;line-height:1;font-size:50px}.elementor-widget-text-editor .elementor-drop-cap-letter{display:inline-block}<\/style>\t\t\t\t<p><span id=\"docs-internal-guid-8fa03735-7fff-a1d2-702a-c689b4061903\"><span style=\"font-size: 11pt; font-family: Montserrat, sans-serif; color: #000000; background-color: transparent; font-variant-numeric: normal; font-variant-east-asian: normal; vertical-align: baseline; white-space: pre-wrap;\">On ne vous le pr\u00e9sente plus, le style <a href=\"https:\/\/www.made-in-meubles.com\/mobilier\/type-meuble\/scandinave.html\" target=\"_blank\" rel=\"noopener\">scandinave <\/a>est un incontournable dans l\u2019univers de la d\u00e9coration. On l\u2019aime dans son salon, dans sa salle \u00e0 manger et m\u00eame (et surtout) dans sa chambre ! Ici, nous vous offrons quelques conseils pour obtenir une jolie chambre scandinave. <\/span><\/span><\/p>\t\t\t\t\t\t<\/div>\n\t\t\t\t<\/div>\n\t\t\t\t\t<\/div>\n\t\t<\/div>\n\t\t\t\t\t\t\t<\/div>\n\t\t<\/section>\n\t\t\t\t<section class=\"elementor-section elementor-top-section elementor-element elementor-element-5e0650d elementor-section-boxed elementor-section-height-default elementor-section-height-default\" data-id=\"5e0650d\" data-element_type=\"section\" data-settings=\"{&quot;jet_parallax_layout_list&quot;:[]}\">\n\t\t\t\t\t\t<div class=\"elementor-container elementor-column-gap-default\">\n\t\t\t\t\t<div class=\"elementor-column elementor-col-100 elementor-top-column elementor-element elementor-element-16b0f6e\" data-id=\"16b0f6e\" data-element_type=\"column\">\n\t\t\t<div class=\"elementor-widget-wrap elementor-element-populated\">\n\t\t\t\t\t\t\t\t<div class=\"elementor-element elementor-element-21e550d elementor-widget elementor-widget-heading\" data-id=\"21e550d\" data-element_type=\"widget\" data-widget_type=\"heading.default\">\n\t\t\t\t<div class=\"elementor-widget-container\">\n\t\t\t<style>\/*! elementor - v3.6.5 - 27-04-2022 *\/\n.elementor-heading-title{padding:0;margin:0;line-height:1}.elementor-widget-heading .elementor-heading-title[class*=elementor-size-]>a{color:inherit;font-size:inherit;line-height:inherit}.elementor-widget-heading .elementor-heading-title.elementor-size-small{font-size:15px}.elementor-widget-heading .elementor-heading-title.elementor-size-medium{font-size:19px}.elementor-widget-heading .elementor-heading-title.elementor-size-large{font-size:29px}.elementor-widget-heading .elementor-heading-title.elementor-size-xl{font-size:39px}.elementor-widget-heading .elementor-heading-title.elementor-size-xxl{font-size:59px}<\/style><h2 class=\"elementor-heading-title elementor-size-default\">Les avantages d'une d\u00e9co scandinave<\/h2>\t\t<\/div>\n\t\t\t\t<\/div>\n\t\t\t\t\t<\/div>\n\t\t<\/div>\n\t\t\t\t\t\t\t<\/div>\n\t\t<\/section>\n\t\t\t\t<section class=\"elementor-section elementor-top-section elementor-element elementor-element-bfa48f1 elementor-section-boxed elementor-section-height-default elementor-section-height-default\" data-id=\"bfa48f1\" data-element_type=\"section\" data-settings=\"{&quot;jet_parallax_layout_list&quot;:[]}\">\n\t\t\t\t\t\t<div class=\"elementor-container elementor-column-gap-default\">\n\t\t\t\t\t<div class=\"elementor-column elementor-col-100 elementor-top-column elementor-element elementor-element-59643f8\" data-id=\"59643f8\" data-element_type=\"column\">\n\t\t\t<div class=\"elementor-widget-wrap elementor-element-populated\">\n\t\t\t\t\t\t\t\t<div class=\"elementor-element elementor-element-3a29a9b elementor-widget elementor-widget-text-editor\" data-id=\"3a29a9b\" data-element_type=\"widget\" data-widget_type=\"text-editor.default\">\n\t\t\t\t<div class=\"elementor-widget-container\">\n\t\t\t\t\t\t\t<p><span id=\"docs-internal-guid-8aa81c57-7fff-4bd6-1d1a-a60694be5a66\"><span style=\"font-size: 11pt; font-family: Montserrat, sans-serif; color: #000000; background-color: transparent; font-variant-numeric: normal; font-variant-east-asian: normal; vertical-align: baseline; white-space: pre-wrap;\">Il est important que votre chambre soit un lieu sain et agr\u00e9able. En effet, c\u2019est dans cette pi\u00e8ce que vous terminez et commencez votre journ\u00e9e, donc il faut qu\u2019elle respire le bien \u00eatre ! La tendance scandinave vous permet d\u2019obtenir ce type d\u2019int\u00e9rieur sans aucune difficult\u00e9. Elle a pour caract\u00e9ristiques d\u2019\u00eatre simple et pratique et nous n\u2019en demandons pas plus pour cette pi\u00e8ce de repos ! Le c\u00f4t\u00e9 pratique est primordial pour vous apporter de nombreux espaces de rangement tandis que la simplicit\u00e9 vous permettra d\u2019obtenir une pi\u00e8ce \u00e9pur\u00e9e. <\/span><\/span><\/p>\t\t\t\t\t\t<\/div>\n\t\t\t\t<\/div>\n\t\t\t\t\t<\/div>\n\t\t<\/div>\n\t\t\t\t\t\t\t<\/div>\n\t\t<\/section>\n\t\t\t\t<section class=\"elementor-section elementor-top-section elementor-element elementor-element-9cd12a8 elementor-section-boxed elementor-section-height-default elementor-section-height-default\" data-id=\"9cd12a8\" data-element_type=\"section\" data-settings=\"{&quot;jet_parallax_layout_list&quot;:[]}\">\n\t\t\t\t\t\t<div class=\"elementor-container elementor-column-gap-default\">\n\t\t\t\t\t<div class=\"elementor-column elementor-col-100 elementor-top-column elementor-element elementor-element-ff76130\" data-id=\"ff76130\" data-element_type=\"column\">\n\t\t\t<div class=\"elementor-widget-wrap elementor-element-populated\">\n\t\t\t\t\t\t\t\t<div class=\"elementor-element elementor-element-55c57a6 elementor-widget elementor-widget-heading\" data-id=\"55c57a6\" data-element_type=\"widget\" data-widget_type=\"heading.default\">\n\t\t\t\t<div class=\"elementor-widget-container\">\n\t\t\t<h2 class=\"elementor-heading-title elementor-size-default\">Quels meubles pour une chambre scandi ?<\/h2>\t\t<\/div>\n\t\t\t\t<\/div>\n\t\t\t\t\t<\/div>\n\t\t<\/div>\n\t\t\t\t\t\t\t<\/div>\n\t\t<\/section>\n\t\t\t\t<section class=\"elementor-section elementor-top-section elementor-element elementor-element-2b2f8b7 elementor-section-boxed elementor-section-height-default elementor-section-height-default\" data-id=\"2b2f8b7\" data-element_type=\"section\" data-settings=\"{&quot;jet_parallax_layout_list&quot;:[]}\">\n\t\t\t\t\t\t<div class=\"elementor-container elementor-column-gap-default\">\n\t\t\t\t\t<div class=\"elementor-column elementor-col-100 elementor-top-column elementor-element elementor-element-a16077e\" data-id=\"a16077e\" data-element_type=\"column\">\n\t\t\t<div class=\"elementor-widget-wrap elementor-element-populated\">\n\t\t\t\t\t\t\t\t<div class=\"elementor-element elementor-element-3c186f6 elementor-widget elementor-widget-text-editor\" data-id=\"3c186f6\" data-element_type=\"widget\" data-widget_type=\"text-editor.default\">\n\t\t\t\t<div class=\"elementor-widget-container\">\n\t\t\t\t\t\t\t<p><span id=\"docs-internal-guid-8f53bd52-7fff-19e2-3318-c9122b8457fd\"><span style=\"font-size: 11pt; font-family: Montserrat, sans-serif; color: #000000; background-color: transparent; font-variant-numeric: normal; font-variant-east-asian: normal; vertical-align: baseline; white-space: pre-wrap;\">Comme \u00e9voqu\u00e9 pr\u00e9c\u00e9demment, il faut miser sur des espaces de rangement. Pour cela, il suffit d\u2019int\u00e9grer une belle commode aux couleurs claires ainsi que de jolies tables de chevet assorties. <\/span><\/span><\/p>\t\t\t\t\t\t<\/div>\n\t\t\t\t<\/div>\n\t\t\t\t\t<\/div>\n\t\t<\/div>\n\t\t\t\t\t\t\t<\/div>\n\t\t<\/section>\n\t\t\t\t<section class=\"elementor-section elementor-top-section elementor-element elementor-element-5a00dcf elementor-section-boxed elementor-section-height-default elementor-section-height-default\" data-id=\"5a00dcf\" data-element_type=\"section\" data-settings=\"{&quot;jet_parallax_layout_list&quot;:[]}\">\n\t\t\t\t\t\t<div class=\"elementor-container elementor-column-gap-default\">\n\t\t\t\t\t<div class=\"elementor-column elementor-col-50 elementor-top-column elementor-element elementor-element-fdf6d62\" data-id=\"fdf6d62\" data-element_type=\"column\">\n\t\t\t<div class=\"elementor-widget-wrap elementor-element-populated\">\n\t\t\t\t\t\t\t\t<div class=\"elementor-element elementor-element-ab32ee4 elementor-widget elementor-widget-image\" data-id=\"ab32ee4\" data-element_type=\"widget\" data-widget_type=\"image.default\">\n\t\t\t\t<div class=\"elementor-widget-container\">\n\t\t\t<style>\/*! elementor - v3.6.5 - 27-04-2022 *\/\n.elementor-widget-image{text-align:center}.elementor-widget-image a{display:inline-block}.elementor-widget-image a img[src$=\".svg\"]{width:48px}.elementor-widget-image img{vertical-align:middle;display:inline-block}<\/style>\t\t\t\t\t\t\t\t\t<figure class=\"wp-caption\">\n\t\t\t\t\t\t\t\t\t\t\t<a href=\"https:\/\/www.made-in-meubles.com\/commode-en-bois-d-acacia-iwa-p-mk63\">\n\t\t\t\t\t\t\t<img width=\"1024\" height=\"1024\" src=\"https:\/\/www.made-in-meubles.com\/blog\/wp-content\/uploads\/2025\/09\/mk63-commode-amb-biais-ferme-1-1024x1024.webp\" class=\"attachment-large size-large\" alt=\"\" srcset=\"https:\/\/www.made-in-meubles.com\/blog\/wp-content\/uploads\/2025\/09\/mk63-commode-amb-biais-ferme-1-1024x1024.webp 1024w, https:\/\/www.made-in-meubles.com\/blog\/wp-content\/uploads\/2025\/09\/mk63-commode-amb-biais-ferme-1-300x300.webp 300w, https:\/\/www.made-in-meubles.com\/blog\/wp-content\/uploads\/2025\/09\/mk63-commode-amb-biais-ferme-1-150x150.webp 150w, https:\/\/www.made-in-meubles.com\/blog\/wp-content\/uploads\/2025\/09\/mk63-commode-amb-biais-ferme-1-768x768.webp 768w, https:\/\/www.made-in-meubles.com\/blog\/wp-content\/uploads\/2025\/09\/mk63-commode-amb-biais-ferme-1.webp 1200w\" sizes=\"(max-width: 1024px) 100vw, 1024px\" \/>\t\t\t\t\t\t\t\t<\/a>\n\t\t\t\t\t\t\t\t\t\t\t<figcaption class=\"widget-image-caption wp-caption-text\">\u00a9 Commode Iwa<\/figcaption>\n\t\t\t\t\t\t\t\t\t\t<\/figure>\n\t\t\t\t\t\t\t\t\t<\/div>\n\t\t\t\t<\/div>\n\t\t\t\t\t<\/div>\n\t\t<\/div>\n\t\t\t\t<div class=\"elementor-column elementor-col-50 elementor-top-column elementor-element elementor-element-9fe4847\" data-id=\"9fe4847\" data-element_type=\"column\">\n\t\t\t<div class=\"elementor-widget-wrap elementor-element-populated\">\n\t\t\t\t\t\t\t\t<div class=\"elementor-element elementor-element-1436292 elementor-widget elementor-widget-image\" data-id=\"1436292\" data-element_type=\"widget\" data-widget_type=\"image.default\">\n\t\t\t\t<div class=\"elementor-widget-container\">\n\t\t\t\t\t\t\t\t\t\t\t\t<figure class=\"wp-caption\">\n\t\t\t\t\t\t\t\t\t\t\t<a href=\"https:\/\/www.made-in-meubles.com\/table-de-chevet-mdf-style-scandinave-p-dn26\" target=\"_blank\">\n\t\t\t\t\t\t\t<img width=\"1024\" height=\"1024\" src=\"https:\/\/www.made-in-meubles.com\/blog\/wp-content\/uploads\/2022\/10\/DN26-Table-Chevet-ambiance-1024x1024.jpg\" class=\"attachment-large size-large\" alt=\"\" srcset=\"https:\/\/www.made-in-meubles.com\/blog\/wp-content\/uploads\/2022\/10\/DN26-Table-Chevet-ambiance-1024x1024.jpg 1024w, https:\/\/www.made-in-meubles.com\/blog\/wp-content\/uploads\/2022\/10\/DN26-Table-Chevet-ambiance-300x300.jpg 300w, https:\/\/www.made-in-meubles.com\/blog\/wp-content\/uploads\/2022\/10\/DN26-Table-Chevet-ambiance-150x150.jpg 150w, https:\/\/www.made-in-meubles.com\/blog\/wp-content\/uploads\/2022\/10\/DN26-Table-Chevet-ambiance-768x768.jpg 768w, https:\/\/www.made-in-meubles.com\/blog\/wp-content\/uploads\/2022\/10\/DN26-Table-Chevet-ambiance.jpg 1200w\" sizes=\"(max-width: 1024px) 100vw, 1024px\" \/>\t\t\t\t\t\t\t\t<\/a>\n\t\t\t\t\t\t\t\t\t\t\t<figcaption class=\"widget-image-caption wp-caption-text\">\u00a9 Table de chevet Natural<\/figcaption>\n\t\t\t\t\t\t\t\t\t\t<\/figure>\n\t\t\t\t\t\t\t\t\t<\/div>\n\t\t\t\t<\/div>\n\t\t\t\t\t<\/div>\n\t\t<\/div>\n\t\t\t\t\t\t\t<\/div>\n\t\t<\/section>\n\t\t\t\t<section class=\"elementor-section elementor-top-section elementor-element elementor-element-439a41e elementor-section-boxed elementor-section-height-default elementor-section-height-default\" data-id=\"439a41e\" data-element_type=\"section\" data-settings=\"{&quot;jet_parallax_layout_list&quot;:[]}\">\n\t\t\t\t\t\t<div class=\"elementor-container elementor-column-gap-default\">\n\t\t\t\t\t<div class=\"elementor-column elementor-col-100 elementor-top-column elementor-element elementor-element-d90e840\" data-id=\"d90e840\" data-element_type=\"column\">\n\t\t\t<div class=\"elementor-widget-wrap elementor-element-populated\">\n\t\t\t\t\t\t\t\t<div class=\"elementor-element elementor-element-1c706d0 elementor-widget elementor-widget-text-editor\" data-id=\"1c706d0\" data-element_type=\"widget\" data-widget_type=\"text-editor.default\">\n\t\t\t\t<div class=\"elementor-widget-container\">\n\t\t\t\t\t\t\t<p><span id=\"docs-internal-guid-c66574f1-7fff-40fd-1185-7be9afaa8ad2\"><span style=\"font-size: 11pt; font-family: Montserrat, sans-serif; color: #000000; background-color: transparent; font-variant-numeric: normal; font-variant-east-asian: normal; vertical-align: baseline; white-space: pre-wrap;\">C\u00f4t\u00e9 lit, nous vous conseillons d\u2019int\u00e9grer une jolie t\u00eate de lit qui viendra ajouter une nouvelle touche scandinave \u00e0 votre pi\u00e8ce. Si vous souhaitez sortir du sentier, vous pouvez s\u00e9lectionner une t\u00eate de lit en rotin qui am\u00e8nera une petite touche boh\u00e8me dans votre pi\u00e8ce. <\/span><\/span><\/p>\t\t\t\t\t\t<\/div>\n\t\t\t\t<\/div>\n\t\t\t\t\t<\/div>\n\t\t<\/div>\n\t\t\t\t\t\t\t<\/div>\n\t\t<\/section>\n\t\t\t\t<section class=\"elementor-section elementor-top-section elementor-element elementor-element-7556f9b elementor-section-boxed elementor-section-height-default elementor-section-height-default\" data-id=\"7556f9b\" data-element_type=\"section\" data-settings=\"{&quot;jet_parallax_layout_list&quot;:[]}\">\n\t\t\t\t\t\t<div class=\"elementor-container elementor-column-gap-default\">\n\t\t\t\t\t\t\t\t<\/div>\n\t\t<\/section>\n\t\t\t\t<section class=\"elementor-section elementor-top-section elementor-element elementor-element-1fb0f8c elementor-section-boxed elementor-section-height-default elementor-section-height-default\" data-id=\"1fb0f8c\" data-element_type=\"section\" data-settings=\"{&quot;jet_parallax_layout_list&quot;:[]}\">\n\t\t\t\t\t\t<div class=\"elementor-container elementor-column-gap-default\">\n\t\t\t\t\t\t\t\t<\/div>\n\t\t<\/section>\n\t\t\t\t<section class=\"elementor-section elementor-top-section elementor-element elementor-element-de02056 elementor-section-boxed elementor-section-height-default elementor-section-height-default\" data-id=\"de02056\" data-element_type=\"section\" data-settings=\"{&quot;jet_parallax_layout_list&quot;:[]}\">\n\t\t\t\t\t\t<div class=\"elementor-container elementor-column-gap-default\">\n\t\t\t\t\t\t\t\t<\/div>\n\t\t<\/section>\n\t\t\t\t<section class=\"elementor-section elementor-top-section elementor-element elementor-element-9017b6a elementor-section-boxed elementor-section-height-default elementor-section-height-default\" data-id=\"9017b6a\" data-element_type=\"section\" data-settings=\"{&quot;jet_parallax_layout_list&quot;:[]}\">\n\t\t\t\t\t\t<div class=\"elementor-container elementor-column-gap-default\">\n\t\t\t\t\t\t\t\t<\/div>\n\t\t<\/section>\n\t\t\t\t<section class=\"elementor-section elementor-top-section elementor-element elementor-element-6721059 elementor-section-boxed elementor-section-height-default elementor-section-height-default\" data-id=\"6721059\" data-element_type=\"section\" data-settings=\"{&quot;jet_parallax_layout_list&quot;:[]}\">\n\t\t\t\t\t\t<div class=\"elementor-container elementor-column-gap-default\">\n\t\t\t\t\t<div class=\"elementor-column elementor-col-50 elementor-top-column elementor-element elementor-element-69105c0\" data-id=\"69105c0\" data-element_type=\"column\">\n\t\t\t<div class=\"elementor-widget-wrap elementor-element-populated\">\n\t\t\t\t\t\t\t\t<div class=\"elementor-element elementor-element-1bce6f6 elementor-widget elementor-widget-image\" data-id=\"1bce6f6\" data-element_type=\"widget\" data-widget_type=\"image.default\">\n\t\t\t\t<div class=\"elementor-widget-container\">\n\t\t\t\t\t\t\t\t\t\t\t\t<figure class=\"wp-caption\">\n\t\t\t\t\t\t\t\t\t\t\t<a href=\"https:\/\/www.made-in-meubles.com\/tete-de-lit-lotus-sculpte-160-cm-p-mim114\" target=\"_blank\">\n\t\t\t\t\t\t\t<img width=\"1024\" height=\"1024\" src=\"https:\/\/www.made-in-meubles.com\/blog\/wp-content\/uploads\/2022\/10\/MIM114-tetedelit-ambiance-1024x1024.jpg\" class=\"attachment-large size-large\" alt=\"\" srcset=\"https:\/\/www.made-in-meubles.com\/blog\/wp-content\/uploads\/2022\/10\/MIM114-tetedelit-ambiance-1024x1024.jpg 1024w, https:\/\/www.made-in-meubles.com\/blog\/wp-content\/uploads\/2022\/10\/MIM114-tetedelit-ambiance-300x300.jpg 300w, https:\/\/www.made-in-meubles.com\/blog\/wp-content\/uploads\/2022\/10\/MIM114-tetedelit-ambiance-150x150.jpg 150w, https:\/\/www.made-in-meubles.com\/blog\/wp-content\/uploads\/2022\/10\/MIM114-tetedelit-ambiance-768x768.jpg 768w, https:\/\/www.made-in-meubles.com\/blog\/wp-content\/uploads\/2022\/10\/MIM114-tetedelit-ambiance.jpg 1200w\" sizes=\"(max-width: 1024px) 100vw, 1024px\" \/>\t\t\t\t\t\t\t\t<\/a>\n\t\t\t\t\t\t\t\t\t\t\t<figcaption class=\"widget-image-caption wp-caption-text\">\u00a9 T\u00eate de lit Lotus<\/figcaption>\n\t\t\t\t\t\t\t\t\t\t<\/figure>\n\t\t\t\t\t\t\t\t\t<\/div>\n\t\t\t\t<\/div>\n\t\t\t\t\t<\/div>\n\t\t<\/div>\n\t\t\t\t<div class=\"elementor-column elementor-col-50 elementor-top-column elementor-element elementor-element-370c927\" data-id=\"370c927\" data-element_type=\"column\">\n\t\t\t<div class=\"elementor-widget-wrap elementor-element-populated\">\n\t\t\t\t\t\t\t\t<div class=\"elementor-element elementor-element-751296c elementor-widget elementor-widget-image\" data-id=\"751296c\" data-element_type=\"widget\" data-widget_type=\"image.default\">\n\t\t\t\t<div class=\"elementor-widget-container\">\n\t\t\t\t\t\t\t\t\t\t\t\t<figure class=\"wp-caption\">\n\t\t\t\t\t\t\t\t\t\t\t<a href=\"https:\/\/www.made-in-meubles.com\/tete-de-lit-en-rotin-et-cannage-rim-p-vdl-53\" target=\"_blank\">\n\t\t\t\t\t\t\t<img width=\"1024\" height=\"1024\" src=\"https:\/\/www.made-in-meubles.com\/blog\/wp-content\/uploads\/2022\/10\/VDL-53-tete-de-lit-ambiance-face-1024x1024.jpg\" class=\"attachment-large size-large\" alt=\"\" srcset=\"https:\/\/www.made-in-meubles.com\/blog\/wp-content\/uploads\/2022\/10\/VDL-53-tete-de-lit-ambiance-face-1024x1024.jpg 1024w, https:\/\/www.made-in-meubles.com\/blog\/wp-content\/uploads\/2022\/10\/VDL-53-tete-de-lit-ambiance-face-300x300.jpg 300w, https:\/\/www.made-in-meubles.com\/blog\/wp-content\/uploads\/2022\/10\/VDL-53-tete-de-lit-ambiance-face-150x150.jpg 150w, https:\/\/www.made-in-meubles.com\/blog\/wp-content\/uploads\/2022\/10\/VDL-53-tete-de-lit-ambiance-face-768x768.jpg 768w, https:\/\/www.made-in-meubles.com\/blog\/wp-content\/uploads\/2022\/10\/VDL-53-tete-de-lit-ambiance-face.jpg 1200w\" sizes=\"(max-width: 1024px) 100vw, 1024px\" \/>\t\t\t\t\t\t\t\t<\/a>\n\t\t\t\t\t\t\t\t\t\t\t<figcaption class=\"widget-image-caption wp-caption-text\">\u00a9 T\u00eate de lit Rattan<\/figcaption>\n\t\t\t\t\t\t\t\t\t\t<\/figure>\n\t\t\t\t\t\t\t\t\t<\/div>\n\t\t\t\t<\/div>\n\t\t\t\t\t<\/div>\n\t\t<\/div>\n\t\t\t\t\t\t\t<\/div>\n\t\t<\/section>\n\t\t\t\t<section class=\"elementor-section elementor-top-section elementor-element elementor-element-45478db elementor-section-boxed elementor-section-height-default elementor-section-height-default\" data-id=\"45478db\" data-element_type=\"section\" data-settings=\"{&quot;jet_parallax_layout_list&quot;:[]}\">\n\t\t\t\t\t\t<div class=\"elementor-container elementor-column-gap-default\">\n\t\t\t\t\t<div class=\"elementor-column elementor-col-100 elementor-top-column elementor-element elementor-element-4c6d251\" data-id=\"4c6d251\" data-element_type=\"column\">\n\t\t\t<div class=\"elementor-widget-wrap elementor-element-populated\">\n\t\t\t\t\t\t\t\t<div class=\"elementor-element elementor-element-ddc625a elementor-widget elementor-widget-text-editor\" data-id=\"ddc625a\" data-element_type=\"widget\" data-widget_type=\"text-editor.default\">\n\t\t\t\t<div class=\"elementor-widget-container\">\n\t\t\t\t\t\t\t<p dir=\"ltr\" style=\"line-height: 1.38; margin-top: 0pt; margin-bottom: 0pt;\"><span style=\"font-size: 11pt; font-family: Montserrat,sans-serif; color: #000000; background-color: transparent; font-weight: 400; font-style: normal; font-variant: normal; text-decoration: none; vertical-align: baseline; white-space: pre-wrap;\">Concernant les accessoires d\u00e9coratifs, vous pouvez ajouter un petit fauteuil dans lequel vous pourrez vous blottir ou simplement y stocker quelques v\u00eatements \ud83d\ude09\u00a0<\/span><\/p><p dir=\"ltr\" style=\"line-height: 1.38; margin-top: 0pt; margin-bottom: 0pt;\"><span style=\"font-size: 11pt; font-family: Montserrat,sans-serif; color: #000000; background-color: transparent; font-weight: 400; font-style: normal; font-variant: normal; text-decoration: none; vertical-align: baseline; white-space: pre-wrap;\">Les mati\u00e8res \u00e0 privil\u00e9gier pour vos draps, coussins et plaids sont le coton et le lin. Ce sont des mati\u00e8res naturelles qui poss\u00e8dent \u00e9galement un aspect chaleureux.<\/span><\/p><p dir=\"ltr\" style=\"line-height: 1.38; margin-top: 0pt; margin-bottom: 0pt;\"><span style=\"background-color: transparent; color: #000000; font-family: Montserrat, sans-serif; font-size: 11pt; white-space: pre-wrap; letter-spacing: -0.8px;\">\u00a0<\/span><\/p><p dir=\"ltr\" style=\"line-height: 1.38; margin-top: 0pt; margin-bottom: 0pt;\"><span style=\"background-color: transparent; color: #000000; font-family: Montserrat, sans-serif; font-size: 11pt; white-space: pre-wrap; letter-spacing: -0.8px;\">Attention, il ne faut pas oublier la cerise sur le g\u00e2teau : des jolis luminaires et un grand miroir ! <\/span><\/p>\t\t\t\t\t\t<\/div>\n\t\t\t\t<\/div>\n\t\t\t\t\t<\/div>\n\t\t<\/div>\n\t\t\t\t\t\t\t<\/div>\n\t\t<\/section>\n\t\t\t\t<section class=\"elementor-section elementor-top-section elementor-element elementor-element-9ff001a elementor-section-boxed elementor-section-height-default elementor-section-height-default\" data-id=\"9ff001a\" data-element_type=\"section\" data-settings=\"{&quot;jet_parallax_layout_list&quot;:[]}\">\n\t\t\t\t\t\t<div class=\"elementor-container elementor-column-gap-default\">\n\t\t\t\t\t\t\t\t<\/div>\n\t\t<\/section>\n\t\t\t\t<section class=\"elementor-section elementor-top-section elementor-element elementor-element-36f8415 elementor-section-boxed elementor-section-height-default elementor-section-height-default\" data-id=\"36f8415\" data-element_type=\"section\" data-settings=\"{&quot;jet_parallax_layout_list&quot;:[]}\">\n\t\t\t\t\t\t<div class=\"elementor-container elementor-column-gap-default\">\n\t\t\t\t\t<div class=\"elementor-column elementor-col-100 elementor-top-column elementor-element elementor-element-83c2ede\" data-id=\"83c2ede\" data-element_type=\"column\">\n\t\t\t<div class=\"elementor-widget-wrap elementor-element-populated\">\n\t\t\t\t\t\t\t\t<div class=\"elementor-element elementor-element-bcd0561 elementor-widget elementor-widget-text-editor\" data-id=\"bcd0561\" data-element_type=\"widget\" data-widget_type=\"text-editor.default\">\n\t\t\t\t<div class=\"elementor-widget-container\">\n\t\t\t\t\t\t\t<p><span id=\"docs-internal-guid-07e15485-7fff-7535-351e-2df0f045be37\"><span style=\"font-size: 11pt; font-family: Montserrat, sans-serif; color: #000000; background-color: transparent; font-variant-numeric: normal; font-variant-east-asian: normal; vertical-align: baseline; white-space: pre-wrap;\">Notre conseil : pour que votre chambre garde constamment l\u2019esprit scandinave que vous avez souhait\u00e9 apport\u00e9, il est indispensable qu\u2019elle reste bien organis\u00e9e et rang\u00e9e !!<\/span><\/span><\/p>\t\t\t\t\t\t<\/div>\n\t\t\t\t<\/div>\n\t\t\t\t\t<\/div>\n\t\t<\/div>\n\t\t\t\t\t\t\t<\/div>\n\t\t<\/section>\n\t\t\t\t<section class=\"elementor-section elementor-top-section elementor-element elementor-element-a2a8c95 elementor-section-boxed elementor-section-height-default elementor-section-height-default\" data-id=\"a2a8c95\" data-element_type=\"section\" data-settings=\"{&quot;jet_parallax_layout_list&quot;:[]}\">\n\t\t\t\t\t\t<div class=\"elementor-container elementor-column-gap-default\">\n\t\t\t\t\t<div class=\"elementor-column elementor-col-100 elementor-top-column elementor-element elementor-element-45343aa\" data-id=\"45343aa\" data-element_type=\"column\">\n\t\t\t<div class=\"elementor-widget-wrap elementor-element-populated\">\n\t\t\t\t\t\t\t\t<div class=\"elementor-element elementor-element-06f26fc elementor-widget elementor-widget-heading\" data-id=\"06f26fc\" data-element_type=\"widget\" data-widget_type=\"heading.default\">\n\t\t\t\t<div class=\"elementor-widget-container\">\n\t\t\t<h2 class=\"elementor-heading-title elementor-size-default\">Quelles couleurs<\/h2>\t\t<\/div>\n\t\t\t\t<\/div>\n\t\t\t\t\t<\/div>\n\t\t<\/div>\n\t\t\t\t\t\t\t<\/div>\n\t\t<\/section>\n\t\t\t\t<section class=\"elementor-section elementor-top-section elementor-element elementor-element-21e7390 elementor-section-boxed elementor-section-height-default elementor-section-height-default\" data-id=\"21e7390\" data-element_type=\"section\" data-settings=\"{&quot;jet_parallax_layout_list&quot;:[]}\">\n\t\t\t\t\t\t<div class=\"elementor-container elementor-column-gap-default\">\n\t\t\t\t\t<div class=\"elementor-column elementor-col-100 elementor-top-column elementor-element elementor-element-4f075ee\" data-id=\"4f075ee\" data-element_type=\"column\">\n\t\t\t<div class=\"elementor-widget-wrap elementor-element-populated\">\n\t\t\t\t\t\t\t\t<div class=\"elementor-element elementor-element-3c407ca elementor-widget elementor-widget-text-editor\" data-id=\"3c407ca\" data-element_type=\"widget\" data-widget_type=\"text-editor.default\">\n\t\t\t\t<div class=\"elementor-widget-container\">\n\t\t\t\t\t\t\t<p dir=\"ltr\" style=\"line-height: 1.38; margin-top: 0pt; margin-bottom: 0pt;\"><span style=\"font-size: 11pt; font-family: Montserrat,sans-serif; color: #000000; background-color: transparent; font-weight: 400; font-style: normal; font-variant: normal; text-decoration: none; vertical-align: baseline; white-space: pre-wrap;\">Voici une petite palette des couleurs \u00e0 privil\u00e9gier pour une pi\u00e8ce \u00e0 l\u2019inspiration scandinave.\u00a0<\/span><\/p><p dir=\"ltr\" style=\"line-height: 1.38; margin-top: 0pt; margin-bottom: 0pt;\"><span style=\"background-color: transparent; color: #000000; font-family: Montserrat, sans-serif; font-size: 11pt; white-space: pre-wrap; letter-spacing: -0.8px;\">\u00a0<\/span><\/p><p dir=\"ltr\" style=\"line-height: 1.38; margin-top: 0pt; margin-bottom: 0pt;\"><span style=\"background-color: transparent; color: #000000; font-family: Montserrat, sans-serif; font-size: 11pt; white-space: pre-wrap; letter-spacing: -0.8px;\">Vous retrouverez des couleurs neutres et naturelles ainsi que des couleurs un peu plus prononc\u00e9es qui sont pr\u00e9sentes pour venir dynamiser votre chambre !<\/span><\/p>\t\t\t\t\t\t<\/div>\n\t\t\t\t<\/div>\n\t\t\t\t\t<\/div>\n\t\t<\/div>\n\t\t\t\t\t\t\t<\/div>\n\t\t<\/section>\n\t\t\t\t<section class=\"elementor-section elementor-top-section elementor-element elementor-element-bfb77b6 elementor-section-boxed elementor-section-height-default elementor-section-height-default\" data-id=\"bfb77b6\" data-element_type=\"section\" data-settings=\"{&quot;jet_parallax_layout_list&quot;:[]}\">\n\t\t\t\t\t\t<div class=\"elementor-container elementor-column-gap-default\">\n\t\t\t\t\t\t\t\t<\/div>\n\t\t<\/section>\n\t\t\t\t<section class=\"elementor-section elementor-top-section elementor-element elementor-element-2ed9ffa elementor-section-boxed elementor-section-height-default elementor-section-height-default\" data-id=\"2ed9ffa\" data-element_type=\"section\" data-settings=\"{&quot;jet_parallax_layout_list&quot;:[]}\">\n\t\t\t\t\t\t<div class=\"elementor-container elementor-column-gap-default\">\n\t\t\t\t\t<div class=\"elementor-column elementor-col-100 elementor-top-column elementor-element elementor-element-96e7b95\" data-id=\"96e7b95\" data-element_type=\"column\">\n\t\t\t<div class=\"elementor-widget-wrap elementor-element-populated\">\n\t\t\t\t\t\t\t\t<div class=\"elementor-element elementor-element-18af02d elementor-widget elementor-widget-image\" data-id=\"18af02d\" data-element_type=\"widget\" data-widget_type=\"image.default\">\n\t\t\t\t<div class=\"elementor-widget-container\">\n\t\t\t\t\t\t\t\t\t\t\t\t\t\t\t<img width=\"800\" height=\"800\" src=\"https:\/\/www.made-in-meubles.com\/blog\/wp-content\/uploads\/2022\/10\/Sans-titre-31.png\" class=\"attachment-large size-large\" alt=\"\" srcset=\"https:\/\/www.made-in-meubles.com\/blog\/wp-content\/uploads\/2022\/10\/Sans-titre-31.png 800w, https:\/\/www.made-in-meubles.com\/blog\/wp-content\/uploads\/2022\/10\/Sans-titre-31-300x300.png 300w, https:\/\/www.made-in-meubles.com\/blog\/wp-content\/uploads\/2022\/10\/Sans-titre-31-150x150.png 150w, https:\/\/www.made-in-meubles.com\/blog\/wp-content\/uploads\/2022\/10\/Sans-titre-31-768x768.png 768w\" sizes=\"(max-width: 800px) 100vw, 800px\" \/>\t\t\t\t\t\t\t\t\t\t\t\t\t\t\t<\/div>\n\t\t\t\t<\/div>\n\t\t\t\t\t<\/div>\n\t\t<\/div>\n\t\t\t\t\t\t\t<\/div>\n\t\t<\/section>\n\t\t\t\t\t\t\t<\/div>\n\t\t","protected":false},"excerpt":{"rendered":"<p>On ne vous le pr\u00e9sente plus, le style scandinave est un incontournable dans l\u2019univers de la d\u00e9coration. On l\u2019aime dans son salon, dans sa salle \u00e0 manger et m\u00eame (et surtout) dans sa chambre ! Ici, nous vous offrons quelques conseils pour obtenir une jolie chambre scandinave. Les avantages d&rsquo;une d\u00e9co scandinave Il est important [&hellip;]<\/p>\n","protected":false},"author":12,"featured_media":10271,"comment_status":"open","ping_status":"open","sticky":false,"template":"","format":"standard","meta":[],"categories":[5],"tags":[],"acf":[],"_links":{"self":[{"href":"https:\/\/www.made-in-meubles.com\/blog\/wp-json\/wp\/v2\/posts\/10263"}],"collection":[{"href":"https:\/\/www.made-in-meubles.com\/blog\/wp-json\/wp\/v2\/posts"}],"about":[{"href":"https:\/\/www.made-in-meubles.com\/blog\/wp-json\/wp\/v2\/types\/post"}],"author":[{"embeddable":true,"href":"https:\/\/www.made-in-meubles.com\/blog\/wp-json\/wp\/v2\/users\/12"}],"replies":[{"embeddable":true,"href":"https:\/\/www.made-in-meubles.com\/blog\/wp-json\/wp\/v2\/comments?post=10263"}],"version-history":[{"count":11,"href":"https:\/\/www.made-in-meubles.com\/blog\/wp-json\/wp\/v2\/posts\/10263\/revisions"}],"predecessor-version":[{"id":17569,"href":"https:\/\/www.made-in-meubles.com\/blog\/wp-json\/wp\/v2\/posts\/10263\/revisions\/17569"}],"wp:featuredmedia":[{"embeddable":true,"href":"https:\/\/www.made-in-meubles.com\/blog\/wp-json\/wp\/v2\/media\/10271"}],"wp:attachment":[{"href":"https:\/\/www.made-in-meubles.com\/blog\/wp-json\/wp\/v2\/media?parent=10263"}],"wp:term":[{"taxonomy":"category","embeddable":true,"href":"https:\/\/www.made-in-meubles.com\/blog\/wp-json\/wp\/v2\/categories?post=10263"},{"taxonomy":"post_tag","embeddable":true,"href":"https:\/\/www.made-in-meubles.com\/blog\/wp-json\/wp\/v2\/tags?post=10263"}],"curies":[{"name":"wp","href":"https:\/\/api.w.org\/{rel}","templated":true}]}}