{"id":10390,"date":"2022-11-03T12:17:05","date_gmt":"2022-11-03T11:17:05","guid":{"rendered":"https:\/\/www.made-in-meubles.com\/blog\/?p=10390"},"modified":"2026-03-20T11:33:54","modified_gmt":"2026-03-20T10:33:54","slug":"box-internet-tv-quel-type-de-meuble-utiliser-pour-les-mettre-en-valeur","status":"publish","type":"post","link":"https:\/\/www.made-in-meubles.com\/blog\/box-internet-tv-quel-type-de-meuble-utiliser-pour-les-mettre-en-valeur\/","title":{"rendered":"Box Internet, TV : quel type de meuble utiliser pour les mettre en valeur ?"},"content":{"rendered":"\t\t<div data-elementor-type=\"wp-post\" data-elementor-id=\"10390\" class=\"elementor elementor-10390\">\n\t\t\t\t\t\t\t\t\t<section class=\"elementor-section elementor-top-section elementor-element elementor-element-6969145 elementor-section-boxed elementor-section-height-default elementor-section-height-default\" data-id=\"6969145\" data-element_type=\"section\" data-settings=\"{&quot;jet_parallax_layout_list&quot;:[]}\">\n\t\t\t\t\t\t<div class=\"elementor-container elementor-column-gap-default\">\n\t\t\t\t\t<div class=\"elementor-column elementor-col-100 elementor-top-column elementor-element elementor-element-4fa01e7\" data-id=\"4fa01e7\" data-element_type=\"column\">\n\t\t\t<div class=\"elementor-widget-wrap elementor-element-populated\">\n\t\t\t\t\t\t\t\t<div class=\"elementor-element elementor-element-22c4880 elementor-widget elementor-widget-text-editor\" data-id=\"22c4880\" data-element_type=\"widget\" data-widget_type=\"text-editor.default\">\n\t\t\t\t<div class=\"elementor-widget-container\">\n\t\t\t<style>\/*! elementor - v3.6.5 - 27-04-2022 *\/\n.elementor-widget-text-editor.elementor-drop-cap-view-stacked .elementor-drop-cap{background-color:#818a91;color:#fff}.elementor-widget-text-editor.elementor-drop-cap-view-framed .elementor-drop-cap{color:#818a91;border:3px solid;background-color:transparent}.elementor-widget-text-editor:not(.elementor-drop-cap-view-default) .elementor-drop-cap{margin-top:8px}.elementor-widget-text-editor:not(.elementor-drop-cap-view-default) .elementor-drop-cap-letter{width:1em;height:1em}.elementor-widget-text-editor .elementor-drop-cap{float:left;text-align:center;line-height:1;font-size:50px}.elementor-widget-text-editor .elementor-drop-cap-letter{display:inline-block}<\/style>\t\t\t\t<p><span style=\"background-color: transparent; color: #000000; font-family: Inter, sans-serif; font-size: 12pt; white-space-collapse: preserve; letter-spacing: -0.8px;\">Les box sont pr\u00e9sentes dans quasiment toutes les habitations. Que ce soit pour l\u2019acc\u00e8s \u00e0 Internet, \u00e0 la t\u00e9l\u00e9vision ou bien encore au t\u00e9l\u00e9phone\u2026 La box Internet a une place essentielle dans le quotidien. Parfois, ces box ne sont pas toujours les plus \u00e9l\u00e9gantes, avec leurs c\u00e2bles notamment. Or, il existe des astuces simples et de jolis <a href=\"https:\/\/www.made-in-meubles.com\/produits\/meuble-tv.html\">meubles TV<\/a> qui peuvent mettre votre box en avant. Cette derni\u00e8re appara\u00eetra comme un v\u00e9ritable \u00e9l\u00e9ment de d\u00e9coration\u202f! Voici nos conseils pour la rendre plus attrayante.<\/span><\/p>\t\t\t\t\t\t<\/div>\n\t\t\t\t<\/div>\n\t\t\t\t\t<\/div>\n\t\t<\/div>\n\t\t\t\t\t\t\t<\/div>\n\t\t<\/section>\n\t\t\t\t<section class=\"elementor-section elementor-top-section elementor-element elementor-element-da47e02 elementor-section-boxed elementor-section-height-default elementor-section-height-default\" data-id=\"da47e02\" data-element_type=\"section\" data-settings=\"{&quot;jet_parallax_layout_list&quot;:[]}\">\n\t\t\t\t\t\t<div class=\"elementor-container elementor-column-gap-default\">\n\t\t\t\t\t<div class=\"elementor-column elementor-col-100 elementor-top-column elementor-element elementor-element-a2f1ac5\" data-id=\"a2f1ac5\" data-element_type=\"column\">\n\t\t\t<div class=\"elementor-widget-wrap elementor-element-populated\">\n\t\t\t\t\t\t\t\t<div class=\"elementor-element elementor-element-2f11d2a elementor-widget elementor-widget-heading\" data-id=\"2f11d2a\" data-element_type=\"widget\" data-widget_type=\"heading.default\">\n\t\t\t\t<div class=\"elementor-widget-container\">\n\t\t\t<style>\/*! elementor - v3.6.5 - 27-04-2022 *\/\n.elementor-heading-title{padding:0;margin:0;line-height:1}.elementor-widget-heading .elementor-heading-title[class*=elementor-size-]>a{color:inherit;font-size:inherit;line-height:inherit}.elementor-widget-heading .elementor-heading-title.elementor-size-small{font-size:15px}.elementor-widget-heading .elementor-heading-title.elementor-size-medium{font-size:19px}.elementor-widget-heading .elementor-heading-title.elementor-size-large{font-size:29px}.elementor-widget-heading .elementor-heading-title.elementor-size-xl{font-size:39px}.elementor-widget-heading .elementor-heading-title.elementor-size-xxl{font-size:59px}<\/style><h2 class=\"elementor-heading-title elementor-size-default\">Box TV et Internet : des objets qui \u00e9voluent dans leur design<\/h2>\t\t<\/div>\n\t\t\t\t<\/div>\n\t\t\t\t\t<\/div>\n\t\t<\/div>\n\t\t\t\t\t\t\t<\/div>\n\t\t<\/section>\n\t\t\t\t<section class=\"elementor-section elementor-top-section elementor-element elementor-element-0841c6c elementor-section-boxed elementor-section-height-default elementor-section-height-default\" data-id=\"0841c6c\" data-element_type=\"section\" data-settings=\"{&quot;jet_parallax_layout_list&quot;:[]}\">\n\t\t\t\t\t\t<div class=\"elementor-container elementor-column-gap-default\">\n\t\t\t\t\t<div class=\"elementor-column elementor-col-100 elementor-top-column elementor-element elementor-element-a8c1b8f\" data-id=\"a8c1b8f\" data-element_type=\"column\">\n\t\t\t<div class=\"elementor-widget-wrap elementor-element-populated\">\n\t\t\t\t\t\t\t\t<div class=\"elementor-element elementor-element-88e44e5 elementor-widget elementor-widget-text-editor\" data-id=\"88e44e5\" data-element_type=\"widget\" data-widget_type=\"text-editor.default\">\n\t\t\t\t<div class=\"elementor-widget-container\">\n\t\t\t\t\t\t\t<p><span style=\"font-size: 12pt; letter-spacing: -0.8px; font-family: Inter, sans-serif; color: #000000; background-color: transparent; font-variant-numeric: normal; font-variant-east-asian: normal; font-variant-alternates: normal; font-variant-position: normal; font-variant-emoji: normal; vertical-align: baseline; white-space-collapse: preserve;\">Contrairement aux mod\u00e8les pr\u00e9c\u00e9dents, les op\u00e9rateurs cherchent vraiment \u00e0 proposer un design plus abouti pour leur<\/span><a style=\"letter-spacing: -0.8px;\" href=\"https:\/\/www.boutique-box-internet.fr\/tv\/\"><span style=\"font-size: 12pt; font-family: Inter, sans-serif; color: #000000; background-color: transparent; font-variant-numeric: normal; font-variant-east-asian: normal; font-variant-alternates: normal; font-variant-position: normal; font-variant-emoji: normal; vertical-align: baseline; white-space-collapse: preserve;\"> box TV<\/span><\/a><span style=\"font-size: 12pt; letter-spacing: -0.8px; font-family: Inter, sans-serif; color: #000000; background-color: transparent; font-variant-numeric: normal; font-variant-east-asian: normal; font-variant-alternates: normal; font-variant-position: normal; font-variant-emoji: normal; vertical-align: baseline; white-space-collapse: preserve;\"> et Internet. Plus modernes et discr\u00e8tes dans le d\u00e9cor, elles se d\u00e9clinent souvent en noir ou en blanc.<\/span><\/p>\n<p><span style=\"background-color: transparent; color: #000000; font-family: Inter, sans-serif; font-size: 12pt; white-space-collapse: preserve; letter-spacing: -0.8px;\">Le site boutique-box-internet.fr vous conseille de s\u00e9lectionner une couleur de box qui correspond \u00e0 votre int\u00e9rieur. Si le style de votre logement est \u00e9pur\u00e9, le blanc sera parfait. Si votre d\u00e9coration est moderne et contemporaine, le noir pourra tr\u00e8s bien rendre.<\/span><\/p>\n<p><span style=\"background-color: transparent; color: #000000; font-family: Inter, sans-serif; font-size: 12pt; letter-spacing: -0.8px; white-space-collapse: preserve;\">Une box peut \u00eatre mise en valeur telle une sculpture. Par exemple, comme id\u00e9e astucieuse, vous pouvez d\u00e9tourner un meuble pr\u00e9vu de base pour porter des plantes. La box peut se marier au sein d\u2019un peu de verdure. De plus, les fleurs autour de la box Internet pourront cacher les c\u00e2bles inesth\u00e9tiques.<\/span><\/p>\t\t\t\t\t\t<\/div>\n\t\t\t\t<\/div>\n\t\t\t\t\t<\/div>\n\t\t<\/div>\n\t\t\t\t\t\t\t<\/div>\n\t\t<\/section>\n\t\t\t\t<section class=\"elementor-section elementor-top-section elementor-element elementor-element-ab448ba elementor-section-boxed elementor-section-height-default elementor-section-height-default\" data-id=\"ab448ba\" data-element_type=\"section\" data-settings=\"{&quot;jet_parallax_layout_list&quot;:[]}\">\n\t\t\t\t\t\t<div class=\"elementor-container elementor-column-gap-default\">\n\t\t\t\t\t<div class=\"elementor-column elementor-col-100 elementor-top-column elementor-element elementor-element-3c7559b\" data-id=\"3c7559b\" data-element_type=\"column\">\n\t\t\t<div class=\"elementor-widget-wrap elementor-element-populated\">\n\t\t\t\t\t\t\t\t<div class=\"elementor-element elementor-element-7cbe61d elementor-widget elementor-widget-heading\" data-id=\"7cbe61d\" data-element_type=\"widget\" data-widget_type=\"heading.default\">\n\t\t\t\t<div class=\"elementor-widget-container\">\n\t\t\t<h2 class=\"elementor-heading-title elementor-size-default\">Meubles pour box internet et TV : Bien choisir son meuble TV<\/h2>\t\t<\/div>\n\t\t\t\t<\/div>\n\t\t\t\t\t<\/div>\n\t\t<\/div>\n\t\t\t\t\t\t\t<\/div>\n\t\t<\/section>\n\t\t\t\t<section class=\"elementor-section elementor-top-section elementor-element elementor-element-2458217 elementor-section-boxed elementor-section-height-default elementor-section-height-default\" data-id=\"2458217\" data-element_type=\"section\" data-settings=\"{&quot;jet_parallax_layout_list&quot;:[]}\">\n\t\t\t\t\t\t<div class=\"elementor-container elementor-column-gap-default\">\n\t\t\t\t\t<div class=\"elementor-column elementor-col-100 elementor-top-column elementor-element elementor-element-6907827\" data-id=\"6907827\" data-element_type=\"column\">\n\t\t\t<div class=\"elementor-widget-wrap elementor-element-populated\">\n\t\t\t\t\t\t\t\t<div class=\"elementor-element elementor-element-b5e377f elementor-widget elementor-widget-text-editor\" data-id=\"b5e377f\" data-element_type=\"widget\" data-widget_type=\"text-editor.default\">\n\t\t\t\t<div class=\"elementor-widget-container\">\n\t\t\t\t\t\t\t<p><span style=\"background-color: transparent; color: #000000; font-family: Inter, sans-serif; font-size: 12pt; white-space-collapse: preserve; letter-spacing: -0.8px;\">Le meuble TV est la premi\u00e8re pi\u00e8ce de mobilier \u00e0 laquelle on pense lorsqu\u2019il s\u2019agit de d\u00e9poser sa box Internet ou sa t\u00e9l\u00e9vision. <\/span><span style=\"background-color: transparent; color: #000000; font-family: Inter, sans-serif; font-size: 12pt; white-space-collapse: preserve; letter-spacing: -0.8px;\">Il est tout \u00e0 fait envisageable de choisir un meuble qui accueillera votre box, dans lequel il sera ais\u00e9 de cacher les c\u00e2bles. <\/span><span style=\"background-color: transparent; color: #000000; font-family: Inter, sans-serif; font-size: 12pt; white-space-collapse: preserve; letter-spacing: -0.8px;\">Cependant, les professionnels de boutique-box-Internet.fr vous invitent \u00e0 aller plus loin pour mettre le tout en valeur avec les meubles TV propos\u00e9s sur le site made-in-meubles.com. Vous trouverez une s\u00e9lection de mod\u00e8les int\u00e9ressants. En bois, en m\u00e9tal, avec des couleurs ou bien sobre : chacun peut trouver son bonheur selon ses go\u00fbts.\u00a0<\/span><span style=\"background-color: transparent; color: #000000; font-family: Inter, sans-serif; font-size: 12pt; white-space-collapse: preserve; letter-spacing: -0.8px;\">Si vous avez envie de cr\u00e9er par vous-m\u00eame, n\u2019h\u00e9sitez pas \u00e0 d\u00e9corer la box pour qu\u2019elle s\u2019harmonise parfaitement avec le style de votre int\u00e9rieur.<\/span><\/p>\t\t\t\t\t\t<\/div>\n\t\t\t\t<\/div>\n\t\t\t\t\t<\/div>\n\t\t<\/div>\n\t\t\t\t\t\t\t<\/div>\n\t\t<\/section>\n\t\t\t\t<section class=\"elementor-section elementor-top-section elementor-element elementor-element-c6261a3 elementor-section-boxed elementor-section-height-default elementor-section-height-default\" data-id=\"c6261a3\" data-element_type=\"section\" data-settings=\"{&quot;jet_parallax_layout_list&quot;:[]}\">\n\t\t\t\t\t\t<div class=\"elementor-container elementor-column-gap-default\">\n\t\t\t\t\t<div class=\"elementor-column elementor-col-50 elementor-top-column elementor-element elementor-element-f576a10\" data-id=\"f576a10\" data-element_type=\"column\">\n\t\t\t<div class=\"elementor-widget-wrap elementor-element-populated\">\n\t\t\t\t\t\t\t\t<div class=\"elementor-element elementor-element-2696605 elementor-widget elementor-widget-image\" data-id=\"2696605\" data-element_type=\"widget\" data-widget_type=\"image.default\">\n\t\t\t\t<div class=\"elementor-widget-container\">\n\t\t\t<style>\/*! elementor - v3.6.5 - 27-04-2022 *\/\n.elementor-widget-image{text-align:center}.elementor-widget-image a{display:inline-block}.elementor-widget-image a img[src$=\".svg\"]{width:48px}.elementor-widget-image img{vertical-align:middle;display:inline-block}<\/style>\t\t\t\t\t\t\t\t\t\t\t\t\t<a href=\"https:\/\/www.made-in-meubles.com\/meuble-tv-niches-vieux-bois-p-dn904\">\n\t\t\t\t\t\t\t<img width=\"1024\" height=\"1024\" src=\"https:\/\/www.made-in-meubles.com\/blog\/wp-content\/uploads\/2025\/06\/dn904-meubletv-amb-biais-1024x1024.webp\" class=\"attachment-large size-large\" alt=\"\" srcset=\"https:\/\/www.made-in-meubles.com\/blog\/wp-content\/uploads\/2025\/06\/dn904-meubletv-amb-biais-1024x1024.webp 1024w, https:\/\/www.made-in-meubles.com\/blog\/wp-content\/uploads\/2025\/06\/dn904-meubletv-amb-biais-300x300.webp 300w, https:\/\/www.made-in-meubles.com\/blog\/wp-content\/uploads\/2025\/06\/dn904-meubletv-amb-biais-150x150.webp 150w, https:\/\/www.made-in-meubles.com\/blog\/wp-content\/uploads\/2025\/06\/dn904-meubletv-amb-biais-768x768.webp 768w, https:\/\/www.made-in-meubles.com\/blog\/wp-content\/uploads\/2025\/06\/dn904-meubletv-amb-biais.webp 1200w\" sizes=\"(max-width: 1024px) 100vw, 1024px\" \/>\t\t\t\t\t\t\t\t<\/a>\n\t\t\t\t\t\t\t\t\t\t\t\t\t\t\t<\/div>\n\t\t\t\t<\/div>\n\t\t\t\t\t<\/div>\n\t\t<\/div>\n\t\t\t\t<div class=\"elementor-column elementor-col-50 elementor-top-column elementor-element elementor-element-b268a90\" data-id=\"b268a90\" data-element_type=\"column\">\n\t\t\t<div class=\"elementor-widget-wrap elementor-element-populated\">\n\t\t\t\t\t\t\t\t<div class=\"elementor-element elementor-element-a632c4e elementor-widget elementor-widget-image\" data-id=\"a632c4e\" data-element_type=\"widget\" data-widget_type=\"image.default\">\n\t\t\t\t<div class=\"elementor-widget-container\">\n\t\t\t\t\t\t\t\t\t\t\t\t\t\t\t\t<a href=\"https:\/\/www.made-in-meubles.com\/meuble-tv-en-bois-de-manguier-yoni-p-eac202\">\n\t\t\t\t\t\t\t<img width=\"1024\" height=\"1024\" src=\"https:\/\/www.made-in-meubles.com\/blog\/wp-content\/uploads\/2025\/06\/EAC202-meubletv-amb-biais-1024x1024.jpg\" class=\"attachment-large size-large\" alt=\"\" srcset=\"https:\/\/www.made-in-meubles.com\/blog\/wp-content\/uploads\/2025\/06\/EAC202-meubletv-amb-biais-1024x1024.jpg 1024w, https:\/\/www.made-in-meubles.com\/blog\/wp-content\/uploads\/2025\/06\/EAC202-meubletv-amb-biais-300x300.jpg 300w, https:\/\/www.made-in-meubles.com\/blog\/wp-content\/uploads\/2025\/06\/EAC202-meubletv-amb-biais-150x150.jpg 150w, https:\/\/www.made-in-meubles.com\/blog\/wp-content\/uploads\/2025\/06\/EAC202-meubletv-amb-biais-768x768.jpg 768w, https:\/\/www.made-in-meubles.com\/blog\/wp-content\/uploads\/2025\/06\/EAC202-meubletv-amb-biais.jpg 1200w\" sizes=\"(max-width: 1024px) 100vw, 1024px\" \/>\t\t\t\t\t\t\t\t<\/a>\n\t\t\t\t\t\t\t\t\t\t\t\t\t\t\t<\/div>\n\t\t\t\t<\/div>\n\t\t\t\t\t<\/div>\n\t\t<\/div>\n\t\t\t\t\t\t\t<\/div>\n\t\t<\/section>\n\t\t\t\t<section class=\"elementor-section elementor-top-section elementor-element elementor-element-e9bee32 elementor-section-boxed elementor-section-height-default elementor-section-height-default\" data-id=\"e9bee32\" data-element_type=\"section\" data-settings=\"{&quot;jet_parallax_layout_list&quot;:[]}\">\n\t\t\t\t\t\t<div class=\"elementor-container elementor-column-gap-default\">\n\t\t\t\t\t<div class=\"elementor-column elementor-col-100 elementor-top-column elementor-element elementor-element-cc6af3d\" data-id=\"cc6af3d\" data-element_type=\"column\">\n\t\t\t<div class=\"elementor-widget-wrap elementor-element-populated\">\n\t\t\t\t\t\t\t\t<div class=\"elementor-element elementor-element-34ad622 elementor-aspect-ratio-169 elementor-widget elementor-widget-video\" data-id=\"34ad622\" data-element_type=\"widget\" data-settings=\"{&quot;video_type&quot;:&quot;hosted&quot;,&quot;autoplay&quot;:&quot;yes&quot;,&quot;play_on_mobile&quot;:&quot;yes&quot;,&quot;mute&quot;:&quot;yes&quot;,&quot;loop&quot;:&quot;yes&quot;,&quot;aspect_ratio&quot;:&quot;169&quot;}\" data-widget_type=\"video.default\">\n\t\t\t\t<div class=\"elementor-widget-container\">\n\t\t\t<style>\/*! elementor - v3.6.5 - 27-04-2022 *\/\n.elementor-widget-video .elementor-widget-container{overflow:hidden;-webkit-transform:translateZ(0);transform:translateZ(0)}.elementor-widget-video .elementor-open-inline .elementor-custom-embed-image-overlay{position:absolute;top:0;left:0;width:100%;height:100%;background-size:cover;background-position:50%}.elementor-widget-video .elementor-custom-embed-image-overlay{cursor:pointer;text-align:center}.elementor-widget-video .elementor-custom-embed-image-overlay:hover .elementor-custom-embed-play i{opacity:1}.elementor-widget-video .elementor-custom-embed-image-overlay img{display:block;width:100%}.elementor-widget-video .e-hosted-video .elementor-video{-o-object-fit:cover;object-fit:cover}<\/style>\t\t<div class=\"e-hosted-video elementor-wrapper elementor-fit-aspect-ratio elementor-open-inline\">\n\t\t\t\t\t<video class=\"elementor-video\" src=\"https:\/\/www.made-in-meubles.com\/blog\/wp-content\/uploads\/2024\/05\/MIND21-meuble-tv-ambiance-paysage.mp4\" autoplay=\"\" loop=\"\" muted=\"muted\" playsinline=\"\" controlsList=\"nodownload\"><\/video>\n\t\t\t\t<\/div>\n\t\t\t\t<\/div>\n\t\t\t\t<\/div>\n\t\t\t\t\t<\/div>\n\t\t<\/div>\n\t\t\t\t\t\t\t<\/div>\n\t\t<\/section>\n\t\t\t\t<section class=\"elementor-section elementor-top-section elementor-element elementor-element-c5a1568 elementor-section-boxed elementor-section-height-default elementor-section-height-default\" data-id=\"c5a1568\" data-element_type=\"section\" data-settings=\"{&quot;jet_parallax_layout_list&quot;:[]}\">\n\t\t\t\t\t\t<div class=\"elementor-container elementor-column-gap-default\">\n\t\t\t\t\t<div class=\"elementor-column elementor-col-100 elementor-top-column elementor-element elementor-element-e38ac58\" data-id=\"e38ac58\" data-element_type=\"column\">\n\t\t\t<div class=\"elementor-widget-wrap elementor-element-populated\">\n\t\t\t\t\t\t\t\t<div class=\"elementor-element elementor-element-1b2eaa7 elementor-widget elementor-widget-text-editor\" data-id=\"1b2eaa7\" data-element_type=\"widget\" data-widget_type=\"text-editor.default\">\n\t\t\t\t<div class=\"elementor-widget-container\">\n\t\t\t\t\t\t\t<p><span style=\"background-color: transparent; color: rgb(0, 0, 0); font-family: Inter, sans-serif; font-size: 12pt; white-space-collapse: preserve; letter-spacing: -0.8px;\">Il existe de nombreux magasins d\u2019arts cr\u00e9atifs dans lesquels vous pouvez trouver votre bonheur :<\/span><\/p><span><ul style=\"margin-bottom: 0px; padding-inline-start: 48px;\"><li dir=\"ltr\" style=\"list-style-type: disc; font-size: 12pt; font-family: Inter, sans-serif; color: rgb(0, 0, 0); background-color: transparent; font-variant-numeric: normal; font-variant-east-asian: normal; font-variant-alternates: normal; font-variant-position: normal; font-variant-emoji: normal; vertical-align: baseline; white-space: pre;\" aria-level=\"1\"><p dir=\"ltr\" style=\"line-height: 1.38; margin-top: 12pt; margin-bottom: 0pt;\" role=\"presentation\"><span style=\"font-size: 12pt; background-color: transparent; font-variant-numeric: normal; font-variant-east-asian: normal; font-variant-alternates: normal; font-variant-position: normal; font-variant-emoji: normal; vertical-align: baseline; text-wrap-mode: wrap;\">papier color\u00e9 ou de soie<\/span><\/p><\/li><li dir=\"ltr\" style=\"list-style-type: disc; font-size: 12pt; font-family: Inter, sans-serif; color: rgb(0, 0, 0); background-color: transparent; font-variant-numeric: normal; font-variant-east-asian: normal; font-variant-alternates: normal; font-variant-position: normal; font-variant-emoji: normal; vertical-align: baseline; white-space: pre;\" aria-level=\"1\"><p dir=\"ltr\" style=\"line-height: 1.38; margin-top: 0pt; margin-bottom: 0pt;\" role=\"presentation\"><span style=\"font-size: 12pt; background-color: transparent; font-variant-numeric: normal; font-variant-east-asian: normal; font-variant-alternates: normal; font-variant-position: normal; font-variant-emoji: normal; vertical-align: baseline; text-wrap-mode: wrap;\">papier kraft<\/span><\/p><\/li><li dir=\"ltr\" style=\"list-style-type: disc; font-size: 12pt; font-family: Inter, sans-serif; color: rgb(0, 0, 0); background-color: transparent; font-variant-numeric: normal; font-variant-east-asian: normal; font-variant-alternates: normal; font-variant-position: normal; font-variant-emoji: normal; vertical-align: baseline; white-space: pre;\" aria-level=\"1\"><p dir=\"ltr\" style=\"line-height: 1.38; margin-top: 0pt; margin-bottom: 12pt;\" role=\"presentation\"><span style=\"font-size: 12pt; background-color: transparent; font-variant-numeric: normal; font-variant-east-asian: normal; font-variant-alternates: normal; font-variant-position: normal; font-variant-emoji: normal; vertical-align: baseline; text-wrap-mode: wrap;\">ou encore quelques longueurs de fils pour habiller les c\u00e2bles<\/span><\/p><\/li><\/ul><p dir=\"ltr\" style=\"line-height: 1.38; margin-top: 12pt; margin-bottom: 12pt;\"><span style=\"font-size: 12pt; font-family: Inter, sans-serif; color: rgb(0, 0, 0); background-color: transparent; font-variant-numeric: normal; font-variant-east-asian: normal; font-variant-alternates: normal; font-variant-position: normal; font-variant-emoji: normal; vertical-align: baseline; white-space-collapse: preserve;\">De plus, cela peut \u00eatre une activit\u00e9 ludique pour les enfants. Attention, tout de m\u00eame, \u00e0 ne pas obstruer le syst\u00e8me de ventilation et \u00e0 ne pas laisser ces derniers en contact direct avec l\u2019\u00e9lectricit\u00e9.<\/span><\/p><div><span style=\"font-size: 12pt; font-family: Inter, sans-serif; color: rgb(0, 0, 0); background-color: transparent; font-variant-numeric: normal; font-variant-east-asian: normal; font-variant-alternates: normal; font-variant-position: normal; font-variant-emoji: normal; vertical-align: baseline; white-space-collapse: preserve;\"><br><\/span><\/div><\/span>\t\t\t\t\t\t<\/div>\n\t\t\t\t<\/div>\n\t\t\t\t\t<\/div>\n\t\t<\/div>\n\t\t\t\t\t\t\t<\/div>\n\t\t<\/section>\n\t\t\t\t<section class=\"elementor-section elementor-top-section elementor-element elementor-element-e417ee4 elementor-section-boxed elementor-section-height-default elementor-section-height-default\" data-id=\"e417ee4\" data-element_type=\"section\" data-settings=\"{&quot;jet_parallax_layout_list&quot;:[]}\">\n\t\t\t\t\t\t<div class=\"elementor-container elementor-column-gap-default\">\n\t\t\t\t\t<div class=\"elementor-column elementor-col-100 elementor-top-column elementor-element elementor-element-bfcf160\" data-id=\"bfcf160\" data-element_type=\"column\">\n\t\t\t<div class=\"elementor-widget-wrap elementor-element-populated\">\n\t\t\t\t\t\t\t\t<div class=\"elementor-element elementor-element-accc63e elementor-widget elementor-widget-heading\" data-id=\"accc63e\" data-element_type=\"widget\" data-widget_type=\"heading.default\">\n\t\t\t\t<div class=\"elementor-widget-container\">\n\t\t\t<h2 class=\"elementor-heading-title elementor-size-default\">Meubles pour box internet et TV : Pensez aux biblioth\u00e8que et aux \u00e9tag\u00e8res<\/h2>\t\t<\/div>\n\t\t\t\t<\/div>\n\t\t\t\t\t<\/div>\n\t\t<\/div>\n\t\t\t\t\t\t\t<\/div>\n\t\t<\/section>\n\t\t\t\t<section class=\"elementor-section elementor-top-section elementor-element elementor-element-2bf2664 elementor-section-boxed elementor-section-height-default elementor-section-height-default\" data-id=\"2bf2664\" data-element_type=\"section\" data-settings=\"{&quot;jet_parallax_layout_list&quot;:[]}\">\n\t\t\t\t\t\t<div class=\"elementor-container elementor-column-gap-default\">\n\t\t\t\t\t<div class=\"elementor-column elementor-col-100 elementor-top-column elementor-element elementor-element-568944e\" data-id=\"568944e\" data-element_type=\"column\">\n\t\t\t<div class=\"elementor-widget-wrap elementor-element-populated\">\n\t\t\t\t\t\t\t\t<div class=\"elementor-element elementor-element-882353e elementor-widget elementor-widget-text-editor\" data-id=\"882353e\" data-element_type=\"widget\" data-widget_type=\"text-editor.default\">\n\t\t\t\t<div class=\"elementor-widget-container\">\n\t\t\t\t\t\t\t<p><span style=\"background-color: transparent; color: #000000; font-family: Inter, sans-serif; font-size: 12pt; white-space-collapse: preserve; letter-spacing: -0.8px;\">Comme le soulignent les sp\u00e9cialistes de boutique-box-Internet.fr, les <a href=\"https:\/\/www.made-in-meubles.com\/produits\/bibliotheque-vitrine\/etagere.html\">\u00e9tag\u00e8res<\/a> et la <a href=\"https:\/\/www.made-in-meubles.com\/produits\/bibliotheque-vitrine\/bibliotheque.html\">biblioth\u00e8que <\/a>sont des meubles dans lesquels on ne pense pas directement \u00e0 ranger sa box. <\/span><span style=\"background-color: transparent; color: #000000; font-family: Inter, sans-serif; font-size: 12pt; white-space-collapse: preserve; letter-spacing: -0.8px;\">Or, dans la biblioth\u00e8que, la box pourra \u00e9galement servir pour caler les livres et cr\u00e9er des s\u00e9parations esth\u00e9tiques. Vous pourrez habiller et d\u00e9corer les c\u00e2bles, puis les faire passer par les murs pour \u00e9viter qu\u2019ils pendent partout.<\/span><\/p>\t\t\t\t\t\t<\/div>\n\t\t\t\t<\/div>\n\t\t\t\t<div class=\"elementor-element elementor-element-f4c19d1 elementor-widget elementor-widget-image\" data-id=\"f4c19d1\" data-element_type=\"widget\" data-widget_type=\"image.default\">\n\t\t\t\t<div class=\"elementor-widget-container\">\n\t\t\t\t\t\t\t\t\t\t\t\t\t\t\t\t<a href=\"https:\/\/www.made-in-meubles.com\/bibliotheque-industrielle-pin-recycle-et-metal-3-niches-p-dn512\">\n\t\t\t\t\t\t\t<img width=\"1024\" height=\"1024\" src=\"https:\/\/www.made-in-meubles.com\/blog\/wp-content\/uploads\/2023\/01\/product_d_n_dn512-bibliotheque-ambiance-1024x1024.webp\" class=\"attachment-large size-large\" alt=\"\" srcset=\"https:\/\/www.made-in-meubles.com\/blog\/wp-content\/uploads\/2023\/01\/product_d_n_dn512-bibliotheque-ambiance-1024x1024.webp 1024w, https:\/\/www.made-in-meubles.com\/blog\/wp-content\/uploads\/2023\/01\/product_d_n_dn512-bibliotheque-ambiance-300x300.webp 300w, https:\/\/www.made-in-meubles.com\/blog\/wp-content\/uploads\/2023\/01\/product_d_n_dn512-bibliotheque-ambiance-150x150.webp 150w, https:\/\/www.made-in-meubles.com\/blog\/wp-content\/uploads\/2023\/01\/product_d_n_dn512-bibliotheque-ambiance-768x768.webp 768w, https:\/\/www.made-in-meubles.com\/blog\/wp-content\/uploads\/2023\/01\/product_d_n_dn512-bibliotheque-ambiance.webp 1200w\" sizes=\"(max-width: 1024px) 100vw, 1024px\" \/>\t\t\t\t\t\t\t\t<\/a>\n\t\t\t\t\t\t\t\t\t\t\t\t\t\t\t<\/div>\n\t\t\t\t<\/div>\n\t\t\t\t\t<\/div>\n\t\t<\/div>\n\t\t\t\t\t\t\t<\/div>\n\t\t<\/section>\n\t\t\t\t<section class=\"elementor-section elementor-top-section elementor-element elementor-element-17d4687 elementor-section-boxed elementor-section-height-default elementor-section-height-default\" data-id=\"17d4687\" data-element_type=\"section\" data-settings=\"{&quot;jet_parallax_layout_list&quot;:[]}\">\n\t\t\t\t\t\t<div class=\"elementor-container elementor-column-gap-default\">\n\t\t\t\t\t<div class=\"elementor-column elementor-col-100 elementor-top-column elementor-element elementor-element-a7c875c\" data-id=\"a7c875c\" data-element_type=\"column\">\n\t\t\t<div class=\"elementor-widget-wrap elementor-element-populated\">\n\t\t\t\t\t\t\t\t<div class=\"elementor-element elementor-element-c097d0e elementor-widget elementor-widget-text-editor\" data-id=\"c097d0e\" data-element_type=\"widget\" data-widget_type=\"text-editor.default\">\n\t\t\t\t<div class=\"elementor-widget-container\">\n\t\t\t\t\t\t\t<p><span style=\"font-size: 12pt; letter-spacing: -0.8px; background-color: transparent; font-family: Inter, sans-serif; color: #000000; font-variant-numeric: normal; font-variant-east-asian: normal; font-variant-alternates: normal; font-variant-position: normal; font-variant-emoji: normal; vertical-align: baseline; white-space-collapse: preserve;\">Apr\u00e8s avoir trouv\u00e9 le parfait emplacement et le meuble id\u00e9al pour mettre en valeur votre box, vous pouvez vous renseigner sur les diff\u00e9rents fournisseurs d\u2019acc\u00e8s Internet.<\/span><a style=\"letter-spacing: -0.8px; background-color: #ffffff;\" href=\"https:\/\/www.economie.gouv.fr\/dgccrf\/Publications\/Vie-pratique\/Fiches-pratiques\/Fournisseur-d-acces-a-Internet\"><span style=\"font-size: 12pt; font-family: Inter, sans-serif; color: #000000; background-color: transparent; font-variant-numeric: normal; font-variant-east-asian: normal; font-variant-alternates: normal; font-variant-position: normal; font-variant-emoji: normal; vertical-align: baseline; white-space-collapse: preserve;\"> Cet article<\/span><\/a><span style=\"font-size: 12pt; letter-spacing: -0.8px; background-color: transparent; font-family: Inter, sans-serif; color: #000000; font-variant-numeric: normal; font-variant-east-asian: normal; font-variant-alternates: normal; font-variant-position: normal; font-variant-emoji: normal; vertical-align: baseline; white-space-collapse: preserve;\"> vous permettra de choisir le fournisseur le mieux adapt\u00e9 \u00e0 vos besoins et le plus fiable. Pour plus de conseils sur le choix du meuble TV d\u00e9couvrez notre article de blog :<a href=\"https:\/\/www.made-in-meubles.com\/blog\/comment-choisir-un-meuble-tv-salon-ideal\/\"> Comment choisir un meuble TV<\/a> !<\/span><\/p>\t\t\t\t\t\t<\/div>\n\t\t\t\t<\/div>\n\t\t\t\t\t<\/div>\n\t\t<\/div>\n\t\t\t\t\t\t\t<\/div>\n\t\t<\/section>\n\t\t\t\t\t\t\t<\/div>\n\t\t","protected":false},"excerpt":{"rendered":"<p>Les box sont pr\u00e9sentes dans quasiment toutes les habitations. Que ce soit pour l\u2019acc\u00e8s \u00e0 Internet, \u00e0 la t\u00e9l\u00e9vision ou bien encore au t\u00e9l\u00e9phone\u2026 La box Internet a une place essentielle dans le quotidien. Parfois, ces box ne sont pas toujours les plus \u00e9l\u00e9gantes, avec leurs c\u00e2bles notamment. Or, il existe des astuces simples et [&hellip;]<\/p>\n","protected":false},"author":14,"featured_media":10379,"comment_status":"open","ping_status":"open","sticky":false,"template":"","format":"standard","meta":[],"categories":[2],"tags":[],"acf":[],"_links":{"self":[{"href":"https:\/\/www.made-in-meubles.com\/blog\/wp-json\/wp\/v2\/posts\/10390"}],"collection":[{"href":"https:\/\/www.made-in-meubles.com\/blog\/wp-json\/wp\/v2\/posts"}],"about":[{"href":"https:\/\/www.made-in-meubles.com\/blog\/wp-json\/wp\/v2\/types\/post"}],"author":[{"embeddable":true,"href":"https:\/\/www.made-in-meubles.com\/blog\/wp-json\/wp\/v2\/users\/14"}],"replies":[{"embeddable":true,"href":"https:\/\/www.made-in-meubles.com\/blog\/wp-json\/wp\/v2\/comments?post=10390"}],"version-history":[{"count":9,"href":"https:\/\/www.made-in-meubles.com\/blog\/wp-json\/wp\/v2\/posts\/10390\/revisions"}],"predecessor-version":[{"id":18421,"href":"https:\/\/www.made-in-meubles.com\/blog\/wp-json\/wp\/v2\/posts\/10390\/revisions\/18421"}],"wp:featuredmedia":[{"embeddable":true,"href":"https:\/\/www.made-in-meubles.com\/blog\/wp-json\/wp\/v2\/media\/10379"}],"wp:attachment":[{"href":"https:\/\/www.made-in-meubles.com\/blog\/wp-json\/wp\/v2\/media?parent=10390"}],"wp:term":[{"taxonomy":"category","embeddable":true,"href":"https:\/\/www.made-in-meubles.com\/blog\/wp-json\/wp\/v2\/categories?post=10390"},{"taxonomy":"post_tag","embeddable":true,"href":"https:\/\/www.made-in-meubles.com\/blog\/wp-json\/wp\/v2\/tags?post=10390"}],"curies":[{"name":"wp","href":"https:\/\/api.w.org\/{rel}","templated":true}]}}