{"id":10847,"date":"2023-01-13T11:16:42","date_gmt":"2023-01-13T10:16:42","guid":{"rendered":"https:\/\/www.made-in-meubles.com\/blog\/?p=10847"},"modified":"2026-04-09T16:17:40","modified_gmt":"2026-04-09T14:17:40","slug":"ajouter-style-confort-chambre-coucher-tete-de-lit","status":"publish","type":"post","link":"https:\/\/www.made-in-meubles.com\/blog\/ajouter-style-confort-chambre-coucher-tete-de-lit\/","title":{"rendered":"D\u00e9co chambre : Comment bien choisir sa t\u00eate de lit en bois ?"},"content":{"rendered":"\t\t<div data-elementor-type=\"wp-post\" data-elementor-id=\"10847\" class=\"elementor elementor-10847\">\n\t\t\t\t\t\t\t\t\t<section class=\"elementor-section elementor-top-section elementor-element elementor-element-9f64520 elementor-section-boxed elementor-section-height-default elementor-section-height-default\" data-id=\"9f64520\" data-element_type=\"section\" data-settings=\"{&quot;jet_parallax_layout_list&quot;:[]}\">\n\t\t\t\t\t\t<div class=\"elementor-container elementor-column-gap-default\">\n\t\t\t\t\t<div class=\"elementor-column elementor-col-100 elementor-top-column elementor-element elementor-element-e8ebe08\" data-id=\"e8ebe08\" data-element_type=\"column\">\n\t\t\t<div class=\"elementor-widget-wrap elementor-element-populated\">\n\t\t\t\t\t\t\t\t<div class=\"elementor-element elementor-element-6e1f6f0 elementor-widget elementor-widget-text-editor\" data-id=\"6e1f6f0\" data-element_type=\"widget\" data-widget_type=\"text-editor.default\">\n\t\t\t\t<div class=\"elementor-widget-container\">\n\t\t\t<style>\/*! elementor - v3.6.5 - 27-04-2022 *\/\n.elementor-widget-text-editor.elementor-drop-cap-view-stacked .elementor-drop-cap{background-color:#818a91;color:#fff}.elementor-widget-text-editor.elementor-drop-cap-view-framed .elementor-drop-cap{color:#818a91;border:3px solid;background-color:transparent}.elementor-widget-text-editor:not(.elementor-drop-cap-view-default) .elementor-drop-cap{margin-top:8px}.elementor-widget-text-editor:not(.elementor-drop-cap-view-default) .elementor-drop-cap-letter{width:1em;height:1em}.elementor-widget-text-editor .elementor-drop-cap{float:left;text-align:center;line-height:1;font-size:50px}.elementor-widget-text-editor .elementor-drop-cap-letter{display:inline-block}<\/style>\t\t\t\t<p><span style=\"background-color: transparent; color: #000000; font-family: Inter, sans-serif; font-size: 12pt; white-space-collapse: preserve; font-weight: var( --e-global-typography-text-font-weight ); letter-spacing: -0.8px;\">La <a href=\"https:\/\/www.made-in-meubles.com\/produits\/tete-de-lit-chevet\/tete-de-lit.html\">t\u00eate de lit<\/a> en bois, bien plus qu\u2019un simple \u00e9l\u00e9ment fonctionnel, est devenue un incontournable de la d\u00e9coration de chambre. Elle structure l\u2019espace, apporte du caract\u00e8re et peut transformer l\u2019atmosph\u00e8re de votre pi\u00e8ce \u00e0 elle seule. Qu\u2019elle soit minimaliste, capitonn\u00e9e, en bois brut ou recouverte de tissu, le choix de la t\u00eate de lit d\u00e9pend de nombreux facteurs : style d\u00e9co, dimensions, mat\u00e9riaux, et bien s\u00fbr, vos envies personnelles. Dans cet article, d\u00e9couvrez tous nos conseils et astuces pour choisir la t\u00eate de lit id\u00e9ale et faire de votre chambre un v\u00e9ritable cocon de confort et d\u2019esth\u00e9tisme<\/span><\/p>\t\t\t\t\t\t<\/div>\n\t\t\t\t<\/div>\n\t\t\t\t<div class=\"elementor-element elementor-element-961e37c elementor-widget elementor-widget-heading\" data-id=\"961e37c\" data-element_type=\"widget\" data-widget_type=\"heading.default\">\n\t\t\t\t<div class=\"elementor-widget-container\">\n\t\t\t<style>\/*! elementor - v3.6.5 - 27-04-2022 *\/\n.elementor-heading-title{padding:0;margin:0;line-height:1}.elementor-widget-heading .elementor-heading-title[class*=elementor-size-]>a{color:inherit;font-size:inherit;line-height:inherit}.elementor-widget-heading .elementor-heading-title.elementor-size-small{font-size:15px}.elementor-widget-heading .elementor-heading-title.elementor-size-medium{font-size:19px}.elementor-widget-heading .elementor-heading-title.elementor-size-large{font-size:29px}.elementor-widget-heading .elementor-heading-title.elementor-size-xl{font-size:39px}.elementor-widget-heading .elementor-heading-title.elementor-size-xxl{font-size:59px}<\/style><h2 class=\"elementor-heading-title elementor-size-default\"><p>T\u00eates de lit en bois \u00e9l\u00e9gantes : Une pi\u00e8ce de choix pour toute chambre \u00e0 coucher <span style=\"font-size: 2rem; letter-spacing: -0.8px;\"><\/span><\/p><\/h2>\t\t<\/div>\n\t\t\t\t<\/div>\n\t\t\t\t\t<\/div>\n\t\t<\/div>\n\t\t\t\t\t\t\t<\/div>\n\t\t<\/section>\n\t\t\t\t<section class=\"elementor-section elementor-top-section elementor-element elementor-element-ecf78b5 elementor-section-boxed elementor-section-height-default elementor-section-height-default\" data-id=\"ecf78b5\" data-element_type=\"section\" data-settings=\"{&quot;jet_parallax_layout_list&quot;:[]}\">\n\t\t\t\t\t\t<div class=\"elementor-container elementor-column-gap-default\">\n\t\t\t\t\t<div class=\"elementor-column elementor-col-100 elementor-top-column elementor-element elementor-element-0dcd559\" data-id=\"0dcd559\" data-element_type=\"column\">\n\t\t\t<div class=\"elementor-widget-wrap elementor-element-populated\">\n\t\t\t\t\t\t\t\t<div class=\"elementor-element elementor-element-9d1a4ef elementor-widget elementor-widget-text-editor\" data-id=\"9d1a4ef\" data-element_type=\"widget\" data-widget_type=\"text-editor.default\">\n\t\t\t\t<div class=\"elementor-widget-container\">\n\t\t\t\t\t\t\t<p class=\"MsoNormal\">Lorsque l&rsquo;on pense \u00e0 la d\u00e9coration d&rsquo;une pi\u00e8ce, la t\u00eate de lit est souvent n\u00e9glig\u00e9e. Pourtant, lorsqu&rsquo;elles sont choisies avec soin, les t\u00eates de lit peuvent constituer une pi\u00e8ce ma\u00eetresse dans n&rsquo;importe quelle <a href=\"https:\/\/www.made-in-meubles.com\/pieces\/chambre.html\">chambre<\/a> \u00e0 coucher. Qu&rsquo;il s&rsquo;agisse de designs modernes ou de styles rustiques, cet \u00e9l\u00e9ment fonctionnel peut \u00eatre utilis\u00e9 pour rassembler tous les \u00e9l\u00e9ments du d\u00e9cor d&rsquo;une pi\u00e8ce.\u00a0<\/p>\t\t\t\t\t\t<\/div>\n\t\t\t\t<\/div>\n\t\t\t\t<div class=\"elementor-element elementor-element-d169c85 elementor-widget elementor-widget-image\" data-id=\"d169c85\" data-element_type=\"widget\" data-widget_type=\"image.default\">\n\t\t\t\t<div class=\"elementor-widget-container\">\n\t\t\t<style>\/*! elementor - v3.6.5 - 27-04-2022 *\/\n.elementor-widget-image{text-align:center}.elementor-widget-image a{display:inline-block}.elementor-widget-image a img[src$=\".svg\"]{width:48px}.elementor-widget-image img{vertical-align:middle;display:inline-block}<\/style>\t\t\t\t\t\t\t\t\t\t\t\t<img width=\"1024\" height=\"1024\" src=\"https:\/\/www.made-in-meubles.com\/blog\/wp-content\/uploads\/2024\/07\/HOM05-fauteuil-ambiance-zoom3-1024x1024.jpg\" class=\"attachment-large size-large\" alt=\"T\u00eate de lit en rotin Rattan\" srcset=\"https:\/\/www.made-in-meubles.com\/blog\/wp-content\/uploads\/2024\/07\/HOM05-fauteuil-ambiance-zoom3-1024x1024.jpg 1024w, https:\/\/www.made-in-meubles.com\/blog\/wp-content\/uploads\/2024\/07\/HOM05-fauteuil-ambiance-zoom3-300x300.jpg 300w, https:\/\/www.made-in-meubles.com\/blog\/wp-content\/uploads\/2024\/07\/HOM05-fauteuil-ambiance-zoom3-150x150.jpg 150w, https:\/\/www.made-in-meubles.com\/blog\/wp-content\/uploads\/2024\/07\/HOM05-fauteuil-ambiance-zoom3-768x768.jpg 768w, https:\/\/www.made-in-meubles.com\/blog\/wp-content\/uploads\/2024\/07\/HOM05-fauteuil-ambiance-zoom3.jpg 1200w\" sizes=\"(max-width: 1024px) 100vw, 1024px\" \/>\t\t\t\t\t\t\t\t\t\t\t\t\t\t\t<\/div>\n\t\t\t\t<\/div>\n\t\t\t\t\t<\/div>\n\t\t<\/div>\n\t\t\t\t\t\t\t<\/div>\n\t\t<\/section>\n\t\t\t\t<section class=\"elementor-section elementor-top-section elementor-element elementor-element-d2b7aff elementor-section-boxed elementor-section-height-default elementor-section-height-default\" data-id=\"d2b7aff\" data-element_type=\"section\" data-settings=\"{&quot;jet_parallax_layout_list&quot;:[]}\">\n\t\t\t\t\t\t<div class=\"elementor-container elementor-column-gap-default\">\n\t\t\t\t\t<div class=\"elementor-column elementor-col-100 elementor-top-column elementor-element elementor-element-3aaff65\" data-id=\"3aaff65\" data-element_type=\"column\">\n\t\t\t<div class=\"elementor-widget-wrap elementor-element-populated\">\n\t\t\t\t\t\t\t\t<div class=\"elementor-element elementor-element-4f7a5f4 elementor-widget elementor-widget-heading\" data-id=\"4f7a5f4\" data-element_type=\"widget\" data-widget_type=\"heading.default\">\n\t\t\t\t<div class=\"elementor-widget-container\">\n\t\t\t<h2 class=\"elementor-heading-title elementor-size-default\"><p>L'importance de la beaut\u00e9 et de la fonctionnalit\u00e9 d'une t\u00eate de lit en bois<span style=\"font-size: 2rem; letter-spacing: -0.8px;\"><\/span><\/p><\/h2>\t\t<\/div>\n\t\t\t\t<\/div>\n\t\t\t\t\t<\/div>\n\t\t<\/div>\n\t\t\t\t\t\t\t<\/div>\n\t\t<\/section>\n\t\t\t\t<section class=\"elementor-section elementor-top-section elementor-element elementor-element-7b83d64 elementor-section-boxed elementor-section-height-default elementor-section-height-default\" data-id=\"7b83d64\" data-element_type=\"section\" data-settings=\"{&quot;jet_parallax_layout_list&quot;:[]}\">\n\t\t\t\t\t\t<div class=\"elementor-container elementor-column-gap-default\">\n\t\t\t\t\t<div class=\"elementor-column elementor-col-50 elementor-top-column elementor-element elementor-element-1e4162a\" data-id=\"1e4162a\" data-element_type=\"column\">\n\t\t\t<div class=\"elementor-widget-wrap elementor-element-populated\">\n\t\t\t\t\t\t\t\t<div class=\"elementor-element elementor-element-2b26812 elementor-widget elementor-widget-text-editor\" data-id=\"2b26812\" data-element_type=\"widget\" data-widget_type=\"text-editor.default\">\n\t\t\t\t<div class=\"elementor-widget-container\">\n\t\t\t\t\t\t\t<p><span style=\"background-color: transparent; font-size: 12pt; white-space-collapse: preserve; letter-spacing: -0.8px;\">Les t\u00eates de lit sont un \u00e9l\u00e9ment important de la <a href=\"https:\/\/www.made-in-meubles.com\/pieces\/chambre.html\">d\u00e9coration d&rsquo;une chambre<\/a> \u00e0 coucher, car elles ont non seulement un but pratique, mais aussi une valeur esth\u00e9tique. Non seulement elles fournissent un support pour les oreillers pendant que vous dormez, mais elles servent \u00e9galement de point focal dans la pi\u00e8ce. Ils sont donc id\u00e9aux pour cr\u00e9er un th\u00e8me de design coh\u00e9rent qui relie le reste de l&rsquo;ameublement. Si vous les choisissez judicieusement, ils peuvent donner le ton \u00e0 l&rsquo;ensemble de la pi\u00e8ce et conf\u00e9rer \u00e0 votre chambre \u00e0 coucher la touche sp\u00e9ciale qui la rendra unique.<\/span><\/p>\t\t\t\t\t\t<\/div>\n\t\t\t\t<\/div>\n\t\t\t\t\t<\/div>\n\t\t<\/div>\n\t\t\t\t<div class=\"elementor-column elementor-col-50 elementor-top-column elementor-element elementor-element-375be2a\" data-id=\"375be2a\" data-element_type=\"column\">\n\t\t\t<div class=\"elementor-widget-wrap elementor-element-populated\">\n\t\t\t\t\t\t\t\t<div class=\"elementor-element elementor-element-6e59fd2 elementor-widget elementor-widget-image\" data-id=\"6e59fd2\" data-element_type=\"widget\" data-widget_type=\"image.default\">\n\t\t\t\t<div class=\"elementor-widget-container\">\n\t\t\t\t\t\t\t\t\t\t\t\t<figure class=\"wp-caption\">\n\t\t\t\t\t\t\t\t\t\t\t<a href=\"https:\/\/www.made-in-meubles.com\/tete-de-lit-en-rotin-paon-p-hom05\">\n\t\t\t\t\t\t\t<img src=\"https:\/\/www.made-in-meubles.com\/blog\/wp-content\/uploads\/2023\/01\/hom05-fauteuil-ambiance-face.webp\" title=\"hom05-fauteuil-ambiance-face\" alt=\"hom05-fauteuil-ambiance-face\" \/>\t\t\t\t\t\t\t\t<\/a>\n\t\t\t\t\t\t\t\t\t\t\t<figcaption class=\"widget-image-caption wp-caption-text\">\u00a9 T\u00eate de lit en rotin Rattan<\/figcaption>\n\t\t\t\t\t\t\t\t\t\t<\/figure>\n\t\t\t\t\t\t\t\t\t<\/div>\n\t\t\t\t<\/div>\n\t\t\t\t\t<\/div>\n\t\t<\/div>\n\t\t\t\t\t\t\t<\/div>\n\t\t<\/section>\n\t\t\t\t<section class=\"elementor-section elementor-top-section elementor-element elementor-element-9571ef7 elementor-section-boxed elementor-section-height-default elementor-section-height-default\" data-id=\"9571ef7\" data-element_type=\"section\" data-settings=\"{&quot;jet_parallax_layout_list&quot;:[]}\">\n\t\t\t\t\t\t<div class=\"elementor-container elementor-column-gap-default\">\n\t\t\t\t\t<div class=\"elementor-column elementor-col-100 elementor-top-column elementor-element elementor-element-e844feb\" data-id=\"e844feb\" data-element_type=\"column\">\n\t\t\t<div class=\"elementor-widget-wrap elementor-element-populated\">\n\t\t\t\t\t\t\t\t<div class=\"elementor-element elementor-element-a4f0b4c elementor-widget elementor-widget-image\" data-id=\"a4f0b4c\" data-element_type=\"widget\" data-widget_type=\"image.default\">\n\t\t\t\t<div class=\"elementor-widget-container\">\n\t\t\t\t\t\t\t\t\t\t\t\t<figure class=\"wp-caption\">\n\t\t\t\t\t\t\t\t\t\t\t<a href=\"https:\/\/www.made-in-meubles.com\/tete-de-lit-bois-metal-avec-rangements-160-cm-p-ae01b\">\n\t\t\t\t\t\t\t<img width=\"1024\" height=\"1024\" src=\"https:\/\/www.made-in-meubles.com\/blog\/wp-content\/uploads\/2023\/01\/product_a_e_ae01b-tete-lit-ambiance-01-1024x1024.webp\" class=\"attachment-large size-large\" alt=\"T\u00eate de lit en bois de manguier 160 cm Armelle\" srcset=\"https:\/\/www.made-in-meubles.com\/blog\/wp-content\/uploads\/2023\/01\/product_a_e_ae01b-tete-lit-ambiance-01-1024x1024.webp 1024w, https:\/\/www.made-in-meubles.com\/blog\/wp-content\/uploads\/2023\/01\/product_a_e_ae01b-tete-lit-ambiance-01-300x300.webp 300w, https:\/\/www.made-in-meubles.com\/blog\/wp-content\/uploads\/2023\/01\/product_a_e_ae01b-tete-lit-ambiance-01-150x150.webp 150w, https:\/\/www.made-in-meubles.com\/blog\/wp-content\/uploads\/2023\/01\/product_a_e_ae01b-tete-lit-ambiance-01-768x768.webp 768w, https:\/\/www.made-in-meubles.com\/blog\/wp-content\/uploads\/2023\/01\/product_a_e_ae01b-tete-lit-ambiance-01.webp 1200w\" sizes=\"(max-width: 1024px) 100vw, 1024px\" \/>\t\t\t\t\t\t\t\t<\/a>\n\t\t\t\t\t\t\t\t\t\t\t<figcaption class=\"widget-image-caption wp-caption-text\">\u00a9 T\u00eate de lit en bois de manguier Armelle <\/figcaption>\n\t\t\t\t\t\t\t\t\t\t<\/figure>\n\t\t\t\t\t\t\t\t\t<\/div>\n\t\t\t\t<\/div>\n\t\t\t\t<div class=\"elementor-element elementor-element-2895faa elementor-widget elementor-widget-text-editor\" data-id=\"2895faa\" data-element_type=\"widget\" data-widget_type=\"text-editor.default\">\n\t\t\t\t<div class=\"elementor-widget-container\">\n\t\t\t\t\t\t\t<p class=\"MsoNormal\"><span style=\"background-color: transparent; color: #000000; font-family: Inter, sans-serif; font-size: 12pt; white-space-collapse: preserve; letter-spacing: -0.8px;\">Lorsque vous achetez une nouvelle t\u00eate de lit, vous devez tenir compte de plusieurs facteurs. Tout d&rsquo;abord, consid\u00e9rez le type de mat\u00e9riau dans lequel vous souhaitez que votre t\u00eate de lit soit fabriqu\u00e9, les t\u00eates de lit en bois ont tendance \u00e0 \u00eatre classiques et intemporelles, tandis que les t\u00eates de lit en m\u00e9tal ou recouvertes de tissu sont plus modernes. Ensuite, tenez compte de la taille de votre chambre : si elle est petite, optez pour quelque chose de plus petit comme un panneau rembourr\u00e9 plut\u00f4t qu&rsquo;un cadre de lit \u00e0 baldaquin en fer orn\u00e9 ; si elle est grande, optez pour quelque chose de plus \u00e9labor\u00e9 comme du bois sculpt\u00e9 ou des motifs d\u00e9taill\u00e9s en fer forg\u00e9. Enfin, choisissez quelque chose qui correspond \u00e0 votre style personnel ; si vous pr\u00e9f\u00e9rez les looks minimalistes, optez pour des lignes simples, mais si vous aimez l&rsquo;opulence, choisissez une pi\u00e8ce dor\u00e9e et embellie !<\/span><\/p>\t\t\t\t\t\t<\/div>\n\t\t\t\t<\/div>\n\t\t\t\t<div class=\"elementor-element elementor-element-850e54d elementor-widget elementor-widget-image\" data-id=\"850e54d\" data-element_type=\"widget\" data-widget_type=\"image.default\">\n\t\t\t\t<div class=\"elementor-widget-container\">\n\t\t\t\t\t\t\t\t\t\t\t\t<figure class=\"wp-caption\">\n\t\t\t\t\t\t\t\t\t\t\t<a href=\"https:\/\/www.made-in-meubles.com\/tete-de-lit-bois-metal-avec-rangements-160-cm-p-ae01b\">\n\t\t\t\t\t\t\t<img width=\"1024\" height=\"1024\" src=\"https:\/\/www.made-in-meubles.com\/blog\/wp-content\/uploads\/2023\/01\/product_b_9_b98-tetedelit-ambiance-1024x1024.webp\" class=\"attachment-large size-large\" alt=\"T\u00eate de lit Lila\" srcset=\"https:\/\/www.made-in-meubles.com\/blog\/wp-content\/uploads\/2023\/01\/product_b_9_b98-tetedelit-ambiance-1024x1024.webp 1024w, https:\/\/www.made-in-meubles.com\/blog\/wp-content\/uploads\/2023\/01\/product_b_9_b98-tetedelit-ambiance-300x300.webp 300w, https:\/\/www.made-in-meubles.com\/blog\/wp-content\/uploads\/2023\/01\/product_b_9_b98-tetedelit-ambiance-150x150.webp 150w, https:\/\/www.made-in-meubles.com\/blog\/wp-content\/uploads\/2023\/01\/product_b_9_b98-tetedelit-ambiance-768x768.webp 768w, https:\/\/www.made-in-meubles.com\/blog\/wp-content\/uploads\/2023\/01\/product_b_9_b98-tetedelit-ambiance.webp 1200w\" sizes=\"(max-width: 1024px) 100vw, 1024px\" \/>\t\t\t\t\t\t\t\t<\/a>\n\t\t\t\t\t\t\t\t\t\t\t<figcaption class=\"widget-image-caption wp-caption-text\">\u00a9 T\u00eate de lit en bois de manguier blanchi Lila<\/figcaption>\n\t\t\t\t\t\t\t\t\t\t<\/figure>\n\t\t\t\t\t\t\t\t\t<\/div>\n\t\t\t\t<\/div>\n\t\t\t\t\t<\/div>\n\t\t<\/div>\n\t\t\t\t\t\t\t<\/div>\n\t\t<\/section>\n\t\t\t\t<section class=\"elementor-section elementor-top-section elementor-element elementor-element-1b6f71a elementor-section-boxed elementor-section-height-default elementor-section-height-default\" data-id=\"1b6f71a\" data-element_type=\"section\" data-settings=\"{&quot;jet_parallax_layout_list&quot;:[]}\">\n\t\t\t\t\t\t<div class=\"elementor-container elementor-column-gap-default\">\n\t\t\t\t\t<div class=\"elementor-column elementor-col-100 elementor-top-column elementor-element elementor-element-7a6e184\" data-id=\"7a6e184\" data-element_type=\"column\">\n\t\t\t<div class=\"elementor-widget-wrap elementor-element-populated\">\n\t\t\t\t\t\t\t\t<div class=\"elementor-element elementor-element-31cefca elementor-widget elementor-widget-heading\" data-id=\"31cefca\" data-element_type=\"widget\" data-widget_type=\"heading.default\">\n\t\t\t\t<div class=\"elementor-widget-container\">\n\t\t\t<h2 class=\"elementor-heading-title elementor-size-default\"><p>Notre meilleure s\u00e9lection de t\u00eates de lit en bois<span style=\"font-size: 2rem; letter-spacing: -0.8px;\"><\/span><\/p><\/h2>\t\t<\/div>\n\t\t\t\t<\/div>\n\t\t\t\t<div class=\"elementor-element elementor-element-2284741 elementor-widget elementor-widget-text-editor\" data-id=\"2284741\" data-element_type=\"widget\" data-widget_type=\"text-editor.default\">\n\t\t\t\t<div class=\"elementor-widget-container\">\n\t\t\t\t\t\t\t<p><span style=\"background-color: transparent; color: #000000; font-family: Inter, sans-serif; font-size: 12pt; font-weight: var( --e-global-typography-text-font-weight ); letter-spacing: -0.8px; white-space-collapse: preserve;\">Pour sublimer votre chambre, nous avons rassembl\u00e9 une s\u00e9lection des plus belles t\u00eates de lit, alliant style, confort et qualit\u00e9. Que vous soyez adepte de design moderne, de <a href=\"https:\/\/www.made-in-meubles.com\/styles\/authentique\/tete-de-lit-chevet.html\">charme authentique<\/a> ou d\u2019\u00e9l\u00e9gance intemporelle, vous trouverez dans notre collection des mod\u00e8les qui s&rsquo;adaptent \u00e0 toutes les envies.<\/span><\/p>\t\t\t\t\t\t<\/div>\n\t\t\t\t<\/div>\n\t\t\t\t\t<\/div>\n\t\t<\/div>\n\t\t\t\t\t\t\t<\/div>\n\t\t<\/section>\n\t\t\t\t<section class=\"elementor-section elementor-top-section elementor-element elementor-element-67664aa elementor-section-boxed elementor-section-height-default elementor-section-height-default\" data-id=\"67664aa\" data-element_type=\"section\" data-settings=\"{&quot;jet_parallax_layout_list&quot;:[]}\">\n\t\t\t\t\t\t<div class=\"elementor-container elementor-column-gap-default\">\n\t\t\t\t\t<div class=\"elementor-column elementor-col-50 elementor-top-column elementor-element elementor-element-f69dcd3\" data-id=\"f69dcd3\" data-element_type=\"column\">\n\t\t\t<div class=\"elementor-widget-wrap elementor-element-populated\">\n\t\t\t\t\t\t\t\t<div class=\"elementor-element elementor-element-c5de89b elementor-widget elementor-widget-image\" data-id=\"c5de89b\" data-element_type=\"widget\" data-widget_type=\"image.default\">\n\t\t\t\t<div class=\"elementor-widget-container\">\n\t\t\t\t\t\t\t\t\t\t\t\t<figure class=\"wp-caption\">\n\t\t\t\t\t\t\t\t\t\t\t<a href=\"https:\/\/www.made-in-meubles.com\/tete-de-lit-carre-fleurs-sculptees-160-cm-p-mim113\">\n\t\t\t\t\t\t\t<img width=\"1024\" height=\"1024\" src=\"https:\/\/www.made-in-meubles.com\/blog\/wp-content\/uploads\/2023\/01\/product_m_i_mim113-tetedelit-ambiance-1024x1024.webp\" class=\"attachment-large size-large\" alt=\"\" srcset=\"https:\/\/www.made-in-meubles.com\/blog\/wp-content\/uploads\/2023\/01\/product_m_i_mim113-tetedelit-ambiance-1024x1024.webp 1024w, https:\/\/www.made-in-meubles.com\/blog\/wp-content\/uploads\/2023\/01\/product_m_i_mim113-tetedelit-ambiance-300x300.webp 300w, https:\/\/www.made-in-meubles.com\/blog\/wp-content\/uploads\/2023\/01\/product_m_i_mim113-tetedelit-ambiance-150x150.webp 150w, https:\/\/www.made-in-meubles.com\/blog\/wp-content\/uploads\/2023\/01\/product_m_i_mim113-tetedelit-ambiance-768x768.webp 768w, https:\/\/www.made-in-meubles.com\/blog\/wp-content\/uploads\/2023\/01\/product_m_i_mim113-tetedelit-ambiance.webp 1200w\" sizes=\"(max-width: 1024px) 100vw, 1024px\" \/>\t\t\t\t\t\t\t\t<\/a>\n\t\t\t\t\t\t\t\t\t\t\t<figcaption class=\"widget-image-caption wp-caption-text\">\u00a9 T\u00eate de lit en bois de manguier sculpt\u00e9 Vittoria<\/figcaption>\n\t\t\t\t\t\t\t\t\t\t<\/figure>\n\t\t\t\t\t\t\t\t\t<\/div>\n\t\t\t\t<\/div>\n\t\t\t\t\t<\/div>\n\t\t<\/div>\n\t\t\t\t<div class=\"elementor-column elementor-col-50 elementor-top-column elementor-element elementor-element-c1ee0ca\" data-id=\"c1ee0ca\" data-element_type=\"column\">\n\t\t\t<div class=\"elementor-widget-wrap elementor-element-populated\">\n\t\t\t\t\t\t\t\t<div class=\"elementor-element elementor-element-ffc2999 elementor-widget elementor-widget-image\" data-id=\"ffc2999\" data-element_type=\"widget\" data-widget_type=\"image.default\">\n\t\t\t\t<div class=\"elementor-widget-container\">\n\t\t\t\t\t\t\t\t\t\t\t\t<figure class=\"wp-caption\">\n\t\t\t\t\t\t\t\t\t\t\t<a href=\"https:\/\/www.made-in-meubles.com\/tete-de-lit-lotus-sculpte-160-cm-p-mim114\">\n\t\t\t\t\t\t\t<img width=\"1024\" height=\"1024\" src=\"https:\/\/www.made-in-meubles.com\/blog\/wp-content\/uploads\/2023\/01\/product_m_i_mim114-tetedelit-ambiance-1-1024x1024.webp\" class=\"attachment-large size-large\" alt=\"T\u00eate de lit lotus en bois de manguier sculpt\u00e9 160 cm Valentina\" srcset=\"https:\/\/www.made-in-meubles.com\/blog\/wp-content\/uploads\/2023\/01\/product_m_i_mim114-tetedelit-ambiance-1-1024x1024.webp 1024w, https:\/\/www.made-in-meubles.com\/blog\/wp-content\/uploads\/2023\/01\/product_m_i_mim114-tetedelit-ambiance-1-300x300.webp 300w, https:\/\/www.made-in-meubles.com\/blog\/wp-content\/uploads\/2023\/01\/product_m_i_mim114-tetedelit-ambiance-1-150x150.webp 150w, https:\/\/www.made-in-meubles.com\/blog\/wp-content\/uploads\/2023\/01\/product_m_i_mim114-tetedelit-ambiance-1-768x768.webp 768w, https:\/\/www.made-in-meubles.com\/blog\/wp-content\/uploads\/2023\/01\/product_m_i_mim114-tetedelit-ambiance-1.webp 1200w\" sizes=\"(max-width: 1024px) 100vw, 1024px\" \/>\t\t\t\t\t\t\t\t<\/a>\n\t\t\t\t\t\t\t\t\t\t\t<figcaption class=\"widget-image-caption wp-caption-text\">\u00a9 T\u00eate de lit en bois de manguier sculpt\u00e9 Valentina<\/figcaption>\n\t\t\t\t\t\t\t\t\t\t<\/figure>\n\t\t\t\t\t\t\t\t\t<\/div>\n\t\t\t\t<\/div>\n\t\t\t\t\t<\/div>\n\t\t<\/div>\n\t\t\t\t\t\t\t<\/div>\n\t\t<\/section>\n\t\t\t\t<section class=\"elementor-section elementor-top-section elementor-element elementor-element-74c071c elementor-section-boxed elementor-section-height-default elementor-section-height-default\" data-id=\"74c071c\" data-element_type=\"section\" data-settings=\"{&quot;jet_parallax_layout_list&quot;:[]}\">\n\t\t\t\t\t\t<div class=\"elementor-container elementor-column-gap-default\">\n\t\t\t\t\t<div class=\"elementor-column elementor-col-100 elementor-top-column elementor-element elementor-element-a9cdb7e\" data-id=\"a9cdb7e\" data-element_type=\"column\">\n\t\t\t<div class=\"elementor-widget-wrap elementor-element-populated\">\n\t\t\t\t\t\t\t\t<div class=\"elementor-element elementor-element-5d1380e elementor-widget elementor-widget-image\" data-id=\"5d1380e\" data-element_type=\"widget\" data-widget_type=\"image.default\">\n\t\t\t\t<div class=\"elementor-widget-container\">\n\t\t\t\t\t\t\t\t\t\t\t\t<figure class=\"wp-caption\">\n\t\t\t\t\t\t\t\t\t\t\t<a href=\"https:\/\/www.made-in-meubles.com\/tete-de-lit-en-bois-blanchi-sculpte-p-b98\">\n\t\t\t\t\t\t\t<img width=\"1024\" height=\"1024\" src=\"https:\/\/www.made-in-meubles.com\/blog\/wp-content\/uploads\/2023\/01\/product_b_9_b98-tetedelit-ambiance-1-1024x1024.webp\" class=\"attachment-large size-large\" alt=\"\" srcset=\"https:\/\/www.made-in-meubles.com\/blog\/wp-content\/uploads\/2023\/01\/product_b_9_b98-tetedelit-ambiance-1-1024x1024.webp 1024w, https:\/\/www.made-in-meubles.com\/blog\/wp-content\/uploads\/2023\/01\/product_b_9_b98-tetedelit-ambiance-1-300x300.webp 300w, https:\/\/www.made-in-meubles.com\/blog\/wp-content\/uploads\/2023\/01\/product_b_9_b98-tetedelit-ambiance-1-150x150.webp 150w, https:\/\/www.made-in-meubles.com\/blog\/wp-content\/uploads\/2023\/01\/product_b_9_b98-tetedelit-ambiance-1-768x768.webp 768w, https:\/\/www.made-in-meubles.com\/blog\/wp-content\/uploads\/2023\/01\/product_b_9_b98-tetedelit-ambiance-1.webp 1200w\" sizes=\"(max-width: 1024px) 100vw, 1024px\" \/>\t\t\t\t\t\t\t\t<\/a>\n\t\t\t\t\t\t\t\t\t\t\t<figcaption class=\"widget-image-caption wp-caption-text\">\u00a9 T\u00eate de lit Lila<\/figcaption>\n\t\t\t\t\t\t\t\t\t\t<\/figure>\n\t\t\t\t\t\t\t\t\t<\/div>\n\t\t\t\t<\/div>\n\t\t\t\t<div class=\"elementor-element elementor-element-11fc559 elementor-widget elementor-widget-text-editor\" data-id=\"11fc559\" data-element_type=\"widget\" data-widget_type=\"text-editor.default\">\n\t\t\t\t<div class=\"elementor-widget-container\">\n\t\t\t\t\t\t\t<p><span style=\"background-color: transparent; color: #000000; font-family: Inter, sans-serif; font-size: 12pt; white-space-collapse: preserve; letter-spacing: -0.8px;\">Le bon choix de t\u00eate de lit peut faire toute la diff\u00e9rence lorsqu&rsquo;il s&rsquo;agit de cr\u00e9er un espace \u00e9l\u00e9gant qui refl\u00e8te votre personnalit\u00e9 et vos go\u00fbts ! Avec nos diff\u00e9rents designs de t\u00eate de lit, des designs traditionnels aux designs modernes, il y en a certainement pour tous les go\u00fbts et toutes les pr\u00e9f\u00e9rences. <\/span><span style=\"font-size: 12pt; letter-spacing: -0.8px; background-color: transparent; font-family: Inter, sans-serif; color: #000000; font-variant-numeric: normal; font-variant-east-asian: normal; font-variant-alternates: normal; font-variant-position: normal; font-variant-emoji: normal; vertical-align: baseline; white-space-collapse: preserve;\">Pour am\u00e9nager votre chambre avec des meubles en bois avec \u00e9l\u00e9gance, d\u00e9couvrez notre dernier article :<\/span><a style=\"letter-spacing: -0.8px; background-color: #ffffff;\" href=\"https:\/\/www.made-in-meubles.com\/blog\/donnez-peps-chambre-meubles-bois\/\"> <span style=\"font-size: 12pt; font-family: Inter, sans-serif; color: #1155cc; background-color: transparent; font-weight: bold; font-variant-numeric: normal; font-variant-east-asian: normal; font-variant-alternates: normal; font-variant-position: normal; font-variant-emoji: normal; text-decoration-line: underline; text-decoration-skip-ink: none; vertical-align: baseline; white-space-collapse: preserve;\">Redonnez du style \u00e0 votre chambre avec des meubles en bois massif<\/span><\/a><\/p>\t\t\t\t\t\t<\/div>\n\t\t\t\t<\/div>\n\t\t\t\t\t<\/div>\n\t\t<\/div>\n\t\t\t\t\t\t\t<\/div>\n\t\t<\/section>\n\t\t\t\t\t\t\t<\/div>\n\t\t","protected":false},"excerpt":{"rendered":"<p>La t\u00eate de lit en bois, bien plus qu\u2019un simple \u00e9l\u00e9ment fonctionnel, est devenue un incontournable de la d\u00e9coration de chambre. Elle structure l\u2019espace, apporte du caract\u00e8re et peut transformer l\u2019atmosph\u00e8re de votre pi\u00e8ce \u00e0 elle seule. Qu\u2019elle soit minimaliste, capitonn\u00e9e, en bois brut ou recouverte de tissu, le choix de la t\u00eate de lit [&hellip;]<\/p>\n","protected":false},"author":27,"featured_media":14801,"comment_status":"open","ping_status":"open","sticky":false,"template":"","format":"standard","meta":[],"categories":[5],"tags":[69],"acf":[],"_links":{"self":[{"href":"https:\/\/www.made-in-meubles.com\/blog\/wp-json\/wp\/v2\/posts\/10847"}],"collection":[{"href":"https:\/\/www.made-in-meubles.com\/blog\/wp-json\/wp\/v2\/posts"}],"about":[{"href":"https:\/\/www.made-in-meubles.com\/blog\/wp-json\/wp\/v2\/types\/post"}],"author":[{"embeddable":true,"href":"https:\/\/www.made-in-meubles.com\/blog\/wp-json\/wp\/v2\/users\/27"}],"replies":[{"embeddable":true,"href":"https:\/\/www.made-in-meubles.com\/blog\/wp-json\/wp\/v2\/comments?post=10847"}],"version-history":[{"count":46,"href":"https:\/\/www.made-in-meubles.com\/blog\/wp-json\/wp\/v2\/posts\/10847\/revisions"}],"predecessor-version":[{"id":18648,"href":"https:\/\/www.made-in-meubles.com\/blog\/wp-json\/wp\/v2\/posts\/10847\/revisions\/18648"}],"wp:featuredmedia":[{"embeddable":true,"href":"https:\/\/www.made-in-meubles.com\/blog\/wp-json\/wp\/v2\/media\/14801"}],"wp:attachment":[{"href":"https:\/\/www.made-in-meubles.com\/blog\/wp-json\/wp\/v2\/media?parent=10847"}],"wp:term":[{"taxonomy":"category","embeddable":true,"href":"https:\/\/www.made-in-meubles.com\/blog\/wp-json\/wp\/v2\/categories?post=10847"},{"taxonomy":"post_tag","embeddable":true,"href":"https:\/\/www.made-in-meubles.com\/blog\/wp-json\/wp\/v2\/tags?post=10847"}],"curies":[{"name":"wp","href":"https:\/\/api.w.org\/{rel}","templated":true}]}}