{"id":1114,"date":"2015-06-04T14:08:56","date_gmt":"2015-06-04T12:08:56","guid":{"rendered":"https:\/\/www.made-in-meubles.com\/blog\/?p=1114"},"modified":"2024-11-12T14:34:01","modified_gmt":"2024-11-12T13:34:01","slug":"lhistoire-du-vaisselier-en-france","status":"publish","type":"post","link":"https:\/\/www.made-in-meubles.com\/blog\/lhistoire-du-vaisselier-en-france\/","title":{"rendered":"L&rsquo;histoire du vaisselier en France"},"content":{"rendered":"\t\t<div data-elementor-type=\"wp-post\" data-elementor-id=\"1114\" class=\"elementor elementor-1114\">\n\t\t\t\t\t\t\t\t\t<section class=\"elementor-section elementor-top-section elementor-element elementor-element-4583be7 elementor-section-boxed elementor-section-height-default elementor-section-height-default\" data-id=\"4583be7\" data-element_type=\"section\" data-settings=\"{&quot;jet_parallax_layout_list&quot;:[]}\">\n\t\t\t\t\t\t<div class=\"elementor-container elementor-column-gap-default\">\n\t\t\t\t\t<div class=\"elementor-column elementor-col-100 elementor-top-column elementor-element elementor-element-86c286c\" data-id=\"86c286c\" data-element_type=\"column\">\n\t\t\t<div class=\"elementor-widget-wrap elementor-element-populated\">\n\t\t\t\t\t\t\t\t<div class=\"elementor-element elementor-element-635db34 elementor-widget elementor-widget-text-editor\" data-id=\"635db34\" data-element_type=\"widget\" data-widget_type=\"text-editor.default\">\n\t\t\t\t<div class=\"elementor-widget-container\">\n\t\t\t<style>\/*! elementor - v3.6.5 - 27-04-2022 *\/\n.elementor-widget-text-editor.elementor-drop-cap-view-stacked .elementor-drop-cap{background-color:#818a91;color:#fff}.elementor-widget-text-editor.elementor-drop-cap-view-framed .elementor-drop-cap{color:#818a91;border:3px solid;background-color:transparent}.elementor-widget-text-editor:not(.elementor-drop-cap-view-default) .elementor-drop-cap{margin-top:8px}.elementor-widget-text-editor:not(.elementor-drop-cap-view-default) .elementor-drop-cap-letter{width:1em;height:1em}.elementor-widget-text-editor .elementor-drop-cap{float:left;text-align:center;line-height:1;font-size:50px}.elementor-widget-text-editor .elementor-drop-cap-letter{display:inline-block}<\/style>\t\t\t\t<p><span style=\"background-color: transparent; color: #000000; font-family: Inter, sans-serif; font-size: 12pt; white-space-collapse: preserve; font-weight: var( --e-global-typography-text-font-weight ); letter-spacing: -0.8px;\">Le <a href=\"https:\/\/www.made-in-meubles.com\/produits\/buffet-vaisselier\/vaisselier.html\">vaisselier<\/a>, dans la famille des meubles de rangement, peut \u00eatre compar\u00e9 au buffet \u00e0 deux corps et au dressoir d\u2019apparat, h\u00e9ritier du mobilier de la fin du Moyen \u00c2ge et de la Renaissance. \u00c0 cette \u00e9poque, ces meubles \u00e9taient utilis\u00e9s pour exposer lors de banquets des pi\u00e8ces d&rsquo;orf\u00e8vrerie et d&rsquo;autres objets pr\u00e9cieux. Le vaisselier a \u00e9volu\u00e9 au fil des si\u00e8cles pour devenir un meuble fonctionnel et d\u00e9coratif que l\u2019on retrouve aujourd&rsquo;hui dans nos int\u00e9rieurs modernes. D\u00e9couvrez dans cet article toute l&rsquo;histoire du vaisselier.<\/span><\/p>\t\t\t\t\t\t<\/div>\n\t\t\t\t<\/div>\n\t\t\t\t\t<\/div>\n\t\t<\/div>\n\t\t\t\t\t\t\t<\/div>\n\t\t<\/section>\n\t\t\t\t<section class=\"elementor-section elementor-top-section elementor-element elementor-element-240e353 elementor-section-boxed elementor-section-height-default elementor-section-height-default\" data-id=\"240e353\" data-element_type=\"section\" data-settings=\"{&quot;jet_parallax_layout_list&quot;:[]}\">\n\t\t\t\t\t\t<div class=\"elementor-container elementor-column-gap-default\">\n\t\t\t\t\t<div class=\"elementor-column elementor-col-100 elementor-top-column elementor-element elementor-element-0a5ee7b\" data-id=\"0a5ee7b\" data-element_type=\"column\">\n\t\t\t<div class=\"elementor-widget-wrap elementor-element-populated\">\n\t\t\t\t\t\t\t\t<div class=\"elementor-element elementor-element-22eb721 elementor-widget elementor-widget-heading\" data-id=\"22eb721\" data-element_type=\"widget\" data-widget_type=\"heading.default\">\n\t\t\t\t<div class=\"elementor-widget-container\">\n\t\t\t<style>\/*! elementor - v3.6.5 - 27-04-2022 *\/\n.elementor-heading-title{padding:0;margin:0;line-height:1}.elementor-widget-heading .elementor-heading-title[class*=elementor-size-]>a{color:inherit;font-size:inherit;line-height:inherit}.elementor-widget-heading .elementor-heading-title.elementor-size-small{font-size:15px}.elementor-widget-heading .elementor-heading-title.elementor-size-medium{font-size:19px}.elementor-widget-heading .elementor-heading-title.elementor-size-large{font-size:29px}.elementor-widget-heading .elementor-heading-title.elementor-size-xl{font-size:39px}.elementor-widget-heading .elementor-heading-title.elementor-size-xxl{font-size:59px}<\/style><h2 class=\"elementor-heading-title elementor-size-default\">Les origines du vaisselier au XVIIe si\u00e8cle :<\/h2>\t\t<\/div>\n\t\t\t\t<\/div>\n\t\t\t\t\t<\/div>\n\t\t<\/div>\n\t\t\t\t\t\t\t<\/div>\n\t\t<\/section>\n\t\t\t\t<section class=\"elementor-section elementor-top-section elementor-element elementor-element-1d30550 elementor-section-boxed elementor-section-height-default elementor-section-height-default\" data-id=\"1d30550\" data-element_type=\"section\" data-settings=\"{&quot;jet_parallax_layout_list&quot;:[]}\">\n\t\t\t\t\t\t<div class=\"elementor-container elementor-column-gap-default\">\n\t\t\t\t\t<div class=\"elementor-column elementor-col-100 elementor-top-column elementor-element elementor-element-0fb9d19\" data-id=\"0fb9d19\" data-element_type=\"column\">\n\t\t\t<div class=\"elementor-widget-wrap elementor-element-populated\">\n\t\t\t\t\t\t\t\t<div class=\"elementor-element elementor-element-1d50c21 elementor-widget elementor-widget-text-editor\" data-id=\"1d50c21\" data-element_type=\"widget\" data-widget_type=\"text-editor.default\">\n\t\t\t\t<div class=\"elementor-widget-container\">\n\t\t\t\t\t\t\t<p><span style=\"background-color: transparent; color: #000000; font-family: Inter, sans-serif; font-size: 12pt; white-space-collapse: preserve; font-weight: var( --e-global-typography-text-font-weight ); letter-spacing: -0.8px;\">C\u2019est au XVIIe si\u00e8cle que le vaisselier en bois appara\u00eet, sous la forme d&rsquo;un buffet \u00e0 deux corps. Cr\u00e9\u00e9 par des \u00e9b\u00e9nistes pour r\u00e9pondre \u00e0 un besoin pr\u00e9cis, il permettait de prot\u00e9ger la vaisselle fragile, particuli\u00e8rement en porcelaine et plus tard en fa\u00efence. \u00c0 cette \u00e9poque, le vaisselier \u00e9tait un meuble imposant et massif, souvent compos\u00e9 de quatre portes donnant acc\u00e8s \u00e0 des espaces de rangement faits de planches de ch\u00eane \u00e9paisses.<\/span><\/p>\t\t\t\t\t\t<\/div>\n\t\t\t\t<\/div>\n\t\t\t\t\t<\/div>\n\t\t<\/div>\n\t\t\t\t\t\t\t<\/div>\n\t\t<\/section>\n\t\t\t\t<section class=\"elementor-section elementor-top-section elementor-element elementor-element-1d30bec elementor-section-boxed elementor-section-height-default elementor-section-height-default\" data-id=\"1d30bec\" data-element_type=\"section\" data-settings=\"{&quot;jet_parallax_layout_list&quot;:[]}\">\n\t\t\t\t\t\t<div class=\"elementor-container elementor-column-gap-default\">\n\t\t\t\t\t<div class=\"elementor-column elementor-col-100 elementor-top-column elementor-element elementor-element-160805c\" data-id=\"160805c\" data-element_type=\"column\">\n\t\t\t<div class=\"elementor-widget-wrap elementor-element-populated\">\n\t\t\t\t\t\t\t\t<div class=\"elementor-element elementor-element-7da5464 elementor-widget elementor-widget-image\" data-id=\"7da5464\" data-element_type=\"widget\" data-widget_type=\"image.default\">\n\t\t\t\t<div class=\"elementor-widget-container\">\n\t\t\t<style>\/*! elementor - v3.6.5 - 27-04-2022 *\/\n.elementor-widget-image{text-align:center}.elementor-widget-image a{display:inline-block}.elementor-widget-image a img[src$=\".svg\"]{width:48px}.elementor-widget-image img{vertical-align:middle;display:inline-block}<\/style>\t\t\t\t\t\t\t\t\t\t\t\t<img width=\"1024\" height=\"1024\" src=\"https:\/\/www.made-in-meubles.com\/blog\/wp-content\/uploads\/2015\/06\/product_a_e_ae94-vitrine-zoom-poignets-1024x1024.webp\" class=\"attachment-large size-large\" alt=\"Zoom vaisselier en bois\" srcset=\"https:\/\/www.made-in-meubles.com\/blog\/wp-content\/uploads\/2015\/06\/product_a_e_ae94-vitrine-zoom-poignets-1024x1024.webp 1024w, https:\/\/www.made-in-meubles.com\/blog\/wp-content\/uploads\/2015\/06\/product_a_e_ae94-vitrine-zoom-poignets-300x300.webp 300w, https:\/\/www.made-in-meubles.com\/blog\/wp-content\/uploads\/2015\/06\/product_a_e_ae94-vitrine-zoom-poignets-150x150.webp 150w, https:\/\/www.made-in-meubles.com\/blog\/wp-content\/uploads\/2015\/06\/product_a_e_ae94-vitrine-zoom-poignets-768x768.webp 768w, https:\/\/www.made-in-meubles.com\/blog\/wp-content\/uploads\/2015\/06\/product_a_e_ae94-vitrine-zoom-poignets.webp 1200w\" sizes=\"(max-width: 1024px) 100vw, 1024px\" \/>\t\t\t\t\t\t\t\t\t\t\t\t\t\t\t<\/div>\n\t\t\t\t<\/div>\n\t\t\t\t\t<\/div>\n\t\t<\/div>\n\t\t\t\t\t\t\t<\/div>\n\t\t<\/section>\n\t\t\t\t<section class=\"elementor-section elementor-top-section elementor-element elementor-element-d3dcfd3 elementor-section-boxed elementor-section-height-default elementor-section-height-default\" data-id=\"d3dcfd3\" data-element_type=\"section\" data-settings=\"{&quot;jet_parallax_layout_list&quot;:[]}\">\n\t\t\t\t\t\t<div class=\"elementor-container elementor-column-gap-default\">\n\t\t\t\t\t<div class=\"elementor-column elementor-col-100 elementor-top-column elementor-element elementor-element-536723b\" data-id=\"536723b\" data-element_type=\"column\">\n\t\t\t<div class=\"elementor-widget-wrap elementor-element-populated\">\n\t\t\t\t\t\t\t\t<div class=\"elementor-element elementor-element-fc3d0ef elementor-widget elementor-widget-heading\" data-id=\"fc3d0ef\" data-element_type=\"widget\" data-widget_type=\"heading.default\">\n\t\t\t\t<div class=\"elementor-widget-container\">\n\t\t\t<h2 class=\"elementor-heading-title elementor-size-default\">L'essor du vaisselier au XVIIIe et XIXe si\u00e8cle<\/h2>\t\t<\/div>\n\t\t\t\t<\/div>\n\t\t\t\t\t<\/div>\n\t\t<\/div>\n\t\t\t\t\t\t\t<\/div>\n\t\t<\/section>\n\t\t\t\t<section class=\"elementor-section elementor-top-section elementor-element elementor-element-fc7d95f elementor-section-boxed elementor-section-height-default elementor-section-height-default\" data-id=\"fc7d95f\" data-element_type=\"section\" data-settings=\"{&quot;jet_parallax_layout_list&quot;:[]}\">\n\t\t\t\t\t\t<div class=\"elementor-container elementor-column-gap-default\">\n\t\t\t\t\t<div class=\"elementor-column elementor-col-100 elementor-top-column elementor-element elementor-element-564ea05\" data-id=\"564ea05\" data-element_type=\"column\">\n\t\t\t<div class=\"elementor-widget-wrap elementor-element-populated\">\n\t\t\t\t\t\t\t\t<div class=\"elementor-element elementor-element-fd3386a elementor-widget elementor-widget-text-editor\" data-id=\"fd3386a\" data-element_type=\"widget\" data-widget_type=\"text-editor.default\">\n\t\t\t\t<div class=\"elementor-widget-container\">\n\t\t\t\t\t\t\t<p><span style=\"background-color: transparent; color: #000000; font-family: Inter, sans-serif; font-size: 12pt; font-weight: var( --e-global-typography-text-font-weight ); letter-spacing: -0.8px; white-space-collapse: preserve;\">Entre le XVIIIe et le XIXe si\u00e8cle, le vaisselier conna\u00eet une v\u00e9ritable \u00e9volution. Avec l&rsquo;apparition de la vaisselle en fa\u00efence et en porcelaine, il devient un meuble de plus en plus pris\u00e9. Initialement r\u00e9serv\u00e9 \u00e0 la noblesse et \u00e0 la bourgeoisie, il servait avant tout \u00e0 exposer des objets de luxe, un moyen pour les riches de montrer leur statut social. Les vaisseliers de cette \u00e9poque se caract\u00e9risaient par des formes souvent raffin\u00e9es et des mat\u00e9riaux pr\u00e9cieux.<\/span><\/p>\n<p><\/p>\t\t\t\t\t\t<\/div>\n\t\t\t\t<\/div>\n\t\t\t\t\t<\/div>\n\t\t<\/div>\n\t\t\t\t\t\t\t<\/div>\n\t\t<\/section>\n\t\t\t\t<section class=\"elementor-section elementor-top-section elementor-element elementor-element-b532d3e elementor-section-boxed elementor-section-height-default elementor-section-height-default\" data-id=\"b532d3e\" data-element_type=\"section\" data-settings=\"{&quot;jet_parallax_layout_list&quot;:[]}\">\n\t\t\t\t\t\t<div class=\"elementor-container elementor-column-gap-default\">\n\t\t\t\t\t<div class=\"elementor-column elementor-col-100 elementor-top-column elementor-element elementor-element-0295a19\" data-id=\"0295a19\" data-element_type=\"column\">\n\t\t\t<div class=\"elementor-widget-wrap elementor-element-populated\">\n\t\t\t\t\t\t\t\t<div class=\"elementor-element elementor-element-27ef6d2 elementor-widget elementor-widget-heading\" data-id=\"27ef6d2\" data-element_type=\"widget\" data-widget_type=\"heading.default\">\n\t\t\t\t<div class=\"elementor-widget-container\">\n\t\t\t<h2 class=\"elementor-heading-title elementor-size-default\">Le vaisselier au XIXe si\u00e8cle : r\u00e9volution et accessibilit\u00e9<\/h2>\t\t<\/div>\n\t\t\t\t<\/div>\n\t\t\t\t\t<\/div>\n\t\t<\/div>\n\t\t\t\t\t\t\t<\/div>\n\t\t<\/section>\n\t\t\t\t<section class=\"elementor-section elementor-top-section elementor-element elementor-element-e451b88 elementor-section-boxed elementor-section-height-default elementor-section-height-default\" data-id=\"e451b88\" data-element_type=\"section\" data-settings=\"{&quot;jet_parallax_layout_list&quot;:[]}\">\n\t\t\t\t\t\t<div class=\"elementor-container elementor-column-gap-default\">\n\t\t\t\t\t<div class=\"elementor-column elementor-col-100 elementor-top-column elementor-element elementor-element-3a9ca4b\" data-id=\"3a9ca4b\" data-element_type=\"column\">\n\t\t\t<div class=\"elementor-widget-wrap elementor-element-populated\">\n\t\t\t\t\t\t\t\t<div class=\"elementor-element elementor-element-49f8db2 elementor-widget elementor-widget-text-editor\" data-id=\"49f8db2\" data-element_type=\"widget\" data-widget_type=\"text-editor.default\">\n\t\t\t\t<div class=\"elementor-widget-container\">\n\t\t\t\t\t\t\t<p><span style=\"background-color: transparent; color: #000000; font-family: Inter, sans-serif; font-size: 12pt; white-space-collapse: preserve; font-weight: var( --e-global-typography-text-font-weight ); letter-spacing: -0.8px;\">Au XIXe si\u00e8cle, le vaisselier traverse une v\u00e9ritable r\u00e9volution. Il quitte les grandes maisons bourgeoises pour p\u00e9n\u00e9trer dans les demeures paysannes. Ce changement marque une d\u00e9mocratisation du meuble, qui devient plus accessible aux classes moyennes et aux campagnes. Le vaisselier commence alors \u00e0 se d\u00e9cliner selon les go\u00fbts et les influences des diff\u00e9rents \u00e9b\u00e9nistes, mais aussi des r\u00e9gions, chacun y apportant sa touche unique.<\/span><\/p>\t\t\t\t\t\t<\/div>\n\t\t\t\t<\/div>\n\t\t\t\t\t<\/div>\n\t\t<\/div>\n\t\t\t\t\t\t\t<\/div>\n\t\t<\/section>\n\t\t\t\t<section class=\"elementor-section elementor-top-section elementor-element elementor-element-8005b82 elementor-section-boxed elementor-section-height-default elementor-section-height-default\" data-id=\"8005b82\" data-element_type=\"section\" data-settings=\"{&quot;jet_parallax_layout_list&quot;:[]}\">\n\t\t\t\t\t\t<div class=\"elementor-container elementor-column-gap-default\">\n\t\t\t\t\t<div class=\"elementor-column elementor-col-100 elementor-top-column elementor-element elementor-element-2dca835\" data-id=\"2dca835\" data-element_type=\"column\">\n\t\t\t<div class=\"elementor-widget-wrap elementor-element-populated\">\n\t\t\t\t\t\t\t\t<div class=\"elementor-element elementor-element-dc4aaee elementor-widget elementor-widget-heading\" data-id=\"dc4aaee\" data-element_type=\"widget\" data-widget_type=\"heading.default\">\n\t\t\t\t<div class=\"elementor-widget-container\">\n\t\t\t<h2 class=\"elementor-heading-title elementor-size-default\">Le style directoire et empire : El\u00e9gance et simplicit\u00e9<\/h2>\t\t<\/div>\n\t\t\t\t<\/div>\n\t\t\t\t\t<\/div>\n\t\t<\/div>\n\t\t\t\t\t\t\t<\/div>\n\t\t<\/section>\n\t\t\t\t<section class=\"elementor-section elementor-top-section elementor-element elementor-element-ea0e39d elementor-section-boxed elementor-section-height-default elementor-section-height-default\" data-id=\"ea0e39d\" data-element_type=\"section\" data-settings=\"{&quot;jet_parallax_layout_list&quot;:[]}\">\n\t\t\t\t\t\t<div class=\"elementor-container elementor-column-gap-default\">\n\t\t\t\t\t<div class=\"elementor-column elementor-col-100 elementor-top-column elementor-element elementor-element-d407b91\" data-id=\"d407b91\" data-element_type=\"column\">\n\t\t\t<div class=\"elementor-widget-wrap elementor-element-populated\">\n\t\t\t\t\t\t\t\t<div class=\"elementor-element elementor-element-88c0456 elementor-widget elementor-widget-text-editor\" data-id=\"88c0456\" data-element_type=\"widget\" data-widget_type=\"text-editor.default\">\n\t\t\t\t<div class=\"elementor-widget-container\">\n\t\t\t\t\t\t\t<p><span style=\"background-color: transparent; color: #000000; font-family: Inter, sans-serif; font-size: 12pt; white-space-collapse: preserve; font-weight: var( --e-global-typography-text-font-weight ); letter-spacing: -0.8px;\">Entre 1775 et 1803, le vaisselier subit une transformation de forme, marqu\u00e9e par une simplification des lignes. Les courbes discr\u00e8tes et les lignes droites se combinent pour cr\u00e9er des formes \u00e9l\u00e9gantes et sobres. Ce style, souvent d\u00e9sign\u00e9 sous le nom de Directoire, pr\u00e9figure le style Empire sans en avoir toutefois la lourdeur. L\u2019accent est mis sur des structures simples, mais toujours empreintes de raffinement.<\/span><\/p>\t\t\t\t\t\t<\/div>\n\t\t\t\t<\/div>\n\t\t\t\t\t<\/div>\n\t\t<\/div>\n\t\t\t\t\t\t\t<\/div>\n\t\t<\/section>\n\t\t\t\t<section class=\"elementor-section elementor-top-section elementor-element elementor-element-3176031 elementor-section-boxed elementor-section-height-default elementor-section-height-default\" data-id=\"3176031\" data-element_type=\"section\" data-settings=\"{&quot;jet_parallax_layout_list&quot;:[]}\">\n\t\t\t\t\t\t<div class=\"elementor-container elementor-column-gap-default\">\n\t\t\t\t\t<div class=\"elementor-column elementor-col-100 elementor-top-column elementor-element elementor-element-fbd5228\" data-id=\"fbd5228\" data-element_type=\"column\">\n\t\t\t<div class=\"elementor-widget-wrap elementor-element-populated\">\n\t\t\t\t\t\t\t\t<div class=\"elementor-element elementor-element-994406a elementor-widget elementor-widget-heading\" data-id=\"994406a\" data-element_type=\"widget\" data-widget_type=\"heading.default\">\n\t\t\t\t<div class=\"elementor-widget-container\">\n\t\t\t<h2 class=\"elementor-heading-title elementor-size-default\">Le style industriel au XXe si\u00e8cle : Adaptation \u00e0 la modernit\u00e9<\/h2>\t\t<\/div>\n\t\t\t\t<\/div>\n\t\t\t\t\t<\/div>\n\t\t<\/div>\n\t\t\t\t\t\t\t<\/div>\n\t\t<\/section>\n\t\t\t\t<section class=\"elementor-section elementor-top-section elementor-element elementor-element-28c03f5 elementor-section-boxed elementor-section-height-default elementor-section-height-default\" data-id=\"28c03f5\" data-element_type=\"section\" data-settings=\"{&quot;jet_parallax_layout_list&quot;:[]}\">\n\t\t\t\t\t\t<div class=\"elementor-container elementor-column-gap-default\">\n\t\t\t\t\t<div class=\"elementor-column elementor-col-100 elementor-top-column elementor-element elementor-element-e712c5c\" data-id=\"e712c5c\" data-element_type=\"column\">\n\t\t\t<div class=\"elementor-widget-wrap elementor-element-populated\">\n\t\t\t\t\t\t\t\t<div class=\"elementor-element elementor-element-21d797d elementor-widget elementor-widget-text-editor\" data-id=\"21d797d\" data-element_type=\"widget\" data-widget_type=\"text-editor.default\">\n\t\t\t\t<div class=\"elementor-widget-container\">\n\t\t\t\t\t\t\t<p><span style=\"background-color: transparent; color: #000000; font-family: Inter, sans-serif; font-size: 12pt; white-space-collapse: preserve; font-weight: var( --e-global-typography-text-font-weight ); letter-spacing: -0.8px;\">La premi\u00e8re moiti\u00e9 du XXe si\u00e8cle voit l&rsquo;\u00e9mergence du style industriel, notamment influenc\u00e9 par la r\u00e9habilitation d&rsquo;anciens ateliers en lofts, particuli\u00e8rement \u00e0 New York. Les nouveaux habitants de ces espaces cherchaient \u00e0 allier praticit\u00e9, confort et <a href=\"https:\/\/www.made-in-meubles.com\/styles\/industriel.html\">esth\u00e9tique industrielle<\/a>. C\u2019est dans ce contexte que le vaisselier s&rsquo;adapte, devenant plus fonctionnel et \u00e9pur\u00e9 pour correspondre aux exigences de ce nouveau mode de vie.<\/span><\/p>\t\t\t\t\t\t<\/div>\n\t\t\t\t<\/div>\n\t\t\t\t\t<\/div>\n\t\t<\/div>\n\t\t\t\t\t\t\t<\/div>\n\t\t<\/section>\n\t\t\t\t<section class=\"elementor-section elementor-top-section elementor-element elementor-element-bfaf84f elementor-section-boxed elementor-section-height-default elementor-section-height-default\" data-id=\"bfaf84f\" data-element_type=\"section\" data-settings=\"{&quot;jet_parallax_layout_list&quot;:[]}\">\n\t\t\t\t\t\t<div class=\"elementor-container elementor-column-gap-default\">\n\t\t\t\t\t<div class=\"elementor-column elementor-col-50 elementor-top-column elementor-element elementor-element-e5c05cf\" data-id=\"e5c05cf\" data-element_type=\"column\">\n\t\t\t<div class=\"elementor-widget-wrap elementor-element-populated\">\n\t\t\t\t\t\t\t\t<div class=\"elementor-element elementor-element-4adfa73 elementor-widget elementor-widget-image\" data-id=\"4adfa73\" data-element_type=\"widget\" data-widget_type=\"image.default\">\n\t\t\t\t<div class=\"elementor-widget-container\">\n\t\t\t\t\t\t\t\t\t\t\t\t<figure class=\"wp-caption\">\n\t\t\t\t\t\t\t\t\t\t\t<a href=\"https:\/\/www.made-in-meubles.com\/catalogsearch\/result\/?q=vaisselier\">\n\t\t\t\t\t\t\t<img width=\"1024\" height=\"1024\" src=\"https:\/\/www.made-in-meubles.com\/blog\/wp-content\/uploads\/2018\/10\/product_m_i_mim5142-buffet-ambiance-1024x1024.webp\" class=\"attachment-large size-large\" alt=\"Vaisselier en m\u00e9tal\" srcset=\"https:\/\/www.made-in-meubles.com\/blog\/wp-content\/uploads\/2018\/10\/product_m_i_mim5142-buffet-ambiance-1024x1024.webp 1024w, https:\/\/www.made-in-meubles.com\/blog\/wp-content\/uploads\/2018\/10\/product_m_i_mim5142-buffet-ambiance-300x300.webp 300w, https:\/\/www.made-in-meubles.com\/blog\/wp-content\/uploads\/2018\/10\/product_m_i_mim5142-buffet-ambiance-150x150.webp 150w, https:\/\/www.made-in-meubles.com\/blog\/wp-content\/uploads\/2018\/10\/product_m_i_mim5142-buffet-ambiance-768x768.webp 768w, https:\/\/www.made-in-meubles.com\/blog\/wp-content\/uploads\/2018\/10\/product_m_i_mim5142-buffet-ambiance.webp 1200w\" sizes=\"(max-width: 1024px) 100vw, 1024px\" \/>\t\t\t\t\t\t\t\t<\/a>\n\t\t\t\t\t\t\t\t\t\t\t<figcaption class=\"widget-image-caption wp-caption-text\">Vaisselier Locker<\/figcaption>\n\t\t\t\t\t\t\t\t\t\t<\/figure>\n\t\t\t\t\t\t\t\t\t<\/div>\n\t\t\t\t<\/div>\n\t\t\t\t\t<\/div>\n\t\t<\/div>\n\t\t\t\t<div class=\"elementor-column elementor-col-50 elementor-top-column elementor-element elementor-element-d244891\" data-id=\"d244891\" data-element_type=\"column\">\n\t\t\t<div class=\"elementor-widget-wrap elementor-element-populated\">\n\t\t\t\t\t\t\t\t<div class=\"elementor-element elementor-element-a5b4dda elementor-widget elementor-widget-image\" data-id=\"a5b4dda\" data-element_type=\"widget\" data-widget_type=\"image.default\">\n\t\t\t\t<div class=\"elementor-widget-container\">\n\t\t\t\t\t\t\t\t\t\t\t\t<figure class=\"wp-caption\">\n\t\t\t\t\t\t\t\t\t\t<img width=\"1024\" height=\"1024\" src=\"https:\/\/www.made-in-meubles.com\/blog\/wp-content\/uploads\/2015\/06\/product_m_i_mim5142-buffet-porte-ouverte-1024x1024.webp\" class=\"attachment-large size-large\" alt=\"Zoom vaisselier en m\u00e9tal\" srcset=\"https:\/\/www.made-in-meubles.com\/blog\/wp-content\/uploads\/2015\/06\/product_m_i_mim5142-buffet-porte-ouverte-1024x1024.webp 1024w, https:\/\/www.made-in-meubles.com\/blog\/wp-content\/uploads\/2015\/06\/product_m_i_mim5142-buffet-porte-ouverte-300x300.webp 300w, https:\/\/www.made-in-meubles.com\/blog\/wp-content\/uploads\/2015\/06\/product_m_i_mim5142-buffet-porte-ouverte-150x150.webp 150w, https:\/\/www.made-in-meubles.com\/blog\/wp-content\/uploads\/2015\/06\/product_m_i_mim5142-buffet-porte-ouverte-768x768.webp 768w, https:\/\/www.made-in-meubles.com\/blog\/wp-content\/uploads\/2015\/06\/product_m_i_mim5142-buffet-porte-ouverte.webp 1200w\" sizes=\"(max-width: 1024px) 100vw, 1024px\" \/>\t\t\t\t\t\t\t\t\t\t\t<figcaption class=\"widget-image-caption wp-caption-text\">Vaisselier Locker<\/figcaption>\n\t\t\t\t\t\t\t\t\t\t<\/figure>\n\t\t\t\t\t\t\t\t\t<\/div>\n\t\t\t\t<\/div>\n\t\t\t\t\t<\/div>\n\t\t<\/div>\n\t\t\t\t\t\t\t<\/div>\n\t\t<\/section>\n\t\t\t\t<section class=\"elementor-section elementor-top-section elementor-element elementor-element-73a9dfe elementor-section-boxed elementor-section-height-default elementor-section-height-default\" data-id=\"73a9dfe\" data-element_type=\"section\" data-settings=\"{&quot;jet_parallax_layout_list&quot;:[]}\">\n\t\t\t\t\t\t<div class=\"elementor-container elementor-column-gap-default\">\n\t\t\t\t\t<div class=\"elementor-column elementor-col-100 elementor-top-column elementor-element elementor-element-c960323\" data-id=\"c960323\" data-element_type=\"column\">\n\t\t\t<div class=\"elementor-widget-wrap elementor-element-populated\">\n\t\t\t\t\t\t\t\t<div class=\"elementor-element elementor-element-5584b9d elementor-widget elementor-widget-heading\" data-id=\"5584b9d\" data-element_type=\"widget\" data-widget_type=\"heading.default\">\n\t\t\t\t<div class=\"elementor-widget-container\">\n\t\t\t<h2 class=\"elementor-heading-title elementor-size-default\">Le vaisselier contemporain : Tradition et modernit\u00e9<\/h2>\t\t<\/div>\n\t\t\t\t<\/div>\n\t\t\t\t\t<\/div>\n\t\t<\/div>\n\t\t\t\t\t\t\t<\/div>\n\t\t<\/section>\n\t\t\t\t<section class=\"elementor-section elementor-top-section elementor-element elementor-element-45d652b elementor-section-boxed elementor-section-height-default elementor-section-height-default\" data-id=\"45d652b\" data-element_type=\"section\" data-settings=\"{&quot;jet_parallax_layout_list&quot;:[]}\">\n\t\t\t\t\t\t<div class=\"elementor-container elementor-column-gap-default\">\n\t\t\t\t\t<div class=\"elementor-column elementor-col-100 elementor-top-column elementor-element elementor-element-a821971\" data-id=\"a821971\" data-element_type=\"column\">\n\t\t\t<div class=\"elementor-widget-wrap elementor-element-populated\">\n\t\t\t\t\t\t\t\t<div class=\"elementor-element elementor-element-c967464 elementor-widget elementor-widget-text-editor\" data-id=\"c967464\" data-element_type=\"widget\" data-widget_type=\"text-editor.default\">\n\t\t\t\t<div class=\"elementor-widget-container\">\n\t\t\t\t\t\t\t<p><span style=\"background-color: transparent; color: rgb(0, 0, 0); font-family: Inter, sans-serif; font-size: 12pt; white-space-collapse: preserve; font-weight: var( --e-global-typography-text-font-weight ); letter-spacing: -0.8px;\">Depuis les ann\u00e9es 1950 jusqu\u2019\u00e0 aujourd\u2019hui, le vaisselier en bois massif revient sur le devant de la sc\u00e8ne, fabriqu\u00e9 par des \u00e9b\u00e9nistes respectant les traditions artisanales. Aujourd\u2019hui, il allie fonctionnalit\u00e9 et style contemporain. Que ce soit dans des mat\u00e9riaux naturels comme le pin massif ou avec des finitions modernes, le vaisselier conserve cette capacit\u00e9 \u00e0 enrichir nos int\u00e9rieurs tout en r\u00e9pondant \u00e0 des besoins pratiques.<\/span><\/p>\t\t\t\t\t\t<\/div>\n\t\t\t\t<\/div>\n\t\t\t\t\t<\/div>\n\t\t<\/div>\n\t\t\t\t\t\t\t<\/div>\n\t\t<\/section>\n\t\t\t\t<section class=\"elementor-section elementor-top-section elementor-element elementor-element-baacf3b elementor-section-boxed elementor-section-height-default elementor-section-height-default\" data-id=\"baacf3b\" data-element_type=\"section\" data-settings=\"{&quot;jet_parallax_layout_list&quot;:[]}\">\n\t\t\t\t\t\t<div class=\"elementor-container elementor-column-gap-default\">\n\t\t\t\t\t<div class=\"elementor-column elementor-col-50 elementor-top-column elementor-element elementor-element-42f4f86\" data-id=\"42f4f86\" data-element_type=\"column\">\n\t\t\t<div class=\"elementor-widget-wrap elementor-element-populated\">\n\t\t\t\t\t\t\t\t<div class=\"elementor-element elementor-element-34dc77f elementor-widget elementor-widget-image\" data-id=\"34dc77f\" data-element_type=\"widget\" data-widget_type=\"image.default\">\n\t\t\t\t<div class=\"elementor-widget-container\">\n\t\t\t\t\t\t\t\t\t\t\t\t<figure class=\"wp-caption\">\n\t\t\t\t\t\t\t\t\t\t\t<a href=\"https:\/\/www.made-in-meubles.com\/vaisselier-arrondi-en-bois-recycle-garance-p-shao-203\">\n\t\t\t\t\t\t\t<img width=\"1024\" height=\"1024\" src=\"https:\/\/www.made-in-meubles.com\/blog\/wp-content\/uploads\/2015\/06\/product_s_h_shao-203_vaisselier_ambiance-1024x1024.webp\" class=\"attachment-large size-large\" alt=\"Vaisselier arrondi en bois recycl\u00e9 Garance\" srcset=\"https:\/\/www.made-in-meubles.com\/blog\/wp-content\/uploads\/2015\/06\/product_s_h_shao-203_vaisselier_ambiance-1024x1024.webp 1024w, https:\/\/www.made-in-meubles.com\/blog\/wp-content\/uploads\/2015\/06\/product_s_h_shao-203_vaisselier_ambiance-300x300.webp 300w, https:\/\/www.made-in-meubles.com\/blog\/wp-content\/uploads\/2015\/06\/product_s_h_shao-203_vaisselier_ambiance-150x150.webp 150w, https:\/\/www.made-in-meubles.com\/blog\/wp-content\/uploads\/2015\/06\/product_s_h_shao-203_vaisselier_ambiance-768x768.webp 768w, https:\/\/www.made-in-meubles.com\/blog\/wp-content\/uploads\/2015\/06\/product_s_h_shao-203_vaisselier_ambiance.webp 1200w\" sizes=\"(max-width: 1024px) 100vw, 1024px\" \/>\t\t\t\t\t\t\t\t<\/a>\n\t\t\t\t\t\t\t\t\t\t\t<figcaption class=\"widget-image-caption wp-caption-text\">Vaisselier Garance<\/figcaption>\n\t\t\t\t\t\t\t\t\t\t<\/figure>\n\t\t\t\t\t\t\t\t\t<\/div>\n\t\t\t\t<\/div>\n\t\t\t\t\t<\/div>\n\t\t<\/div>\n\t\t\t\t<div class=\"elementor-column elementor-col-50 elementor-top-column elementor-element elementor-element-ba55f48\" data-id=\"ba55f48\" data-element_type=\"column\">\n\t\t\t<div class=\"elementor-widget-wrap elementor-element-populated\">\n\t\t\t\t\t\t\t\t<div class=\"elementor-element elementor-element-99921fa elementor-widget elementor-widget-image\" data-id=\"99921fa\" data-element_type=\"widget\" data-widget_type=\"image.default\">\n\t\t\t\t<div class=\"elementor-widget-container\">\n\t\t\t\t\t\t\t\t\t\t\t\t<figure class=\"wp-caption\">\n\t\t\t\t\t\t\t\t\t\t\t<a href=\"https:\/\/www.made-in-meubles.com\/vaisselier-en-bois-de-manguier-sahara-p-mk311\">\n\t\t\t\t\t\t\t<img width=\"1024\" height=\"1024\" src=\"https:\/\/www.made-in-meubles.com\/blog\/wp-content\/uploads\/2015\/06\/mk311-vaisselier-ambiance-1-1024x1024.webp\" class=\"attachment-large size-large\" alt=\"\" srcset=\"https:\/\/www.made-in-meubles.com\/blog\/wp-content\/uploads\/2015\/06\/mk311-vaisselier-ambiance-1-1024x1024.webp 1024w, https:\/\/www.made-in-meubles.com\/blog\/wp-content\/uploads\/2015\/06\/mk311-vaisselier-ambiance-1-300x300.webp 300w, https:\/\/www.made-in-meubles.com\/blog\/wp-content\/uploads\/2015\/06\/mk311-vaisselier-ambiance-1-150x150.webp 150w, https:\/\/www.made-in-meubles.com\/blog\/wp-content\/uploads\/2015\/06\/mk311-vaisselier-ambiance-1-768x768.webp 768w, https:\/\/www.made-in-meubles.com\/blog\/wp-content\/uploads\/2015\/06\/mk311-vaisselier-ambiance-1.webp 1200w\" sizes=\"(max-width: 1024px) 100vw, 1024px\" \/>\t\t\t\t\t\t\t\t<\/a>\n\t\t\t\t\t\t\t\t\t\t\t<figcaption class=\"widget-image-caption wp-caption-text\">Vaisselier Sahara<\/figcaption>\n\t\t\t\t\t\t\t\t\t\t<\/figure>\n\t\t\t\t\t\t\t\t\t<\/div>\n\t\t\t\t<\/div>\n\t\t\t\t\t<\/div>\n\t\t<\/div>\n\t\t\t\t\t\t\t<\/div>\n\t\t<\/section>\n\t\t\t\t<section class=\"elementor-section elementor-top-section elementor-element elementor-element-68b7df2 elementor-section-boxed elementor-section-height-default elementor-section-height-default\" data-id=\"68b7df2\" data-element_type=\"section\" data-settings=\"{&quot;jet_parallax_layout_list&quot;:[]}\">\n\t\t\t\t\t\t<div class=\"elementor-container elementor-column-gap-default\">\n\t\t\t\t\t<div class=\"elementor-column elementor-col-50 elementor-top-column elementor-element elementor-element-ca8da63\" data-id=\"ca8da63\" data-element_type=\"column\">\n\t\t\t<div class=\"elementor-widget-wrap elementor-element-populated\">\n\t\t\t\t\t\t\t\t<div class=\"elementor-element elementor-element-c56d969 elementor-widget elementor-widget-image\" data-id=\"c56d969\" data-element_type=\"widget\" data-widget_type=\"image.default\">\n\t\t\t\t<div class=\"elementor-widget-container\">\n\t\t\t\t\t\t\t\t\t\t\t\t<figure class=\"wp-caption\">\n\t\t\t\t\t\t\t\t\t\t\t<a href=\"https:\/\/www.made-in-meubles.com\/buffet-vaisselier-metal-et-verre-portes-coulissantes-p-am200\">\n\t\t\t\t\t\t\t<img width=\"1024\" height=\"1024\" src=\"https:\/\/www.made-in-meubles.com\/blog\/wp-content\/uploads\/2015\/06\/am200-buffetvaisselier-ambiance-4-2-1024x1024.webp\" class=\"attachment-large size-large\" alt=\"Vaisselier en bois de manguier bross\u00e9 et m\u00e9tal gris Helsinki\" srcset=\"https:\/\/www.made-in-meubles.com\/blog\/wp-content\/uploads\/2015\/06\/am200-buffetvaisselier-ambiance-4-2-1024x1024.webp 1024w, https:\/\/www.made-in-meubles.com\/blog\/wp-content\/uploads\/2015\/06\/am200-buffetvaisselier-ambiance-4-2-300x300.webp 300w, https:\/\/www.made-in-meubles.com\/blog\/wp-content\/uploads\/2015\/06\/am200-buffetvaisselier-ambiance-4-2-150x150.webp 150w, https:\/\/www.made-in-meubles.com\/blog\/wp-content\/uploads\/2015\/06\/am200-buffetvaisselier-ambiance-4-2-768x768.webp 768w, https:\/\/www.made-in-meubles.com\/blog\/wp-content\/uploads\/2015\/06\/am200-buffetvaisselier-ambiance-4-2.webp 1200w\" sizes=\"(max-width: 1024px) 100vw, 1024px\" \/>\t\t\t\t\t\t\t\t<\/a>\n\t\t\t\t\t\t\t\t\t\t\t<figcaption class=\"widget-image-caption wp-caption-text\">Vaisselier Helsinki<\/figcaption>\n\t\t\t\t\t\t\t\t\t\t<\/figure>\n\t\t\t\t\t\t\t\t\t<\/div>\n\t\t\t\t<\/div>\n\t\t\t\t\t<\/div>\n\t\t<\/div>\n\t\t\t\t<div class=\"elementor-column elementor-col-50 elementor-top-column elementor-element elementor-element-95e9586\" data-id=\"95e9586\" data-element_type=\"column\">\n\t\t\t<div class=\"elementor-widget-wrap elementor-element-populated\">\n\t\t\t\t\t\t\t\t<div class=\"elementor-element elementor-element-05bd4fd elementor-widget elementor-widget-image\" data-id=\"05bd4fd\" data-element_type=\"widget\" data-widget_type=\"image.default\">\n\t\t\t\t<div class=\"elementor-widget-container\">\n\t\t\t\t\t\t\t\t\t\t\t\t<figure class=\"wp-caption\">\n\t\t\t\t\t\t\t\t\t\t\t<a href=\"https:\/\/www.made-in-meubles.com\/buffet-bois-et-metal-bois-p-j27-bois\">\n\t\t\t\t\t\t\t<img width=\"1024\" height=\"1024\" src=\"https:\/\/www.made-in-meubles.com\/blog\/wp-content\/uploads\/2015\/06\/product_j_2_j27-bois-vaisselier-ambiance-2-1024x1024.webp\" class=\"attachment-large size-large\" alt=\"\" srcset=\"https:\/\/www.made-in-meubles.com\/blog\/wp-content\/uploads\/2015\/06\/product_j_2_j27-bois-vaisselier-ambiance-2-1024x1024.webp 1024w, https:\/\/www.made-in-meubles.com\/blog\/wp-content\/uploads\/2015\/06\/product_j_2_j27-bois-vaisselier-ambiance-2-300x300.webp 300w, https:\/\/www.made-in-meubles.com\/blog\/wp-content\/uploads\/2015\/06\/product_j_2_j27-bois-vaisselier-ambiance-2-150x150.webp 150w, https:\/\/www.made-in-meubles.com\/blog\/wp-content\/uploads\/2015\/06\/product_j_2_j27-bois-vaisselier-ambiance-2-768x768.webp 768w, https:\/\/www.made-in-meubles.com\/blog\/wp-content\/uploads\/2015\/06\/product_j_2_j27-bois-vaisselier-ambiance-2.webp 1200w\" sizes=\"(max-width: 1024px) 100vw, 1024px\" \/>\t\t\t\t\t\t\t\t<\/a>\n\t\t\t\t\t\t\t\t\t\t\t<figcaption class=\"widget-image-caption wp-caption-text\">Vaisselier Garance<\/figcaption>\n\t\t\t\t\t\t\t\t\t\t<\/figure>\n\t\t\t\t\t\t\t\t\t<\/div>\n\t\t\t\t<\/div>\n\t\t\t\t\t<\/div>\n\t\t<\/div>\n\t\t\t\t\t\t\t<\/div>\n\t\t<\/section>\n\t\t\t\t<section class=\"elementor-section elementor-top-section elementor-element elementor-element-88aad04 elementor-section-boxed elementor-section-height-default elementor-section-height-default\" data-id=\"88aad04\" data-element_type=\"section\" data-settings=\"{&quot;jet_parallax_layout_list&quot;:[]}\">\n\t\t\t\t\t\t<div class=\"elementor-container elementor-column-gap-default\">\n\t\t\t\t\t<div class=\"elementor-column elementor-col-100 elementor-top-column elementor-element elementor-element-77759dc\" data-id=\"77759dc\" data-element_type=\"column\">\n\t\t\t<div class=\"elementor-widget-wrap elementor-element-populated\">\n\t\t\t\t\t\t\t\t<div class=\"elementor-element elementor-element-ac67e4a elementor-widget elementor-widget-text-editor\" data-id=\"ac67e4a\" data-element_type=\"widget\" data-widget_type=\"text-editor.default\">\n\t\t\t\t<div class=\"elementor-widget-container\">\n\t\t\t\t\t\t\t<p><span style=\"background-color: transparent; color: #000000; font-family: Inter, sans-serif; font-size: 12pt; white-space-collapse: preserve; font-weight: var( --e-global-typography-text-font-weight ); letter-spacing: -0.8px;\">Le vaisselier, meuble intemporel, a su traverser les si\u00e8cles en s\u2019adaptant aux besoins et aux styles de chaque \u00e9poque. De sa cr\u00e9ation au XVIIe si\u00e8cle \u00e0 sa version contemporaine, il a toujours \u00e9t\u00e9 un symbole de raffinement, de fonctionnalit\u00e9 et d\u2019\u00e9l\u00e9gance. Aujourd&rsquo;hui, il continue de trouver sa place dans nos maisons, alliant tradition et modernit\u00e9, et apportant une touche unique \u00e0 nos int\u00e9rieurs.<\/span><\/p>\n<p><span style=\"color: #000000; font-family: Inter, sans-serif;\"><span style=\"white-space-collapse: preserve;\">Vous souhaitez acqu\u00e9rir ce meuble polyvalent ? Suivez nos conseils dans notre article de blog pour choisir le vaisselier qui correspond \u00e0 vos besoins : <a href=\"https:\/\/www.made-in-meubles.com\/blog\/5-conseils-pour-bien-choisir-son-vaisselier\/\">\u00ab\u00a0<\/a><\/span><\/span><span style=\"background-color: transparent; color: #000000; font-family: Inter, sans-serif; font-size: 12pt; white-space-collapse: preserve; font-weight: var( --e-global-typography-text-font-weight ); letter-spacing: -0.8px;\"><a href=\"https:\/\/www.made-in-meubles.com\/blog\/5-conseils-pour-bien-choisir-son-vaisselier\/\">5 conseils pour bien choisir son vaisselier.\u00a0\u00bb<\/a><\/span><\/p>\n<h1 style=\"font-family: 'Reckless Neue', sans-serif; color: #000000; font-size: 45px; line-height: 1.2em; text-transform: capitalize; letter-spacing: normal; text-align: center;\">\u00a0<\/h1>\t\t\t\t\t\t<\/div>\n\t\t\t\t<\/div>\n\t\t\t\t\t<\/div>\n\t\t<\/div>\n\t\t\t\t\t\t\t<\/div>\n\t\t<\/section>\n\t\t\t\t\t\t\t<\/div>\n\t\t","protected":false},"excerpt":{"rendered":"<p>Le vaisselier, dans la famille des meubles de rangement, peut \u00eatre compar\u00e9 au buffet \u00e0 deux corps et au dressoir d\u2019apparat, h\u00e9ritier du mobilier de la fin du Moyen \u00c2ge et de la Renaissance. \u00c0 cette \u00e9poque, ces meubles \u00e9taient utilis\u00e9s pour exposer lors de banquets des pi\u00e8ces d&rsquo;orf\u00e8vrerie et d&rsquo;autres objets pr\u00e9cieux. Le vaisselier [&hellip;]<\/p>\n","protected":false},"author":12,"featured_media":8808,"comment_status":"open","ping_status":"open","sticky":false,"template":"","format":"standard","meta":[],"categories":[2],"tags":[55],"acf":[],"_links":{"self":[{"href":"https:\/\/www.made-in-meubles.com\/blog\/wp-json\/wp\/v2\/posts\/1114"}],"collection":[{"href":"https:\/\/www.made-in-meubles.com\/blog\/wp-json\/wp\/v2\/posts"}],"about":[{"href":"https:\/\/www.made-in-meubles.com\/blog\/wp-json\/wp\/v2\/types\/post"}],"author":[{"embeddable":true,"href":"https:\/\/www.made-in-meubles.com\/blog\/wp-json\/wp\/v2\/users\/12"}],"replies":[{"embeddable":true,"href":"https:\/\/www.made-in-meubles.com\/blog\/wp-json\/wp\/v2\/comments?post=1114"}],"version-history":[{"count":9,"href":"https:\/\/www.made-in-meubles.com\/blog\/wp-json\/wp\/v2\/posts\/1114\/revisions"}],"predecessor-version":[{"id":14891,"href":"https:\/\/www.made-in-meubles.com\/blog\/wp-json\/wp\/v2\/posts\/1114\/revisions\/14891"}],"wp:featuredmedia":[{"embeddable":true,"href":"https:\/\/www.made-in-meubles.com\/blog\/wp-json\/wp\/v2\/media\/8808"}],"wp:attachment":[{"href":"https:\/\/www.made-in-meubles.com\/blog\/wp-json\/wp\/v2\/media?parent=1114"}],"wp:term":[{"taxonomy":"category","embeddable":true,"href":"https:\/\/www.made-in-meubles.com\/blog\/wp-json\/wp\/v2\/categories?post=1114"},{"taxonomy":"post_tag","embeddable":true,"href":"https:\/\/www.made-in-meubles.com\/blog\/wp-json\/wp\/v2\/tags?post=1114"}],"curies":[{"name":"wp","href":"https:\/\/api.w.org\/{rel}","templated":true}]}}