{"id":11348,"date":"2023-03-08T14:28:45","date_gmt":"2023-03-08T13:28:45","guid":{"rendered":"https:\/\/www.made-in-meubles.com\/blog\/?p=11348"},"modified":"2025-05-21T15:38:26","modified_gmt":"2025-05-21T13:38:26","slug":"osez-decorer-avec-motifs-geometriques","status":"publish","type":"post","link":"https:\/\/www.made-in-meubles.com\/blog\/osez-decorer-avec-motifs-geometriques\/","title":{"rendered":"Osez d\u00e9corer avec des motifs g\u00e9om\u00e9triques"},"content":{"rendered":"\t\t<div data-elementor-type=\"wp-post\" data-elementor-id=\"11348\" class=\"elementor elementor-11348\">\n\t\t\t\t\t\t\t\t\t<section class=\"elementor-section elementor-top-section elementor-element elementor-element-ce28838 elementor-section-boxed elementor-section-height-default elementor-section-height-default\" data-id=\"ce28838\" data-element_type=\"section\" data-settings=\"{&quot;jet_parallax_layout_list&quot;:[]}\">\n\t\t\t\t\t\t<div class=\"elementor-container elementor-column-gap-default\">\n\t\t\t\t\t<div class=\"elementor-column elementor-col-100 elementor-top-column elementor-element elementor-element-fc1f573\" data-id=\"fc1f573\" data-element_type=\"column\">\n\t\t\t<div class=\"elementor-widget-wrap elementor-element-populated\">\n\t\t\t\t\t\t\t\t<div class=\"elementor-element elementor-element-ade5393 elementor-widget elementor-widget-text-editor\" data-id=\"ade5393\" data-element_type=\"widget\" data-widget_type=\"text-editor.default\">\n\t\t\t\t<div class=\"elementor-widget-container\">\n\t\t\t<style>\/*! elementor - v3.6.5 - 27-04-2022 *\/\n.elementor-widget-text-editor.elementor-drop-cap-view-stacked .elementor-drop-cap{background-color:#818a91;color:#fff}.elementor-widget-text-editor.elementor-drop-cap-view-framed .elementor-drop-cap{color:#818a91;border:3px solid;background-color:transparent}.elementor-widget-text-editor:not(.elementor-drop-cap-view-default) .elementor-drop-cap{margin-top:8px}.elementor-widget-text-editor:not(.elementor-drop-cap-view-default) .elementor-drop-cap-letter{width:1em;height:1em}.elementor-widget-text-editor .elementor-drop-cap{float:left;text-align:center;line-height:1;font-size:50px}.elementor-widget-text-editor .elementor-drop-cap-letter{display:inline-block}<\/style>\t\t\t\t<p><span style=\"background-color: transparent; color: #000000; font-family: Montserrat, sans-serif; font-size: 11pt; white-space: pre-wrap; font-weight: var( --e-global-typography-text-font-weight ); letter-spacing: -0.8px;\">Il est temps de faire preuve de cr\u00e9ativit\u00e9 et d&rsquo;audace dans votre maison avec les motifs g\u00e9om\u00e9triques. Ce style contemporain ajoute une touche inattendue \u00e0 n&rsquo;importe quelle <a href=\"https:\/\/www.made-in-meubles.com\/pieces.html\">pi\u00e8ce<\/a>, qu&rsquo;il s&rsquo;agisse de votre espace de vie, de votre chambre \u00e0 coucher ou de votre cuisine. Qu&rsquo;il s&rsquo;agisse de tissus, de papiers peints, d&rsquo;accessoires ou de meubles, les formes g\u00e9om\u00e9triques sont le moyen id\u00e9al d&rsquo;ajouter une touche de modernit\u00e9 \u00e0 votre d\u00e9coration.<\/span><\/p>\t\t\t\t\t\t<\/div>\n\t\t\t\t<\/div>\n\t\t\t\t\t<\/div>\n\t\t<\/div>\n\t\t\t\t\t\t\t<\/div>\n\t\t<\/section>\n\t\t\t\t<section class=\"elementor-section elementor-top-section elementor-element elementor-element-cf92912 elementor-section-boxed elementor-section-height-default elementor-section-height-default\" data-id=\"cf92912\" data-element_type=\"section\" data-settings=\"{&quot;jet_parallax_layout_list&quot;:[]}\">\n\t\t\t\t\t\t<div class=\"elementor-container elementor-column-gap-default\">\n\t\t\t\t\t<div class=\"elementor-column elementor-col-100 elementor-top-column elementor-element elementor-element-db83a1c\" data-id=\"db83a1c\" data-element_type=\"column\">\n\t\t\t<div class=\"elementor-widget-wrap elementor-element-populated\">\n\t\t\t\t\t\t\t\t<div class=\"elementor-element elementor-element-d41e138 elementor-widget elementor-widget-heading\" data-id=\"d41e138\" data-element_type=\"widget\" data-widget_type=\"heading.default\">\n\t\t\t\t<div class=\"elementor-widget-container\">\n\t\t\t<style>\/*! elementor - v3.6.5 - 27-04-2022 *\/\n.elementor-heading-title{padding:0;margin:0;line-height:1}.elementor-widget-heading .elementor-heading-title[class*=elementor-size-]>a{color:inherit;font-size:inherit;line-height:inherit}.elementor-widget-heading .elementor-heading-title.elementor-size-small{font-size:15px}.elementor-widget-heading .elementor-heading-title.elementor-size-medium{font-size:19px}.elementor-widget-heading .elementor-heading-title.elementor-size-large{font-size:29px}.elementor-widget-heading .elementor-heading-title.elementor-size-xl{font-size:39px}.elementor-widget-heading .elementor-heading-title.elementor-size-xxl{font-size:59px}<\/style><h2 class=\"elementor-heading-title elementor-size-default\">Une vari\u00e9t\u00e9 de motifs pour chaque pi\u00e8ce<\/h2>\t\t<\/div>\n\t\t\t\t<\/div>\n\t\t\t\t\t<\/div>\n\t\t<\/div>\n\t\t\t\t\t\t\t<\/div>\n\t\t<\/section>\n\t\t\t\t<section class=\"elementor-section elementor-top-section elementor-element elementor-element-3e2962f elementor-section-boxed elementor-section-height-default elementor-section-height-default\" data-id=\"3e2962f\" data-element_type=\"section\" data-settings=\"{&quot;jet_parallax_layout_list&quot;:[]}\">\n\t\t\t\t\t\t<div class=\"elementor-container elementor-column-gap-default\">\n\t\t\t\t\t<div class=\"elementor-column elementor-col-100 elementor-top-column elementor-element elementor-element-8e4cf24\" data-id=\"8e4cf24\" data-element_type=\"column\">\n\t\t\t<div class=\"elementor-widget-wrap elementor-element-populated\">\n\t\t\t\t\t\t\t\t<div class=\"elementor-element elementor-element-760bc38 elementor-widget elementor-widget-text-editor\" data-id=\"760bc38\" data-element_type=\"widget\" data-widget_type=\"text-editor.default\">\n\t\t\t\t<div class=\"elementor-widget-container\">\n\t\t\t\t\t\t\t<p><span style=\"background-color: transparent; color: #000000; font-family: Montserrat, sans-serif; font-size: 11pt; white-space: pre-wrap; font-weight: var( --e-global-typography-text-font-weight ); letter-spacing: -0.8px;\">L&rsquo;un des aspects les plus int\u00e9ressants des motifs g\u00e9om\u00e9triques est qu&rsquo;ils se d\u00e9clinent sous toutes les formes et dans toutes les tailles. Si vous recherchez quelque chose de subtil mais qui attire l&rsquo;attention, optez pour un imprim\u00e9 plus petit, comme des motifs en forme de diamant ou de triangle, qui peuvent \u00eatre utilis\u00e9s comme pi\u00e8ces d&rsquo;accent dans votre maison. Pour un look plus audacieux, essayez d&rsquo;associer des motifs g\u00e9om\u00e9triques plus grands, comme des hexagones ou des losanges, \u00e0 des fonds unis. Vous pouvez \u00e9galement m\u00e9langer diff\u00e9rents types de motifs, comme les chevrons et les pois, pour un effet \u00e9clectique. Selon la taille du motif, vous pouvez l&rsquo;utiliser sur les murs, les meubles, la literie ou m\u00eame les tapis &#8211; les possibilit\u00e9s sont infinies !<\/span><\/p>\t\t\t\t\t\t<\/div>\n\t\t\t\t<\/div>\n\t\t\t\t\t<\/div>\n\t\t<\/div>\n\t\t\t\t\t\t\t<\/div>\n\t\t<\/section>\n\t\t\t\t<section class=\"elementor-section elementor-top-section elementor-element elementor-element-a91d44a elementor-section-boxed elementor-section-height-default elementor-section-height-default\" data-id=\"a91d44a\" data-element_type=\"section\" data-settings=\"{&quot;jet_parallax_layout_list&quot;:[]}\">\n\t\t\t\t\t\t<div class=\"elementor-container elementor-column-gap-default\">\n\t\t\t\t\t<div class=\"elementor-column elementor-col-50 elementor-top-column elementor-element elementor-element-028a21b\" data-id=\"028a21b\" data-element_type=\"column\">\n\t\t\t<div class=\"elementor-widget-wrap elementor-element-populated\">\n\t\t\t\t\t\t\t\t<div class=\"elementor-element elementor-element-214804c elementor-widget elementor-widget-image\" data-id=\"214804c\" data-element_type=\"widget\" data-widget_type=\"image.default\">\n\t\t\t\t<div class=\"elementor-widget-container\">\n\t\t\t<style>\/*! elementor - v3.6.5 - 27-04-2022 *\/\n.elementor-widget-image{text-align:center}.elementor-widget-image a{display:inline-block}.elementor-widget-image a img[src$=\".svg\"]{width:48px}.elementor-widget-image img{vertical-align:middle;display:inline-block}<\/style>\t\t\t\t\t\t\t\t\t<figure class=\"wp-caption\">\n\t\t\t\t\t\t\t\t\t\t\t<a href=\"https:\/\/www.made-in-meubles.com\/suspension-graphique-metal-noir-p-lam99-bl\">\n\t\t\t\t\t\t\t<img width=\"1024\" height=\"1024\" src=\"https:\/\/www.made-in-meubles.com\/blog\/wp-content\/uploads\/2023\/03\/product_l_a_lam99-bl-suspension-ambiance-1024x1024.webp\" class=\"attachment-large size-large\" alt=\"Suspension graphique en m\u00e9tal noir Jim\" srcset=\"https:\/\/www.made-in-meubles.com\/blog\/wp-content\/uploads\/2023\/03\/product_l_a_lam99-bl-suspension-ambiance-1024x1024.webp 1024w, https:\/\/www.made-in-meubles.com\/blog\/wp-content\/uploads\/2023\/03\/product_l_a_lam99-bl-suspension-ambiance-300x300.webp 300w, https:\/\/www.made-in-meubles.com\/blog\/wp-content\/uploads\/2023\/03\/product_l_a_lam99-bl-suspension-ambiance-150x150.webp 150w, https:\/\/www.made-in-meubles.com\/blog\/wp-content\/uploads\/2023\/03\/product_l_a_lam99-bl-suspension-ambiance-768x768.webp 768w, https:\/\/www.made-in-meubles.com\/blog\/wp-content\/uploads\/2023\/03\/product_l_a_lam99-bl-suspension-ambiance.webp 1200w\" sizes=\"(max-width: 1024px) 100vw, 1024px\" \/>\t\t\t\t\t\t\t\t<\/a>\n\t\t\t\t\t\t\t\t\t\t\t<figcaption class=\"widget-image-caption wp-caption-text\">\u00a9 Suspension Jim<\/figcaption>\n\t\t\t\t\t\t\t\t\t\t<\/figure>\n\t\t\t\t\t\t\t\t\t<\/div>\n\t\t\t\t<\/div>\n\t\t\t\t\t<\/div>\n\t\t<\/div>\n\t\t\t\t<div class=\"elementor-column elementor-col-50 elementor-top-column elementor-element elementor-element-bfec002\" data-id=\"bfec002\" data-element_type=\"column\">\n\t\t\t<div class=\"elementor-widget-wrap elementor-element-populated\">\n\t\t\t\t\t\t\t\t<div class=\"elementor-element elementor-element-8000016 elementor-widget elementor-widget-image\" data-id=\"8000016\" data-element_type=\"widget\" data-widget_type=\"image.default\">\n\t\t\t\t<div class=\"elementor-widget-container\">\n\t\t\t\t\t\t\t\t\t\t\t\t<figure class=\"wp-caption\">\n\t\t\t\t\t\t\t\t\t\t\t<a href=\"https:\/\/www.made-in-meubles.com\/tapis-en-coton-baptiste-p-abhi12\">\n\t\t\t\t\t\t\t<img width=\"1024\" height=\"1024\" src=\"https:\/\/www.made-in-meubles.com\/blog\/wp-content\/uploads\/2023\/03\/abhi12-tapis-ambiance-face-1024x1024.webp\" class=\"attachment-large size-large\" alt=\"\" srcset=\"https:\/\/www.made-in-meubles.com\/blog\/wp-content\/uploads\/2023\/03\/abhi12-tapis-ambiance-face-1024x1024.webp 1024w, https:\/\/www.made-in-meubles.com\/blog\/wp-content\/uploads\/2023\/03\/abhi12-tapis-ambiance-face-300x300.webp 300w, https:\/\/www.made-in-meubles.com\/blog\/wp-content\/uploads\/2023\/03\/abhi12-tapis-ambiance-face-150x150.webp 150w, https:\/\/www.made-in-meubles.com\/blog\/wp-content\/uploads\/2023\/03\/abhi12-tapis-ambiance-face-768x768.webp 768w, https:\/\/www.made-in-meubles.com\/blog\/wp-content\/uploads\/2023\/03\/abhi12-tapis-ambiance-face.webp 1200w\" sizes=\"(max-width: 1024px) 100vw, 1024px\" \/>\t\t\t\t\t\t\t\t<\/a>\n\t\t\t\t\t\t\t\t\t\t\t<figcaption class=\"widget-image-caption wp-caption-text\">\u00a9 Tapis Baptiste<\/figcaption>\n\t\t\t\t\t\t\t\t\t\t<\/figure>\n\t\t\t\t\t\t\t\t\t<\/div>\n\t\t\t\t<\/div>\n\t\t\t\t\t<\/div>\n\t\t<\/div>\n\t\t\t\t\t\t\t<\/div>\n\t\t<\/section>\n\t\t\t\t<section class=\"elementor-section elementor-top-section elementor-element elementor-element-8c0d401 elementor-section-boxed elementor-section-height-default elementor-section-height-default\" data-id=\"8c0d401\" data-element_type=\"section\" data-settings=\"{&quot;jet_parallax_layout_list&quot;:[]}\">\n\t\t\t\t\t\t<div class=\"elementor-container elementor-column-gap-default\">\n\t\t\t\t\t<div class=\"elementor-column elementor-col-100 elementor-top-column elementor-element elementor-element-6148c7a\" data-id=\"6148c7a\" data-element_type=\"column\">\n\t\t\t<div class=\"elementor-widget-wrap elementor-element-populated\">\n\t\t\t\t\t\t\t\t<div class=\"elementor-element elementor-element-c187f65 elementor-widget elementor-widget-heading\" data-id=\"c187f65\" data-element_type=\"widget\" data-widget_type=\"heading.default\">\n\t\t\t\t<div class=\"elementor-widget-container\">\n\t\t\t<h2 class=\"elementor-heading-title elementor-size-default\">Introduire des accents g\u00e9om\u00e9triques dans votre maison<\/h2>\t\t<\/div>\n\t\t\t\t<\/div>\n\t\t\t\t\t<\/div>\n\t\t<\/div>\n\t\t\t\t\t\t\t<\/div>\n\t\t<\/section>\n\t\t\t\t<section class=\"elementor-section elementor-top-section elementor-element elementor-element-711d63d elementor-section-boxed elementor-section-height-default elementor-section-height-default\" data-id=\"711d63d\" data-element_type=\"section\" data-settings=\"{&quot;jet_parallax_layout_list&quot;:[]}\">\n\t\t\t\t\t\t<div class=\"elementor-container elementor-column-gap-default\">\n\t\t\t\t\t<div class=\"elementor-column elementor-col-100 elementor-top-column elementor-element elementor-element-89f7496\" data-id=\"89f7496\" data-element_type=\"column\">\n\t\t\t<div class=\"elementor-widget-wrap elementor-element-populated\">\n\t\t\t\t\t\t\t\t<div class=\"elementor-element elementor-element-c5e4267 elementor-widget elementor-widget-text-editor\" data-id=\"c5e4267\" data-element_type=\"widget\" data-widget_type=\"text-editor.default\">\n\t\t\t\t<div class=\"elementor-widget-container\">\n\t\t\t\t\t\t\t<p><span style=\"background-color: transparent; color: rgb(0, 0, 0); font-family: Montserrat, sans-serif; font-size: 11pt; white-space: pre-wrap; font-weight: var( --e-global-typography-text-font-weight ); letter-spacing: -0.8px;\">Les accents g\u00e9om\u00e9triques sont \u00e9galement parfaits pour ajouter de la couleur et de la texture \u00e0 une pi\u00e8ce sans la surcharger d&rsquo;imprim\u00e9s. Essayez de peindre un mur d&rsquo;une couleur vive et d&rsquo;y ajouter des d\u00e9calcomanies color\u00e9es en forme de losange &#8211; cela fera ressortir le mur sans trop attirer l&rsquo;attention. Ou si vous voulez quelque chose de plus permanent et chic, cherchez des accessoires aux formes g\u00e9om\u00e9triques qui aideront \u00e0 faire ressortir les autres \u00e9l\u00e9ments de la pi\u00e8ce comme les meubles ou les \u0153uvres d&rsquo;art. Quelle que soit la mani\u00e8re dont vous choisissez d&rsquo;incorporer ces formes dans votre d\u00e9coration, elles ajouteront sans aucun doute un \u00e9l\u00e9ment de modernit\u00e9 et de sophistication \u00e0 n&rsquo;importe quel espace.<\/span><\/p>\t\t\t\t\t\t<\/div>\n\t\t\t\t<\/div>\n\t\t\t\t\t<\/div>\n\t\t<\/div>\n\t\t\t\t\t\t\t<\/div>\n\t\t<\/section>\n\t\t\t\t<section class=\"elementor-section elementor-top-section elementor-element elementor-element-53cf458 elementor-section-boxed elementor-section-height-default elementor-section-height-default\" data-id=\"53cf458\" data-element_type=\"section\" data-settings=\"{&quot;jet_parallax_layout_list&quot;:[]}\">\n\t\t\t\t\t\t<div class=\"elementor-container elementor-column-gap-default\">\n\t\t\t\t\t<div class=\"elementor-column elementor-col-50 elementor-top-column elementor-element elementor-element-514b131\" data-id=\"514b131\" data-element_type=\"column\">\n\t\t\t<div class=\"elementor-widget-wrap elementor-element-populated\">\n\t\t\t\t\t\t\t\t<div class=\"elementor-element elementor-element-561119e elementor-widget elementor-widget-image\" data-id=\"561119e\" data-element_type=\"widget\" data-widget_type=\"image.default\">\n\t\t\t\t<div class=\"elementor-widget-container\">\n\t\t\t\t\t\t\t\t\t\t\t\t<figure class=\"wp-caption\">\n\t\t\t\t\t\t\t\t\t\t\t<a href=\"https:\/\/www.made-in-meubles.com\/bout-de-canape-en-bois-de-manguier-horace-p-re61\">\n\t\t\t\t\t\t\t<img width=\"1024\" height=\"1024\" src=\"https:\/\/www.made-in-meubles.com\/blog\/wp-content\/uploads\/2023\/03\/re61-bout-de-canap-ambiance-2-1024x1024.webp\" class=\"attachment-large size-large\" alt=\"\" srcset=\"https:\/\/www.made-in-meubles.com\/blog\/wp-content\/uploads\/2023\/03\/re61-bout-de-canap-ambiance-2-1024x1024.webp 1024w, https:\/\/www.made-in-meubles.com\/blog\/wp-content\/uploads\/2023\/03\/re61-bout-de-canap-ambiance-2-300x300.webp 300w, https:\/\/www.made-in-meubles.com\/blog\/wp-content\/uploads\/2023\/03\/re61-bout-de-canap-ambiance-2-150x150.webp 150w, https:\/\/www.made-in-meubles.com\/blog\/wp-content\/uploads\/2023\/03\/re61-bout-de-canap-ambiance-2-768x768.webp 768w, https:\/\/www.made-in-meubles.com\/blog\/wp-content\/uploads\/2023\/03\/re61-bout-de-canap-ambiance-2.webp 1200w\" sizes=\"(max-width: 1024px) 100vw, 1024px\" \/>\t\t\t\t\t\t\t\t<\/a>\n\t\t\t\t\t\t\t\t\t\t\t<figcaption class=\"widget-image-caption wp-caption-text\">\u00a9 Bout de canap\u00e9 Horace<\/figcaption>\n\t\t\t\t\t\t\t\t\t\t<\/figure>\n\t\t\t\t\t\t\t\t\t<\/div>\n\t\t\t\t<\/div>\n\t\t\t\t<div class=\"elementor-element elementor-element-50f1031 elementor-widget elementor-widget-image\" data-id=\"50f1031\" data-element_type=\"widget\" data-widget_type=\"image.default\">\n\t\t\t\t<div class=\"elementor-widget-container\">\n\t\t\t\t\t\t\t\t\t\t\t\t<figure class=\"wp-caption\">\n\t\t\t\t\t\t\t\t\t\t\t<a href=\"https:\/\/www.made-in-meubles.com\/lampe-a-poser-en-metal-micky-p-lus1281\">\n\t\t\t\t\t\t\t<img width=\"1024\" height=\"1024\" src=\"https:\/\/www.made-in-meubles.com\/blog\/wp-content\/uploads\/2023\/03\/product_l_u_lus1281-lampe-ambiance-1-1024x1024.webp\" class=\"attachment-large size-large\" alt=\"\" srcset=\"https:\/\/www.made-in-meubles.com\/blog\/wp-content\/uploads\/2023\/03\/product_l_u_lus1281-lampe-ambiance-1-1024x1024.webp 1024w, https:\/\/www.made-in-meubles.com\/blog\/wp-content\/uploads\/2023\/03\/product_l_u_lus1281-lampe-ambiance-1-300x300.webp 300w, https:\/\/www.made-in-meubles.com\/blog\/wp-content\/uploads\/2023\/03\/product_l_u_lus1281-lampe-ambiance-1-150x150.webp 150w, https:\/\/www.made-in-meubles.com\/blog\/wp-content\/uploads\/2023\/03\/product_l_u_lus1281-lampe-ambiance-1-768x768.webp 768w, https:\/\/www.made-in-meubles.com\/blog\/wp-content\/uploads\/2023\/03\/product_l_u_lus1281-lampe-ambiance-1.webp 1200w\" sizes=\"(max-width: 1024px) 100vw, 1024px\" \/>\t\t\t\t\t\t\t\t<\/a>\n\t\t\t\t\t\t\t\t\t\t\t<figcaption class=\"widget-image-caption wp-caption-text\">\u00a9 Lampe Micky<\/figcaption>\n\t\t\t\t\t\t\t\t\t\t<\/figure>\n\t\t\t\t\t\t\t\t\t<\/div>\n\t\t\t\t<\/div>\n\t\t\t\t\t<\/div>\n\t\t<\/div>\n\t\t\t\t<div class=\"elementor-column elementor-col-50 elementor-top-column elementor-element elementor-element-45cf028\" data-id=\"45cf028\" data-element_type=\"column\">\n\t\t\t<div class=\"elementor-widget-wrap elementor-element-populated\">\n\t\t\t\t\t\t\t\t<div class=\"elementor-element elementor-element-de6d8d8 elementor-widget elementor-widget-image\" data-id=\"de6d8d8\" data-element_type=\"widget\" data-widget_type=\"image.default\">\n\t\t\t\t<div class=\"elementor-widget-container\">\n\t\t\t\t\t\t\t\t\t\t\t\t<figure class=\"wp-caption\">\n\t\t\t\t\t\t\t\t\t\t\t<a href=\"https:\/\/www.made-in-meubles.com\/bout-de-canape-plateau-bois-triangle-p-su19\">\n\t\t\t\t\t\t\t<img width=\"1024\" height=\"1024\" src=\"https:\/\/www.made-in-meubles.com\/blog\/wp-content\/uploads\/2023\/03\/SU19-photoblog-1024x1024.jpg\" class=\"attachment-large size-large\" alt=\"Bout de canap\u00e9 triangle en marbre Maxime\" srcset=\"https:\/\/www.made-in-meubles.com\/blog\/wp-content\/uploads\/2023\/03\/SU19-photoblog-1024x1024.jpg 1024w, https:\/\/www.made-in-meubles.com\/blog\/wp-content\/uploads\/2023\/03\/SU19-photoblog-300x300.jpg 300w, https:\/\/www.made-in-meubles.com\/blog\/wp-content\/uploads\/2023\/03\/SU19-photoblog-150x150.jpg 150w, https:\/\/www.made-in-meubles.com\/blog\/wp-content\/uploads\/2023\/03\/SU19-photoblog-768x768.jpg 768w, https:\/\/www.made-in-meubles.com\/blog\/wp-content\/uploads\/2023\/03\/SU19-photoblog.jpg 1200w\" sizes=\"(max-width: 1024px) 100vw, 1024px\" \/>\t\t\t\t\t\t\t\t<\/a>\n\t\t\t\t\t\t\t\t\t\t\t<figcaption class=\"widget-image-caption wp-caption-text\">\u00a9 Bout de canap\u00e9 Maxime<\/figcaption>\n\t\t\t\t\t\t\t\t\t\t<\/figure>\n\t\t\t\t\t\t\t\t\t<\/div>\n\t\t\t\t<\/div>\n\t\t\t\t<div class=\"elementor-element elementor-element-399daad elementor-widget elementor-widget-image\" data-id=\"399daad\" data-element_type=\"widget\" data-widget_type=\"image.default\">\n\t\t\t\t<div class=\"elementor-widget-container\">\n\t\t\t\t\t\t\t\t\t\t\t\t<figure class=\"wp-caption\">\n\t\t\t\t\t\t\t\t\t\t\t<a href=\"https:\/\/www.made-in-meubles.com\/lampe-trepieds-p-lus1254\">\n\t\t\t\t\t\t\t<img width=\"1024\" height=\"1024\" src=\"https:\/\/www.made-in-meubles.com\/blog\/wp-content\/uploads\/2023\/03\/product_l_u_lus1254-lampe-ambiance-1-1024x1024.webp\" class=\"attachment-large size-large\" alt=\"\" srcset=\"https:\/\/www.made-in-meubles.com\/blog\/wp-content\/uploads\/2023\/03\/product_l_u_lus1254-lampe-ambiance-1-1024x1024.webp 1024w, https:\/\/www.made-in-meubles.com\/blog\/wp-content\/uploads\/2023\/03\/product_l_u_lus1254-lampe-ambiance-1-300x300.webp 300w, https:\/\/www.made-in-meubles.com\/blog\/wp-content\/uploads\/2023\/03\/product_l_u_lus1254-lampe-ambiance-1-150x150.webp 150w, https:\/\/www.made-in-meubles.com\/blog\/wp-content\/uploads\/2023\/03\/product_l_u_lus1254-lampe-ambiance-1-768x768.webp 768w, https:\/\/www.made-in-meubles.com\/blog\/wp-content\/uploads\/2023\/03\/product_l_u_lus1254-lampe-ambiance-1.webp 1200w\" sizes=\"(max-width: 1024px) 100vw, 1024px\" \/>\t\t\t\t\t\t\t\t<\/a>\n\t\t\t\t\t\t\t\t\t\t\t<figcaption class=\"widget-image-caption wp-caption-text\">\u00a9 Lampe Cyrielle<\/figcaption>\n\t\t\t\t\t\t\t\t\t\t<\/figure>\n\t\t\t\t\t\t\t\t\t<\/div>\n\t\t\t\t<\/div>\n\t\t\t\t\t<\/div>\n\t\t<\/div>\n\t\t\t\t\t\t\t<\/div>\n\t\t<\/section>\n\t\t\t\t<section class=\"elementor-section elementor-top-section elementor-element elementor-element-d431563 elementor-section-boxed elementor-section-height-default elementor-section-height-default\" data-id=\"d431563\" data-element_type=\"section\" data-settings=\"{&quot;jet_parallax_layout_list&quot;:[]}\">\n\t\t\t\t\t\t<div class=\"elementor-container elementor-column-gap-default\">\n\t\t\t\t\t<div class=\"elementor-column elementor-col-100 elementor-top-column elementor-element elementor-element-2a64ae6\" data-id=\"2a64ae6\" data-element_type=\"column\">\n\t\t\t<div class=\"elementor-widget-wrap elementor-element-populated\">\n\t\t\t\t\t\t\t\t<div class=\"elementor-element elementor-element-e568dd2 elementor-widget elementor-widget-spacer\" data-id=\"e568dd2\" data-element_type=\"widget\" data-widget_type=\"spacer.default\">\n\t\t\t\t<div class=\"elementor-widget-container\">\n\t\t\t<style>\/*! elementor - v3.6.5 - 27-04-2022 *\/\n.e-container.e-container--row .elementor-spacer-inner{width:var(--spacer-size)}.e-container.e-container--column .elementor-spacer-inner,.elementor-column .elementor-spacer-inner{height:var(--spacer-size)}<\/style>\t\t<div class=\"elementor-spacer\">\n\t\t\t<div class=\"elementor-spacer-inner\"><\/div>\n\t\t<\/div>\n\t\t\t\t<\/div>\n\t\t\t\t<\/div>\n\t\t\t\t<div class=\"elementor-element elementor-element-86fd72f elementor-widget elementor-widget-text-editor\" data-id=\"86fd72f\" data-element_type=\"widget\" data-widget_type=\"text-editor.default\">\n\t\t\t\t<div class=\"elementor-widget-container\">\n\t\t\t\t\t\t\t<p><span style=\"background-color: transparent; color: #000000; font-family: Montserrat, sans-serif; font-size: 11pt; white-space: pre-wrap; font-weight: var( --e-global-typography-text-font-weight ); letter-spacing: -0.8px;\">Lorsqu&rsquo;il s&rsquo;agit de d\u00e9corer votre maison, n&rsquo;ayez pas peur de prendre des risques et de sortir de votre zone de confort. Les motifs g\u00e9om\u00e9triques sont un excellent moyen de donner une touche de modernit\u00e9 \u00e0 n&rsquo;importe quelle pi\u00e8ce. <\/span><span style=\"background-color: transparent; color: #000000; font-family: Montserrat, sans-serif; font-size: 11pt; white-space: pre-wrap; font-weight: var( --e-global-typography-text-font-weight ); letter-spacing: -0.8px;\">Qu&rsquo;il s&rsquo;agisse de tissus, de papiers peints ou d&rsquo;accessoires tels que des lampes ou des tapis, il n&rsquo;y a pas de limite \u00e0 ce que vous pouvez faire avec cette tendance ! Alors, osez aujourd&rsquo;hui &#8211; essayez d&rsquo;incorporer quelques accents g\u00e9om\u00e9triques dans votre d\u00e9coration int\u00e9rieure ; qui sait ? Vous pourriez adorer ce que vous cr\u00e9ez !<\/span><\/p>\t\t\t\t\t\t<\/div>\n\t\t\t\t<\/div>\n\t\t\t\t\t<\/div>\n\t\t<\/div>\n\t\t\t\t\t\t\t<\/div>\n\t\t<\/section>\n\t\t\t\t\t\t\t<\/div>\n\t\t","protected":false},"excerpt":{"rendered":"<p>Il est temps de faire preuve de cr\u00e9ativit\u00e9 et d&rsquo;audace dans votre maison avec les motifs g\u00e9om\u00e9triques. Ce style contemporain ajoute une touche inattendue \u00e0 n&rsquo;importe quelle pi\u00e8ce, qu&rsquo;il s&rsquo;agisse de votre espace de vie, de votre chambre \u00e0 coucher ou de votre cuisine. Qu&rsquo;il s&rsquo;agisse de tissus, de papiers peints, d&rsquo;accessoires ou de meubles, [&hellip;]<\/p>\n","protected":false},"author":27,"featured_media":11354,"comment_status":"open","ping_status":"open","sticky":false,"template":"","format":"standard","meta":[],"categories":[5],"tags":[],"acf":[],"_links":{"self":[{"href":"https:\/\/www.made-in-meubles.com\/blog\/wp-json\/wp\/v2\/posts\/11348"}],"collection":[{"href":"https:\/\/www.made-in-meubles.com\/blog\/wp-json\/wp\/v2\/posts"}],"about":[{"href":"https:\/\/www.made-in-meubles.com\/blog\/wp-json\/wp\/v2\/types\/post"}],"author":[{"embeddable":true,"href":"https:\/\/www.made-in-meubles.com\/blog\/wp-json\/wp\/v2\/users\/27"}],"replies":[{"embeddable":true,"href":"https:\/\/www.made-in-meubles.com\/blog\/wp-json\/wp\/v2\/comments?post=11348"}],"version-history":[{"count":12,"href":"https:\/\/www.made-in-meubles.com\/blog\/wp-json\/wp\/v2\/posts\/11348\/revisions"}],"predecessor-version":[{"id":16400,"href":"https:\/\/www.made-in-meubles.com\/blog\/wp-json\/wp\/v2\/posts\/11348\/revisions\/16400"}],"wp:featuredmedia":[{"embeddable":true,"href":"https:\/\/www.made-in-meubles.com\/blog\/wp-json\/wp\/v2\/media\/11354"}],"wp:attachment":[{"href":"https:\/\/www.made-in-meubles.com\/blog\/wp-json\/wp\/v2\/media?parent=11348"}],"wp:term":[{"taxonomy":"category","embeddable":true,"href":"https:\/\/www.made-in-meubles.com\/blog\/wp-json\/wp\/v2\/categories?post=11348"},{"taxonomy":"post_tag","embeddable":true,"href":"https:\/\/www.made-in-meubles.com\/blog\/wp-json\/wp\/v2\/tags?post=11348"}],"curies":[{"name":"wp","href":"https:\/\/api.w.org\/{rel}","templated":true}]}}