{"id":11378,"date":"2023-03-13T15:50:19","date_gmt":"2023-03-13T14:50:19","guid":{"rendered":"https:\/\/www.made-in-meubles.com\/blog\/?p=11378"},"modified":"2025-09-10T12:51:40","modified_gmt":"2025-09-10T10:51:40","slug":"comment-incorporer-style-art-deco","status":"publish","type":"post","link":"https:\/\/www.made-in-meubles.com\/blog\/comment-incorporer-style-art-deco\/","title":{"rendered":"Comment incorporer le style art d\u00e9co ?"},"content":{"rendered":"\t\t<div data-elementor-type=\"wp-post\" data-elementor-id=\"11378\" class=\"elementor elementor-11378\">\n\t\t\t\t\t\t\t\t\t<section class=\"elementor-section elementor-top-section elementor-element elementor-element-140584d elementor-section-boxed elementor-section-height-default elementor-section-height-default\" data-id=\"140584d\" data-element_type=\"section\" data-settings=\"{&quot;jet_parallax_layout_list&quot;:[]}\">\n\t\t\t\t\t\t<div class=\"elementor-container elementor-column-gap-default\">\n\t\t\t\t\t<div class=\"elementor-column elementor-col-100 elementor-top-column elementor-element elementor-element-a6eee9a\" data-id=\"a6eee9a\" data-element_type=\"column\">\n\t\t\t<div class=\"elementor-widget-wrap elementor-element-populated\">\n\t\t\t\t\t\t\t\t<div class=\"elementor-element elementor-element-798ed19 elementor-widget elementor-widget-text-editor\" data-id=\"798ed19\" data-element_type=\"widget\" data-widget_type=\"text-editor.default\">\n\t\t\t\t<div class=\"elementor-widget-container\">\n\t\t\t<style>\/*! elementor - v3.6.5 - 27-04-2022 *\/\n.elementor-widget-text-editor.elementor-drop-cap-view-stacked .elementor-drop-cap{background-color:#818a91;color:#fff}.elementor-widget-text-editor.elementor-drop-cap-view-framed .elementor-drop-cap{color:#818a91;border:3px solid;background-color:transparent}.elementor-widget-text-editor:not(.elementor-drop-cap-view-default) .elementor-drop-cap{margin-top:8px}.elementor-widget-text-editor:not(.elementor-drop-cap-view-default) .elementor-drop-cap-letter{width:1em;height:1em}.elementor-widget-text-editor .elementor-drop-cap{float:left;text-align:center;line-height:1;font-size:50px}.elementor-widget-text-editor .elementor-drop-cap-letter{display:inline-block}<\/style>\t\t\t\t<p><span style=\"background-color: transparent; color: rgb(0, 0, 0); font-family: Montserrat, sans-serif; font-size: 11pt; white-space: pre-wrap; font-weight: var( --e-global-typography-text-font-weight ); letter-spacing: -0.8px;\">L&rsquo;Art d\u00e9co est un style populaire qui est devenu de plus en plus populaire au cours des derni\u00e8res ann\u00e9es. Avec son aspect luxueux et moderne, il n&rsquo;est pas \u00e9tonnant que les gens optent pour ce design \u00e9l\u00e9gant dans leurs maisons. Si vous \u00eates \u00e0 la recherche d&rsquo;un moyen de donner un coup de jeune \u00e0 votre maison, lisez ce qui suit pour savoir comment incorporer le style Art d\u00e9co dans votre <a href=\"https:\/\/www.made-in-meubles.com\/produits\/luminaire-deco\/decoration.html\">d\u00e9coration<\/a> d&rsquo;int\u00e9rieur.<\/span><\/p>\t\t\t\t\t\t<\/div>\n\t\t\t\t<\/div>\n\t\t\t\t\t<\/div>\n\t\t<\/div>\n\t\t\t\t\t\t\t<\/div>\n\t\t<\/section>\n\t\t\t\t<section class=\"elementor-section elementor-top-section elementor-element elementor-element-0a24d54 elementor-section-boxed elementor-section-height-default elementor-section-height-default\" data-id=\"0a24d54\" data-element_type=\"section\" data-settings=\"{&quot;jet_parallax_layout_list&quot;:[]}\">\n\t\t\t\t\t\t<div class=\"elementor-container elementor-column-gap-default\">\n\t\t\t\t\t<div class=\"elementor-column elementor-col-100 elementor-top-column elementor-element elementor-element-b2c3780\" data-id=\"b2c3780\" data-element_type=\"column\">\n\t\t\t<div class=\"elementor-widget-wrap elementor-element-populated\">\n\t\t\t\t\t\t\t\t<div class=\"elementor-element elementor-element-fb7a788 elementor-widget elementor-widget-heading\" data-id=\"fb7a788\" data-element_type=\"widget\" data-widget_type=\"heading.default\">\n\t\t\t\t<div class=\"elementor-widget-container\">\n\t\t\t<style>\/*! elementor - v3.6.5 - 27-04-2022 *\/\n.elementor-heading-title{padding:0;margin:0;line-height:1}.elementor-widget-heading .elementor-heading-title[class*=elementor-size-]>a{color:inherit;font-size:inherit;line-height:inherit}.elementor-widget-heading .elementor-heading-title.elementor-size-small{font-size:15px}.elementor-widget-heading .elementor-heading-title.elementor-size-medium{font-size:19px}.elementor-widget-heading .elementor-heading-title.elementor-size-large{font-size:29px}.elementor-widget-heading .elementor-heading-title.elementor-size-xl{font-size:39px}.elementor-widget-heading .elementor-heading-title.elementor-size-xxl{font-size:59px}<\/style><h2 class=\"elementor-heading-title elementor-size-default\">Choisissez des \u00e9l\u00e9ments color\u00e9s<\/h2>\t\t<\/div>\n\t\t\t\t<\/div>\n\t\t\t\t\t<\/div>\n\t\t<\/div>\n\t\t\t\t\t\t\t<\/div>\n\t\t<\/section>\n\t\t\t\t<section class=\"elementor-section elementor-top-section elementor-element elementor-element-ad6136f elementor-section-boxed elementor-section-height-default elementor-section-height-default\" data-id=\"ad6136f\" data-element_type=\"section\" data-settings=\"{&quot;jet_parallax_layout_list&quot;:[]}\">\n\t\t\t\t\t\t<div class=\"elementor-container elementor-column-gap-default\">\n\t\t\t\t\t<div class=\"elementor-column elementor-col-100 elementor-top-column elementor-element elementor-element-bf94492\" data-id=\"bf94492\" data-element_type=\"column\">\n\t\t\t<div class=\"elementor-widget-wrap elementor-element-populated\">\n\t\t\t\t\t\t\t\t<div class=\"elementor-element elementor-element-722898c elementor-widget elementor-widget-text-editor\" data-id=\"722898c\" data-element_type=\"widget\" data-widget_type=\"text-editor.default\">\n\t\t\t\t<div class=\"elementor-widget-container\">\n\t\t\t\t\t\t\t<p><span style=\"background-color: transparent; color: #000000; font-family: Montserrat, sans-serif; font-size: 11pt; white-space: pre-wrap; font-weight: var( --e-global-typography-text-font-weight ); letter-spacing: -0.8px;\">L&rsquo;une des principales caract\u00e9ristiques de l&rsquo;art d\u00e9co est l&rsquo;utilisation de couleurs vives et de motifs audacieux. Une bonne fa\u00e7on d&rsquo;incorporer le style art d\u00e9co dans votre d\u00e9coration d&rsquo;int\u00e9rieur est de choisir des \u00e9l\u00e9ments color\u00e9s tels que des meubles, des tapis, des vases et des \u0153uvres d&rsquo;art murales. Vous pouvez \u00e9galement ajouter des touches de couleur avec des textiles tels que des coussins et des rideaux color\u00e9s. Les couleurs vives contribueront \u00e0 cr\u00e9er une atmosph\u00e8re accueillante et vivante dans votre espace de vie.<\/span><\/p>\t\t\t\t\t\t<\/div>\n\t\t\t\t<\/div>\n\t\t\t\t\t<\/div>\n\t\t<\/div>\n\t\t\t\t\t\t\t<\/div>\n\t\t<\/section>\n\t\t\t\t<section class=\"elementor-section elementor-top-section elementor-element elementor-element-7e6fd16 elementor-section-boxed elementor-section-height-default elementor-section-height-default\" data-id=\"7e6fd16\" data-element_type=\"section\" data-settings=\"{&quot;jet_parallax_layout_list&quot;:[]}\">\n\t\t\t\t\t\t<div class=\"elementor-container elementor-column-gap-default\">\n\t\t\t\t\t<div class=\"elementor-column elementor-col-50 elementor-top-column elementor-element elementor-element-952adb3\" data-id=\"952adb3\" data-element_type=\"column\">\n\t\t\t<div class=\"elementor-widget-wrap elementor-element-populated\">\n\t\t\t\t\t\t\t\t<div class=\"elementor-element elementor-element-ffe7a4b elementor-widget elementor-widget-image\" data-id=\"ffe7a4b\" data-element_type=\"widget\" data-widget_type=\"image.default\">\n\t\t\t\t<div class=\"elementor-widget-container\">\n\t\t\t<style>\/*! elementor - v3.6.5 - 27-04-2022 *\/\n.elementor-widget-image{text-align:center}.elementor-widget-image a{display:inline-block}.elementor-widget-image a img[src$=\".svg\"]{width:48px}.elementor-widget-image img{vertical-align:middle;display:inline-block}<\/style>\t\t\t\t\t\t\t\t\t<figure class=\"wp-caption\">\n\t\t\t\t\t\t\t\t\t\t<img width=\"1024\" height=\"1024\" src=\"https:\/\/www.made-in-meubles.com\/blog\/wp-content\/uploads\/2023\/03\/product_m_i_mim4293-bcolor-buffet-ambiance-biais-1024x1024.webp\" class=\"attachment-large size-large\" alt=\"\" srcset=\"https:\/\/www.made-in-meubles.com\/blog\/wp-content\/uploads\/2023\/03\/product_m_i_mim4293-bcolor-buffet-ambiance-biais-1024x1024.webp 1024w, https:\/\/www.made-in-meubles.com\/blog\/wp-content\/uploads\/2023\/03\/product_m_i_mim4293-bcolor-buffet-ambiance-biais-300x300.webp 300w, https:\/\/www.made-in-meubles.com\/blog\/wp-content\/uploads\/2023\/03\/product_m_i_mim4293-bcolor-buffet-ambiance-biais-150x150.webp 150w, https:\/\/www.made-in-meubles.com\/blog\/wp-content\/uploads\/2023\/03\/product_m_i_mim4293-bcolor-buffet-ambiance-biais-768x768.webp 768w, https:\/\/www.made-in-meubles.com\/blog\/wp-content\/uploads\/2023\/03\/product_m_i_mim4293-bcolor-buffet-ambiance-biais.webp 1200w\" sizes=\"(max-width: 1024px) 100vw, 1024px\" \/>\t\t\t\t\t\t\t\t\t\t\t<figcaption class=\"widget-image-caption wp-caption-text\"><\/figcaption>\n\t\t\t\t\t\t\t\t\t\t<\/figure>\n\t\t\t\t\t\t\t\t\t<\/div>\n\t\t\t\t<\/div>\n\t\t\t\t\t<\/div>\n\t\t<\/div>\n\t\t\t\t<div class=\"elementor-column elementor-col-50 elementor-top-column elementor-element elementor-element-90bf62f\" data-id=\"90bf62f\" data-element_type=\"column\">\n\t\t\t<div class=\"elementor-widget-wrap elementor-element-populated\">\n\t\t\t\t\t\t\t\t<div class=\"elementor-element elementor-element-1c98859 elementor-widget elementor-widget-image\" data-id=\"1c98859\" data-element_type=\"widget\" data-widget_type=\"image.default\">\n\t\t\t\t<div class=\"elementor-widget-container\">\n\t\t\t\t\t\t\t\t\t\t\t\t<figure class=\"wp-caption\">\n\t\t\t\t\t\t\t\t\t\t\t<a href=\"https:\/\/www.made-in-meubles.com\/vase-rose-2-tiges-en-aluminium-tulipa-p-irsh21\">\n\t\t\t\t\t\t\t<img width=\"1024\" height=\"1024\" src=\"https:\/\/www.made-in-meubles.com\/blog\/wp-content\/uploads\/2023\/03\/irsh21-vase-ambiance-2-1024x1024.webp\" class=\"attachment-large size-large\" alt=\"\" srcset=\"https:\/\/www.made-in-meubles.com\/blog\/wp-content\/uploads\/2023\/03\/irsh21-vase-ambiance-2-1024x1024.webp 1024w, https:\/\/www.made-in-meubles.com\/blog\/wp-content\/uploads\/2023\/03\/irsh21-vase-ambiance-2-300x300.webp 300w, https:\/\/www.made-in-meubles.com\/blog\/wp-content\/uploads\/2023\/03\/irsh21-vase-ambiance-2-150x150.webp 150w, https:\/\/www.made-in-meubles.com\/blog\/wp-content\/uploads\/2023\/03\/irsh21-vase-ambiance-2-768x768.webp 768w, https:\/\/www.made-in-meubles.com\/blog\/wp-content\/uploads\/2023\/03\/irsh21-vase-ambiance-2.webp 1200w\" sizes=\"(max-width: 1024px) 100vw, 1024px\" \/>\t\t\t\t\t\t\t\t<\/a>\n\t\t\t\t\t\t\t\t\t\t\t<figcaption class=\"widget-image-caption wp-caption-text\">\u00a9 Vase Tulipa<\/figcaption>\n\t\t\t\t\t\t\t\t\t\t<\/figure>\n\t\t\t\t\t\t\t\t\t<\/div>\n\t\t\t\t<\/div>\n\t\t\t\t\t<\/div>\n\t\t<\/div>\n\t\t\t\t\t\t\t<\/div>\n\t\t<\/section>\n\t\t\t\t<section class=\"elementor-section elementor-top-section elementor-element elementor-element-756dfb3 elementor-section-boxed elementor-section-height-default elementor-section-height-default\" data-id=\"756dfb3\" data-element_type=\"section\" data-settings=\"{&quot;jet_parallax_layout_list&quot;:[]}\">\n\t\t\t\t\t\t<div class=\"elementor-container elementor-column-gap-default\">\n\t\t\t\t\t<div class=\"elementor-column elementor-col-100 elementor-top-column elementor-element elementor-element-7db524c\" data-id=\"7db524c\" data-element_type=\"column\">\n\t\t\t<div class=\"elementor-widget-wrap elementor-element-populated\">\n\t\t\t\t\t\t\t\t<div class=\"elementor-element elementor-element-07336e5 elementor-widget elementor-widget-heading\" data-id=\"07336e5\" data-element_type=\"widget\" data-widget_type=\"heading.default\">\n\t\t\t\t<div class=\"elementor-widget-container\">\n\t\t\t<h2 class=\"elementor-heading-title elementor-size-default\">Incorporer des motifs g\u00e9om\u00e9triques<\/h2>\t\t<\/div>\n\t\t\t\t<\/div>\n\t\t\t\t\t<\/div>\n\t\t<\/div>\n\t\t\t\t\t\t\t<\/div>\n\t\t<\/section>\n\t\t\t\t<section class=\"elementor-section elementor-top-section elementor-element elementor-element-146f690 elementor-section-boxed elementor-section-height-default elementor-section-height-default\" data-id=\"146f690\" data-element_type=\"section\" data-settings=\"{&quot;jet_parallax_layout_list&quot;:[]}\">\n\t\t\t\t\t\t<div class=\"elementor-container elementor-column-gap-default\">\n\t\t\t\t\t<div class=\"elementor-column elementor-col-100 elementor-top-column elementor-element elementor-element-6a47939\" data-id=\"6a47939\" data-element_type=\"column\">\n\t\t\t<div class=\"elementor-widget-wrap elementor-element-populated\">\n\t\t\t\t\t\t\t\t<div class=\"elementor-element elementor-element-e96a6d2 elementor-widget elementor-widget-text-editor\" data-id=\"e96a6d2\" data-element_type=\"widget\" data-widget_type=\"text-editor.default\">\n\t\t\t\t<div class=\"elementor-widget-container\">\n\t\t\t\t\t\t\t<p><span style=\"background-color: transparent; color: #000000; font-family: Montserrat, sans-serif; font-size: 11pt; white-space: pre-wrap; font-weight: var( --e-global-typography-text-font-weight ); letter-spacing: -0.8px;\">Les formes g\u00e9om\u00e9triques sont une autre caract\u00e9ristique commune de la d\u00e9coration Art d\u00e9co. Recherchez des meubles, des tissus ou des papiers peints \u00e0 motifs g\u00e9om\u00e9triques pour introduire ce style dans votre maison. Vous pouvez \u00e9galement utiliser des miroirs ou des accents m\u00e9talliques pour faire ressortir les motifs g\u00e9om\u00e9triques dans votre espace. Cela donnera \u00e0 votre pi\u00e8ce une touche de modernit\u00e9 tout en ajoutant un sens de la sym\u00e9trie et de l&rsquo;\u00e9quilibre.<\/span><\/p>\t\t\t\t\t\t<\/div>\n\t\t\t\t<\/div>\n\t\t\t\t\t<\/div>\n\t\t<\/div>\n\t\t\t\t\t\t\t<\/div>\n\t\t<\/section>\n\t\t\t\t<section class=\"elementor-section elementor-top-section elementor-element elementor-element-879b680 elementor-section-boxed elementor-section-height-default elementor-section-height-default\" data-id=\"879b680\" data-element_type=\"section\" data-settings=\"{&quot;jet_parallax_layout_list&quot;:[]}\">\n\t\t\t\t\t\t<div class=\"elementor-container elementor-column-gap-default\">\n\t\t\t\t\t<div class=\"elementor-column elementor-col-50 elementor-top-column elementor-element elementor-element-d411bf7\" data-id=\"d411bf7\" data-element_type=\"column\">\n\t\t\t<div class=\"elementor-widget-wrap elementor-element-populated\">\n\t\t\t\t\t\t\t\t<div class=\"elementor-element elementor-element-3ad8777 elementor-widget elementor-widget-image\" data-id=\"3ad8777\" data-element_type=\"widget\" data-widget_type=\"image.default\">\n\t\t\t\t<div class=\"elementor-widget-container\">\n\t\t\t\t\t\t\t\t\t\t\t\t<figure class=\"wp-caption\">\n\t\t\t\t\t\t\t\t\t\t\t<a href=\"https:\/\/www.made-in-meubles.com\/table-basse-d-appoint-design-conique-p-ne-604\">\n\t\t\t\t\t\t\t<img width=\"1024\" height=\"1024\" src=\"https:\/\/www.made-in-meubles.com\/blog\/wp-content\/uploads\/2023\/03\/product_n_e_ne-604-tablebasse-ambiance-1024x1024.webp\" class=\"attachment-large size-large\" alt=\"\" srcset=\"https:\/\/www.made-in-meubles.com\/blog\/wp-content\/uploads\/2023\/03\/product_n_e_ne-604-tablebasse-ambiance-1024x1024.webp 1024w, https:\/\/www.made-in-meubles.com\/blog\/wp-content\/uploads\/2023\/03\/product_n_e_ne-604-tablebasse-ambiance-300x300.webp 300w, https:\/\/www.made-in-meubles.com\/blog\/wp-content\/uploads\/2023\/03\/product_n_e_ne-604-tablebasse-ambiance-150x150.webp 150w, https:\/\/www.made-in-meubles.com\/blog\/wp-content\/uploads\/2023\/03\/product_n_e_ne-604-tablebasse-ambiance-768x768.webp 768w, https:\/\/www.made-in-meubles.com\/blog\/wp-content\/uploads\/2023\/03\/product_n_e_ne-604-tablebasse-ambiance.webp 1200w\" sizes=\"(max-width: 1024px) 100vw, 1024px\" \/>\t\t\t\t\t\t\t\t<\/a>\n\t\t\t\t\t\t\t\t\t\t\t<figcaption class=\"widget-image-caption wp-caption-text\">\u00a9 Table basse Rom\u00e9o<\/figcaption>\n\t\t\t\t\t\t\t\t\t\t<\/figure>\n\t\t\t\t\t\t\t\t\t<\/div>\n\t\t\t\t<\/div>\n\t\t\t\t<div class=\"elementor-element elementor-element-bc27c57 elementor-widget elementor-widget-image\" data-id=\"bc27c57\" data-element_type=\"widget\" data-widget_type=\"image.default\">\n\t\t\t\t<div class=\"elementor-widget-container\">\n\t\t\t\t\t\t\t\t\t\t\t\t<figure class=\"wp-caption\">\n\t\t\t\t\t\t\t\t\t\t\t<a href=\"https:\/\/www.made-in-meubles.com\/produits\/table-table-basse\/table-basse.html\">\n\t\t\t\t\t\t\t<img width=\"1024\" height=\"1024\" src=\"https:\/\/www.made-in-meubles.com\/blog\/wp-content\/uploads\/2023\/04\/gl83-amb-tablebasse-face-1024x1024.webp\" class=\"attachment-large size-large\" alt=\"\" srcset=\"https:\/\/www.made-in-meubles.com\/blog\/wp-content\/uploads\/2023\/04\/gl83-amb-tablebasse-face-1024x1024.webp 1024w, https:\/\/www.made-in-meubles.com\/blog\/wp-content\/uploads\/2023\/04\/gl83-amb-tablebasse-face-300x300.webp 300w, https:\/\/www.made-in-meubles.com\/blog\/wp-content\/uploads\/2023\/04\/gl83-amb-tablebasse-face-150x150.webp 150w, https:\/\/www.made-in-meubles.com\/blog\/wp-content\/uploads\/2023\/04\/gl83-amb-tablebasse-face-768x768.webp 768w, https:\/\/www.made-in-meubles.com\/blog\/wp-content\/uploads\/2023\/04\/gl83-amb-tablebasse-face.webp 1200w\" sizes=\"(max-width: 1024px) 100vw, 1024px\" \/>\t\t\t\t\t\t\t\t<\/a>\n\t\t\t\t\t\t\t\t\t\t\t<figcaption class=\"widget-image-caption wp-caption-text\">\u00a9 Table basse Silas<\/figcaption>\n\t\t\t\t\t\t\t\t\t\t<\/figure>\n\t\t\t\t\t\t\t\t\t<\/div>\n\t\t\t\t<\/div>\n\t\t\t\t\t<\/div>\n\t\t<\/div>\n\t\t\t\t<div class=\"elementor-column elementor-col-50 elementor-top-column elementor-element elementor-element-7460704\" data-id=\"7460704\" data-element_type=\"column\">\n\t\t\t<div class=\"elementor-widget-wrap elementor-element-populated\">\n\t\t\t\t\t\t\t\t<div class=\"elementor-element elementor-element-820af3d elementor-widget elementor-widget-image\" data-id=\"820af3d\" data-element_type=\"widget\" data-widget_type=\"image.default\">\n\t\t\t\t<div class=\"elementor-widget-container\">\n\t\t\t\t\t\t\t\t\t\t\t\t<figure class=\"wp-caption\">\n\t\t\t\t\t\t\t\t\t\t\t<a href=\"https:\/\/www.made-in-meubles.com\/miroir-petit-model-p-irsh58\">\n\t\t\t\t\t\t\t<img width=\"1024\" height=\"1024\" src=\"https:\/\/www.made-in-meubles.com\/blog\/wp-content\/uploads\/2023\/03\/irsh58-miroir-ambiance-2-1024x1024.webp\" class=\"attachment-large size-large\" alt=\"\" srcset=\"https:\/\/www.made-in-meubles.com\/blog\/wp-content\/uploads\/2023\/03\/irsh58-miroir-ambiance-2-1024x1024.webp 1024w, https:\/\/www.made-in-meubles.com\/blog\/wp-content\/uploads\/2023\/03\/irsh58-miroir-ambiance-2-300x300.webp 300w, https:\/\/www.made-in-meubles.com\/blog\/wp-content\/uploads\/2023\/03\/irsh58-miroir-ambiance-2-150x150.webp 150w, https:\/\/www.made-in-meubles.com\/blog\/wp-content\/uploads\/2023\/03\/irsh58-miroir-ambiance-2-768x768.webp 768w, https:\/\/www.made-in-meubles.com\/blog\/wp-content\/uploads\/2023\/03\/irsh58-miroir-ambiance-2.webp 1200w\" sizes=\"(max-width: 1024px) 100vw, 1024px\" \/>\t\t\t\t\t\t\t\t<\/a>\n\t\t\t\t\t\t\t\t\t\t\t<figcaption class=\"widget-image-caption wp-caption-text\">\u00a9 Miroir Beryl<\/figcaption>\n\t\t\t\t\t\t\t\t\t\t<\/figure>\n\t\t\t\t\t\t\t\t\t<\/div>\n\t\t\t\t<\/div>\n\t\t\t\t<div class=\"elementor-element elementor-element-3801c42 elementor-widget elementor-widget-image\" data-id=\"3801c42\" data-element_type=\"widget\" data-widget_type=\"image.default\">\n\t\t\t\t<div class=\"elementor-widget-container\">\n\t\t\t\t\t\t\t\t\t\t\t\t<figure class=\"wp-caption\">\n\t\t\t\t\t\t\t\t\t\t\t<a href=\"https:\/\/www.made-in-meubles.com\/sculpture-bois-a-poser-p-bon07\">\n\t\t\t\t\t\t\t<img width=\"1024\" height=\"1024\" src=\"https:\/\/www.made-in-meubles.com\/blog\/wp-content\/uploads\/2023\/03\/bon07-sculpture-ambiance-1-1024x1024.webp\" class=\"attachment-large size-large\" alt=\"\" srcset=\"https:\/\/www.made-in-meubles.com\/blog\/wp-content\/uploads\/2023\/03\/bon07-sculpture-ambiance-1-1024x1024.webp 1024w, https:\/\/www.made-in-meubles.com\/blog\/wp-content\/uploads\/2023\/03\/bon07-sculpture-ambiance-1-300x300.webp 300w, https:\/\/www.made-in-meubles.com\/blog\/wp-content\/uploads\/2023\/03\/bon07-sculpture-ambiance-1-150x150.webp 150w, https:\/\/www.made-in-meubles.com\/blog\/wp-content\/uploads\/2023\/03\/bon07-sculpture-ambiance-1-768x768.webp 768w, https:\/\/www.made-in-meubles.com\/blog\/wp-content\/uploads\/2023\/03\/bon07-sculpture-ambiance-1.webp 1200w\" sizes=\"(max-width: 1024px) 100vw, 1024px\" \/>\t\t\t\t\t\t\t\t<\/a>\n\t\t\t\t\t\t\t\t\t\t\t<figcaption class=\"widget-image-caption wp-caption-text\">\u00a9 Sculpture Fannie<\/figcaption>\n\t\t\t\t\t\t\t\t\t\t<\/figure>\n\t\t\t\t\t\t\t\t\t<\/div>\n\t\t\t\t<\/div>\n\t\t\t\t\t<\/div>\n\t\t<\/div>\n\t\t\t\t\t\t\t<\/div>\n\t\t<\/section>\n\t\t\t\t<section class=\"elementor-section elementor-top-section elementor-element elementor-element-c1e34b0 elementor-section-boxed elementor-section-height-default elementor-section-height-default\" data-id=\"c1e34b0\" data-element_type=\"section\" data-settings=\"{&quot;jet_parallax_layout_list&quot;:[]}\">\n\t\t\t\t\t\t<div class=\"elementor-container elementor-column-gap-default\">\n\t\t\t\t\t<div class=\"elementor-column elementor-col-100 elementor-top-column elementor-element elementor-element-1a2195d\" data-id=\"1a2195d\" data-element_type=\"column\">\n\t\t\t<div class=\"elementor-widget-wrap elementor-element-populated\">\n\t\t\t\t\t\t\t\t<div class=\"elementor-element elementor-element-c4bab03 elementor-widget elementor-widget-heading\" data-id=\"c4bab03\" data-element_type=\"widget\" data-widget_type=\"heading.default\">\n\t\t\t\t<div class=\"elementor-widget-container\">\n\t\t\t<h2 class=\"elementor-heading-title elementor-size-default\">Ajoutez des mat\u00e9riaux luxueux<\/h2>\t\t<\/div>\n\t\t\t\t<\/div>\n\t\t\t\t\t<\/div>\n\t\t<\/div>\n\t\t\t\t\t\t\t<\/div>\n\t\t<\/section>\n\t\t\t\t<section class=\"elementor-section elementor-top-section elementor-element elementor-element-305ccc5 elementor-section-boxed elementor-section-height-default elementor-section-height-default\" data-id=\"305ccc5\" data-element_type=\"section\" data-settings=\"{&quot;jet_parallax_layout_list&quot;:[]}\">\n\t\t\t\t\t\t<div class=\"elementor-container elementor-column-gap-default\">\n\t\t\t\t\t<div class=\"elementor-column elementor-col-100 elementor-top-column elementor-element elementor-element-8861a06\" data-id=\"8861a06\" data-element_type=\"column\">\n\t\t\t<div class=\"elementor-widget-wrap elementor-element-populated\">\n\t\t\t\t\t\t\t\t<div class=\"elementor-element elementor-element-51aabdd elementor-widget elementor-widget-text-editor\" data-id=\"51aabdd\" data-element_type=\"widget\" data-widget_type=\"text-editor.default\">\n\t\t\t\t<div class=\"elementor-widget-container\">\n\t\t\t\t\t\t\t<p><span style=\"background-color: transparent; color: #000000; font-family: Montserrat, sans-serif; font-size: 11pt; white-space: pre-wrap; font-weight: var( --e-global-typography-text-font-weight ); letter-spacing: -0.8px;\">L&rsquo;Art d\u00e9co est synonyme de luxe, alors n&rsquo;ayez pas peur d&rsquo;ajouter des mat\u00e9riaux luxueux comme le velours ou la soie \u00e0 votre d\u00e9coration. Ces mat\u00e9riaux apporteront un air de sophistication et de glamour \u00e0 n&rsquo;importe quelle pi\u00e8ce de votre maison. L&rsquo;incorporation de ces mat\u00e9riaux contribuera \u00e9galement \u00e0 rendre une pi\u00e8ce plus accueillante et plus confortable.<\/span><\/p>\t\t\t\t\t\t<\/div>\n\t\t\t\t<\/div>\n\t\t\t\t\t<\/div>\n\t\t<\/div>\n\t\t\t\t\t\t\t<\/div>\n\t\t<\/section>\n\t\t\t\t<section class=\"elementor-section elementor-top-section elementor-element elementor-element-56d0c91 elementor-section-boxed elementor-section-height-default elementor-section-height-default\" data-id=\"56d0c91\" data-element_type=\"section\" data-settings=\"{&quot;jet_parallax_layout_list&quot;:[]}\">\n\t\t\t\t\t\t<div class=\"elementor-container elementor-column-gap-default\">\n\t\t\t\t\t<div class=\"elementor-column elementor-col-50 elementor-top-column elementor-element elementor-element-553d42a\" data-id=\"553d42a\" data-element_type=\"column\">\n\t\t\t<div class=\"elementor-widget-wrap elementor-element-populated\">\n\t\t\t\t\t\t\t\t<div class=\"elementor-element elementor-element-8c3d34e elementor-widget elementor-widget-image\" data-id=\"8c3d34e\" data-element_type=\"widget\" data-widget_type=\"image.default\">\n\t\t\t\t<div class=\"elementor-widget-container\">\n\t\t\t\t\t\t\t\t\t\t\t\t<figure class=\"wp-caption\">\n\t\t\t\t\t\t\t\t\t\t\t<a href=\"https:\/\/www.made-in-meubles.com\/fauteuil-en-velours-et-metal-dore-albin-p-su21\">\n\t\t\t\t\t\t\t<img width=\"1024\" height=\"1024\" src=\"https:\/\/www.made-in-meubles.com\/blog\/wp-content\/uploads\/2023\/03\/su21-fauteuil-ambiance-biais-1024x1024.webp\" class=\"attachment-large size-large\" alt=\"\" srcset=\"https:\/\/www.made-in-meubles.com\/blog\/wp-content\/uploads\/2023\/03\/su21-fauteuil-ambiance-biais-1024x1024.webp 1024w, https:\/\/www.made-in-meubles.com\/blog\/wp-content\/uploads\/2023\/03\/su21-fauteuil-ambiance-biais-300x300.webp 300w, https:\/\/www.made-in-meubles.com\/blog\/wp-content\/uploads\/2023\/03\/su21-fauteuil-ambiance-biais-150x150.webp 150w, https:\/\/www.made-in-meubles.com\/blog\/wp-content\/uploads\/2023\/03\/su21-fauteuil-ambiance-biais-768x768.webp 768w, https:\/\/www.made-in-meubles.com\/blog\/wp-content\/uploads\/2023\/03\/su21-fauteuil-ambiance-biais.webp 1200w\" sizes=\"(max-width: 1024px) 100vw, 1024px\" \/>\t\t\t\t\t\t\t\t<\/a>\n\t\t\t\t\t\t\t\t\t\t\t<figcaption class=\"widget-image-caption wp-caption-text\">\u00a9 Fauteuil Albin<\/figcaption>\n\t\t\t\t\t\t\t\t\t\t<\/figure>\n\t\t\t\t\t\t\t\t\t<\/div>\n\t\t\t\t<\/div>\n\t\t\t\t\t<\/div>\n\t\t<\/div>\n\t\t\t\t<div class=\"elementor-column elementor-col-50 elementor-top-column elementor-element elementor-element-e8a7f9d\" data-id=\"e8a7f9d\" data-element_type=\"column\">\n\t\t\t<div class=\"elementor-widget-wrap elementor-element-populated\">\n\t\t\t\t\t\t\t\t<div class=\"elementor-element elementor-element-241d03e elementor-widget elementor-widget-image\" data-id=\"241d03e\" data-element_type=\"widget\" data-widget_type=\"image.default\">\n\t\t\t\t<div class=\"elementor-widget-container\">\n\t\t\t\t\t\t\t\t\t\t\t\t<figure class=\"wp-caption\">\n\t\t\t\t\t\t\t\t\t\t\t<a href=\"https:\/\/www.made-in-meubles.com\/fauteuil-velour-p-ch20\">\n\t\t\t\t\t\t\t<img width=\"1024\" height=\"1024\" src=\"https:\/\/www.made-in-meubles.com\/blog\/wp-content\/uploads\/2023\/03\/ch20-fauteuil-ambiance-1-1024x1024.webp\" class=\"attachment-large size-large\" alt=\"\" srcset=\"https:\/\/www.made-in-meubles.com\/blog\/wp-content\/uploads\/2023\/03\/ch20-fauteuil-ambiance-1-1024x1024.webp 1024w, https:\/\/www.made-in-meubles.com\/blog\/wp-content\/uploads\/2023\/03\/ch20-fauteuil-ambiance-1-300x300.webp 300w, https:\/\/www.made-in-meubles.com\/blog\/wp-content\/uploads\/2023\/03\/ch20-fauteuil-ambiance-1-150x150.webp 150w, https:\/\/www.made-in-meubles.com\/blog\/wp-content\/uploads\/2023\/03\/ch20-fauteuil-ambiance-1-768x768.webp 768w, https:\/\/www.made-in-meubles.com\/blog\/wp-content\/uploads\/2023\/03\/ch20-fauteuil-ambiance-1.webp 1200w\" sizes=\"(max-width: 1024px) 100vw, 1024px\" \/>\t\t\t\t\t\t\t\t<\/a>\n\t\t\t\t\t\t\t\t\t\t\t<figcaption class=\"widget-image-caption wp-caption-text\">\u00a9 Fauteuil T\u00e9rence<\/figcaption>\n\t\t\t\t\t\t\t\t\t\t<\/figure>\n\t\t\t\t\t\t\t\t\t<\/div>\n\t\t\t\t<\/div>\n\t\t\t\t\t<\/div>\n\t\t<\/div>\n\t\t\t\t\t\t\t<\/div>\n\t\t<\/section>\n\t\t\t\t<section class=\"elementor-section elementor-top-section elementor-element elementor-element-cd70f51 elementor-section-boxed elementor-section-height-default elementor-section-height-default\" data-id=\"cd70f51\" data-element_type=\"section\" data-settings=\"{&quot;jet_parallax_layout_list&quot;:[]}\">\n\t\t\t\t\t\t<div class=\"elementor-container elementor-column-gap-default\">\n\t\t\t\t\t<div class=\"elementor-column elementor-col-100 elementor-top-column elementor-element elementor-element-8d54424\" data-id=\"8d54424\" data-element_type=\"column\">\n\t\t\t<div class=\"elementor-widget-wrap elementor-element-populated\">\n\t\t\t\t\t\t\t\t<div class=\"elementor-element elementor-element-3e4732f elementor-widget elementor-widget-text-editor\" data-id=\"3e4732f\" data-element_type=\"widget\" data-widget_type=\"text-editor.default\">\n\t\t\t\t<div class=\"elementor-widget-container\">\n\t\t\t\t\t\t\t<p><span style=\"background-color: transparent; color: #000000; font-family: Montserrat, sans-serif; font-size: 11pt; white-space: pre-wrap; font-weight: var( --e-global-typography-text-font-weight ); letter-spacing: -0.8px;\">Le style Art d\u00e9co est certainement l&rsquo;un des styles \u00e0 prendre en compte lorsque vous cherchez \u00e0 moderniser l&rsquo;apparence de votre maison. Avec ses couleurs vives, ses motifs g\u00e9om\u00e9triques et ses mat\u00e9riaux luxueux, il est facile de comprendre pourquoi tant de gens optent pour ce style intemporel dans leur maison aujourd&rsquo;hui. Que vous choisissiez de vous lancer \u00e0 corps perdu dans une transformation Art d\u00e9co ou que vous vous contentiez d&rsquo;apporter quelques petites touches ici et l\u00e0, vous serez certainement en mesure de cr\u00e9er un int\u00e9rieur magnifique qui refl\u00e8te votre go\u00fbt unique !<\/span><\/p>\t\t\t\t\t\t<\/div>\n\t\t\t\t<\/div>\n\t\t\t\t\t<\/div>\n\t\t<\/div>\n\t\t\t\t\t\t\t<\/div>\n\t\t<\/section>\n\t\t\t\t\t\t\t<\/div>\n\t\t","protected":false},"excerpt":{"rendered":"<p>L&rsquo;Art d\u00e9co est un style populaire qui est devenu de plus en plus populaire au cours des derni\u00e8res ann\u00e9es. Avec son aspect luxueux et moderne, il n&rsquo;est pas \u00e9tonnant que les gens optent pour ce design \u00e9l\u00e9gant dans leurs maisons. Si vous \u00eates \u00e0 la recherche d&rsquo;un moyen de donner un coup de jeune \u00e0 [&hellip;]<\/p>\n","protected":false},"author":27,"featured_media":11387,"comment_status":"open","ping_status":"open","sticky":false,"template":"","format":"standard","meta":[],"categories":[5],"tags":[],"acf":[],"_links":{"self":[{"href":"https:\/\/www.made-in-meubles.com\/blog\/wp-json\/wp\/v2\/posts\/11378"}],"collection":[{"href":"https:\/\/www.made-in-meubles.com\/blog\/wp-json\/wp\/v2\/posts"}],"about":[{"href":"https:\/\/www.made-in-meubles.com\/blog\/wp-json\/wp\/v2\/types\/post"}],"author":[{"embeddable":true,"href":"https:\/\/www.made-in-meubles.com\/blog\/wp-json\/wp\/v2\/users\/27"}],"replies":[{"embeddable":true,"href":"https:\/\/www.made-in-meubles.com\/blog\/wp-json\/wp\/v2\/comments?post=11378"}],"version-history":[{"count":18,"href":"https:\/\/www.made-in-meubles.com\/blog\/wp-json\/wp\/v2\/posts\/11378\/revisions"}],"predecessor-version":[{"id":17672,"href":"https:\/\/www.made-in-meubles.com\/blog\/wp-json\/wp\/v2\/posts\/11378\/revisions\/17672"}],"wp:featuredmedia":[{"embeddable":true,"href":"https:\/\/www.made-in-meubles.com\/blog\/wp-json\/wp\/v2\/media\/11387"}],"wp:attachment":[{"href":"https:\/\/www.made-in-meubles.com\/blog\/wp-json\/wp\/v2\/media?parent=11378"}],"wp:term":[{"taxonomy":"category","embeddable":true,"href":"https:\/\/www.made-in-meubles.com\/blog\/wp-json\/wp\/v2\/categories?post=11378"},{"taxonomy":"post_tag","embeddable":true,"href":"https:\/\/www.made-in-meubles.com\/blog\/wp-json\/wp\/v2\/tags?post=11378"}],"curies":[{"name":"wp","href":"https:\/\/api.w.org\/{rel}","templated":true}]}}