{"id":12609,"date":"2023-10-18T16:20:11","date_gmt":"2023-10-18T14:20:11","guid":{"rendered":"https:\/\/www.made-in-meubles.com\/blog\/?p=12609"},"modified":"2026-04-16T09:41:15","modified_gmt":"2026-04-16T07:41:15","slug":"idee-deco-pour-chambre-enfant","status":"publish","type":"post","link":"https:\/\/www.made-in-meubles.com\/blog\/idee-deco-pour-chambre-enfant\/","title":{"rendered":"Id\u00e9es de chambre d&rsquo;enfant : cr\u00e9ez un univers inspirant !"},"content":{"rendered":"\t\t<div data-elementor-type=\"wp-post\" data-elementor-id=\"12609\" class=\"elementor elementor-12609\">\n\t\t\t\t\t\t\t\t\t<section class=\"elementor-section elementor-top-section elementor-element elementor-element-1ea31e6 elementor-section-boxed elementor-section-height-default elementor-section-height-default\" data-id=\"1ea31e6\" data-element_type=\"section\" data-settings=\"{&quot;jet_parallax_layout_list&quot;:[]}\">\n\t\t\t\t\t\t<div class=\"elementor-container elementor-column-gap-default\">\n\t\t\t\t\t<div class=\"elementor-column elementor-col-100 elementor-top-column elementor-element elementor-element-991de7a\" data-id=\"991de7a\" data-element_type=\"column\">\n\t\t\t<div class=\"elementor-widget-wrap elementor-element-populated\">\n\t\t\t\t\t\t\t\t<div class=\"elementor-element elementor-element-e787fcc elementor-widget elementor-widget-text-editor\" data-id=\"e787fcc\" data-element_type=\"widget\" data-widget_type=\"text-editor.default\">\n\t\t\t\t<div class=\"elementor-widget-container\">\n\t\t\t<style>\/*! elementor - v3.6.5 - 27-04-2022 *\/\n.elementor-widget-text-editor.elementor-drop-cap-view-stacked .elementor-drop-cap{background-color:#818a91;color:#fff}.elementor-widget-text-editor.elementor-drop-cap-view-framed .elementor-drop-cap{color:#818a91;border:3px solid;background-color:transparent}.elementor-widget-text-editor:not(.elementor-drop-cap-view-default) .elementor-drop-cap{margin-top:8px}.elementor-widget-text-editor:not(.elementor-drop-cap-view-default) .elementor-drop-cap-letter{width:1em;height:1em}.elementor-widget-text-editor .elementor-drop-cap{float:left;text-align:center;line-height:1;font-size:50px}.elementor-widget-text-editor .elementor-drop-cap-letter{display:inline-block}<\/style>\t\t\t\t<p><span style=\"color: #000000; font-family: Inter, sans-serif; font-size: 12pt; white-space-collapse: preserve; font-weight: var( --e-global-typography-text-font-weight ); letter-spacing: -0.8px;\">La chambre d&rsquo;enfant est un lieu de jeu, de sommeil, de r\u00eaverie et de cr\u00e9ation. Les meubles (<a href=\"https:\/\/www.made-in-meubles.com\/produits\/tete-de-lit-chevet\/chevet.html\">table de chevet<\/a>, commode, bureau&#8230;) et la d\u00e9coration de cette pi\u00e8ce doivent donc \u00eatre adapt\u00e9s \u00e0 leurs besoins, s\u00fbr, pratique et esth\u00e9tique. Chez Made In Meubles, nous avons une grande s\u00e9lection de meubles qui r\u00e9pondent \u00e0 tous ces crit\u00e8res. Dans cet article, nous partagerons avec vous des id\u00e9es d&rsquo;inspiration pour les chambres d&rsquo;enfants avec nos meubles. Pr\u00e9parez-vous \u00e0 \u00eatre inspir\u00e9 pour cr\u00e9er la chambre d&rsquo;enfant id\u00e9ale pour votre petit ange !<\/span><\/p>\t\t\t\t\t\t<\/div>\n\t\t\t\t<\/div>\n\t\t\t\t\t<\/div>\n\t\t<\/div>\n\t\t\t\t\t\t\t<\/div>\n\t\t<\/section>\n\t\t\t\t<section class=\"elementor-section elementor-top-section elementor-element elementor-element-c871cec elementor-section-boxed elementor-section-height-default elementor-section-height-default\" data-id=\"c871cec\" data-element_type=\"section\" data-settings=\"{&quot;jet_parallax_layout_list&quot;:[]}\">\n\t\t\t\t\t\t<div class=\"elementor-container elementor-column-gap-default\">\n\t\t\t\t\t<div class=\"elementor-column elementor-col-100 elementor-top-column elementor-element elementor-element-e571129\" data-id=\"e571129\" data-element_type=\"column\">\n\t\t\t<div class=\"elementor-widget-wrap elementor-element-populated\">\n\t\t\t\t\t\t\t\t<div class=\"elementor-element elementor-element-fd65bda elementor-widget elementor-widget-heading\" data-id=\"fd65bda\" data-element_type=\"widget\" data-widget_type=\"heading.default\">\n\t\t\t\t<div class=\"elementor-widget-container\">\n\t\t\t<style>\/*! elementor - v3.6.5 - 27-04-2022 *\/\n.elementor-heading-title{padding:0;margin:0;line-height:1}.elementor-widget-heading .elementor-heading-title[class*=elementor-size-]>a{color:inherit;font-size:inherit;line-height:inherit}.elementor-widget-heading .elementor-heading-title.elementor-size-small{font-size:15px}.elementor-widget-heading .elementor-heading-title.elementor-size-medium{font-size:19px}.elementor-widget-heading .elementor-heading-title.elementor-size-large{font-size:29px}.elementor-widget-heading .elementor-heading-title.elementor-size-xl{font-size:39px}.elementor-widget-heading .elementor-heading-title.elementor-size-xxl{font-size:59px}<\/style><h2 class=\"elementor-heading-title elementor-size-default\">Id\u00e9es de chambre d'enfant : Des lits douillets pour une bonne nuit de sommeil <\/h2>\t\t<\/div>\n\t\t\t\t<\/div>\n\t\t\t\t\t<\/div>\n\t\t<\/div>\n\t\t\t\t\t\t\t<\/div>\n\t\t<\/section>\n\t\t\t\t<section class=\"elementor-section elementor-top-section elementor-element elementor-element-6e4ee20 elementor-section-boxed elementor-section-height-default elementor-section-height-default\" data-id=\"6e4ee20\" data-element_type=\"section\" data-settings=\"{&quot;jet_parallax_layout_list&quot;:[]}\">\n\t\t\t\t\t\t<div class=\"elementor-container elementor-column-gap-default\">\n\t\t\t\t\t<div class=\"elementor-column elementor-col-100 elementor-top-column elementor-element elementor-element-5e4205c\" data-id=\"5e4205c\" data-element_type=\"column\">\n\t\t\t<div class=\"elementor-widget-wrap elementor-element-populated\">\n\t\t\t\t\t\t\t\t<div class=\"elementor-element elementor-element-db2127d elementor-widget elementor-widget-text-editor\" data-id=\"db2127d\" data-element_type=\"widget\" data-widget_type=\"text-editor.default\">\n\t\t\t\t<div class=\"elementor-widget-container\">\n\t\t\t\t\t\t\t<p><span style=\"color: #000000; font-family: Inter, sans-serif; font-size: 12pt; white-space-collapse: preserve; font-weight: var( --e-global-typography-text-font-weight ); letter-spacing: -0.8px;\">La chambre d&rsquo;enfant doit \u00eatre un lieu de repos et de sommeil confortable. Le choix du lit est donc crucial pour le bien-\u00eatre de votre enfant. Chez Made In Meubles, nous avons une vari\u00e9t\u00e9 de <a href=\"https:\/\/www.made-in-meubles.com\/produits\/tete-de-lit-chevet\/tete-de-lit.html\">t\u00eates de lits<\/a> adapt\u00e9es aux enfants. Que vous cherchiez un style minimaliste ou contemporain, nous avons ce qu&rsquo;il vous faut ! N&rsquo;h\u00e9sitez pas \u00e0 ajouter des coussins et des couvertures douces pour une nuit de sommeil reposante.<\/span><\/p>\t\t\t\t\t\t<\/div>\n\t\t\t\t<\/div>\n\t\t\t\t<div class=\"elementor-element elementor-element-ca5f7fb elementor-widget elementor-widget-image\" data-id=\"ca5f7fb\" data-element_type=\"widget\" data-widget_type=\"image.default\">\n\t\t\t\t<div class=\"elementor-widget-container\">\n\t\t\t<style>\/*! elementor - v3.6.5 - 27-04-2022 *\/\n.elementor-widget-image{text-align:center}.elementor-widget-image a{display:inline-block}.elementor-widget-image a img[src$=\".svg\"]{width:48px}.elementor-widget-image img{vertical-align:middle;display:inline-block}<\/style>\t\t\t\t\t\t\t\t\t<figure class=\"wp-caption\">\n\t\t\t\t\t\t\t\t\t\t\t<a href=\"https:\/\/www.made-in-meubles.com\/tete-de-lit-en-rotin-p-vdl-94\">\n\t\t\t\t\t\t\t<img width=\"1024\" height=\"1024\" src=\"https:\/\/www.made-in-meubles.com\/blog\/wp-content\/uploads\/2023\/10\/vdl-94-tetelit-ambiance-biais-1024x1024.webp\" class=\"attachment-large size-large\" alt=\"\" srcset=\"https:\/\/www.made-in-meubles.com\/blog\/wp-content\/uploads\/2023\/10\/vdl-94-tetelit-ambiance-biais-1024x1024.webp 1024w, https:\/\/www.made-in-meubles.com\/blog\/wp-content\/uploads\/2023\/10\/vdl-94-tetelit-ambiance-biais-300x300.webp 300w, https:\/\/www.made-in-meubles.com\/blog\/wp-content\/uploads\/2023\/10\/vdl-94-tetelit-ambiance-biais-150x150.webp 150w, https:\/\/www.made-in-meubles.com\/blog\/wp-content\/uploads\/2023\/10\/vdl-94-tetelit-ambiance-biais-768x768.webp 768w, https:\/\/www.made-in-meubles.com\/blog\/wp-content\/uploads\/2023\/10\/vdl-94-tetelit-ambiance-biais.webp 1200w\" sizes=\"(max-width: 1024px) 100vw, 1024px\" \/>\t\t\t\t\t\t\t\t<\/a>\n\t\t\t\t\t\t\t\t\t\t\t<figcaption class=\"widget-image-caption wp-caption-text\">T\u00eate de lit Othilie<\/figcaption>\n\t\t\t\t\t\t\t\t\t\t<\/figure>\n\t\t\t\t\t\t\t\t\t<\/div>\n\t\t\t\t<\/div>\n\t\t\t\t\t<\/div>\n\t\t<\/div>\n\t\t\t\t\t\t\t<\/div>\n\t\t<\/section>\n\t\t\t\t<section class=\"elementor-section elementor-top-section elementor-element elementor-element-f00dd1a elementor-section-boxed elementor-section-height-default elementor-section-height-default\" data-id=\"f00dd1a\" data-element_type=\"section\" data-settings=\"{&quot;jet_parallax_layout_list&quot;:[]}\">\n\t\t\t\t\t\t<div class=\"elementor-container elementor-column-gap-default\">\n\t\t\t\t\t<div class=\"elementor-column elementor-col-100 elementor-top-column elementor-element elementor-element-bd1a760\" data-id=\"bd1a760\" data-element_type=\"column\">\n\t\t\t<div class=\"elementor-widget-wrap elementor-element-populated\">\n\t\t\t\t\t\t\t\t<div class=\"elementor-element elementor-element-c331eb1 elementor-widget elementor-widget-heading\" data-id=\"c331eb1\" data-element_type=\"widget\" data-widget_type=\"heading.default\">\n\t\t\t\t<div class=\"elementor-widget-container\">\n\t\t\t<h2 class=\"elementor-heading-title elementor-size-default\">Id\u00e9es de chambre d'enfant : Des bureaux pour stimuler la cr\u00e9ativit\u00e9 <\/h2>\t\t<\/div>\n\t\t\t\t<\/div>\n\t\t\t\t\t<\/div>\n\t\t<\/div>\n\t\t\t\t\t\t\t<\/div>\n\t\t<\/section>\n\t\t\t\t<section class=\"elementor-section elementor-top-section elementor-element elementor-element-9e66446 elementor-section-boxed elementor-section-height-default elementor-section-height-default\" data-id=\"9e66446\" data-element_type=\"section\" data-settings=\"{&quot;jet_parallax_layout_list&quot;:[]}\">\n\t\t\t\t\t\t<div class=\"elementor-container elementor-column-gap-default\">\n\t\t\t\t\t<div class=\"elementor-column elementor-col-100 elementor-top-column elementor-element elementor-element-cf25156\" data-id=\"cf25156\" data-element_type=\"column\">\n\t\t\t<div class=\"elementor-widget-wrap elementor-element-populated\">\n\t\t\t\t\t\t\t\t<div class=\"elementor-element elementor-element-e45fab6 elementor-widget elementor-widget-text-editor\" data-id=\"e45fab6\" data-element_type=\"widget\" data-widget_type=\"text-editor.default\">\n\t\t\t\t<div class=\"elementor-widget-container\">\n\t\t\t\t\t\t\t<p><span style=\"color: #000000; font-family: Inter, sans-serif; font-size: 12pt; white-space-collapse: preserve; font-weight: var( --e-global-typography-text-font-weight ); letter-spacing: -0.8px;\">Cette pi\u00e8ce est \u00e9galement l&rsquo;endroit o\u00f9 votre enfant peut laisser libre cours \u00e0 son imagination et \u00e0 sa cr\u00e9ativit\u00e9. Un bureau est donc un meuble essentiel pour les enfants de tous \u00e2ges. Nous proposons des <a href=\"https:\/\/www.made-in-meubles.com\/produits\/table-table-basse\/table-bureau.html\">bureaux<\/a> adapt\u00e9s aux enfants, avec des tiroirs pour ranger les fournitures scolaires et artistiques. Vous pouvez ajouter des chaises ergonomiques et ajustables pour une posture optimale pendant les heures de travail d&rsquo;\u00e9tude et de dessin.<\/span><\/p>\t\t\t\t\t\t<\/div>\n\t\t\t\t<\/div>\n\t\t\t\t<div class=\"elementor-element elementor-element-3b31ec8 elementor-widget elementor-widget-image\" data-id=\"3b31ec8\" data-element_type=\"widget\" data-widget_type=\"image.default\">\n\t\t\t\t<div class=\"elementor-widget-container\">\n\t\t\t\t\t\t\t\t\t\t\t\t<figure class=\"wp-caption\">\n\t\t\t\t\t\t\t\t\t\t<img width=\"1024\" height=\"1024\" src=\"https:\/\/www.made-in-meubles.com\/blog\/wp-content\/uploads\/2023\/10\/CF26-Coiffeuse-ambiance-1024x1024.jpg\" class=\"attachment-large size-large\" alt=\"\" srcset=\"https:\/\/www.made-in-meubles.com\/blog\/wp-content\/uploads\/2023\/10\/CF26-Coiffeuse-ambiance-1024x1024.jpg 1024w, https:\/\/www.made-in-meubles.com\/blog\/wp-content\/uploads\/2023\/10\/CF26-Coiffeuse-ambiance-300x300.jpg 300w, https:\/\/www.made-in-meubles.com\/blog\/wp-content\/uploads\/2023\/10\/CF26-Coiffeuse-ambiance-150x150.jpg 150w, https:\/\/www.made-in-meubles.com\/blog\/wp-content\/uploads\/2023\/10\/CF26-Coiffeuse-ambiance-768x768.jpg 768w, https:\/\/www.made-in-meubles.com\/blog\/wp-content\/uploads\/2023\/10\/CF26-Coiffeuse-ambiance.jpg 1200w\" sizes=\"(max-width: 1024px) 100vw, 1024px\" \/>\t\t\t\t\t\t\t\t\t\t\t<figcaption class=\"widget-image-caption wp-caption-text\"><\/figcaption>\n\t\t\t\t\t\t\t\t\t\t<\/figure>\n\t\t\t\t\t\t\t\t\t<\/div>\n\t\t\t\t<\/div>\n\t\t\t\t\t<\/div>\n\t\t<\/div>\n\t\t\t\t\t\t\t<\/div>\n\t\t<\/section>\n\t\t\t\t<section class=\"elementor-section elementor-top-section elementor-element elementor-element-1677b14 elementor-section-boxed elementor-section-height-default elementor-section-height-default\" data-id=\"1677b14\" data-element_type=\"section\" data-settings=\"{&quot;jet_parallax_layout_list&quot;:[]}\">\n\t\t\t\t\t\t<div class=\"elementor-container elementor-column-gap-default\">\n\t\t\t\t\t<div class=\"elementor-column elementor-col-100 elementor-top-column elementor-element elementor-element-9a77ade\" data-id=\"9a77ade\" data-element_type=\"column\">\n\t\t\t<div class=\"elementor-widget-wrap elementor-element-populated\">\n\t\t\t\t\t\t\t\t<div class=\"elementor-element elementor-element-53b34fb elementor-widget elementor-widget-heading\" data-id=\"53b34fb\" data-element_type=\"widget\" data-widget_type=\"heading.default\">\n\t\t\t\t<div class=\"elementor-widget-container\">\n\t\t\t<h2 class=\"elementor-heading-title elementor-size-default\">Des meubles de rangement pour les livres et jouets parfaits pour une chambre d'enfant<\/h2>\t\t<\/div>\n\t\t\t\t<\/div>\n\t\t\t\t\t<\/div>\n\t\t<\/div>\n\t\t\t\t\t\t\t<\/div>\n\t\t<\/section>\n\t\t\t\t<section class=\"elementor-section elementor-top-section elementor-element elementor-element-9a3d4d4 elementor-section-boxed elementor-section-height-default elementor-section-height-default\" data-id=\"9a3d4d4\" data-element_type=\"section\" data-settings=\"{&quot;jet_parallax_layout_list&quot;:[]}\">\n\t\t\t\t\t\t<div class=\"elementor-container elementor-column-gap-default\">\n\t\t\t\t\t<div class=\"elementor-column elementor-col-100 elementor-top-column elementor-element elementor-element-c976ab8\" data-id=\"c976ab8\" data-element_type=\"column\">\n\t\t\t<div class=\"elementor-widget-wrap elementor-element-populated\">\n\t\t\t\t\t\t\t\t<div class=\"elementor-element elementor-element-99ff0d9 elementor-widget elementor-widget-text-editor\" data-id=\"99ff0d9\" data-element_type=\"widget\" data-widget_type=\"text-editor.default\">\n\t\t\t\t<div class=\"elementor-widget-container\">\n\t\t\t\t\t\t\t<p><span style=\"color: #000000; font-family: Inter, sans-serif; font-size: 12pt; white-space-collapse: preserve; font-weight: var( --e-global-typography-text-font-weight ); letter-spacing: -0.8px;\">Les enfants ont souvent beaucoup de jouets et de livres, mais une chambre encombr\u00e9e peut \u00eatre stressante pour eux et pour vous. Des \u00e9tag\u00e8res ou <a href=\"https:\/\/www.made-in-meubles.com\/produits\/commode-armoire\/commode.html\">commodes<\/a> sont donc des meubles de rangement indispensables pour la chambre d&rsquo;enfant. Chez Made In Meubles, nous avons diff\u00e9rents meubles pour ranger les livres, les jouets, les v\u00eatements, et tout ce dont votre enfant a besoin. <\/span><\/p>\t\t\t\t\t\t<\/div>\n\t\t\t\t<\/div>\n\t\t\t\t\t<\/div>\n\t\t<\/div>\n\t\t\t\t\t\t\t<\/div>\n\t\t<\/section>\n\t\t\t\t<section class=\"elementor-section elementor-top-section elementor-element elementor-element-244bdce elementor-section-boxed elementor-section-height-default elementor-section-height-default\" data-id=\"244bdce\" data-element_type=\"section\" data-settings=\"{&quot;jet_parallax_layout_list&quot;:[]}\">\n\t\t\t\t\t\t<div class=\"elementor-container elementor-column-gap-default\">\n\t\t\t\t\t<div class=\"elementor-column elementor-col-33 elementor-top-column elementor-element elementor-element-7e538f8\" data-id=\"7e538f8\" data-element_type=\"column\">\n\t\t\t<div class=\"elementor-widget-wrap elementor-element-populated\">\n\t\t\t\t\t\t\t\t<div class=\"elementor-element elementor-element-dff18c8 elementor-widget elementor-widget-image\" data-id=\"dff18c8\" data-element_type=\"widget\" data-widget_type=\"image.default\">\n\t\t\t\t<div class=\"elementor-widget-container\">\n\t\t\t\t\t\t\t\t\t\t\t\t<figure class=\"wp-caption\">\n\t\t\t\t\t\t\t\t\t\t\t<a href=\"https:\/\/www.made-in-meubles.com\/commode-divers-tiroirs-imprimes-pastel-p-re32\">\n\t\t\t\t\t\t\t<img width=\"1024\" height=\"1024\" src=\"https:\/\/www.made-in-meubles.com\/blog\/wp-content\/uploads\/2023\/10\/RE32-Commode-ambiance-04-1024x1024.jpg\" class=\"attachment-large size-large\" alt=\"Commode en bois de manguier et m\u00e9tal Vic\" srcset=\"https:\/\/www.made-in-meubles.com\/blog\/wp-content\/uploads\/2023\/10\/RE32-Commode-ambiance-04-1024x1024.jpg 1024w, https:\/\/www.made-in-meubles.com\/blog\/wp-content\/uploads\/2023\/10\/RE32-Commode-ambiance-04-300x300.jpg 300w, https:\/\/www.made-in-meubles.com\/blog\/wp-content\/uploads\/2023\/10\/RE32-Commode-ambiance-04-150x150.jpg 150w, https:\/\/www.made-in-meubles.com\/blog\/wp-content\/uploads\/2023\/10\/RE32-Commode-ambiance-04-768x768.jpg 768w, https:\/\/www.made-in-meubles.com\/blog\/wp-content\/uploads\/2023\/10\/RE32-Commode-ambiance-04.jpg 1200w\" sizes=\"(max-width: 1024px) 100vw, 1024px\" \/>\t\t\t\t\t\t\t\t<\/a>\n\t\t\t\t\t\t\t\t\t\t\t<figcaption class=\"widget-image-caption wp-caption-text\"><\/figcaption>\n\t\t\t\t\t\t\t\t\t\t<\/figure>\n\t\t\t\t\t\t\t\t\t<\/div>\n\t\t\t\t<\/div>\n\t\t\t\t\t<\/div>\n\t\t<\/div>\n\t\t\t\t<div class=\"elementor-column elementor-col-33 elementor-top-column elementor-element elementor-element-7b87824\" data-id=\"7b87824\" data-element_type=\"column\">\n\t\t\t<div class=\"elementor-widget-wrap elementor-element-populated\">\n\t\t\t\t\t\t\t\t<div class=\"elementor-element elementor-element-71001c1 elementor-widget elementor-widget-image\" data-id=\"71001c1\" data-element_type=\"widget\" data-widget_type=\"image.default\">\n\t\t\t\t<div class=\"elementor-widget-container\">\n\t\t\t\t\t\t\t\t\t\t\t\t<figure class=\"wp-caption\">\n\t\t\t\t\t\t\t\t\t\t\t<a href=\"https:\/\/www.made-in-meubles.com\/double-commode-vieux-bois-p-dn990\">\n\t\t\t\t\t\t\t<img width=\"1024\" height=\"1024\" src=\"https:\/\/www.made-in-meubles.com\/blog\/wp-content\/uploads\/2023\/10\/dn990-commode-amb-biais-1024x1024.webp\" class=\"attachment-large size-large\" alt=\"\" srcset=\"https:\/\/www.made-in-meubles.com\/blog\/wp-content\/uploads\/2023\/10\/dn990-commode-amb-biais-1024x1024.webp 1024w, https:\/\/www.made-in-meubles.com\/blog\/wp-content\/uploads\/2023\/10\/dn990-commode-amb-biais-300x300.webp 300w, https:\/\/www.made-in-meubles.com\/blog\/wp-content\/uploads\/2023\/10\/dn990-commode-amb-biais-150x150.webp 150w, https:\/\/www.made-in-meubles.com\/blog\/wp-content\/uploads\/2023\/10\/dn990-commode-amb-biais-768x768.webp 768w, https:\/\/www.made-in-meubles.com\/blog\/wp-content\/uploads\/2023\/10\/dn990-commode-amb-biais.webp 1200w\" sizes=\"(max-width: 1024px) 100vw, 1024px\" \/>\t\t\t\t\t\t\t\t<\/a>\n\t\t\t\t\t\t\t\t\t\t\t<figcaption class=\"widget-image-caption wp-caption-text\"><\/figcaption>\n\t\t\t\t\t\t\t\t\t\t<\/figure>\n\t\t\t\t\t\t\t\t\t<\/div>\n\t\t\t\t<\/div>\n\t\t\t\t\t<\/div>\n\t\t<\/div>\n\t\t\t\t<div class=\"elementor-column elementor-col-33 elementor-top-column elementor-element elementor-element-b0484f6\" data-id=\"b0484f6\" data-element_type=\"column\">\n\t\t\t<div class=\"elementor-widget-wrap elementor-element-populated\">\n\t\t\t\t\t\t\t\t<div class=\"elementor-element elementor-element-2449a1e elementor-widget elementor-widget-image\" data-id=\"2449a1e\" data-element_type=\"widget\" data-widget_type=\"image.default\">\n\t\t\t\t<div class=\"elementor-widget-container\">\n\t\t\t\t\t\t\t\t\t\t\t\t<figure class=\"wp-caption\">\n\t\t\t\t\t\t\t\t\t\t\t<a href=\"https:\/\/www.made-in-meubles.com\/table-de-chevet-en-bois-de-manguier-4-tiroirs-maeva-p-lela58\">\n\t\t\t\t\t\t\t<img width=\"1024\" height=\"1024\" src=\"https:\/\/www.made-in-meubles.com\/blog\/wp-content\/uploads\/2023\/10\/LELA58-chevet-ambiance-client-1-1024x1024.jpg\" class=\"attachment-large size-large\" alt=\"Table de chevet en bois de manguier 4 tiroirs Ma\u00ebva\" srcset=\"https:\/\/www.made-in-meubles.com\/blog\/wp-content\/uploads\/2023\/10\/LELA58-chevet-ambiance-client-1-1024x1024.jpg 1024w, https:\/\/www.made-in-meubles.com\/blog\/wp-content\/uploads\/2023\/10\/LELA58-chevet-ambiance-client-1-300x300.jpg 300w, https:\/\/www.made-in-meubles.com\/blog\/wp-content\/uploads\/2023\/10\/LELA58-chevet-ambiance-client-1-150x150.jpg 150w, https:\/\/www.made-in-meubles.com\/blog\/wp-content\/uploads\/2023\/10\/LELA58-chevet-ambiance-client-1-768x768.jpg 768w, https:\/\/www.made-in-meubles.com\/blog\/wp-content\/uploads\/2023\/10\/LELA58-chevet-ambiance-client-1.jpg 1200w\" sizes=\"(max-width: 1024px) 100vw, 1024px\" \/>\t\t\t\t\t\t\t\t<\/a>\n\t\t\t\t\t\t\t\t\t\t\t<figcaption class=\"widget-image-caption wp-caption-text\"><\/figcaption>\n\t\t\t\t\t\t\t\t\t\t<\/figure>\n\t\t\t\t\t\t\t\t\t<\/div>\n\t\t\t\t<\/div>\n\t\t\t\t\t<\/div>\n\t\t<\/div>\n\t\t\t\t\t\t\t<\/div>\n\t\t<\/section>\n\t\t\t\t<section class=\"elementor-section elementor-top-section elementor-element elementor-element-fef1d84 elementor-section-boxed elementor-section-height-default elementor-section-height-default\" data-id=\"fef1d84\" data-element_type=\"section\" data-settings=\"{&quot;jet_parallax_layout_list&quot;:[]}\">\n\t\t\t\t\t\t<div class=\"elementor-container elementor-column-gap-default\">\n\t\t\t\t\t<div class=\"elementor-column elementor-col-100 elementor-top-column elementor-element elementor-element-c0c44a1\" data-id=\"c0c44a1\" data-element_type=\"column\">\n\t\t\t<div class=\"elementor-widget-wrap elementor-element-populated\">\n\t\t\t\t\t\t\t\t<div class=\"elementor-element elementor-element-f3b17e9 elementor-widget elementor-widget-image\" data-id=\"f3b17e9\" data-element_type=\"widget\" data-widget_type=\"image.default\">\n\t\t\t\t<div class=\"elementor-widget-container\">\n\t\t\t\t\t\t\t\t\t\t\t\t\t\t\t\t<a href=\"https:\/\/www.made-in-meubles.com\/commode-en-bois-de-manguier-sadie-p-pav30\">\n\t\t\t\t\t\t\t<img width=\"1024\" height=\"1024\" src=\"https:\/\/www.made-in-meubles.com\/blog\/wp-content\/uploads\/2023\/10\/pav30-commode-amb-face-1024x1024.webp\" class=\"attachment-large size-large\" alt=\"\" srcset=\"https:\/\/www.made-in-meubles.com\/blog\/wp-content\/uploads\/2023\/10\/pav30-commode-amb-face-1024x1024.webp 1024w, https:\/\/www.made-in-meubles.com\/blog\/wp-content\/uploads\/2023\/10\/pav30-commode-amb-face-300x300.webp 300w, https:\/\/www.made-in-meubles.com\/blog\/wp-content\/uploads\/2023\/10\/pav30-commode-amb-face-150x150.webp 150w, https:\/\/www.made-in-meubles.com\/blog\/wp-content\/uploads\/2023\/10\/pav30-commode-amb-face-768x768.webp 768w, https:\/\/www.made-in-meubles.com\/blog\/wp-content\/uploads\/2023\/10\/pav30-commode-amb-face.webp 1200w\" sizes=\"(max-width: 1024px) 100vw, 1024px\" \/>\t\t\t\t\t\t\t\t<\/a>\n\t\t\t\t\t\t\t\t\t\t\t\t\t\t\t<\/div>\n\t\t\t\t<\/div>\n\t\t\t\t<div class=\"elementor-element elementor-element-70a6ae9 elementor-widget elementor-widget-heading\" data-id=\"70a6ae9\" data-element_type=\"widget\" data-widget_type=\"heading.default\">\n\t\t\t\t<div class=\"elementor-widget-container\">\n\t\t\t<h2 class=\"elementor-heading-title elementor-size-default\">Des accessoires de d\u00e9corations pour personnaliser la chambre d'enfant<\/h2>\t\t<\/div>\n\t\t\t\t<\/div>\n\t\t\t\t\t<\/div>\n\t\t<\/div>\n\t\t\t\t\t\t\t<\/div>\n\t\t<\/section>\n\t\t\t\t<section class=\"elementor-section elementor-top-section elementor-element elementor-element-0be7fe7 elementor-section-boxed elementor-section-height-default elementor-section-height-default\" data-id=\"0be7fe7\" data-element_type=\"section\" data-settings=\"{&quot;jet_parallax_layout_list&quot;:[]}\">\n\t\t\t\t\t\t<div class=\"elementor-container elementor-column-gap-default\">\n\t\t\t\t\t<div class=\"elementor-column elementor-col-100 elementor-top-column elementor-element elementor-element-5c777dd\" data-id=\"5c777dd\" data-element_type=\"column\">\n\t\t\t<div class=\"elementor-widget-wrap elementor-element-populated\">\n\t\t\t\t\t\t\t\t<div class=\"elementor-element elementor-element-1ca9ec9 elementor-widget elementor-widget-text-editor\" data-id=\"1ca9ec9\" data-element_type=\"widget\" data-widget_type=\"text-editor.default\">\n\t\t\t\t<div class=\"elementor-widget-container\">\n\t\t\t\t\t\t\t<p><span style=\"color: #000000; font-family: Inter, sans-serif; font-size: 12pt; white-space-collapse: preserve; font-weight: var( --e-global-typography-text-font-weight ); letter-spacing: -0.8px;\">Enfin, n&rsquo;oubliez pas les <a href=\"https:\/\/www.made-in-meubles.com\/produits\/luminaire-deco\/decoration.html\">accessoires de d\u00e9coration<\/a> pour personnaliser la chambre d&rsquo;enfant et lui donner un style unique. Les coussins, les tapis, les rideaux, les lampes, les stickers muraux, les tableaux peuvent tous ajouter une touche de fantaisie et de personnalit\u00e9 \u00e0 la chambre d&rsquo;enfant. Nous avons une vari\u00e9t\u00e9 d&rsquo;accessoires de d\u00e9coration pour tous les go\u00fbts et les th\u00e8mes.<\/span><\/p>\t\t\t\t\t\t<\/div>\n\t\t\t\t<\/div>\n\t\t\t\t\t<\/div>\n\t\t<\/div>\n\t\t\t\t\t\t\t<\/div>\n\t\t<\/section>\n\t\t\t\t<section class=\"elementor-section elementor-top-section elementor-element elementor-element-1678bea elementor-section-boxed elementor-section-height-default elementor-section-height-default\" data-id=\"1678bea\" data-element_type=\"section\" data-settings=\"{&quot;jet_parallax_layout_list&quot;:[]}\">\n\t\t\t\t\t\t<div class=\"elementor-container elementor-column-gap-default\">\n\t\t\t\t\t<div class=\"elementor-column elementor-col-33 elementor-top-column elementor-element elementor-element-3e2e5e6\" data-id=\"3e2e5e6\" data-element_type=\"column\">\n\t\t\t<div class=\"elementor-widget-wrap elementor-element-populated\">\n\t\t\t\t\t\t\t\t<div class=\"elementor-element elementor-element-4014fa2 elementor-widget elementor-widget-image\" data-id=\"4014fa2\" data-element_type=\"widget\" data-widget_type=\"image.default\">\n\t\t\t\t<div class=\"elementor-widget-container\">\n\t\t\t\t\t\t\t\t\t\t\t\t<figure class=\"wp-caption\">\n\t\t\t\t\t\t\t\t\t\t<img width=\"1024\" height=\"1024\" src=\"https:\/\/www.made-in-meubles.com\/blog\/wp-content\/uploads\/2023\/10\/ABHI14-tapis-ambiance-client-2-1024x1024.jpg\" class=\"attachment-large size-large\" alt=\"\" srcset=\"https:\/\/www.made-in-meubles.com\/blog\/wp-content\/uploads\/2023\/10\/ABHI14-tapis-ambiance-client-2-1024x1024.jpg 1024w, https:\/\/www.made-in-meubles.com\/blog\/wp-content\/uploads\/2023\/10\/ABHI14-tapis-ambiance-client-2-300x300.jpg 300w, https:\/\/www.made-in-meubles.com\/blog\/wp-content\/uploads\/2023\/10\/ABHI14-tapis-ambiance-client-2-150x150.jpg 150w, https:\/\/www.made-in-meubles.com\/blog\/wp-content\/uploads\/2023\/10\/ABHI14-tapis-ambiance-client-2-768x768.jpg 768w, https:\/\/www.made-in-meubles.com\/blog\/wp-content\/uploads\/2023\/10\/ABHI14-tapis-ambiance-client-2.jpg 1200w\" sizes=\"(max-width: 1024px) 100vw, 1024px\" \/>\t\t\t\t\t\t\t\t\t\t\t<figcaption class=\"widget-image-caption wp-caption-text\"><\/figcaption>\n\t\t\t\t\t\t\t\t\t\t<\/figure>\n\t\t\t\t\t\t\t\t\t<\/div>\n\t\t\t\t<\/div>\n\t\t\t\t\t<\/div>\n\t\t<\/div>\n\t\t\t\t<div class=\"elementor-column elementor-col-33 elementor-top-column elementor-element elementor-element-e9fe818\" data-id=\"e9fe818\" data-element_type=\"column\">\n\t\t\t<div class=\"elementor-widget-wrap elementor-element-populated\">\n\t\t\t\t\t\t\t\t<div class=\"elementor-element elementor-element-6aa3479 elementor-widget elementor-widget-image\" data-id=\"6aa3479\" data-element_type=\"widget\" data-widget_type=\"image.default\">\n\t\t\t\t<div class=\"elementor-widget-container\">\n\t\t\t\t\t\t\t\t\t\t\t\t<figure class=\"wp-caption\">\n\t\t\t\t\t\t\t\t\t\t\t<a href=\"https:\/\/www.made-in-meubles.com\/tabouret-ecolier-petit-modele-p-ae276\">\n\t\t\t\t\t\t\t<img width=\"1024\" height=\"1024\" src=\"https:\/\/www.made-in-meubles.com\/blog\/wp-content\/uploads\/2023\/10\/AE276-tabouret-ambiance-client-2-1024x1024.jpg\" class=\"attachment-large size-large\" alt=\"Tabouret \u00e9colier m\u00e9tal et bois petit mod\u00e8le Marcus\" srcset=\"https:\/\/www.made-in-meubles.com\/blog\/wp-content\/uploads\/2023\/10\/AE276-tabouret-ambiance-client-2-1024x1024.jpg 1024w, https:\/\/www.made-in-meubles.com\/blog\/wp-content\/uploads\/2023\/10\/AE276-tabouret-ambiance-client-2-300x300.jpg 300w, https:\/\/www.made-in-meubles.com\/blog\/wp-content\/uploads\/2023\/10\/AE276-tabouret-ambiance-client-2-150x150.jpg 150w, https:\/\/www.made-in-meubles.com\/blog\/wp-content\/uploads\/2023\/10\/AE276-tabouret-ambiance-client-2-768x768.jpg 768w, https:\/\/www.made-in-meubles.com\/blog\/wp-content\/uploads\/2023\/10\/AE276-tabouret-ambiance-client-2.jpg 1200w\" sizes=\"(max-width: 1024px) 100vw, 1024px\" \/>\t\t\t\t\t\t\t\t<\/a>\n\t\t\t\t\t\t\t\t\t\t\t<figcaption class=\"widget-image-caption wp-caption-text\"><\/figcaption>\n\t\t\t\t\t\t\t\t\t\t<\/figure>\n\t\t\t\t\t\t\t\t\t<\/div>\n\t\t\t\t<\/div>\n\t\t\t\t\t<\/div>\n\t\t<\/div>\n\t\t\t\t<div class=\"elementor-column elementor-col-33 elementor-top-column elementor-element elementor-element-ecbb967\" data-id=\"ecbb967\" data-element_type=\"column\">\n\t\t\t<div class=\"elementor-widget-wrap elementor-element-populated\">\n\t\t\t\t\t\t\t\t<div class=\"elementor-element elementor-element-95bdffc elementor-widget elementor-widget-image\" data-id=\"95bdffc\" data-element_type=\"widget\" data-widget_type=\"image.default\">\n\t\t\t\t<div class=\"elementor-widget-container\">\n\t\t\t\t\t\t\t\t\t\t\t\t<figure class=\"wp-caption\">\n\t\t\t\t\t\t\t\t\t\t\t<a href=\"https:\/\/www.made-in-meubles.com\/tapis-en-coton-baptiste-p-abhi12\">\n\t\t\t\t\t\t\t<img width=\"1024\" height=\"1024\" src=\"https:\/\/www.made-in-meubles.com\/blog\/wp-content\/uploads\/2023\/10\/ABHI12-tapis-ambiance-client-2-1024x1024.jpg\" class=\"attachment-large size-large\" alt=\"Tapis en coton Baptiste\" srcset=\"https:\/\/www.made-in-meubles.com\/blog\/wp-content\/uploads\/2023\/10\/ABHI12-tapis-ambiance-client-2-1024x1024.jpg 1024w, https:\/\/www.made-in-meubles.com\/blog\/wp-content\/uploads\/2023\/10\/ABHI12-tapis-ambiance-client-2-300x300.jpg 300w, https:\/\/www.made-in-meubles.com\/blog\/wp-content\/uploads\/2023\/10\/ABHI12-tapis-ambiance-client-2-150x150.jpg 150w, https:\/\/www.made-in-meubles.com\/blog\/wp-content\/uploads\/2023\/10\/ABHI12-tapis-ambiance-client-2-768x768.jpg 768w, https:\/\/www.made-in-meubles.com\/blog\/wp-content\/uploads\/2023\/10\/ABHI12-tapis-ambiance-client-2.jpg 1200w\" sizes=\"(max-width: 1024px) 100vw, 1024px\" \/>\t\t\t\t\t\t\t\t<\/a>\n\t\t\t\t\t\t\t\t\t\t\t<figcaption class=\"widget-image-caption wp-caption-text\"><\/figcaption>\n\t\t\t\t\t\t\t\t\t\t<\/figure>\n\t\t\t\t\t\t\t\t\t<\/div>\n\t\t\t\t<\/div>\n\t\t\t\t\t<\/div>\n\t\t<\/div>\n\t\t\t\t\t\t\t<\/div>\n\t\t<\/section>\n\t\t\t\t<section class=\"elementor-section elementor-top-section elementor-element elementor-element-7c5358b elementor-section-boxed elementor-section-height-default elementor-section-height-default\" data-id=\"7c5358b\" data-element_type=\"section\" data-settings=\"{&quot;jet_parallax_layout_list&quot;:[]}\">\n\t\t\t\t\t\t<div class=\"elementor-container elementor-column-gap-default\">\n\t\t\t\t\t<div class=\"elementor-column elementor-col-100 elementor-top-column elementor-element elementor-element-2b2a6c2\" data-id=\"2b2a6c2\" data-element_type=\"column\">\n\t\t\t<div class=\"elementor-widget-wrap elementor-element-populated\">\n\t\t\t\t\t\t\t\t<div class=\"elementor-element elementor-element-81630f6 elementor-widget elementor-widget-image\" data-id=\"81630f6\" data-element_type=\"widget\" data-widget_type=\"image.default\">\n\t\t\t\t<div class=\"elementor-widget-container\">\n\t\t\t\t\t\t\t\t\t\t\t\t<figure class=\"wp-caption\">\n\t\t\t\t\t\t\t\t\t\t\t<a href=\"https:\/\/www.made-in-meubles.com\/coffre-banc-manguier-p-b805\">\n\t\t\t\t\t\t\t<img width=\"1024\" height=\"1024\" src=\"https:\/\/www.made-in-meubles.com\/blog\/wp-content\/uploads\/2024\/11\/b805-banc-amb-biais-1024x1024.webp\" class=\"attachment-large size-large\" alt=\"Coffre banc en bois de manguier Babeth\" srcset=\"https:\/\/www.made-in-meubles.com\/blog\/wp-content\/uploads\/2024\/11\/b805-banc-amb-biais-1024x1024.webp 1024w, https:\/\/www.made-in-meubles.com\/blog\/wp-content\/uploads\/2024\/11\/b805-banc-amb-biais-300x300.webp 300w, https:\/\/www.made-in-meubles.com\/blog\/wp-content\/uploads\/2024\/11\/b805-banc-amb-biais-150x150.webp 150w, https:\/\/www.made-in-meubles.com\/blog\/wp-content\/uploads\/2024\/11\/b805-banc-amb-biais-768x768.webp 768w, https:\/\/www.made-in-meubles.com\/blog\/wp-content\/uploads\/2024\/11\/b805-banc-amb-biais.webp 1200w\" sizes=\"(max-width: 1024px) 100vw, 1024px\" \/>\t\t\t\t\t\t\t\t<\/a>\n\t\t\t\t\t\t\t\t\t\t\t<figcaption class=\"widget-image-caption wp-caption-text\"><\/figcaption>\n\t\t\t\t\t\t\t\t\t\t<\/figure>\n\t\t\t\t\t\t\t\t\t<\/div>\n\t\t\t\t<\/div>\n\t\t\t\t<div class=\"elementor-element elementor-element-59d71ca elementor-widget elementor-widget-heading\" data-id=\"59d71ca\" data-element_type=\"widget\" data-widget_type=\"heading.default\">\n\t\t\t\t<div class=\"elementor-widget-container\">\n\t\t\t<h2 class=\"elementor-heading-title elementor-size-default\">Id\u00e9es de chambre enfant : Des fauteuils confortables pour une session de lecture <\/h2>\t\t<\/div>\n\t\t\t\t<\/div>\n\t\t\t\t<div class=\"elementor-element elementor-element-0521407 elementor-widget elementor-widget-text-editor\" data-id=\"0521407\" data-element_type=\"widget\" data-widget_type=\"text-editor.default\">\n\t\t\t\t<div class=\"elementor-widget-container\">\n\t\t\t\t\t\t\t<p><span style=\"color: #000000; font-family: Inter, sans-serif; font-size: 12pt; white-space-collapse: preserve; font-weight: var( --e-global-typography-text-font-weight ); letter-spacing: -0.8px;\">La lecture est une activit\u00e9 importante pour le d\u00e9veloppement de votre enfant. Un<a href=\"https:\/\/www.made-in-meubles.com\/produits\/assise\/fauteuil.html\"> fauteuil confortable<\/a> est donc un meuble essentiel pour les sessions de lecture et pour cette pi\u00e8ce. Chez Made In Meubles, nous proposons des fauteuils de diff\u00e9rentes couleurs et de diff\u00e9rentes mati\u00e8res. Vous pouvez ajouter des coussins pour le confort suppl\u00e9mentaire et pour encourager votre enfant \u00e0 se d\u00e9tendre et \u00e0 lire.<\/span><\/p>\t\t\t\t\t\t<\/div>\n\t\t\t\t<\/div>\n\t\t\t\t\t<\/div>\n\t\t<\/div>\n\t\t\t\t\t\t\t<\/div>\n\t\t<\/section>\n\t\t\t\t<section class=\"elementor-section elementor-top-section elementor-element elementor-element-6a63a19 elementor-section-boxed elementor-section-height-default elementor-section-height-default\" data-id=\"6a63a19\" data-element_type=\"section\" data-settings=\"{&quot;jet_parallax_layout_list&quot;:[]}\">\n\t\t\t\t\t\t<div class=\"elementor-container elementor-column-gap-default\">\n\t\t\t\t\t<div class=\"elementor-column elementor-col-33 elementor-top-column elementor-element elementor-element-4a785ff\" data-id=\"4a785ff\" data-element_type=\"column\">\n\t\t\t<div class=\"elementor-widget-wrap elementor-element-populated\">\n\t\t\t\t\t\t\t\t<div class=\"elementor-element elementor-element-507b000 elementor-widget elementor-widget-image\" data-id=\"507b000\" data-element_type=\"widget\" data-widget_type=\"image.default\">\n\t\t\t\t<div class=\"elementor-widget-container\">\n\t\t\t\t\t\t\t\t\t\t\t\t<figure class=\"wp-caption\">\n\t\t\t\t\t\t\t\t\t\t\t<a href=\"https:\/\/www.made-in-meubles.com\/fauteuil-en-rotin-amael-p-cv08\">\n\t\t\t\t\t\t\t<img width=\"1024\" height=\"1024\" src=\"https:\/\/www.made-in-meubles.com\/blog\/wp-content\/uploads\/2023\/10\/MicrosoftTeams-image-2.jpg\" class=\"attachment-large size-large\" alt=\"Fauteuil pour enfant en rotin Geraldine\" srcset=\"https:\/\/www.made-in-meubles.com\/blog\/wp-content\/uploads\/2023\/10\/MicrosoftTeams-image-2.jpg 1024w, https:\/\/www.made-in-meubles.com\/blog\/wp-content\/uploads\/2023\/10\/MicrosoftTeams-image-2-300x300.jpg 300w, https:\/\/www.made-in-meubles.com\/blog\/wp-content\/uploads\/2023\/10\/MicrosoftTeams-image-2-150x150.jpg 150w, https:\/\/www.made-in-meubles.com\/blog\/wp-content\/uploads\/2023\/10\/MicrosoftTeams-image-2-768x768.jpg 768w\" sizes=\"(max-width: 1024px) 100vw, 1024px\" \/>\t\t\t\t\t\t\t\t<\/a>\n\t\t\t\t\t\t\t\t\t\t\t<figcaption class=\"widget-image-caption wp-caption-text\"><\/figcaption>\n\t\t\t\t\t\t\t\t\t\t<\/figure>\n\t\t\t\t\t\t\t\t\t<\/div>\n\t\t\t\t<\/div>\n\t\t\t\t\t<\/div>\n\t\t<\/div>\n\t\t\t\t<div class=\"elementor-column elementor-col-33 elementor-top-column elementor-element elementor-element-80b6154\" data-id=\"80b6154\" data-element_type=\"column\">\n\t\t\t<div class=\"elementor-widget-wrap elementor-element-populated\">\n\t\t\t\t\t\t\t\t<div class=\"elementor-element elementor-element-ed77596 elementor-widget elementor-widget-image\" data-id=\"ed77596\" data-element_type=\"widget\" data-widget_type=\"image.default\">\n\t\t\t\t<div class=\"elementor-widget-container\">\n\t\t\t\t\t\t\t\t\t\t\t\t<figure class=\"wp-caption\">\n\t\t\t\t\t\t\t\t\t\t\t<a href=\"https:\/\/www.made-in-meubles.com\/lot-de-2-chaises-scandinaves-tissu-rose-pale-pietement-metal-p-px-08rose-lot\">\n\t\t\t\t\t\t\t<img width=\"1000\" height=\"1000\" src=\"https:\/\/www.made-in-meubles.com\/blog\/wp-content\/uploads\/2021\/09\/px-08rose-lot-chaise-ambiance-3.jpg\" class=\"attachment-large size-large\" alt=\"\" srcset=\"https:\/\/www.made-in-meubles.com\/blog\/wp-content\/uploads\/2021\/09\/px-08rose-lot-chaise-ambiance-3.jpg 1000w, https:\/\/www.made-in-meubles.com\/blog\/wp-content\/uploads\/2021\/09\/px-08rose-lot-chaise-ambiance-3-300x300.jpg 300w, https:\/\/www.made-in-meubles.com\/blog\/wp-content\/uploads\/2021\/09\/px-08rose-lot-chaise-ambiance-3-150x150.jpg 150w, https:\/\/www.made-in-meubles.com\/blog\/wp-content\/uploads\/2021\/09\/px-08rose-lot-chaise-ambiance-3-768x768.jpg 768w, https:\/\/www.made-in-meubles.com\/blog\/wp-content\/uploads\/2021\/09\/px-08rose-lot-chaise-ambiance-3-696x696.jpg 696w, https:\/\/www.made-in-meubles.com\/blog\/wp-content\/uploads\/2021\/09\/px-08rose-lot-chaise-ambiance-3-420x420.jpg 420w, https:\/\/www.made-in-meubles.com\/blog\/wp-content\/uploads\/2021\/09\/px-08rose-lot-chaise-ambiance-3-840x840.jpg 840w\" sizes=\"(max-width: 1000px) 100vw, 1000px\" \/>\t\t\t\t\t\t\t\t<\/a>\n\t\t\t\t\t\t\t\t\t\t\t<figcaption class=\"widget-image-caption wp-caption-text\"><\/figcaption>\n\t\t\t\t\t\t\t\t\t\t<\/figure>\n\t\t\t\t\t\t\t\t\t<\/div>\n\t\t\t\t<\/div>\n\t\t\t\t\t<\/div>\n\t\t<\/div>\n\t\t\t\t<div class=\"elementor-column elementor-col-33 elementor-top-column elementor-element elementor-element-4628a51\" data-id=\"4628a51\" data-element_type=\"column\">\n\t\t\t<div class=\"elementor-widget-wrap elementor-element-populated\">\n\t\t\t\t\t\t\t\t<div class=\"elementor-element elementor-element-0eacd2c elementor-widget elementor-widget-image\" data-id=\"0eacd2c\" data-element_type=\"widget\" data-widget_type=\"image.default\">\n\t\t\t\t<div class=\"elementor-widget-container\">\n\t\t\t\t\t\t\t\t\t\t\t\t<figure class=\"wp-caption\">\n\t\t\t\t\t\t\t\t\t\t\t<a href=\"https:\/\/www.made-in-meubles.com\/rocking-chair-en-metal-blanc-tissu-gris-p-weo-179b\">\n\t\t\t\t\t\t\t<img width=\"1024\" height=\"1024\" src=\"https:\/\/www.made-in-meubles.com\/blog\/wp-content\/uploads\/2023\/10\/MicrosoftTeams-image-3.jpg\" class=\"attachment-large size-large\" alt=\"Rocking chair en m\u00e9tal blanc tissu gris Ethan\" srcset=\"https:\/\/www.made-in-meubles.com\/blog\/wp-content\/uploads\/2023\/10\/MicrosoftTeams-image-3.jpg 1024w, https:\/\/www.made-in-meubles.com\/blog\/wp-content\/uploads\/2023\/10\/MicrosoftTeams-image-3-300x300.jpg 300w, https:\/\/www.made-in-meubles.com\/blog\/wp-content\/uploads\/2023\/10\/MicrosoftTeams-image-3-150x150.jpg 150w, https:\/\/www.made-in-meubles.com\/blog\/wp-content\/uploads\/2023\/10\/MicrosoftTeams-image-3-768x768.jpg 768w\" sizes=\"(max-width: 1024px) 100vw, 1024px\" \/>\t\t\t\t\t\t\t\t<\/a>\n\t\t\t\t\t\t\t\t\t\t\t<figcaption class=\"widget-image-caption wp-caption-text\"><\/figcaption>\n\t\t\t\t\t\t\t\t\t\t<\/figure>\n\t\t\t\t\t\t\t\t\t<\/div>\n\t\t\t\t<\/div>\n\t\t\t\t\t<\/div>\n\t\t<\/div>\n\t\t\t\t\t\t\t<\/div>\n\t\t<\/section>\n\t\t\t\t<section class=\"elementor-section elementor-top-section elementor-element elementor-element-1d6c52f elementor-section-boxed elementor-section-height-default elementor-section-height-default\" data-id=\"1d6c52f\" data-element_type=\"section\" data-settings=\"{&quot;jet_parallax_layout_list&quot;:[]}\">\n\t\t\t\t\t\t<div class=\"elementor-container elementor-column-gap-default\">\n\t\t\t\t\t<div class=\"elementor-column elementor-col-100 elementor-top-column elementor-element elementor-element-3223cbc\" data-id=\"3223cbc\" data-element_type=\"column\">\n\t\t\t<div class=\"elementor-widget-wrap elementor-element-populated\">\n\t\t\t\t\t\t\t\t<div class=\"elementor-element elementor-element-b483433 elementor-widget elementor-widget-text-editor\" data-id=\"b483433\" data-element_type=\"widget\" data-widget_type=\"text-editor.default\">\n\t\t\t\t<div class=\"elementor-widget-container\">\n\t\t\t\t\t\t\t<p><span style=\"color: #000000; font-family: Inter, sans-serif; font-size: 12pt; white-space-collapse: preserve; font-weight: var( --e-global-typography-text-font-weight ); letter-spacing: -0.8px;\">Nous esp\u00e9rons que cet article vous a donn\u00e9 une inspiration pour la chambre d&rsquo;enfant de vos r\u00eaves. Chez Made In Meubles, nous sommes fiers de proposer des meubles s\u00fbrs, pratiques et esth\u00e9tiques pour les enfants. Nous savons que la chambre d&rsquo;enfant est un lieu important pour le d\u00e9veloppement et l&rsquo;\u00e9panouissement de votre petit tr\u00e9sor. Alors, n&rsquo;h\u00e9sitez pas \u00e0 explorer notre gamme de meubles et de d\u00e9coration pour cr\u00e9er la chambre d&rsquo;enfant parfaite pour votre famille !<\/span><\/p>\t\t\t\t\t\t<\/div>\n\t\t\t\t<\/div>\n\t\t\t\t\t<\/div>\n\t\t<\/div>\n\t\t\t\t\t\t\t<\/div>\n\t\t<\/section>\n\t\t\t\t\t\t\t<\/div>\n\t\t","protected":false},"excerpt":{"rendered":"<p>La chambre d&rsquo;enfant est un lieu de jeu, de sommeil, de r\u00eaverie et de cr\u00e9ation. Les meubles (table de chevet, commode, bureau&#8230;) et la d\u00e9coration de cette pi\u00e8ce doivent donc \u00eatre adapt\u00e9s \u00e0 leurs besoins, s\u00fbr, pratique et esth\u00e9tique. Chez Made In Meubles, nous avons une grande s\u00e9lection de meubles qui r\u00e9pondent \u00e0 tous ces [&hellip;]<\/p>\n","protected":false},"author":27,"featured_media":12611,"comment_status":"open","ping_status":"open","sticky":false,"template":"","format":"standard","meta":[],"categories":[5],"tags":[69],"acf":[],"_links":{"self":[{"href":"https:\/\/www.made-in-meubles.com\/blog\/wp-json\/wp\/v2\/posts\/12609"}],"collection":[{"href":"https:\/\/www.made-in-meubles.com\/blog\/wp-json\/wp\/v2\/posts"}],"about":[{"href":"https:\/\/www.made-in-meubles.com\/blog\/wp-json\/wp\/v2\/types\/post"}],"author":[{"embeddable":true,"href":"https:\/\/www.made-in-meubles.com\/blog\/wp-json\/wp\/v2\/users\/27"}],"replies":[{"embeddable":true,"href":"https:\/\/www.made-in-meubles.com\/blog\/wp-json\/wp\/v2\/comments?post=12609"}],"version-history":[{"count":43,"href":"https:\/\/www.made-in-meubles.com\/blog\/wp-json\/wp\/v2\/posts\/12609\/revisions"}],"predecessor-version":[{"id":18790,"href":"https:\/\/www.made-in-meubles.com\/blog\/wp-json\/wp\/v2\/posts\/12609\/revisions\/18790"}],"wp:featuredmedia":[{"embeddable":true,"href":"https:\/\/www.made-in-meubles.com\/blog\/wp-json\/wp\/v2\/media\/12611"}],"wp:attachment":[{"href":"https:\/\/www.made-in-meubles.com\/blog\/wp-json\/wp\/v2\/media?parent=12609"}],"wp:term":[{"taxonomy":"category","embeddable":true,"href":"https:\/\/www.made-in-meubles.com\/blog\/wp-json\/wp\/v2\/categories?post=12609"},{"taxonomy":"post_tag","embeddable":true,"href":"https:\/\/www.made-in-meubles.com\/blog\/wp-json\/wp\/v2\/tags?post=12609"}],"curies":[{"name":"wp","href":"https:\/\/api.w.org\/{rel}","templated":true}]}}