{"id":1321,"date":"2015-07-03T10:04:51","date_gmt":"2015-07-03T08:04:51","guid":{"rendered":"https:\/\/www.made-in-meubles.com\/blog\/?p=1321"},"modified":"2025-05-21T16:01:19","modified_gmt":"2025-05-21T14:01:19","slug":"on-craque-completement-pour-le-bois-recycle","status":"publish","type":"post","link":"https:\/\/www.made-in-meubles.com\/blog\/on-craque-completement-pour-le-bois-recycle\/","title":{"rendered":"Bois recycl\u00e9 : on vous dit tout sur cette tendance !"},"content":{"rendered":"\t\t<div data-elementor-type=\"wp-post\" data-elementor-id=\"1321\" class=\"elementor elementor-1321\">\n\t\t\t\t\t\t\t\t\t<section class=\"elementor-section elementor-top-section elementor-element elementor-element-1a070373 elementor-section-boxed elementor-section-height-default elementor-section-height-default\" data-id=\"1a070373\" data-element_type=\"section\" data-settings=\"{&quot;jet_parallax_layout_list&quot;:[]}\">\n\t\t\t\t\t\t<div class=\"elementor-container elementor-column-gap-default\">\n\t\t\t\t\t<div class=\"elementor-column elementor-col-100 elementor-top-column elementor-element elementor-element-48ea9872\" data-id=\"48ea9872\" data-element_type=\"column\">\n\t\t\t<div class=\"elementor-widget-wrap elementor-element-populated\">\n\t\t\t\t\t\t\t\t<div class=\"elementor-element elementor-element-4b34cc13 elementor-widget elementor-widget-text-editor\" data-id=\"4b34cc13\" data-element_type=\"widget\" data-widget_type=\"text-editor.default\">\n\t\t\t\t<div class=\"elementor-widget-container\">\n\t\t\t<style>\/*! elementor - v3.6.5 - 27-04-2022 *\/\n.elementor-widget-text-editor.elementor-drop-cap-view-stacked .elementor-drop-cap{background-color:#818a91;color:#fff}.elementor-widget-text-editor.elementor-drop-cap-view-framed .elementor-drop-cap{color:#818a91;border:3px solid;background-color:transparent}.elementor-widget-text-editor:not(.elementor-drop-cap-view-default) .elementor-drop-cap{margin-top:8px}.elementor-widget-text-editor:not(.elementor-drop-cap-view-default) .elementor-drop-cap-letter{width:1em;height:1em}.elementor-widget-text-editor .elementor-drop-cap{float:left;text-align:center;line-height:1;font-size:50px}.elementor-widget-text-editor .elementor-drop-cap-letter{display:inline-block}<\/style>\t\t\t\t<p style=\"text-align: justify;\">C&rsquo;est la tendance du moment, on en voit partout et sous toutes les formes ! Je vous parle du <a href=\"https:\/\/www.made-in-meubles.com\/meubles-en-bois-recycle.html\">bois recycl\u00e9.<\/a> Il est entr\u00e9 chez nous par la grande porte et nous ne sommes pas pr\u00eat \u00e0 le laisser partir.<\/p><h2 style=\"text-align: justify;\">Pourquoi le bois recycl\u00e9 plait-il autant ?<\/h2><p style=\"text-align: justify;\">Le bois est un mat\u00e9riau noble qui a toujours rencontr\u00e9\u00a0un franc succ\u00e8s aupr\u00e8s de toutes les g\u00e9n\u00e9rations car il s&rsquo;adapte \u00e0 tous les styles.<\/p><p style=\"text-align: justify;\">Malheureusement, sa production \u00e0 un impact important sur notre \u00e9cosyst\u00e8me (d\u00e9forestation, pollution,&#8230;). Il a donc fallu trouver une solution:<\/p><h3 style=\"text-align: justify;\">&#8211; Le recyclage et\u00a0la r\u00e9cup\u00e9ration du bois &#8211;<\/h3><p style=\"text-align: justify;\">Saviez-vous qu&rsquo;aujourd&rsquo;hui 3,5 millions de tonnes de bois sont recycl\u00e9es\u00a0en France ?<\/p><p style=\"text-align: justify;\">En tant que consommateur responsable, on aime acheter des meubles dont la fabrication est respectueuse de l&rsquo;environnement.<\/p><p style=\"text-align: justify;\">On adore aussi l&rsquo;id\u00e9e que notre table de salle \u00e0 manger, \u00a0\u00ab\u00a0fut\u00a0jadis\u00a0\u00bb la charpente d&rsquo;une maison. Alors, elle est peut-\u00eatre un t\u00e9moin historique\u00a0!<\/p><h2 style=\"text-align: justify;\">Alors d&rsquo;o\u00f9 vient le bois que l&rsquo;on recycle ?<\/h2><p style=\"text-align: justify;\">Il peut tout d&rsquo;abord provenir de bois neuf, de pin ou de ch\u00eane par exemple.<\/p><p style=\"text-align: justify;\">Mais c&rsquo;est aussi du bois de r\u00e9cup\u00e9ration, \u00a0la coque des\u00a0bateaux, des vieilles charpentes, les chantiers et travers de chemin de fer. Rien ne nous r\u00e9siste, dans le jargon on appelle cela \u00ab\u00a0rebus\u00a0\u00bb de bois.<\/p><p style=\"text-align: justify;\">Et enfin, nous r\u00e9cup\u00e9rons aussi les\u00a0chutes de bois provenant de\u00a0\u00a0l&rsquo;industrie,\u00a0la plupart du temps.<\/p><h2 style=\"text-align: justify;\">Et comment reconditionner du bois ?<\/h2><p style=\"text-align: justify;\">Tout d&rsquo;abord le bois est tri\u00e9 en deux\u00a0\u00a0cat\u00e9gories, celui qui est exploitable directement et celui qui ne l&rsquo;est pas.<\/p><p style=\"text-align: center;\"><img class=\"alignnone wp-image-1384 size-medium\" src=\"https:\/\/www.made-in-meubles.com\/blog\/wp-content\/uploads\/2015\/07\/recon1-300x225.jpg\" alt=\"recon1\" width=\"300\" height=\"225\" srcset=\"https:\/\/www.made-in-meubles.com\/blog\/wp-content\/uploads\/2015\/07\/recon1-300x225.jpg 300w, https:\/\/www.made-in-meubles.com\/blog\/wp-content\/uploads\/2015\/07\/recon1-80x60.jpg 80w, https:\/\/www.made-in-meubles.com\/blog\/wp-content\/uploads\/2015\/07\/recon1-160x120.jpg 160w, https:\/\/www.made-in-meubles.com\/blog\/wp-content\/uploads\/2015\/07\/recon1-265x198.jpg 265w, https:\/\/www.made-in-meubles.com\/blog\/wp-content\/uploads\/2015\/07\/recon1-530x396.jpg 530w, https:\/\/www.made-in-meubles.com\/blog\/wp-content\/uploads\/2015\/07\/recon1-696x522.jpg 696w, https:\/\/www.made-in-meubles.com\/blog\/wp-content\/uploads\/2015\/07\/recon1-560x420.jpg 560w, https:\/\/www.made-in-meubles.com\/blog\/wp-content\/uploads\/2015\/07\/recon1-768x576.jpg 768w, https:\/\/www.made-in-meubles.com\/blog\/wp-content\/uploads\/2015\/07\/recon1.jpg 800w\" sizes=\"(max-width: 300px) 100vw, 300px\" \/>\u00a0<img class=\"alignnone wp-image-1385 size-medium\" src=\"https:\/\/www.made-in-meubles.com\/blog\/wp-content\/uploads\/2015\/07\/recon2-300x225.jpg\" alt=\"recon2\" width=\"300\" height=\"225\" srcset=\"https:\/\/www.made-in-meubles.com\/blog\/wp-content\/uploads\/2015\/07\/recon2-300x225.jpg 300w, https:\/\/www.made-in-meubles.com\/blog\/wp-content\/uploads\/2015\/07\/recon2-80x60.jpg 80w, https:\/\/www.made-in-meubles.com\/blog\/wp-content\/uploads\/2015\/07\/recon2-160x120.jpg 160w, https:\/\/www.made-in-meubles.com\/blog\/wp-content\/uploads\/2015\/07\/recon2-265x198.jpg 265w, https:\/\/www.made-in-meubles.com\/blog\/wp-content\/uploads\/2015\/07\/recon2-530x396.jpg 530w, https:\/\/www.made-in-meubles.com\/blog\/wp-content\/uploads\/2015\/07\/recon2-696x522.jpg 696w, https:\/\/www.made-in-meubles.com\/blog\/wp-content\/uploads\/2015\/07\/recon2-560x420.jpg 560w, https:\/\/www.made-in-meubles.com\/blog\/wp-content\/uploads\/2015\/07\/recon2-768x576.jpg 768w, https:\/\/www.made-in-meubles.com\/blog\/wp-content\/uploads\/2015\/07\/recon2.jpg 800w\" sizes=\"(max-width: 300px) 100vw, 300px\" \/><\/p><p style=\"text-align: justify;\">Pour le reconditionner, nous allons d&rsquo;abord\u00a0\u00e9liminer toutes les impuret\u00e9s : comme le fer, le plastique, le verre, ect. \u00a0On v\u00e9rifie ensuite la qualit\u00e9 et fabriquons de nouvelles planches.<\/p><p style=\"text-align: justify;\">A noter : un meuble en bois recycl\u00e9 est robuste car il a d\u00e9j\u00e0 subi toutes les \u00e9tapes du temps.<\/p><h2 style=\"text-align: justify;\">Quelles diff\u00e9rences entre des meubles en bois recycl\u00e9 et les autres ?<\/h2><p style=\"text-align: justify;\">Vous l&rsquo;aurez compris, un meuble fabriqu\u00e9 en bois recycl\u00e9 est un meuble qui vit une seconde vie.<\/p><p style=\"text-align: justify;\">Il\u00a0est\u00a0particulier, chaque mod\u00e8le est unique gr\u00e2ce aux\u00a0irr\u00e9gularit\u00e9s du bois, de la patine, gr\u00e2ce \u00e0 ses nervures, ses gerces et \u00e0 ses asp\u00e9rit\u00e9s&#8230; Ainsi que ses planches contre coll\u00e9 non-planes.<\/p><p style=\"text-align: justify;\">Ce sont ces\u00a0petits \u00ab\u00a0d\u00e9fauts\u00a0\u00bb \u00a0qui donnent\u00a0du charme \u00e0 votre meuble et \u00e0\u00a0votre int\u00e9rieur. Il est intemporel et parfaitement imparfait !<\/p><h2 style=\"text-align: justify;\">Les gammes Garance et EthniK<\/h2><p style=\"text-align: justify;\"><a href=\"https:\/\/www.made-in-meubles.com\/\">Made-In-Meubles<\/a> vous invite \u00e0 d\u00e9couvrir ses collections en bois recycl\u00e9. Elles sont \u00e0 la fois \u00e9cologiques, atypiques et bourr\u00e9es de charme. Elles mettent en sc\u00e8ne des meubles au style 100% naturel. Ces gammes disposent de nombreuses pi\u00e8ces qui vous feront craquer \u00e0 coup s\u00fbr !<\/p><p style=\"text-align: justify;\">Vous appr\u00e9cierez les produits de la gamme EthniK, fabriqu\u00e9s \u00e0 base de lattes de couleur. Cela permet d&rsquo;apporter gaiet\u00e9 et vie \u00e0 votre int\u00e9rieur.<\/p><p style=\"text-align: justify;\">Les produits de la gamme Garance sont fabriqu\u00e9s \u00e0 partir de bois recycl\u00e9 est garde un aspect naturel et brut. Toutefois, ces produits peuvent \u00e9galement disposer de notes color\u00e9es selon le type de bois r\u00e9cup\u00e9r\u00e9.<\/p><p style=\"text-align: center;\"><a href=\"https:\/\/www.made-in-meubles.com\/miroir-psyche-style-brut-p-dn510\" target=\"_blank\" rel=\"noopener noreferrer\"><img class=\"alignnone wp-image-6398 size-medium\" src=\"https:\/\/www.made-in-meubles.com\/blog\/wp-content\/uploads\/2020\/05\/miroir-psyche-style-brut-300x300.jpg\" alt=\"Miroir en bois style brut id\u00e9al pour accompagner votre commode\" width=\"300\" height=\"300\" srcset=\"https:\/\/www.made-in-meubles.com\/blog\/wp-content\/uploads\/2020\/05\/miroir-psyche-style-brut-300x300.jpg 300w, https:\/\/www.made-in-meubles.com\/blog\/wp-content\/uploads\/2020\/05\/miroir-psyche-style-brut-150x150.jpg 150w, https:\/\/www.made-in-meubles.com\/blog\/wp-content\/uploads\/2020\/05\/miroir-psyche-style-brut-768x768.jpg 768w, https:\/\/www.made-in-meubles.com\/blog\/wp-content\/uploads\/2020\/05\/miroir-psyche-style-brut-696x696.jpg 696w, https:\/\/www.made-in-meubles.com\/blog\/wp-content\/uploads\/2020\/05\/miroir-psyche-style-brut-420x420.jpg 420w, https:\/\/www.made-in-meubles.com\/blog\/wp-content\/uploads\/2020\/05\/miroir-psyche-style-brut-840x840.jpg 840w, https:\/\/www.made-in-meubles.com\/blog\/wp-content\/uploads\/2020\/05\/miroir-psyche-style-brut.jpg 1000w\" sizes=\"(max-width: 300px) 100vw, 300px\" \/><\/a><a href=\"https:\/\/www.made-in-meubles.com\/console-style-etabli-bois-recyle-p-dn13\" target=\"_blank\" rel=\"noopener noreferrer\"><img class=\"alignnone wp-image-6627 size-medium\" src=\"https:\/\/www.made-in-meubles.com\/blog\/wp-content\/uploads\/2021\/02\/Console-style-etabli-bois-recycle-300x300.jpg\" alt=\"\" width=\"300\" height=\"300\" srcset=\"https:\/\/www.made-in-meubles.com\/blog\/wp-content\/uploads\/2021\/02\/Console-style-etabli-bois-recycle-300x300.jpg 300w, https:\/\/www.made-in-meubles.com\/blog\/wp-content\/uploads\/2021\/02\/Console-style-etabli-bois-recycle-1024x1024.jpg 1024w, https:\/\/www.made-in-meubles.com\/blog\/wp-content\/uploads\/2021\/02\/Console-style-etabli-bois-recycle-150x150.jpg 150w, https:\/\/www.made-in-meubles.com\/blog\/wp-content\/uploads\/2021\/02\/Console-style-etabli-bois-recycle-768x768.jpg 768w, https:\/\/www.made-in-meubles.com\/blog\/wp-content\/uploads\/2021\/02\/Console-style-etabli-bois-recycle-696x696.jpg 696w, https:\/\/www.made-in-meubles.com\/blog\/wp-content\/uploads\/2021\/02\/Console-style-etabli-bois-recycle-1068x1068.jpg 1068w, https:\/\/www.made-in-meubles.com\/blog\/wp-content\/uploads\/2021\/02\/Console-style-etabli-bois-recycle-420x420.jpg 420w, https:\/\/www.made-in-meubles.com\/blog\/wp-content\/uploads\/2021\/02\/Console-style-etabli-bois-recycle-840x840.jpg 840w, https:\/\/www.made-in-meubles.com\/blog\/wp-content\/uploads\/2021\/02\/Console-style-etabli-bois-recycle.jpg 1200w\" sizes=\"(max-width: 300px) 100vw, 300px\" \/><\/a><\/p><p style=\"text-align: justify;\">\u00a0<\/p>\t\t\t\t\t\t<\/div>\n\t\t\t\t<\/div>\n\t\t\t\t\t<\/div>\n\t\t<\/div>\n\t\t\t\t\t\t\t<\/div>\n\t\t<\/section>\n\t\t\t\t\t\t\t<\/div>\n\t\t","protected":false},"excerpt":{"rendered":"<p>C&rsquo;est la tendance du moment, on en voit partout et sous toutes les formes ! Je vous parle du bois recycl\u00e9. Il est entr\u00e9 chez nous par la grande porte et nous ne sommes pas pr\u00eat \u00e0 le laisser partir. Pourquoi le bois recycl\u00e9 plait-il autant ? Le bois est un mat\u00e9riau noble qui a [&hellip;]<\/p>\n","protected":false},"author":12,"featured_media":6463,"comment_status":"open","ping_status":"open","sticky":false,"template":"","format":"standard","meta":[],"categories":[2],"tags":[],"acf":[],"_links":{"self":[{"href":"https:\/\/www.made-in-meubles.com\/blog\/wp-json\/wp\/v2\/posts\/1321"}],"collection":[{"href":"https:\/\/www.made-in-meubles.com\/blog\/wp-json\/wp\/v2\/posts"}],"about":[{"href":"https:\/\/www.made-in-meubles.com\/blog\/wp-json\/wp\/v2\/types\/post"}],"author":[{"embeddable":true,"href":"https:\/\/www.made-in-meubles.com\/blog\/wp-json\/wp\/v2\/users\/12"}],"replies":[{"embeddable":true,"href":"https:\/\/www.made-in-meubles.com\/blog\/wp-json\/wp\/v2\/comments?post=1321"}],"version-history":[{"count":3,"href":"https:\/\/www.made-in-meubles.com\/blog\/wp-json\/wp\/v2\/posts\/1321\/revisions"}],"predecessor-version":[{"id":16469,"href":"https:\/\/www.made-in-meubles.com\/blog\/wp-json\/wp\/v2\/posts\/1321\/revisions\/16469"}],"wp:featuredmedia":[{"embeddable":true,"href":"https:\/\/www.made-in-meubles.com\/blog\/wp-json\/wp\/v2\/media\/6463"}],"wp:attachment":[{"href":"https:\/\/www.made-in-meubles.com\/blog\/wp-json\/wp\/v2\/media?parent=1321"}],"wp:term":[{"taxonomy":"category","embeddable":true,"href":"https:\/\/www.made-in-meubles.com\/blog\/wp-json\/wp\/v2\/categories?post=1321"},{"taxonomy":"post_tag","embeddable":true,"href":"https:\/\/www.made-in-meubles.com\/blog\/wp-json\/wp\/v2\/tags?post=1321"}],"curies":[{"name":"wp","href":"https:\/\/api.w.org\/{rel}","templated":true}]}}