{"id":14474,"date":"2024-10-23T16:17:02","date_gmt":"2024-10-23T14:17:02","guid":{"rendered":"https:\/\/www.made-in-meubles.com\/blog\/?p=14474"},"modified":"2024-12-04T16:41:56","modified_gmt":"2024-12-04T15:41:56","slug":"decorer-une-table-basse","status":"publish","type":"post","link":"https:\/\/www.made-in-meubles.com\/blog\/decorer-une-table-basse\/","title":{"rendered":"Id\u00e9es d\u00e9co pour une table basse tendance !"},"content":{"rendered":"\t\t<div data-elementor-type=\"wp-post\" data-elementor-id=\"14474\" class=\"elementor elementor-14474\">\n\t\t\t\t\t\t\t\t\t<section class=\"elementor-section elementor-top-section elementor-element elementor-element-45a875c elementor-section-boxed elementor-section-height-default elementor-section-height-default\" data-id=\"45a875c\" data-element_type=\"section\" data-settings=\"{&quot;jet_parallax_layout_list&quot;:[]}\">\n\t\t\t\t\t\t<div class=\"elementor-container elementor-column-gap-default\">\n\t\t\t\t\t<div class=\"elementor-column elementor-col-100 elementor-top-column elementor-element elementor-element-8a05e16\" data-id=\"8a05e16\" data-element_type=\"column\">\n\t\t\t<div class=\"elementor-widget-wrap elementor-element-populated\">\n\t\t\t\t\t\t\t\t<div class=\"elementor-element elementor-element-11aad7b elementor-widget elementor-widget-text-editor\" data-id=\"11aad7b\" data-element_type=\"widget\" data-widget_type=\"text-editor.default\">\n\t\t\t\t<div class=\"elementor-widget-container\">\n\t\t\t<style>\/*! elementor - v3.6.5 - 27-04-2022 *\/\n.elementor-widget-text-editor.elementor-drop-cap-view-stacked .elementor-drop-cap{background-color:#818a91;color:#fff}.elementor-widget-text-editor.elementor-drop-cap-view-framed .elementor-drop-cap{color:#818a91;border:3px solid;background-color:transparent}.elementor-widget-text-editor:not(.elementor-drop-cap-view-default) .elementor-drop-cap{margin-top:8px}.elementor-widget-text-editor:not(.elementor-drop-cap-view-default) .elementor-drop-cap-letter{width:1em;height:1em}.elementor-widget-text-editor .elementor-drop-cap{float:left;text-align:center;line-height:1;font-size:50px}.elementor-widget-text-editor .elementor-drop-cap-letter{display:inline-block}<\/style>\t\t\t\t<p><span style=\"background-color: transparent; color: #000000; font-family: Inter, sans-serif; font-size: 12pt; white-space-collapse: preserve; font-weight: var( --e-global-typography-text-font-weight ); letter-spacing: -0.8px;\">La table basse est un \u00e9l\u00e9ment central dans tout <a href=\"https:\/\/www.made-in-meubles.com\/pieces\/salon.html\">salon<\/a>. Plus qu&rsquo;un simple meuble fonctionnel, elle peut \u00eatre un v\u00e9ritable atout d\u00e9coratif qui refl\u00e8te votre style et cr\u00e9e une atmosph\u00e8re conviviale. Voici quelques id\u00e9es et conseils pour d\u00e9corer votre table basse de mani\u00e8re \u00e9l\u00e9gante et tendance.<\/span><\/p>\t\t\t\t\t\t<\/div>\n\t\t\t\t<\/div>\n\t\t\t\t\t<\/div>\n\t\t<\/div>\n\t\t\t\t\t\t\t<\/div>\n\t\t<\/section>\n\t\t\t\t<section class=\"elementor-section elementor-top-section elementor-element elementor-element-7913c4f elementor-section-boxed elementor-section-height-default elementor-section-height-default\" data-id=\"7913c4f\" data-element_type=\"section\" data-settings=\"{&quot;jet_parallax_layout_list&quot;:[]}\">\n\t\t\t\t\t\t<div class=\"elementor-container elementor-column-gap-default\">\n\t\t\t\t\t<div class=\"elementor-column elementor-col-100 elementor-top-column elementor-element elementor-element-cb4476c\" data-id=\"cb4476c\" data-element_type=\"column\">\n\t\t\t<div class=\"elementor-widget-wrap elementor-element-populated\">\n\t\t\t\t\t\t\t\t<div class=\"elementor-element elementor-element-c7cdb4e elementor-widget elementor-widget-heading\" data-id=\"c7cdb4e\" data-element_type=\"widget\" data-widget_type=\"heading.default\">\n\t\t\t\t<div class=\"elementor-widget-container\">\n\t\t\t<style>\/*! elementor - v3.6.5 - 27-04-2022 *\/\n.elementor-heading-title{padding:0;margin:0;line-height:1}.elementor-widget-heading .elementor-heading-title[class*=elementor-size-]>a{color:inherit;font-size:inherit;line-height:inherit}.elementor-widget-heading .elementor-heading-title.elementor-size-small{font-size:15px}.elementor-widget-heading .elementor-heading-title.elementor-size-medium{font-size:19px}.elementor-widget-heading .elementor-heading-title.elementor-size-large{font-size:29px}.elementor-widget-heading .elementor-heading-title.elementor-size-xl{font-size:39px}.elementor-widget-heading .elementor-heading-title.elementor-size-xxl{font-size:59px}<\/style><h2 class=\"elementor-heading-title elementor-size-default\">Choisissez un table basse qui correspond \u00e0 votre style : <\/h2>\t\t<\/div>\n\t\t\t\t<\/div>\n\t\t\t\t\t<\/div>\n\t\t<\/div>\n\t\t\t\t\t\t\t<\/div>\n\t\t<\/section>\n\t\t\t\t<section class=\"elementor-section elementor-top-section elementor-element elementor-element-2ff1db6 elementor-section-boxed elementor-section-height-default elementor-section-height-default\" data-id=\"2ff1db6\" data-element_type=\"section\" data-settings=\"{&quot;jet_parallax_layout_list&quot;:[]}\">\n\t\t\t\t\t\t<div class=\"elementor-container elementor-column-gap-default\">\n\t\t\t\t\t<div class=\"elementor-column elementor-col-100 elementor-top-column elementor-element elementor-element-600c3e7\" data-id=\"600c3e7\" data-element_type=\"column\">\n\t\t\t<div class=\"elementor-widget-wrap elementor-element-populated\">\n\t\t\t\t\t\t\t\t<div class=\"elementor-element elementor-element-c0dbe71 elementor-widget elementor-widget-text-editor\" data-id=\"c0dbe71\" data-element_type=\"widget\" data-widget_type=\"text-editor.default\">\n\t\t\t\t<div class=\"elementor-widget-container\">\n\t\t\t\t\t\t\t<p><span style=\"background-color: transparent; color: #000000; font-family: Inter, sans-serif; font-size: 12pt; white-space-collapse: preserve; font-weight: var( --e-global-typography-text-font-weight ); letter-spacing: -0.8px;\">Avant de vous concentrer sur la d\u00e9coration, assurez-vous que la table basse elle-m\u00eame s\u2019int\u00e8gre harmonieusement dans l\u2019ambiance de votre espace. Le choix du mat\u00e9riau et du design de la table doit \u00eatre en accord avec le style g\u00e9n\u00e9ral de votre pi\u00e8ce pour cr\u00e9er une base coh\u00e9rente. Si votre int\u00e9rieur est de style minimaliste, privil\u00e9giez une table aux lignes \u00e9pur\u00e9es, en verre ou en m\u00e9tal, qui ajoute une touche moderne sans surcharger l\u2019espace. Ces mat\u00e9riaux apportent l\u00e9g\u00e8ret\u00e9 et \u00e9l\u00e9gance, tout en laissant la place aux \u00e9l\u00e9ments d\u00e9coratifs que vous ajouterez par la suite.<\/span><\/p>\t\t\t\t\t\t<\/div>\n\t\t\t\t<\/div>\n\t\t\t\t\t<\/div>\n\t\t<\/div>\n\t\t\t\t\t\t\t<\/div>\n\t\t<\/section>\n\t\t\t\t<section class=\"elementor-section elementor-top-section elementor-element elementor-element-e6d25ee elementor-section-boxed elementor-section-height-default elementor-section-height-default\" data-id=\"e6d25ee\" data-element_type=\"section\" data-settings=\"{&quot;jet_parallax_layout_list&quot;:[]}\">\n\t\t\t\t\t\t<div class=\"elementor-container elementor-column-gap-default\">\n\t\t\t\t\t<div class=\"elementor-column elementor-col-50 elementor-top-column elementor-element elementor-element-05ffac3\" data-id=\"05ffac3\" data-element_type=\"column\">\n\t\t\t<div class=\"elementor-widget-wrap elementor-element-populated\">\n\t\t\t\t\t\t\t\t<div class=\"elementor-element elementor-element-1db9ab0 elementor-widget elementor-widget-image\" data-id=\"1db9ab0\" data-element_type=\"widget\" data-widget_type=\"image.default\">\n\t\t\t\t<div class=\"elementor-widget-container\">\n\t\t\t<style>\/*! elementor - v3.6.5 - 27-04-2022 *\/\n.elementor-widget-image{text-align:center}.elementor-widget-image a{display:inline-block}.elementor-widget-image a img[src$=\".svg\"]{width:48px}.elementor-widget-image img{vertical-align:middle;display:inline-block}<\/style>\t\t\t\t\t\t\t\t\t<figure class=\"wp-caption\">\n\t\t\t\t\t\t\t\t\t\t\t<a href=\"https:\/\/www.made-in-meubles.com\/table-basse-verre-p-ch33\">\n\t\t\t\t\t\t\t<img width=\"1024\" height=\"1024\" src=\"https:\/\/www.made-in-meubles.com\/blog\/wp-content\/uploads\/2024\/10\/ch33-table-basse-ambiance-2-1024x1024.webp\" class=\"attachment-large size-large\" alt=\"Table basse en bois de manguier et verre Alina\" srcset=\"https:\/\/www.made-in-meubles.com\/blog\/wp-content\/uploads\/2024\/10\/ch33-table-basse-ambiance-2-1024x1024.webp 1024w, https:\/\/www.made-in-meubles.com\/blog\/wp-content\/uploads\/2024\/10\/ch33-table-basse-ambiance-2-300x300.webp 300w, https:\/\/www.made-in-meubles.com\/blog\/wp-content\/uploads\/2024\/10\/ch33-table-basse-ambiance-2-150x150.webp 150w, https:\/\/www.made-in-meubles.com\/blog\/wp-content\/uploads\/2024\/10\/ch33-table-basse-ambiance-2-768x768.webp 768w, https:\/\/www.made-in-meubles.com\/blog\/wp-content\/uploads\/2024\/10\/ch33-table-basse-ambiance-2.webp 1200w\" sizes=\"(max-width: 1024px) 100vw, 1024px\" \/>\t\t\t\t\t\t\t\t<\/a>\n\t\t\t\t\t\t\t\t\t\t\t<figcaption class=\"widget-image-caption wp-caption-text\">Table basse Alina<\/figcaption>\n\t\t\t\t\t\t\t\t\t\t<\/figure>\n\t\t\t\t\t\t\t\t\t<\/div>\n\t\t\t\t<\/div>\n\t\t\t\t\t<\/div>\n\t\t<\/div>\n\t\t\t\t<div class=\"elementor-column elementor-col-50 elementor-top-column elementor-element elementor-element-6f0e891\" data-id=\"6f0e891\" data-element_type=\"column\">\n\t\t\t<div class=\"elementor-widget-wrap elementor-element-populated\">\n\t\t\t\t\t\t\t\t<div class=\"elementor-element elementor-element-37c8618 elementor-widget elementor-widget-image\" data-id=\"37c8618\" data-element_type=\"widget\" data-widget_type=\"image.default\">\n\t\t\t\t<div class=\"elementor-widget-container\">\n\t\t\t\t\t\t\t\t\t\t\t\t<figure class=\"wp-caption\">\n\t\t\t\t\t\t\t\t\t\t\t<a href=\"https:\/\/www.made-in-meubles.com\/table-basse-en-bois-de-manguier-azure-p-re100\">\n\t\t\t\t\t\t\t<img width=\"1024\" height=\"1024\" src=\"https:\/\/www.made-in-meubles.com\/blog\/wp-content\/uploads\/2024\/10\/RE100-amb-tablebasse-face-1024x1024.jpg\" class=\"attachment-large size-large\" alt=\"Table basse en bois de manguier Azure\" srcset=\"https:\/\/www.made-in-meubles.com\/blog\/wp-content\/uploads\/2024\/10\/RE100-amb-tablebasse-face-1024x1024.jpg 1024w, https:\/\/www.made-in-meubles.com\/blog\/wp-content\/uploads\/2024\/10\/RE100-amb-tablebasse-face-300x300.jpg 300w, https:\/\/www.made-in-meubles.com\/blog\/wp-content\/uploads\/2024\/10\/RE100-amb-tablebasse-face-150x150.jpg 150w, https:\/\/www.made-in-meubles.com\/blog\/wp-content\/uploads\/2024\/10\/RE100-amb-tablebasse-face-768x768.jpg 768w, https:\/\/www.made-in-meubles.com\/blog\/wp-content\/uploads\/2024\/10\/RE100-amb-tablebasse-face.jpg 1200w\" sizes=\"(max-width: 1024px) 100vw, 1024px\" \/>\t\t\t\t\t\t\t\t<\/a>\n\t\t\t\t\t\t\t\t\t\t\t<figcaption class=\"widget-image-caption wp-caption-text\">Table basse Azure<\/figcaption>\n\t\t\t\t\t\t\t\t\t\t<\/figure>\n\t\t\t\t\t\t\t\t\t<\/div>\n\t\t\t\t<\/div>\n\t\t\t\t\t<\/div>\n\t\t<\/div>\n\t\t\t\t\t\t\t<\/div>\n\t\t<\/section>\n\t\t\t\t<section class=\"elementor-section elementor-top-section elementor-element elementor-element-f04d9dc elementor-section-boxed elementor-section-height-default elementor-section-height-default\" data-id=\"f04d9dc\" data-element_type=\"section\" data-settings=\"{&quot;jet_parallax_layout_list&quot;:[]}\">\n\t\t\t\t\t\t<div class=\"elementor-container elementor-column-gap-default\">\n\t\t\t\t\t<div class=\"elementor-column elementor-col-100 elementor-top-column elementor-element elementor-element-ea636c9\" data-id=\"ea636c9\" data-element_type=\"column\">\n\t\t\t<div class=\"elementor-widget-wrap elementor-element-populated\">\n\t\t\t\t\t\t\t\t<div class=\"elementor-element elementor-element-4ca8db1 elementor-widget elementor-widget-text-editor\" data-id=\"4ca8db1\" data-element_type=\"widget\" data-widget_type=\"text-editor.default\">\n\t\t\t\t<div class=\"elementor-widget-container\">\n\t\t\t\t\t\t\t<p><span style=\"background-color: transparent; color: #000000; font-family: Inter, sans-serif; font-size: 12pt; white-space-collapse: preserve; font-weight: var( --e-global-typography-text-font-weight ); letter-spacing: -0.8px;\">En revanche, pour un style plus chaleureux et accueillant, optez pour une table basse en bois naturel, qui am\u00e8ne de la texture et de la chaleur au d\u00e9cor. Des mat\u00e9riaux comme le rotin ou le bambou sont \u00e9galement parfaits pour renforcer une atmosph\u00e8re conviviale et organique. Ce type de table basse s&rsquo;int\u00e8gre particuli\u00e8rement bien dans un int\u00e9rieur boh\u00e8me ou rustique, en apportant une touche artisanale et naturelle. Le bon choix de table, en accord avec votre style, vous permet de cr\u00e9er une toile de fond id\u00e9ale pour la d\u00e9coration qui suivra, et contribue \u00e0 l\u2019ambiance g\u00e9n\u00e9rale de votre salon.<\/span><\/p>\t\t\t\t\t\t<\/div>\n\t\t\t\t<\/div>\n\t\t\t\t<div class=\"elementor-element elementor-element-639d44f elementor-widget elementor-widget-heading\" data-id=\"639d44f\" data-element_type=\"widget\" data-widget_type=\"heading.default\">\n\t\t\t\t<div class=\"elementor-widget-container\">\n\t\t\t<h2 class=\"elementor-heading-title elementor-size-default\">Optez pour un \u00e9l\u00e9ment central \u00e0 votre table basse :<\/h2>\t\t<\/div>\n\t\t\t\t<\/div>\n\t\t\t\t\t<\/div>\n\t\t<\/div>\n\t\t\t\t\t\t\t<\/div>\n\t\t<\/section>\n\t\t\t\t<section class=\"elementor-section elementor-top-section elementor-element elementor-element-73c38f3 elementor-section-boxed elementor-section-height-default elementor-section-height-default\" data-id=\"73c38f3\" data-element_type=\"section\" data-settings=\"{&quot;jet_parallax_layout_list&quot;:[]}\">\n\t\t\t\t\t\t<div class=\"elementor-container elementor-column-gap-default\">\n\t\t\t\t\t<div class=\"elementor-column elementor-col-100 elementor-top-column elementor-element elementor-element-483600c\" data-id=\"483600c\" data-element_type=\"column\">\n\t\t\t<div class=\"elementor-widget-wrap elementor-element-populated\">\n\t\t\t\t\t\t\t\t<div class=\"elementor-element elementor-element-3bd4e00 elementor-widget elementor-widget-text-editor\" data-id=\"3bd4e00\" data-element_type=\"widget\" data-widget_type=\"text-editor.default\">\n\t\t\t\t<div class=\"elementor-widget-container\">\n\t\t\t\t\t\t\t<p><span style=\"background-color: transparent; color: #000000; font-family: Inter, sans-serif; font-size: 12pt; white-space-collapse: preserve; font-weight: var( --e-global-typography-text-font-weight ); letter-spacing: -0.8px;\">Un centre de table est un excellent point de d\u00e9part pour la d\u00e9coration. Voici quelques id\u00e9es :<\/span><\/p><p><span style=\"font-weight: var( --e-global-typography-text-font-weight ); font-size: 12pt; letter-spacing: -0.8px; background-color: transparent; color: #000000; font-family: Inter, sans-serif; white-space-collapse: preserve;\">Pour d\u00e9corer une table basse, commencez par un centre de table accrocheur. Un vase garni de fleurs fra\u00eeches ou de plantes est id\u00e9al pour insuffler vie et fra\u00eecheur \u00e0 la pi\u00e8ce. <\/span><\/p><p><span style=\"font-weight: var( --e-global-typography-text-font-weight ); font-size: 12pt; letter-spacing: -0.8px; background-color: transparent; color: #000000; font-family: Inter, sans-serif; white-space-collapse: preserve;\">Vous pouvez aussi choisir un objet d\u00e9coratif comme une sculpture, un bol en c\u00e9ramique ou une pi\u00e8ce artistique pour donner du caract\u00e8re et un point focal \u00e9l\u00e9gant \u00e0 l\u2019ensemble.<\/span><\/p><p><span style=\"font-weight: var( --e-global-typography-text-font-weight ); font-size: 12pt; letter-spacing: -0.8px; background-color: transparent; color: #000000; font-family: Inter, sans-serif; white-space-collapse: preserve;\"> Enfin, des bougies parfum\u00e9es ajoutent une touche chaleureuse en cr\u00e9ant une atmosph\u00e8re cosy et invitante. Ces \u00e9l\u00e9ments combin\u00e9s contribuent \u00e0 une d\u00e9coration harmonieuse et styl\u00e9e pour votre table basse.<\/span><\/p>\t\t\t\t\t\t<\/div>\n\t\t\t\t<\/div>\n\t\t\t\t\t<\/div>\n\t\t<\/div>\n\t\t\t\t\t\t\t<\/div>\n\t\t<\/section>\n\t\t\t\t<section class=\"elementor-section elementor-top-section elementor-element elementor-element-a22ce4a elementor-section-boxed elementor-section-height-default elementor-section-height-default\" data-id=\"a22ce4a\" data-element_type=\"section\" data-settings=\"{&quot;jet_parallax_layout_list&quot;:[]}\">\n\t\t\t\t\t\t<div class=\"elementor-container elementor-column-gap-default\">\n\t\t\t\t\t<div class=\"elementor-column elementor-col-100 elementor-top-column elementor-element elementor-element-a21fc70\" data-id=\"a21fc70\" data-element_type=\"column\">\n\t\t\t<div class=\"elementor-widget-wrap elementor-element-populated\">\n\t\t\t\t\t\t\t\t<div class=\"elementor-element elementor-element-89cdb53 elementor-aspect-ratio-11 elementor-widget elementor-widget-video\" data-id=\"89cdb53\" data-element_type=\"widget\" data-settings=\"{&quot;video_type&quot;:&quot;hosted&quot;,&quot;autoplay&quot;:&quot;yes&quot;,&quot;play_on_mobile&quot;:&quot;yes&quot;,&quot;mute&quot;:&quot;yes&quot;,&quot;loop&quot;:&quot;yes&quot;,&quot;aspect_ratio&quot;:&quot;11&quot;}\" data-widget_type=\"video.default\">\n\t\t\t\t<div class=\"elementor-widget-container\">\n\t\t\t<style>\/*! elementor - v3.6.5 - 27-04-2022 *\/\n.elementor-widget-video .elementor-widget-container{overflow:hidden;-webkit-transform:translateZ(0);transform:translateZ(0)}.elementor-widget-video .elementor-open-inline .elementor-custom-embed-image-overlay{position:absolute;top:0;left:0;width:100%;height:100%;background-size:cover;background-position:50%}.elementor-widget-video .elementor-custom-embed-image-overlay{cursor:pointer;text-align:center}.elementor-widget-video .elementor-custom-embed-image-overlay:hover .elementor-custom-embed-play i{opacity:1}.elementor-widget-video .elementor-custom-embed-image-overlay img{display:block;width:100%}.elementor-widget-video .e-hosted-video .elementor-video{-o-object-fit:cover;object-fit:cover}<\/style>\t\t<div class=\"e-hosted-video elementor-wrapper elementor-fit-aspect-ratio elementor-open-inline\">\n\t\t\t\t\t<video class=\"elementor-video\" src=\"https:\/\/www.made-in-meubles.com\/blog\/wp-content\/uploads\/2024\/10\/CH222-table-basse-ambiance-carre.mp4\" autoplay=\"\" loop=\"\" muted=\"muted\" playsinline=\"\" controlsList=\"nodownload\"><\/video>\n\t\t\t\t<\/div>\n\t\t\t\t<\/div>\n\t\t\t\t<\/div>\n\t\t\t\t\t<\/div>\n\t\t<\/div>\n\t\t\t\t\t\t\t<\/div>\n\t\t<\/section>\n\t\t\t\t<section class=\"elementor-section elementor-top-section elementor-element elementor-element-ed823d7 elementor-section-boxed elementor-section-height-default elementor-section-height-default\" data-id=\"ed823d7\" data-element_type=\"section\" data-settings=\"{&quot;jet_parallax_layout_list&quot;:[]}\">\n\t\t\t\t\t\t<div class=\"elementor-container elementor-column-gap-default\">\n\t\t\t\t\t<div class=\"elementor-column elementor-col-100 elementor-top-column elementor-element elementor-element-a3ede3d\" data-id=\"a3ede3d\" data-element_type=\"column\">\n\t\t\t<div class=\"elementor-widget-wrap elementor-element-populated\">\n\t\t\t\t\t\t\t\t<div class=\"elementor-element elementor-element-be5469e elementor-widget elementor-widget-heading\" data-id=\"be5469e\" data-element_type=\"widget\" data-widget_type=\"heading.default\">\n\t\t\t\t<div class=\"elementor-widget-container\">\n\t\t\t<h2 class=\"elementor-heading-title elementor-size-default\">Cr\u00e9ez de la superposition avec des livres et magazines :<\/h2>\t\t<\/div>\n\t\t\t\t<\/div>\n\t\t\t\t\t<\/div>\n\t\t<\/div>\n\t\t\t\t\t\t\t<\/div>\n\t\t<\/section>\n\t\t\t\t<section class=\"elementor-section elementor-top-section elementor-element elementor-element-7342611 elementor-section-boxed elementor-section-height-default elementor-section-height-default\" data-id=\"7342611\" data-element_type=\"section\" data-settings=\"{&quot;jet_parallax_layout_list&quot;:[]}\">\n\t\t\t\t\t\t<div class=\"elementor-container elementor-column-gap-default\">\n\t\t\t\t\t<div class=\"elementor-column elementor-col-100 elementor-top-column elementor-element elementor-element-777a661\" data-id=\"777a661\" data-element_type=\"column\">\n\t\t\t<div class=\"elementor-widget-wrap elementor-element-populated\">\n\t\t\t\t\t\t\t\t<div class=\"elementor-element elementor-element-4f4fac9 elementor-widget elementor-widget-text-editor\" data-id=\"4f4fac9\" data-element_type=\"widget\" data-widget_type=\"text-editor.default\">\n\t\t\t\t<div class=\"elementor-widget-container\">\n\t\t\t\t\t\t\t<p><span style=\"background-color: transparent; color: #000000; font-family: Inter, sans-serif; font-size: 12pt; white-space-collapse: preserve; font-weight: var( --e-global-typography-text-font-weight ); letter-spacing: -0.8px;\">Les \u00ab\u00a0coffee table books\u00a0\u00bb sont un choix d\u00e9coratif tr\u00e8s appr\u00e9ci\u00e9 pour embellir une table basse. Choisissez des livres avec des couvertures esth\u00e9tiques et des th\u00e9matiques qui vous passionnent, comme l&rsquo;art, le design, le voyage ou la mode. Empiler quelques ouvrages permet d\u2019apporter de la hauteur et de la texture \u00e0 l\u2019ensemble. Pour un look plus d\u00e9contract\u00e9, vous pouvez aussi ajouter des magazines de d\u00e9coration qui renforcent l\u2019ambiance conviviale.<\/span><\/p><p><span style=\"background-color: transparent; color: #000000; font-family: Inter, sans-serif; font-size: 12pt; white-space-collapse: preserve; font-weight: var( --e-global-typography-text-font-weight ); letter-spacing: -0.8px;\">Disposez ces livres de mani\u00e8re harmonieuse en fonction de la taille de votre table : \u00e0 une extr\u00e9mit\u00e9 pour laisser de l\u2019espace ou bien au centre pour une composition plus \u00e9quilibr\u00e9e. \u00c9vitez de trop encombrer pour pr\u00e9server un aspect soign\u00e9 et a\u00e9r\u00e9 qui invite \u00e0 la lecture et au partage !<\/span><\/p>\t\t\t\t\t\t<\/div>\n\t\t\t\t<\/div>\n\t\t\t\t\t<\/div>\n\t\t<\/div>\n\t\t\t\t\t\t\t<\/div>\n\t\t<\/section>\n\t\t\t\t<section class=\"elementor-section elementor-top-section elementor-element elementor-element-80fcbbc elementor-section-boxed elementor-section-height-default elementor-section-height-default\" data-id=\"80fcbbc\" data-element_type=\"section\" data-settings=\"{&quot;jet_parallax_layout_list&quot;:[]}\">\n\t\t\t\t\t\t<div class=\"elementor-container elementor-column-gap-default\">\n\t\t\t\t\t<div class=\"elementor-column elementor-col-100 elementor-top-column elementor-element elementor-element-1d27ab6\" data-id=\"1d27ab6\" data-element_type=\"column\">\n\t\t\t<div class=\"elementor-widget-wrap elementor-element-populated\">\n\t\t\t\t\t\t\t\t<div class=\"elementor-element elementor-element-0f2dcf2 elementor-widget elementor-widget-heading\" data-id=\"0f2dcf2\" data-element_type=\"widget\" data-widget_type=\"heading.default\">\n\t\t\t\t<div class=\"elementor-widget-container\">\n\t\t\t<h2 class=\"elementor-heading-title elementor-size-default\">Ajoutez un plateau d\u00e9coratif : <\/h2>\t\t<\/div>\n\t\t\t\t<\/div>\n\t\t\t\t\t<\/div>\n\t\t<\/div>\n\t\t\t\t\t\t\t<\/div>\n\t\t<\/section>\n\t\t\t\t<section class=\"elementor-section elementor-top-section elementor-element elementor-element-e48283a elementor-section-boxed elementor-section-height-default elementor-section-height-default\" data-id=\"e48283a\" data-element_type=\"section\" data-settings=\"{&quot;jet_parallax_layout_list&quot;:[]}\">\n\t\t\t\t\t\t<div class=\"elementor-container elementor-column-gap-default\">\n\t\t\t\t\t<div class=\"elementor-column elementor-col-100 elementor-top-column elementor-element elementor-element-f5e18ef\" data-id=\"f5e18ef\" data-element_type=\"column\">\n\t\t\t<div class=\"elementor-widget-wrap elementor-element-populated\">\n\t\t\t\t\t\t\t\t<div class=\"elementor-element elementor-element-9b78cf1 elementor-widget elementor-widget-text-editor\" data-id=\"9b78cf1\" data-element_type=\"widget\" data-widget_type=\"text-editor.default\">\n\t\t\t\t<div class=\"elementor-widget-container\">\n\t\t\t\t\t\t\t<p><span style=\"background-color: transparent; color: #000000; font-family: Inter, sans-serif; font-size: 12pt; white-space-collapse: preserve; font-weight: var( --e-global-typography-text-font-weight ); letter-spacing: -0.8px;\">Un plateau est un accessoire polyvalent qui apporte \u00e0 la fois fonctionnalit\u00e9 et style \u00e0 la d\u00e9coration de votre table basse. En plus de servir \u00e0 rassembler des objets du quotidien comme les t\u00e9l\u00e9commandes, cl\u00e9s ou autres petits articles, il aide \u00e0 structurer l&rsquo;espace de mani\u00e8re \u00e9l\u00e9gante, tout en \u00e9vitant une dispersion visuelle. Selon l\u2019ambiance de votre int\u00e9rieur, vous pouvez choisir un plateau en bois pour un aspect chaleureux et naturel, en m\u00e9tal pour une touche moderne et industrielle, ou en marbre pour un effet sophistiqu\u00e9 et luxueux.<\/span><\/p>\t\t\t\t\t\t<\/div>\n\t\t\t\t<\/div>\n\t\t\t\t\t<\/div>\n\t\t<\/div>\n\t\t\t\t\t\t\t<\/div>\n\t\t<\/section>\n\t\t\t\t<section class=\"elementor-section elementor-top-section elementor-element elementor-element-f813012 elementor-section-boxed elementor-section-height-default elementor-section-height-default\" data-id=\"f813012\" data-element_type=\"section\" data-settings=\"{&quot;jet_parallax_layout_list&quot;:[]}\">\n\t\t\t\t\t\t<div class=\"elementor-container elementor-column-gap-default\">\n\t\t\t\t\t<div class=\"elementor-column elementor-col-100 elementor-top-column elementor-element elementor-element-47308e4\" data-id=\"47308e4\" data-element_type=\"column\">\n\t\t\t<div class=\"elementor-widget-wrap elementor-element-populated\">\n\t\t\t\t\t\t\t\t<div class=\"elementor-element elementor-element-51b34f7 elementor-widget elementor-widget-image\" data-id=\"51b34f7\" data-element_type=\"widget\" data-widget_type=\"image.default\">\n\t\t\t\t<div class=\"elementor-widget-container\">\n\t\t\t\t\t\t\t\t\t\t\t\t<figure class=\"wp-caption\">\n\t\t\t\t\t\t\t\t\t\t\t<a href=\"https:\/\/www.made-in-meubles.com\/table-basse-ronde-p-re92\">\n\t\t\t\t\t\t\t<img width=\"1024\" height=\"1024\" src=\"https:\/\/www.made-in-meubles.com\/blog\/wp-content\/uploads\/2023\/03\/re92-tablebasse-ambiance-dessus-1024x1024.webp\" class=\"attachment-large size-large\" alt=\"Table basse ronde en bois d&#039;acacia Charlou\" srcset=\"https:\/\/www.made-in-meubles.com\/blog\/wp-content\/uploads\/2023\/03\/re92-tablebasse-ambiance-dessus-1024x1024.webp 1024w, https:\/\/www.made-in-meubles.com\/blog\/wp-content\/uploads\/2023\/03\/re92-tablebasse-ambiance-dessus-300x300.webp 300w, https:\/\/www.made-in-meubles.com\/blog\/wp-content\/uploads\/2023\/03\/re92-tablebasse-ambiance-dessus-150x150.webp 150w, https:\/\/www.made-in-meubles.com\/blog\/wp-content\/uploads\/2023\/03\/re92-tablebasse-ambiance-dessus-768x768.webp 768w, https:\/\/www.made-in-meubles.com\/blog\/wp-content\/uploads\/2023\/03\/re92-tablebasse-ambiance-dessus.webp 1200w\" sizes=\"(max-width: 1024px) 100vw, 1024px\" \/>\t\t\t\t\t\t\t\t<\/a>\n\t\t\t\t\t\t\t\t\t\t\t<figcaption class=\"widget-image-caption wp-caption-text\">Table basse Charlou<\/figcaption>\n\t\t\t\t\t\t\t\t\t\t<\/figure>\n\t\t\t\t\t\t\t\t\t<\/div>\n\t\t\t\t<\/div>\n\t\t\t\t\t<\/div>\n\t\t<\/div>\n\t\t\t\t\t\t\t<\/div>\n\t\t<\/section>\n\t\t\t\t<section class=\"elementor-section elementor-top-section elementor-element elementor-element-f5d5a8c elementor-section-boxed elementor-section-height-default elementor-section-height-default\" data-id=\"f5d5a8c\" data-element_type=\"section\" data-settings=\"{&quot;jet_parallax_layout_list&quot;:[]}\">\n\t\t\t\t\t\t<div class=\"elementor-container elementor-column-gap-default\">\n\t\t\t\t\t<div class=\"elementor-column elementor-col-100 elementor-top-column elementor-element elementor-element-58f1ed1\" data-id=\"58f1ed1\" data-element_type=\"column\">\n\t\t\t<div class=\"elementor-widget-wrap elementor-element-populated\">\n\t\t\t\t\t\t\t\t<div class=\"elementor-element elementor-element-870d0a5 elementor-widget elementor-widget-heading\" data-id=\"870d0a5\" data-element_type=\"widget\" data-widget_type=\"heading.default\">\n\t\t\t\t<div class=\"elementor-widget-container\">\n\t\t\t<h2 class=\"elementor-heading-title elementor-size-default\">Jouez avec les textures et les mat\u00e9riaux de votre table basse :<\/h2>\t\t<\/div>\n\t\t\t\t<\/div>\n\t\t\t\t\t<\/div>\n\t\t<\/div>\n\t\t\t\t\t\t\t<\/div>\n\t\t<\/section>\n\t\t\t\t<section class=\"elementor-section elementor-top-section elementor-element elementor-element-31cfe8c elementor-section-boxed elementor-section-height-default elementor-section-height-default\" data-id=\"31cfe8c\" data-element_type=\"section\" data-settings=\"{&quot;jet_parallax_layout_list&quot;:[]}\">\n\t\t\t\t\t\t<div class=\"elementor-container elementor-column-gap-default\">\n\t\t\t\t\t<div class=\"elementor-column elementor-col-100 elementor-top-column elementor-element elementor-element-b3ded8a\" data-id=\"b3ded8a\" data-element_type=\"column\">\n\t\t\t<div class=\"elementor-widget-wrap elementor-element-populated\">\n\t\t\t\t\t\t\t\t<div class=\"elementor-element elementor-element-c02af08 elementor-widget elementor-widget-text-editor\" data-id=\"c02af08\" data-element_type=\"widget\" data-widget_type=\"text-editor.default\">\n\t\t\t\t<div class=\"elementor-widget-container\">\n\t\t\t\t\t\t\t<p><span style=\"background-color: transparent; color: #000000; font-family: Inter, sans-serif; font-size: 12pt; white-space-collapse: preserve; font-weight: var( --e-global-typography-text-font-weight ); letter-spacing: -0.8px;\">M\u00e9langer diff\u00e9rentes textures et mat\u00e9riaux est une excellente fa\u00e7on d\u2019apporter de la profondeur et du caract\u00e8re \u00e0 la d\u00e9coration d\u2019une table basse. Par exemple, vous pouvez associer un plateau en m\u00e9tal \u00e9l\u00e9gant avec une plante en pot de terre cuite, qui ajoute une touche naturelle et brute, ou avec une bougie en c\u00e9ramique pour une touche d\u2019artisanat. Ajouter un textile doux, comme un petit tapis, un chemin de table d\u00e9coratif, ou m\u00eame un jet\u00e9 en laine ou en coton, apportera \u00e9galement une dimension cosy et accueillante. En associant des mati\u00e8res contrastantes, comme le m\u00e9tal, la c\u00e9ramique et des textiles, vous obtenez une composition \u00e0 la fois riche et chaleureuse, id\u00e9ale pour un salon \u00e0 la fois tendance et confortable !<\/span><\/p>\t\t\t\t\t\t<\/div>\n\t\t\t\t<\/div>\n\t\t\t\t\t<\/div>\n\t\t<\/div>\n\t\t\t\t\t\t\t<\/div>\n\t\t<\/section>\n\t\t\t\t<section class=\"elementor-section elementor-top-section elementor-element elementor-element-93109c7 elementor-section-boxed elementor-section-height-default elementor-section-height-default\" data-id=\"93109c7\" data-element_type=\"section\" data-settings=\"{&quot;jet_parallax_layout_list&quot;:[]}\">\n\t\t\t\t\t\t<div class=\"elementor-container elementor-column-gap-default\">\n\t\t\t\t\t<div class=\"elementor-column elementor-col-100 elementor-top-column elementor-element elementor-element-0540c9f\" data-id=\"0540c9f\" data-element_type=\"column\">\n\t\t\t<div class=\"elementor-widget-wrap elementor-element-populated\">\n\t\t\t\t\t\t\t\t<div class=\"elementor-element elementor-element-42f17fa elementor-widget elementor-widget-text-editor\" data-id=\"42f17fa\" data-element_type=\"widget\" data-widget_type=\"text-editor.default\">\n\t\t\t\t<div class=\"elementor-widget-container\">\n\t\t\t\t\t\t\t<p><span style=\"background-color: transparent; color: #000000; font-family: Inter, sans-serif; font-size: 12pt; white-space-collapse: preserve; font-weight: var( --e-global-typography-text-font-weight ); letter-spacing: -0.8px;\">D\u00e9corer une table est une opportunit\u00e9 de laisser libre cours \u00e0 votre cr\u00e9ativit\u00e9 tout en am\u00e9liorant l\u2019esth\u00e9tique de votre salon. Avec un peu d\u2019imagination et en suivant ces quelques conseils, vous pouvez transformer cet espace en un v\u00e9ritable point d\u2019attraction qui refl\u00e8te votre style et votre personnalit\u00e9. N\u2019h\u00e9sitez pas \u00e0 faire \u00e9voluer la d\u00e9coration au fil du temps pour garder un espace toujours frais et accueillant. <\/span><\/p><div><span style=\"background-color: transparent; color: #000000; font-family: Inter, sans-serif; font-size: 12pt; white-space-collapse: preserve; font-weight: var( --e-global-typography-text-font-weight ); letter-spacing: -0.8px;\">D\u00e9corer sa table est essentiel, mais son entretien l&rsquo;est tout autant. D\u00e9couvrez notre dernier article <a href=\"https:\/\/www.made-in-meubles.com\/blog\/nettoyer-table-en-bois\/\">\u00ab\u00a0Comment nettoyer une table en bois : guide pratique\u00a0\u00bb<\/a> !<\/span><\/div>\t\t\t\t\t\t<\/div>\n\t\t\t\t<\/div>\n\t\t\t\t\t<\/div>\n\t\t<\/div>\n\t\t\t\t\t\t\t<\/div>\n\t\t<\/section>\n\t\t\t\t\t\t\t<\/div>\n\t\t","protected":false},"excerpt":{"rendered":"<p>La table basse est un \u00e9l\u00e9ment central dans tout salon. Plus qu&rsquo;un simple meuble fonctionnel, elle peut \u00eatre un v\u00e9ritable atout d\u00e9coratif qui refl\u00e8te votre style et cr\u00e9e une atmosph\u00e8re conviviale. Voici quelques id\u00e9es et conseils pour d\u00e9corer votre table basse de mani\u00e8re \u00e9l\u00e9gante et tendance. Choisissez un table basse qui correspond \u00e0 votre style [&hellip;]<\/p>\n","protected":false},"author":32,"featured_media":14484,"comment_status":"open","ping_status":"open","sticky":false,"template":"","format":"standard","meta":[],"categories":[5],"tags":[68],"acf":[],"_links":{"self":[{"href":"https:\/\/www.made-in-meubles.com\/blog\/wp-json\/wp\/v2\/posts\/14474"}],"collection":[{"href":"https:\/\/www.made-in-meubles.com\/blog\/wp-json\/wp\/v2\/posts"}],"about":[{"href":"https:\/\/www.made-in-meubles.com\/blog\/wp-json\/wp\/v2\/types\/post"}],"author":[{"embeddable":true,"href":"https:\/\/www.made-in-meubles.com\/blog\/wp-json\/wp\/v2\/users\/32"}],"replies":[{"embeddable":true,"href":"https:\/\/www.made-in-meubles.com\/blog\/wp-json\/wp\/v2\/comments?post=14474"}],"version-history":[{"count":55,"href":"https:\/\/www.made-in-meubles.com\/blog\/wp-json\/wp\/v2\/posts\/14474\/revisions"}],"predecessor-version":[{"id":14841,"href":"https:\/\/www.made-in-meubles.com\/blog\/wp-json\/wp\/v2\/posts\/14474\/revisions\/14841"}],"wp:featuredmedia":[{"embeddable":true,"href":"https:\/\/www.made-in-meubles.com\/blog\/wp-json\/wp\/v2\/media\/14484"}],"wp:attachment":[{"href":"https:\/\/www.made-in-meubles.com\/blog\/wp-json\/wp\/v2\/media?parent=14474"}],"wp:term":[{"taxonomy":"category","embeddable":true,"href":"https:\/\/www.made-in-meubles.com\/blog\/wp-json\/wp\/v2\/categories?post=14474"},{"taxonomy":"post_tag","embeddable":true,"href":"https:\/\/www.made-in-meubles.com\/blog\/wp-json\/wp\/v2\/tags?post=14474"}],"curies":[{"name":"wp","href":"https:\/\/api.w.org\/{rel}","templated":true}]}}