{"id":15230,"date":"2024-12-11T16:17:35","date_gmt":"2024-12-11T15:17:35","guid":{"rendered":"https:\/\/www.made-in-meubles.com\/blog\/?p=15230"},"modified":"2026-04-16T12:05:11","modified_gmt":"2026-04-16T10:05:11","slug":"choisir-la-hauteur-des-assis","status":"publish","type":"post","link":"https:\/\/www.made-in-meubles.com\/blog\/choisir-la-hauteur-des-assis\/","title":{"rendered":"Comment bien choisir la hauteur des assises pour un confort optimal"},"content":{"rendered":"\t\t<div data-elementor-type=\"wp-post\" data-elementor-id=\"15230\" class=\"elementor elementor-15230\">\n\t\t\t\t\t\t\t\t\t<section class=\"elementor-section elementor-top-section elementor-element elementor-element-395036d elementor-section-boxed elementor-section-height-default elementor-section-height-default\" data-id=\"395036d\" data-element_type=\"section\" data-settings=\"{&quot;jet_parallax_layout_list&quot;:[]}\">\n\t\t\t\t\t\t<div class=\"elementor-container elementor-column-gap-default\">\n\t\t\t\t\t<div class=\"elementor-column elementor-col-100 elementor-top-column elementor-element elementor-element-a64d0b1\" data-id=\"a64d0b1\" data-element_type=\"column\">\n\t\t\t<div class=\"elementor-widget-wrap elementor-element-populated\">\n\t\t\t\t\t\t\t\t<div class=\"elementor-element elementor-element-779157d elementor-widget elementor-widget-text-editor\" data-id=\"779157d\" data-element_type=\"widget\" data-widget_type=\"text-editor.default\">\n\t\t\t\t<div class=\"elementor-widget-container\">\n\t\t\t<style>\/*! elementor - v3.6.5 - 27-04-2022 *\/\n.elementor-widget-text-editor.elementor-drop-cap-view-stacked .elementor-drop-cap{background-color:#818a91;color:#fff}.elementor-widget-text-editor.elementor-drop-cap-view-framed .elementor-drop-cap{color:#818a91;border:3px solid;background-color:transparent}.elementor-widget-text-editor:not(.elementor-drop-cap-view-default) .elementor-drop-cap{margin-top:8px}.elementor-widget-text-editor:not(.elementor-drop-cap-view-default) .elementor-drop-cap-letter{width:1em;height:1em}.elementor-widget-text-editor .elementor-drop-cap{float:left;text-align:center;line-height:1;font-size:50px}.elementor-widget-text-editor .elementor-drop-cap-letter{display:inline-block}<\/style>\t\t\t\t<p><span style=\"background-color: transparent; color: #000000; font-family: Inter, sans-serif; font-size: 12pt; white-space-collapse: preserve; font-weight: var( --e-global-typography-text-font-weight ); letter-spacing: -0.8px;\">La hauteur des <a href=\"https:\/\/www.made-in-meubles.com\/produits\/assise.html\">assises<\/a> joue un r\u00f4le crucial dans le confort quotidien. Que ce soit pour une chaise de salle \u00e0 manger, un tabouret de bar ou un fauteuil, une mauvaise hauteur peut entra\u00eener des douleurs, alt\u00e9rer la posture et d\u00e9tonner avec l\u2019esth\u00e9tique de votre int\u00e9rieur. Cet article vous guide \u00e0 travers les crit\u00e8res essentiels pour choisir la hauteur id\u00e9ale de vos assises.<\/span><\/p>\t\t\t\t\t\t<\/div>\n\t\t\t\t<\/div>\n\t\t\t\t\t<\/div>\n\t\t<\/div>\n\t\t\t\t\t\t\t<\/div>\n\t\t<\/section>\n\t\t\t\t<section class=\"elementor-section elementor-top-section elementor-element elementor-element-a2fb719 elementor-section-boxed elementor-section-height-default elementor-section-height-default\" data-id=\"a2fb719\" data-element_type=\"section\" data-settings=\"{&quot;jet_parallax_layout_list&quot;:[]}\">\n\t\t\t\t\t\t<div class=\"elementor-container elementor-column-gap-default\">\n\t\t\t\t\t<div class=\"elementor-column elementor-col-100 elementor-top-column elementor-element elementor-element-feaaa6f\" data-id=\"feaaa6f\" data-element_type=\"column\">\n\t\t\t<div class=\"elementor-widget-wrap elementor-element-populated\">\n\t\t\t\t\t\t\t\t<div class=\"elementor-element elementor-element-85cd37b elementor-widget elementor-widget-heading\" data-id=\"85cd37b\" data-element_type=\"widget\" data-widget_type=\"heading.default\">\n\t\t\t\t<div class=\"elementor-widget-container\">\n\t\t\t<style>\/*! elementor - v3.6.5 - 27-04-2022 *\/\n.elementor-heading-title{padding:0;margin:0;line-height:1}.elementor-widget-heading .elementor-heading-title[class*=elementor-size-]>a{color:inherit;font-size:inherit;line-height:inherit}.elementor-widget-heading .elementor-heading-title.elementor-size-small{font-size:15px}.elementor-widget-heading .elementor-heading-title.elementor-size-medium{font-size:19px}.elementor-widget-heading .elementor-heading-title.elementor-size-large{font-size:29px}.elementor-widget-heading .elementor-heading-title.elementor-size-xl{font-size:39px}.elementor-widget-heading .elementor-heading-title.elementor-size-xxl{font-size:59px}<\/style><h2 class=\"elementor-heading-title elementor-size-default\">1. Pourquoi bien choisir la hauteur des assises est important ? <\/h2>\t\t<\/div>\n\t\t\t\t<\/div>\n\t\t\t\t\t<\/div>\n\t\t<\/div>\n\t\t\t\t\t\t\t<\/div>\n\t\t<\/section>\n\t\t\t\t<section class=\"elementor-section elementor-top-section elementor-element elementor-element-0385c69 elementor-section-boxed elementor-section-height-default elementor-section-height-default\" data-id=\"0385c69\" data-element_type=\"section\" data-settings=\"{&quot;jet_parallax_layout_list&quot;:[]}\">\n\t\t\t\t\t\t<div class=\"elementor-container elementor-column-gap-default\">\n\t\t\t\t\t<div class=\"elementor-column elementor-col-100 elementor-top-column elementor-element elementor-element-e1fbcd0\" data-id=\"e1fbcd0\" data-element_type=\"column\">\n\t\t\t<div class=\"elementor-widget-wrap elementor-element-populated\">\n\t\t\t\t\t\t\t\t<div class=\"elementor-element elementor-element-d62c9e6 elementor-widget elementor-widget-text-editor\" data-id=\"d62c9e6\" data-element_type=\"widget\" data-widget_type=\"text-editor.default\">\n\t\t\t\t<div class=\"elementor-widget-container\">\n\t\t\t\t\t\t\t<p><span style=\"background-color: transparent; color: #000000; font-family: Inter, sans-serif; font-size: 12pt; white-space-collapse: preserve; font-weight: var( --e-global-typography-text-font-weight ); letter-spacing: -0.8px;\">Une hauteur mal adapt\u00e9e peut avoir des cons\u00e9quences n\u00e9gatives :<\/span><\/p>\t\t\t\t\t\t<\/div>\n\t\t\t\t<\/div>\n\t\t\t\t<div class=\"elementor-element elementor-element-da0fed3 elementor-widget elementor-widget-heading\" data-id=\"da0fed3\" data-element_type=\"widget\" data-widget_type=\"heading.default\">\n\t\t\t\t<div class=\"elementor-widget-container\">\n\t\t\t<h3 class=\"elementor-heading-title elementor-size-default\">Confort et posture : <\/h3>\t\t<\/div>\n\t\t\t\t<\/div>\n\t\t\t\t\t<\/div>\n\t\t<\/div>\n\t\t\t\t\t\t\t<\/div>\n\t\t<\/section>\n\t\t\t\t<section class=\"elementor-section elementor-top-section elementor-element elementor-element-7b520d8 elementor-section-boxed elementor-section-height-default elementor-section-height-default\" data-id=\"7b520d8\" data-element_type=\"section\" data-settings=\"{&quot;jet_parallax_layout_list&quot;:[]}\">\n\t\t\t\t\t\t<div class=\"elementor-container elementor-column-gap-default\">\n\t\t\t\t\t<div class=\"elementor-column elementor-col-100 elementor-top-column elementor-element elementor-element-1853db3\" data-id=\"1853db3\" data-element_type=\"column\">\n\t\t\t<div class=\"elementor-widget-wrap elementor-element-populated\">\n\t\t\t\t\t\t\t\t<div class=\"elementor-element elementor-element-15869ee elementor-widget elementor-widget-text-editor\" data-id=\"15869ee\" data-element_type=\"widget\" data-widget_type=\"text-editor.default\">\n\t\t\t\t<div class=\"elementor-widget-container\">\n\t\t\t\t\t\t\t<p><span style=\"background-color: transparent; color: rgb(0, 0, 0); font-family: Inter, sans-serif; font-size: 12pt; white-space-collapse: preserve; font-weight: var( --e-global-typography-text-font-weight ); letter-spacing: -0.8px;\">Une assise trop haute peut provoquer une mauvaise circulation sanguine dans les jambes, tandis qu\u2019une assise trop basse peut fatiguer le dos et les genoux. Un bon alignement du bassin et des jambes est essentiel pour maintenir une posture naturelle et \u00e9viter les tensions musculaires.<\/span><\/p>\t\t\t\t\t\t<\/div>\n\t\t\t\t<\/div>\n\t\t\t\t\t<\/div>\n\t\t<\/div>\n\t\t\t\t\t\t\t<\/div>\n\t\t<\/section>\n\t\t\t\t<section class=\"elementor-section elementor-top-section elementor-element elementor-element-4fd506e elementor-section-boxed elementor-section-height-default elementor-section-height-default\" data-id=\"4fd506e\" data-element_type=\"section\" data-settings=\"{&quot;jet_parallax_layout_list&quot;:[]}\">\n\t\t\t\t\t\t<div class=\"elementor-container elementor-column-gap-default\">\n\t\t\t\t\t<div class=\"elementor-column elementor-col-100 elementor-top-column elementor-element elementor-element-1ac86d6\" data-id=\"1ac86d6\" data-element_type=\"column\">\n\t\t\t<div class=\"elementor-widget-wrap elementor-element-populated\">\n\t\t\t\t\t\t\t\t<div class=\"elementor-element elementor-element-7d69445 elementor-widget elementor-widget-heading\" data-id=\"7d69445\" data-element_type=\"widget\" data-widget_type=\"heading.default\">\n\t\t\t\t<div class=\"elementor-widget-container\">\n\t\t\t<h3 class=\"elementor-heading-title elementor-size-default\">Esth\u00e9tique et harmonie : <\/h3>\t\t<\/div>\n\t\t\t\t<\/div>\n\t\t\t\t\t<\/div>\n\t\t<\/div>\n\t\t\t\t\t\t\t<\/div>\n\t\t<\/section>\n\t\t\t\t<section class=\"elementor-section elementor-top-section elementor-element elementor-element-45b55f3 elementor-section-boxed elementor-section-height-default elementor-section-height-default\" data-id=\"45b55f3\" data-element_type=\"section\" data-settings=\"{&quot;jet_parallax_layout_list&quot;:[]}\">\n\t\t\t\t\t\t<div class=\"elementor-container elementor-column-gap-default\">\n\t\t\t\t\t<div class=\"elementor-column elementor-col-100 elementor-top-column elementor-element elementor-element-5006f2f\" data-id=\"5006f2f\" data-element_type=\"column\">\n\t\t\t<div class=\"elementor-widget-wrap elementor-element-populated\">\n\t\t\t\t\t\t\t\t<div class=\"elementor-element elementor-element-43f006a elementor-widget elementor-widget-text-editor\" data-id=\"43f006a\" data-element_type=\"widget\" data-widget_type=\"text-editor.default\">\n\t\t\t\t<div class=\"elementor-widget-container\">\n\t\t\t\t\t\t\t<p><span style=\"background-color: transparent; color: #000000; font-family: Inter, sans-serif; font-size: 12pt; white-space-collapse: preserve; font-weight: var( --e-global-typography-text-font-weight ); letter-spacing: -0.8px;\">Une hauteur disproportionn\u00e9e peut nuire \u00e0 l\u2019\u00e9quilibre visuel d\u2019une pi\u00e8ce. Une bonne coordination entre la hauteur des meubles et celle des assises contribue \u00e0 cr\u00e9er un espace accueillant et fonctionnel.<\/span><\/p>\t\t\t\t\t\t<\/div>\n\t\t\t\t<\/div>\n\t\t\t\t\t<\/div>\n\t\t<\/div>\n\t\t\t\t\t\t\t<\/div>\n\t\t<\/section>\n\t\t\t\t<section class=\"elementor-section elementor-top-section elementor-element elementor-element-def1b8f elementor-section-boxed elementor-section-height-default elementor-section-height-default\" data-id=\"def1b8f\" data-element_type=\"section\" data-settings=\"{&quot;jet_parallax_layout_list&quot;:[]}\">\n\t\t\t\t\t\t<div class=\"elementor-container elementor-column-gap-default\">\n\t\t\t\t\t<div class=\"elementor-column elementor-col-100 elementor-top-column elementor-element elementor-element-6506bca\" data-id=\"6506bca\" data-element_type=\"column\">\n\t\t\t<div class=\"elementor-widget-wrap elementor-element-populated\">\n\t\t\t\t\t\t\t\t<div class=\"elementor-element elementor-element-ed7566a elementor-widget elementor-widget-heading\" data-id=\"ed7566a\" data-element_type=\"widget\" data-widget_type=\"heading.default\">\n\t\t\t\t<div class=\"elementor-widget-container\">\n\t\t\t<h2 class=\"elementor-heading-title elementor-size-default\">2. Les crit\u00e8res pour choisir la hauteur des assises id\u00e9ale<\/h2>\t\t<\/div>\n\t\t\t\t<\/div>\n\t\t\t\t\t<\/div>\n\t\t<\/div>\n\t\t\t\t\t\t\t<\/div>\n\t\t<\/section>\n\t\t\t\t<section class=\"elementor-section elementor-top-section elementor-element elementor-element-f3821a8 elementor-section-boxed elementor-section-height-default elementor-section-height-default\" data-id=\"f3821a8\" data-element_type=\"section\" data-settings=\"{&quot;jet_parallax_layout_list&quot;:[]}\">\n\t\t\t\t\t\t<div class=\"elementor-container elementor-column-gap-default\">\n\t\t\t\t\t<div class=\"elementor-column elementor-col-100 elementor-top-column elementor-element elementor-element-bdaf41e\" data-id=\"bdaf41e\" data-element_type=\"column\">\n\t\t\t<div class=\"elementor-widget-wrap elementor-element-populated\">\n\t\t\t\t\t\t\t\t<div class=\"elementor-element elementor-element-4907000 elementor-widget elementor-widget-text-editor\" data-id=\"4907000\" data-element_type=\"widget\" data-widget_type=\"text-editor.default\">\n\t\t\t\t<div class=\"elementor-widget-container\">\n\t\t\t\t\t\t\t<p><span style=\"background-color: transparent; color: rgb(0, 0, 0); font-family: Inter, sans-serif; font-size: 12pt; white-space-collapse: preserve; font-weight: var( --e-global-typography-text-font-weight ); letter-spacing: -0.8px;\">Chaque type d\u2019assise a des besoins diff\u00e9rents :<\/span><\/p>\t\t\t\t\t\t<\/div>\n\t\t\t\t<\/div>\n\t\t\t\t\t<\/div>\n\t\t<\/div>\n\t\t\t\t\t\t\t<\/div>\n\t\t<\/section>\n\t\t\t\t<section class=\"elementor-section elementor-top-section elementor-element elementor-element-c889be5 elementor-section-boxed elementor-section-height-default elementor-section-height-default\" data-id=\"c889be5\" data-element_type=\"section\" data-settings=\"{&quot;jet_parallax_layout_list&quot;:[]}\">\n\t\t\t\t\t\t<div class=\"elementor-container elementor-column-gap-default\">\n\t\t\t\t\t<div class=\"elementor-column elementor-col-100 elementor-top-column elementor-element elementor-element-ea379d3\" data-id=\"ea379d3\" data-element_type=\"column\">\n\t\t\t<div class=\"elementor-widget-wrap elementor-element-populated\">\n\t\t\t\t\t\t\t\t<div class=\"elementor-element elementor-element-d6e763e elementor-widget elementor-widget-heading\" data-id=\"d6e763e\" data-element_type=\"widget\" data-widget_type=\"heading.default\">\n\t\t\t\t<div class=\"elementor-widget-container\">\n\t\t\t<h3 class=\"elementor-heading-title elementor-size-default\">Chaises de salle \u00e0 manger : <\/h3>\t\t<\/div>\n\t\t\t\t<\/div>\n\t\t\t\t\t<\/div>\n\t\t<\/div>\n\t\t\t\t\t\t\t<\/div>\n\t\t<\/section>\n\t\t\t\t<section class=\"elementor-section elementor-top-section elementor-element elementor-element-376e141 elementor-section-boxed elementor-section-height-default elementor-section-height-default\" data-id=\"376e141\" data-element_type=\"section\" data-settings=\"{&quot;jet_parallax_layout_list&quot;:[]}\">\n\t\t\t\t\t\t<div class=\"elementor-container elementor-column-gap-default\">\n\t\t\t\t\t<div class=\"elementor-column elementor-col-100 elementor-top-column elementor-element elementor-element-4283955\" data-id=\"4283955\" data-element_type=\"column\">\n\t\t\t<div class=\"elementor-widget-wrap elementor-element-populated\">\n\t\t\t\t\t\t\t\t<div class=\"elementor-element elementor-element-e0f7252 elementor-widget elementor-widget-text-editor\" data-id=\"e0f7252\" data-element_type=\"widget\" data-widget_type=\"text-editor.default\">\n\t\t\t\t<div class=\"elementor-widget-container\">\n\t\t\t\t\t\t\t<p><span style=\"background-color: transparent; color: rgb(0, 0, 0); font-family: Inter, sans-serif; font-size: 12pt; white-space-collapse: preserve; font-weight: var( --e-global-typography-text-font-weight ); letter-spacing: -0.8px;\">Utilis\u00e9es pour des repas prolong\u00e9s, elles doivent offrir un bon soutien et permettre de bouger facilement. La hauteur id\u00e9ale permet aux coudes de reposer confortablement sur la table sans trop d\u2019effort.<\/span><\/p>\t\t\t\t\t\t<\/div>\n\t\t\t\t<\/div>\n\t\t\t\t\t<\/div>\n\t\t<\/div>\n\t\t\t\t\t\t\t<\/div>\n\t\t<\/section>\n\t\t\t\t<section class=\"elementor-section elementor-top-section elementor-element elementor-element-a6038ad elementor-section-boxed elementor-section-height-default elementor-section-height-default\" data-id=\"a6038ad\" data-element_type=\"section\" data-settings=\"{&quot;jet_parallax_layout_list&quot;:[]}\">\n\t\t\t\t\t\t<div class=\"elementor-container elementor-column-gap-default\">\n\t\t\t\t\t<div class=\"elementor-column elementor-col-50 elementor-top-column elementor-element elementor-element-05e3325\" data-id=\"05e3325\" data-element_type=\"column\">\n\t\t\t<div class=\"elementor-widget-wrap elementor-element-populated\">\n\t\t\t\t\t\t\t\t<div class=\"elementor-element elementor-element-4cbe5a9 elementor-widget elementor-widget-image\" data-id=\"4cbe5a9\" data-element_type=\"widget\" data-widget_type=\"image.default\">\n\t\t\t\t<div class=\"elementor-widget-container\">\n\t\t\t<style>\/*! elementor - v3.6.5 - 27-04-2022 *\/\n.elementor-widget-image{text-align:center}.elementor-widget-image a{display:inline-block}.elementor-widget-image a img[src$=\".svg\"]{width:48px}.elementor-widget-image img{vertical-align:middle;display:inline-block}<\/style>\t\t\t\t\t\t\t\t\t<figure class=\"wp-caption\">\n\t\t\t\t\t\t\t\t\t\t\t<a href=\"https:\/\/www.made-in-meubles.com\/chaise-en-bois-de-mindy-et-tissu-bouclette-suzie-lot-de-2-lot\">\n\t\t\t\t\t\t\t<img width=\"1024\" height=\"1024\" src=\"https:\/\/www.made-in-meubles.com\/blog\/wp-content\/uploads\/2023\/10\/CAM01-chaise-ambiance-face-cote-1024x1024.jpg\" class=\"attachment-large size-large\" alt=\"Chaise en bois de mindy et tissu bouclette Suzie\" srcset=\"https:\/\/www.made-in-meubles.com\/blog\/wp-content\/uploads\/2023\/10\/CAM01-chaise-ambiance-face-cote-1024x1024.jpg 1024w, https:\/\/www.made-in-meubles.com\/blog\/wp-content\/uploads\/2023\/10\/CAM01-chaise-ambiance-face-cote-300x300.jpg 300w, https:\/\/www.made-in-meubles.com\/blog\/wp-content\/uploads\/2023\/10\/CAM01-chaise-ambiance-face-cote-150x150.jpg 150w, https:\/\/www.made-in-meubles.com\/blog\/wp-content\/uploads\/2023\/10\/CAM01-chaise-ambiance-face-cote-768x768.jpg 768w, https:\/\/www.made-in-meubles.com\/blog\/wp-content\/uploads\/2023\/10\/CAM01-chaise-ambiance-face-cote.jpg 1200w\" sizes=\"(max-width: 1024px) 100vw, 1024px\" \/>\t\t\t\t\t\t\t\t<\/a>\n\t\t\t\t\t\t\t\t\t\t\t<figcaption class=\"widget-image-caption wp-caption-text\">Chaise Suzie<\/figcaption>\n\t\t\t\t\t\t\t\t\t\t<\/figure>\n\t\t\t\t\t\t\t\t\t<\/div>\n\t\t\t\t<\/div>\n\t\t\t\t\t<\/div>\n\t\t<\/div>\n\t\t\t\t<div class=\"elementor-column elementor-col-50 elementor-top-column elementor-element elementor-element-e7483a8\" data-id=\"e7483a8\" data-element_type=\"column\">\n\t\t\t<div class=\"elementor-widget-wrap elementor-element-populated\">\n\t\t\t\t\t\t\t\t<div class=\"elementor-element elementor-element-1731b10 elementor-widget elementor-widget-image\" data-id=\"1731b10\" data-element_type=\"widget\" data-widget_type=\"image.default\">\n\t\t\t\t<div class=\"elementor-widget-container\">\n\t\t\t\t\t\t\t\t\t\t\t\t\t\t\t<img width=\"1024\" height=\"1024\" src=\"https:\/\/www.made-in-meubles.com\/blog\/wp-content\/uploads\/2023\/10\/CAM01-chaise-ambiance-zoom-4-1024x1024.jpg\" class=\"attachment-large size-large\" alt=\"Chaise mindy de chez Made In Meubles\" srcset=\"https:\/\/www.made-in-meubles.com\/blog\/wp-content\/uploads\/2023\/10\/CAM01-chaise-ambiance-zoom-4-1024x1024.jpg 1024w, https:\/\/www.made-in-meubles.com\/blog\/wp-content\/uploads\/2023\/10\/CAM01-chaise-ambiance-zoom-4-300x300.jpg 300w, https:\/\/www.made-in-meubles.com\/blog\/wp-content\/uploads\/2023\/10\/CAM01-chaise-ambiance-zoom-4-150x150.jpg 150w, https:\/\/www.made-in-meubles.com\/blog\/wp-content\/uploads\/2023\/10\/CAM01-chaise-ambiance-zoom-4-768x768.jpg 768w, https:\/\/www.made-in-meubles.com\/blog\/wp-content\/uploads\/2023\/10\/CAM01-chaise-ambiance-zoom-4.jpg 1200w\" sizes=\"(max-width: 1024px) 100vw, 1024px\" \/>\t\t\t\t\t\t\t\t\t\t\t\t\t\t\t<\/div>\n\t\t\t\t<\/div>\n\t\t\t\t\t<\/div>\n\t\t<\/div>\n\t\t\t\t\t\t\t<\/div>\n\t\t<\/section>\n\t\t\t\t<section class=\"elementor-section elementor-top-section elementor-element elementor-element-7d2a28d elementor-section-boxed elementor-section-height-default elementor-section-height-default\" data-id=\"7d2a28d\" data-element_type=\"section\" data-settings=\"{&quot;jet_parallax_layout_list&quot;:[]}\">\n\t\t\t\t\t\t<div class=\"elementor-container elementor-column-gap-default\">\n\t\t\t\t\t<div class=\"elementor-column elementor-col-100 elementor-top-column elementor-element elementor-element-39b4a54\" data-id=\"39b4a54\" data-element_type=\"column\">\n\t\t\t<div class=\"elementor-widget-wrap elementor-element-populated\">\n\t\t\t\t\t\t\t\t<div class=\"elementor-element elementor-element-775edc6 elementor-widget elementor-widget-heading\" data-id=\"775edc6\" data-element_type=\"widget\" data-widget_type=\"heading.default\">\n\t\t\t\t<div class=\"elementor-widget-container\">\n\t\t\t<h3 class=\"elementor-heading-title elementor-size-default\">Tabourets de bar : <\/h3>\t\t<\/div>\n\t\t\t\t<\/div>\n\t\t\t\t\t<\/div>\n\t\t<\/div>\n\t\t\t\t\t\t\t<\/div>\n\t\t<\/section>\n\t\t\t\t<section class=\"elementor-section elementor-top-section elementor-element elementor-element-bb5e0dd elementor-section-boxed elementor-section-height-default elementor-section-height-default\" data-id=\"bb5e0dd\" data-element_type=\"section\" data-settings=\"{&quot;jet_parallax_layout_list&quot;:[]}\">\n\t\t\t\t\t\t<div class=\"elementor-container elementor-column-gap-default\">\n\t\t\t\t\t<div class=\"elementor-column elementor-col-100 elementor-top-column elementor-element elementor-element-20f3759\" data-id=\"20f3759\" data-element_type=\"column\">\n\t\t\t<div class=\"elementor-widget-wrap elementor-element-populated\">\n\t\t\t\t\t\t\t\t<div class=\"elementor-element elementor-element-6d7791e elementor-widget elementor-widget-text-editor\" data-id=\"6d7791e\" data-element_type=\"widget\" data-widget_type=\"text-editor.default\">\n\t\t\t\t<div class=\"elementor-widget-container\">\n\t\t\t\t\t\t\t<p><span style=\"background-color: transparent; color: #000000; font-family: Inter, sans-serif; font-size: 12pt; white-space-collapse: preserve; font-weight: var( --e-global-typography-text-font-weight ); letter-spacing: -0.8px;\">Id\u00e9aux pour les <a href=\"https:\/\/www.made-in-meubles.com\/produits\/bar-comptoir.html\">comptoirs<\/a> ou les plans de travail sur\u00e9lev\u00e9s, ces assises doivent permettre aux jambes de reposer l\u00e9g\u00e8rement ou d\u2019\u00eatre soutenues par un repose-pieds int\u00e9gr\u00e9.<\/span><\/p>\t\t\t\t\t\t<\/div>\n\t\t\t\t<\/div>\n\t\t\t\t\t<\/div>\n\t\t<\/div>\n\t\t\t\t\t\t\t<\/div>\n\t\t<\/section>\n\t\t\t\t<section class=\"elementor-section elementor-top-section elementor-element elementor-element-3961ded elementor-section-boxed elementor-section-height-default elementor-section-height-default\" data-id=\"3961ded\" data-element_type=\"section\" data-settings=\"{&quot;jet_parallax_layout_list&quot;:[]}\">\n\t\t\t\t\t\t<div class=\"elementor-container elementor-column-gap-default\">\n\t\t\t\t\t<div class=\"elementor-column elementor-col-100 elementor-top-column elementor-element elementor-element-d2bc2e4\" data-id=\"d2bc2e4\" data-element_type=\"column\">\n\t\t\t<div class=\"elementor-widget-wrap elementor-element-populated\">\n\t\t\t\t\t\t\t\t<div class=\"elementor-element elementor-element-9c0116e elementor-widget elementor-widget-heading\" data-id=\"9c0116e\" data-element_type=\"widget\" data-widget_type=\"heading.default\">\n\t\t\t\t<div class=\"elementor-widget-container\">\n\t\t\t<h3 class=\"elementor-heading-title elementor-size-default\">Fauteuils :<\/h3>\t\t<\/div>\n\t\t\t\t<\/div>\n\t\t\t\t\t<\/div>\n\t\t<\/div>\n\t\t\t\t\t\t\t<\/div>\n\t\t<\/section>\n\t\t\t\t<section class=\"elementor-section elementor-top-section elementor-element elementor-element-c22eaeb elementor-section-boxed elementor-section-height-default elementor-section-height-default\" data-id=\"c22eaeb\" data-element_type=\"section\" data-settings=\"{&quot;jet_parallax_layout_list&quot;:[]}\">\n\t\t\t\t\t\t<div class=\"elementor-container elementor-column-gap-default\">\n\t\t\t\t\t<div class=\"elementor-column elementor-col-100 elementor-top-column elementor-element elementor-element-c369894\" data-id=\"c369894\" data-element_type=\"column\">\n\t\t\t<div class=\"elementor-widget-wrap elementor-element-populated\">\n\t\t\t\t\t\t\t\t<div class=\"elementor-element elementor-element-2fbce45 elementor-widget elementor-widget-text-editor\" data-id=\"2fbce45\" data-element_type=\"widget\" data-widget_type=\"text-editor.default\">\n\t\t\t\t<div class=\"elementor-widget-container\">\n\t\t\t\t\t\t\t<p><span style=\"background-color: transparent; font-family: Inter, sans-serif; font-size: 12pt; white-space-collapse: preserve; color: #000000; font-weight: var( --e-global-typography-text-font-weight ); letter-spacing: -0.8px;\">Con\u00e7us pour la relaxation, ils doivent \u00eatre suffisamment bas pour maintenir une position d\u00e9tendue tout en soutenant le bas du dos.<\/span><\/p>\t\t\t\t\t\t<\/div>\n\t\t\t\t<\/div>\n\t\t\t\t\t<\/div>\n\t\t<\/div>\n\t\t\t\t\t\t\t<\/div>\n\t\t<\/section>\n\t\t\t\t<section class=\"elementor-section elementor-top-section elementor-element elementor-element-966a4d5 elementor-section-boxed elementor-section-height-default elementor-section-height-default\" data-id=\"966a4d5\" data-element_type=\"section\" data-settings=\"{&quot;jet_parallax_layout_list&quot;:[]}\">\n\t\t\t\t\t\t<div class=\"elementor-container elementor-column-gap-default\">\n\t\t\t\t\t<div class=\"elementor-column elementor-col-50 elementor-top-column elementor-element elementor-element-03b9561\" data-id=\"03b9561\" data-element_type=\"column\">\n\t\t\t<div class=\"elementor-widget-wrap elementor-element-populated\">\n\t\t\t\t\t\t\t\t<div class=\"elementor-element elementor-element-2a509b0 elementor-widget elementor-widget-image\" data-id=\"2a509b0\" data-element_type=\"widget\" data-widget_type=\"image.default\">\n\t\t\t\t<div class=\"elementor-widget-container\">\n\t\t\t\t\t\t\t\t\t\t\t\t<figure class=\"wp-caption\">\n\t\t\t\t\t\t\t\t\t\t\t<a href=\"https:\/\/www.made-in-meubles.com\/chaise-en-tissu-beige-solene-lot-de-2-lot\">\n\t\t\t\t\t\t\t<img width=\"1024\" height=\"1024\" src=\"https:\/\/www.made-in-meubles.com\/blog\/wp-content\/uploads\/2024\/12\/ma06-chaise-amb-dos-1024x1024.webp\" class=\"attachment-large size-large\" alt=\"\" srcset=\"https:\/\/www.made-in-meubles.com\/blog\/wp-content\/uploads\/2024\/12\/ma06-chaise-amb-dos-1024x1024.webp 1024w, https:\/\/www.made-in-meubles.com\/blog\/wp-content\/uploads\/2024\/12\/ma06-chaise-amb-dos-300x300.webp 300w, https:\/\/www.made-in-meubles.com\/blog\/wp-content\/uploads\/2024\/12\/ma06-chaise-amb-dos-150x150.webp 150w, https:\/\/www.made-in-meubles.com\/blog\/wp-content\/uploads\/2024\/12\/ma06-chaise-amb-dos-768x768.webp 768w, https:\/\/www.made-in-meubles.com\/blog\/wp-content\/uploads\/2024\/12\/ma06-chaise-amb-dos.webp 1200w\" sizes=\"(max-width: 1024px) 100vw, 1024px\" \/>\t\t\t\t\t\t\t\t<\/a>\n\t\t\t\t\t\t\t\t\t\t\t<figcaption class=\"widget-image-caption wp-caption-text\">Fauteuil Soline<\/figcaption>\n\t\t\t\t\t\t\t\t\t\t<\/figure>\n\t\t\t\t\t\t\t\t\t<\/div>\n\t\t\t\t<\/div>\n\t\t\t\t\t<\/div>\n\t\t<\/div>\n\t\t\t\t<div class=\"elementor-column elementor-col-50 elementor-top-column elementor-element elementor-element-b74fa44\" data-id=\"b74fa44\" data-element_type=\"column\">\n\t\t\t<div class=\"elementor-widget-wrap elementor-element-populated\">\n\t\t\t\t\t\t\t\t<div class=\"elementor-element elementor-element-9d014ea elementor-widget elementor-widget-image\" data-id=\"9d014ea\" data-element_type=\"widget\" data-widget_type=\"image.default\">\n\t\t\t\t<div class=\"elementor-widget-container\">\n\t\t\t\t\t\t\t\t\t\t\t\t\t\t\t<img width=\"1024\" height=\"1024\" src=\"https:\/\/www.made-in-meubles.com\/blog\/wp-content\/uploads\/2024\/12\/ma06-chaise-amb-zoom-2-1024x1024.webp\" class=\"attachment-large size-large\" alt=\"\" srcset=\"https:\/\/www.made-in-meubles.com\/blog\/wp-content\/uploads\/2024\/12\/ma06-chaise-amb-zoom-2-1024x1024.webp 1024w, https:\/\/www.made-in-meubles.com\/blog\/wp-content\/uploads\/2024\/12\/ma06-chaise-amb-zoom-2-300x300.webp 300w, https:\/\/www.made-in-meubles.com\/blog\/wp-content\/uploads\/2024\/12\/ma06-chaise-amb-zoom-2-150x150.webp 150w, https:\/\/www.made-in-meubles.com\/blog\/wp-content\/uploads\/2024\/12\/ma06-chaise-amb-zoom-2-768x768.webp 768w, https:\/\/www.made-in-meubles.com\/blog\/wp-content\/uploads\/2024\/12\/ma06-chaise-amb-zoom-2.webp 1200w\" sizes=\"(max-width: 1024px) 100vw, 1024px\" \/>\t\t\t\t\t\t\t\t\t\t\t\t\t\t\t<\/div>\n\t\t\t\t<\/div>\n\t\t\t\t\t<\/div>\n\t\t<\/div>\n\t\t\t\t\t\t\t<\/div>\n\t\t<\/section>\n\t\t\t\t<section class=\"elementor-section elementor-top-section elementor-element elementor-element-97334f9 elementor-section-boxed elementor-section-height-default elementor-section-height-default\" data-id=\"97334f9\" data-element_type=\"section\" data-settings=\"{&quot;jet_parallax_layout_list&quot;:[]}\">\n\t\t\t\t\t\t<div class=\"elementor-container elementor-column-gap-default\">\n\t\t\t\t\t<div class=\"elementor-column elementor-col-100 elementor-top-column elementor-element elementor-element-0abe4dc\" data-id=\"0abe4dc\" data-element_type=\"column\">\n\t\t\t<div class=\"elementor-widget-wrap elementor-element-populated\">\n\t\t\t\t\t\t\t\t<div class=\"elementor-element elementor-element-f236ead elementor-widget elementor-widget-heading\" data-id=\"f236ead\" data-element_type=\"widget\" data-widget_type=\"heading.default\">\n\t\t\t\t<div class=\"elementor-widget-container\">\n\t\t\t<h3 class=\"elementor-heading-title elementor-size-default\">Hauteur de table ou plan de travail : <\/h3>\t\t<\/div>\n\t\t\t\t<\/div>\n\t\t\t\t\t<\/div>\n\t\t<\/div>\n\t\t\t\t\t\t\t<\/div>\n\t\t<\/section>\n\t\t\t\t<section class=\"elementor-section elementor-top-section elementor-element elementor-element-b5aee5f elementor-section-boxed elementor-section-height-default elementor-section-height-default\" data-id=\"b5aee5f\" data-element_type=\"section\" data-settings=\"{&quot;jet_parallax_layout_list&quot;:[]}\">\n\t\t\t\t\t\t<div class=\"elementor-container elementor-column-gap-default\">\n\t\t\t\t\t<div class=\"elementor-column elementor-col-100 elementor-top-column elementor-element elementor-element-e624966\" data-id=\"e624966\" data-element_type=\"column\">\n\t\t\t<div class=\"elementor-widget-wrap elementor-element-populated\">\n\t\t\t\t\t\t\t\t<div class=\"elementor-element elementor-element-c56e2d2 elementor-widget elementor-widget-text-editor\" data-id=\"c56e2d2\" data-element_type=\"widget\" data-widget_type=\"text-editor.default\">\n\t\t\t\t<div class=\"elementor-widget-container\">\n\t\t\t\t\t\t\t<p><span style=\"background-color: transparent; color: #000000; font-family: Inter, sans-serif; font-size: 12pt; white-space-collapse: preserve; font-weight: var( --e-global-typography-text-font-weight ); letter-spacing: -0.8px;\">Pour garantir une bonne ergonomie, veillez \u00e0 respecter les \u00e9carts recommand\u00e9s entre l\u2019assise et le plateau :<\/span><\/p><p dir=\"ltr\" style=\"line-height: 1.38; margin-top: 12pt; margin-bottom: 12pt;\"><span style=\"font-size: 12pt; font-family: Inter,sans-serif; color: #000000; background-color: transparent; font-weight: 400; font-style: normal; font-variant: normal; text-decoration: none; vertical-align: baseline; white-space: pre-wrap;\">&#8211; Entre 25 et 30 cm pour une table de salle \u00e0 manger, permettant de placer confortablement les jambes.<\/span><\/p><p dir=\"ltr\" style=\"line-height: 1.38; margin-top: 12pt; margin-bottom: 12pt;\"><span style=\"font-size: 12pt; font-family: Inter,sans-serif; color: #000000; background-color: transparent; font-weight: 400; font-style: normal; font-variant: normal; text-decoration: none; vertical-align: baseline; white-space: pre-wrap;\">&#8211; Entre 20 et 25 cm pour un plan de travail sur\u00e9lev\u00e9, assurant un bon d\u00e9gagement pour les genoux.<\/span><\/p>\t\t\t\t\t\t<\/div>\n\t\t\t\t<\/div>\n\t\t\t\t\t<\/div>\n\t\t<\/div>\n\t\t\t\t\t\t\t<\/div>\n\t\t<\/section>\n\t\t\t\t<section class=\"elementor-section elementor-top-section elementor-element elementor-element-515e515 elementor-section-boxed elementor-section-height-default elementor-section-height-default\" data-id=\"515e515\" data-element_type=\"section\" data-settings=\"{&quot;jet_parallax_layout_list&quot;:[]}\">\n\t\t\t\t\t\t<div class=\"elementor-container elementor-column-gap-default\">\n\t\t\t\t\t<div class=\"elementor-column elementor-col-100 elementor-top-column elementor-element elementor-element-406f2f1\" data-id=\"406f2f1\" data-element_type=\"column\">\n\t\t\t<div class=\"elementor-widget-wrap elementor-element-populated\">\n\t\t\t\t\t\t\t\t<div class=\"elementor-element elementor-element-c7f033a elementor-widget elementor-widget-heading\" data-id=\"c7f033a\" data-element_type=\"widget\" data-widget_type=\"heading.default\">\n\t\t\t\t<div class=\"elementor-widget-container\">\n\t\t\t<h3 class=\"elementor-heading-title elementor-size-default\">Dimensions corporelles des utilisateurs et des convives :<\/h3>\t\t<\/div>\n\t\t\t\t<\/div>\n\t\t\t\t\t<\/div>\n\t\t<\/div>\n\t\t\t\t\t\t\t<\/div>\n\t\t<\/section>\n\t\t\t\t<section class=\"elementor-section elementor-top-section elementor-element elementor-element-ba747a7 elementor-section-boxed elementor-section-height-default elementor-section-height-default\" data-id=\"ba747a7\" data-element_type=\"section\" data-settings=\"{&quot;jet_parallax_layout_list&quot;:[]}\">\n\t\t\t\t\t\t<div class=\"elementor-container elementor-column-gap-default\">\n\t\t\t\t\t<div class=\"elementor-column elementor-col-100 elementor-top-column elementor-element elementor-element-2b5b3fa\" data-id=\"2b5b3fa\" data-element_type=\"column\">\n\t\t\t<div class=\"elementor-widget-wrap elementor-element-populated\">\n\t\t\t\t\t\t\t\t<div class=\"elementor-element elementor-element-ddb48a9 elementor-widget elementor-widget-text-editor\" data-id=\"ddb48a9\" data-element_type=\"widget\" data-widget_type=\"text-editor.default\">\n\t\t\t\t<div class=\"elementor-widget-container\">\n\t\t\t\t\t\t\t<p><span style=\"background-color: transparent; color: rgb(0, 0, 0); font-family: Inter, sans-serif; font-size: 12pt; white-space-collapse: preserve; font-weight: var( --e-global-typography-text-font-weight ); letter-spacing: -0.8px;\">Prenez en compte les diff\u00e9rences de taille. Les enfants, les adultes et les personnes \u00e2g\u00e9es ont des besoins vari\u00e9s. Pour les enfants, optez pour des chaises adapt\u00e9es ou ajustables. Les personnes \u00e2g\u00e9es, souvent sujettes \u00e0 des probl\u00e8mes de mobilit\u00e9, b\u00e9n\u00e9ficieront d\u2019assises l\u00e9g\u00e8rement plus hautes pour faciliter le lever et l\u2019assise.<\/span><\/p>\t\t\t\t\t\t<\/div>\n\t\t\t\t<\/div>\n\t\t\t\t\t<\/div>\n\t\t<\/div>\n\t\t\t\t\t\t\t<\/div>\n\t\t<\/section>\n\t\t\t\t<section class=\"elementor-section elementor-top-section elementor-element elementor-element-56e49b9 elementor-section-boxed elementor-section-height-default elementor-section-height-default\" data-id=\"56e49b9\" data-element_type=\"section\" data-settings=\"{&quot;jet_parallax_layout_list&quot;:[]}\">\n\t\t\t\t\t\t<div class=\"elementor-container elementor-column-gap-default\">\n\t\t\t\t\t<div class=\"elementor-column elementor-col-100 elementor-top-column elementor-element elementor-element-88a8515\" data-id=\"88a8515\" data-element_type=\"column\">\n\t\t\t<div class=\"elementor-widget-wrap elementor-element-populated\">\n\t\t\t\t\t\t\t\t<div class=\"elementor-element elementor-element-c7c92c3 elementor-widget elementor-widget-heading\" data-id=\"c7c92c3\" data-element_type=\"widget\" data-widget_type=\"heading.default\">\n\t\t\t\t<div class=\"elementor-widget-container\">\n\t\t\t<h2 class=\"elementor-heading-title elementor-size-default\">3. Choisir la hauteur des assises selon les mod\u00e8les<\/h2>\t\t<\/div>\n\t\t\t\t<\/div>\n\t\t\t\t\t<\/div>\n\t\t<\/div>\n\t\t\t\t\t\t\t<\/div>\n\t\t<\/section>\n\t\t\t\t<section class=\"elementor-section elementor-top-section elementor-element elementor-element-2be58a4 elementor-section-boxed elementor-section-height-default elementor-section-height-default\" data-id=\"2be58a4\" data-element_type=\"section\" data-settings=\"{&quot;jet_parallax_layout_list&quot;:[]}\">\n\t\t\t\t\t\t<div class=\"elementor-container elementor-column-gap-default\">\n\t\t\t\t\t<div class=\"elementor-column elementor-col-100 elementor-top-column elementor-element elementor-element-8b0136d\" data-id=\"8b0136d\" data-element_type=\"column\">\n\t\t\t<div class=\"elementor-widget-wrap elementor-element-populated\">\n\t\t\t\t\t\t\t\t<div class=\"elementor-element elementor-element-ebb2949 elementor-widget elementor-widget-text-editor\" data-id=\"ebb2949\" data-element_type=\"widget\" data-widget_type=\"text-editor.default\">\n\t\t\t\t<div class=\"elementor-widget-container\">\n\t\t\t\t\t\t\t<p><span style=\"background-color: transparent; color: rgb(0, 0, 0); font-family: Inter, sans-serif; font-size: 12pt; white-space-collapse: preserve; font-weight: var( --e-global-typography-text-font-weight ); letter-spacing: -0.8px;\">Voici des rep\u00e8res standards pour diff\u00e9rents types d\u2019assises :<\/span><\/p>\t\t\t\t\t\t<\/div>\n\t\t\t\t<\/div>\n\t\t\t\t\t<\/div>\n\t\t<\/div>\n\t\t\t\t\t\t\t<\/div>\n\t\t<\/section>\n\t\t\t\t<section class=\"elementor-section elementor-top-section elementor-element elementor-element-fc209cf elementor-section-boxed elementor-section-height-default elementor-section-height-default\" data-id=\"fc209cf\" data-element_type=\"section\" data-settings=\"{&quot;jet_parallax_layout_list&quot;:[]}\">\n\t\t\t\t\t\t<div class=\"elementor-container elementor-column-gap-default\">\n\t\t\t\t\t<div class=\"elementor-column elementor-col-100 elementor-top-column elementor-element elementor-element-d9ae330\" data-id=\"d9ae330\" data-element_type=\"column\">\n\t\t\t<div class=\"elementor-widget-wrap elementor-element-populated\">\n\t\t\t\t\t\t\t\t<div class=\"elementor-element elementor-element-dea221f elementor-widget elementor-widget-heading\" data-id=\"dea221f\" data-element_type=\"widget\" data-widget_type=\"heading.default\">\n\t\t\t\t<div class=\"elementor-widget-container\">\n\t\t\t<h3 class=\"elementor-heading-title elementor-size-default\">Chaises de salle \u00e0 manger : <\/h3>\t\t<\/div>\n\t\t\t\t<\/div>\n\t\t\t\t<div class=\"elementor-element elementor-element-acf73db elementor-widget elementor-widget-text-editor\" data-id=\"acf73db\" data-element_type=\"widget\" data-widget_type=\"text-editor.default\">\n\t\t\t\t<div class=\"elementor-widget-container\">\n\t\t\t\t\t\t\t<p><span style=\"background-color: transparent; color: #000000; font-family: Inter, sans-serif; font-size: 12pt; white-space-collapse: preserve; font-weight: var( --e-global-typography-text-font-weight ); letter-spacing: -0.8px;\">Le choix de la hauteur des <a href=\"https:\/\/www.made-in-meubles.com\/produits\/assise\/chaise.html\">chaises<\/a> de salle \u00e0 manger est essentiel pour garantir confort et harmonie dans l&rsquo;espace. Il est important de s&rsquo;assurer que la hauteur des chaises soit adapt\u00e9e \u00e0 celle de la table, afin de permettre une posture ergonomique pendant les repas.<\/span><\/p>\t\t\t\t\t\t<\/div>\n\t\t\t\t<\/div>\n\t\t\t\t\t<\/div>\n\t\t<\/div>\n\t\t\t\t\t\t\t<\/div>\n\t\t<\/section>\n\t\t\t\t<section class=\"elementor-section elementor-top-section elementor-element elementor-element-d108580 elementor-section-boxed elementor-section-height-default elementor-section-height-default\" data-id=\"d108580\" data-element_type=\"section\" data-settings=\"{&quot;jet_parallax_layout_list&quot;:[]}\">\n\t\t\t\t\t\t<div class=\"elementor-container elementor-column-gap-default\">\n\t\t\t\t\t<div class=\"elementor-column elementor-col-50 elementor-top-column elementor-element elementor-element-aad82fa\" data-id=\"aad82fa\" data-element_type=\"column\" data-settings=\"{&quot;background_background&quot;:&quot;classic&quot;}\">\n\t\t\t<div class=\"elementor-widget-wrap elementor-element-populated\">\n\t\t\t\t\t\t\t\t<div class=\"elementor-element elementor-element-36ec020 elementor-widget elementor-widget-text-editor\" data-id=\"36ec020\" data-element_type=\"widget\" data-widget_type=\"text-editor.default\">\n\t\t\t\t<div class=\"elementor-widget-container\">\n\t\t\t\t\t\t\t<p><span style=\"background-color: transparent; color: #000000; font-family: Inter, sans-serif; font-size: 12pt; white-space-collapse: preserve; font-weight: var( --e-global-typography-text-font-weight ); letter-spacing: -0.8px;\">Entre 45 et 50 cm de hauteur d\u2019assise, id\u00e9al pour des tables de 70 \u00e0 75 cm de hauteur4<\/span><\/p>\t\t\t\t\t\t<\/div>\n\t\t\t\t<\/div>\n\t\t\t\t\t<\/div>\n\t\t<\/div>\n\t\t\t\t<div class=\"elementor-column elementor-col-50 elementor-top-column elementor-element elementor-element-bda21d8\" data-id=\"bda21d8\" data-element_type=\"column\">\n\t\t\t<div class=\"elementor-widget-wrap elementor-element-populated\">\n\t\t\t\t\t\t\t\t<div class=\"elementor-element elementor-element-fc4a880 elementor-widget elementor-widget-image\" data-id=\"fc4a880\" data-element_type=\"widget\" data-widget_type=\"image.default\">\n\t\t\t\t<div class=\"elementor-widget-container\">\n\t\t\t\t\t\t\t\t\t\t\t\t\t\t\t\t<a href=\"https:\/\/www.made-in-meubles.com\/chaise-tissu-rouge-et-pieds-en-metal-effet-bois-clea-lot-de-2-lot\">\n\t\t\t\t\t\t\t<img width=\"1024\" height=\"1024\" src=\"https:\/\/www.made-in-meubles.com\/blog\/wp-content\/uploads\/2024\/12\/sf46-chaise-fichetechnique-1024x1024.webp\" class=\"attachment-large size-large\" alt=\"\" srcset=\"https:\/\/www.made-in-meubles.com\/blog\/wp-content\/uploads\/2024\/12\/sf46-chaise-fichetechnique-1024x1024.webp 1024w, https:\/\/www.made-in-meubles.com\/blog\/wp-content\/uploads\/2024\/12\/sf46-chaise-fichetechnique-300x300.webp 300w, https:\/\/www.made-in-meubles.com\/blog\/wp-content\/uploads\/2024\/12\/sf46-chaise-fichetechnique-150x150.webp 150w, https:\/\/www.made-in-meubles.com\/blog\/wp-content\/uploads\/2024\/12\/sf46-chaise-fichetechnique-768x768.webp 768w, https:\/\/www.made-in-meubles.com\/blog\/wp-content\/uploads\/2024\/12\/sf46-chaise-fichetechnique.webp 1200w\" sizes=\"(max-width: 1024px) 100vw, 1024px\" \/>\t\t\t\t\t\t\t\t<\/a>\n\t\t\t\t\t\t\t\t\t\t\t\t\t\t\t<\/div>\n\t\t\t\t<\/div>\n\t\t\t\t\t<\/div>\n\t\t<\/div>\n\t\t\t\t\t\t\t<\/div>\n\t\t<\/section>\n\t\t\t\t<section class=\"elementor-section elementor-top-section elementor-element elementor-element-1417f02 elementor-section-boxed elementor-section-height-default elementor-section-height-default\" data-id=\"1417f02\" data-element_type=\"section\" data-settings=\"{&quot;jet_parallax_layout_list&quot;:[]}\">\n\t\t\t\t\t\t<div class=\"elementor-container elementor-column-gap-default\">\n\t\t\t\t\t<div class=\"elementor-column elementor-col-100 elementor-top-column elementor-element elementor-element-fa785e7\" data-id=\"fa785e7\" data-element_type=\"column\">\n\t\t\t<div class=\"elementor-widget-wrap elementor-element-populated\">\n\t\t\t\t\t\t\t\t<div class=\"elementor-element elementor-element-f3d8b42 elementor-widget elementor-widget-image\" data-id=\"f3d8b42\" data-element_type=\"widget\" data-widget_type=\"image.default\">\n\t\t\t\t<div class=\"elementor-widget-container\">\n\t\t\t\t\t\t\t\t\t\t\t\t<figure class=\"wp-caption\">\n\t\t\t\t\t\t\t\t\t\t\t<a href=\"https:\/\/www.made-in-meubles.com\/chaise-tissu-rouge-et-pieds-en-metal-effet-bois-clea-lot-de-2-lot\">\n\t\t\t\t\t\t\t<img width=\"1024\" height=\"1024\" src=\"https:\/\/www.made-in-meubles.com\/blog\/wp-content\/uploads\/2024\/12\/sf46-amb-chaise-biais-1024x1024.webp\" class=\"attachment-large size-large\" alt=\"\" srcset=\"https:\/\/www.made-in-meubles.com\/blog\/wp-content\/uploads\/2024\/12\/sf46-amb-chaise-biais-1024x1024.webp 1024w, https:\/\/www.made-in-meubles.com\/blog\/wp-content\/uploads\/2024\/12\/sf46-amb-chaise-biais-300x300.webp 300w, https:\/\/www.made-in-meubles.com\/blog\/wp-content\/uploads\/2024\/12\/sf46-amb-chaise-biais-150x150.webp 150w, https:\/\/www.made-in-meubles.com\/blog\/wp-content\/uploads\/2024\/12\/sf46-amb-chaise-biais-768x768.webp 768w, https:\/\/www.made-in-meubles.com\/blog\/wp-content\/uploads\/2024\/12\/sf46-amb-chaise-biais.webp 1200w\" sizes=\"(max-width: 1024px) 100vw, 1024px\" \/>\t\t\t\t\t\t\t\t<\/a>\n\t\t\t\t\t\t\t\t\t\t\t<figcaption class=\"widget-image-caption wp-caption-text\">Chaise pourpre Vilma<\/figcaption>\n\t\t\t\t\t\t\t\t\t\t<\/figure>\n\t\t\t\t\t\t\t\t\t<\/div>\n\t\t\t\t<\/div>\n\t\t\t\t<div class=\"elementor-element elementor-element-2ec4872 elementor-skin-carousel elementor-arrows-yes elementor-pagination-type-bullets elementor-pagination-position-outside elementor-widget elementor-widget-media-carousel\" data-id=\"2ec4872\" data-element_type=\"widget\" data-settings=\"{&quot;skin&quot;:&quot;carousel&quot;,&quot;effect&quot;:&quot;slide&quot;,&quot;show_arrows&quot;:&quot;yes&quot;,&quot;pagination&quot;:&quot;bullets&quot;,&quot;speed&quot;:500,&quot;autoplay&quot;:&quot;yes&quot;,&quot;autoplay_speed&quot;:5000,&quot;loop&quot;:&quot;yes&quot;,&quot;pause_on_hover&quot;:&quot;yes&quot;,&quot;pause_on_interaction&quot;:&quot;yes&quot;,&quot;space_between&quot;:{&quot;unit&quot;:&quot;px&quot;,&quot;size&quot;:10,&quot;sizes&quot;:[]},&quot;space_between_tablet&quot;:{&quot;unit&quot;:&quot;px&quot;,&quot;size&quot;:10,&quot;sizes&quot;:[]},&quot;space_between_mobile&quot;:{&quot;unit&quot;:&quot;px&quot;,&quot;size&quot;:10,&quot;sizes&quot;:[]}}\" data-widget_type=\"media-carousel.default\">\n\t\t\t\t<div class=\"elementor-widget-container\">\n\t\t\t<link rel=\"stylesheet\" href=\"https:\/\/www.made-in-meubles.com\/blog\/wp-content\/plugins\/elementor-pro\/assets\/css\/widget-carousel.min.css\">\t\t<div class=\"elementor-swiper\">\n\t\t\t<div class=\"elementor-main-swiper swiper-container\">\n\t\t\t\t<div class=\"swiper-wrapper\">\n\t\t\t\t\t\t\t\t\t\t\t<div class=\"swiper-slide\">\n\t\t\t\t\t\t\t\t\t<div class=\"elementor-carousel-image\" style=\"background-image: url(https:\/\/www.made-in-meubles.com\/blog\/wp-content\/uploads\/2024\/12\/MA01-chaise-amb-biais.jpg)\">\n\n\t\t\t\n\t\t\t\t\t<\/div>\n\t\t\t\t\t\t\t\t<\/div>\n\t\t\t\t\t\t\t\t\t\t\t<div class=\"swiper-slide\">\n\t\t\t\t\t\t\t<a href=\"https:\/\/www.made-in-meubles.com\/chaise-style-fauteuil-en-teck-dossier-arrondi-p-t037-lot\">\t\t<div class=\"elementor-carousel-image\" style=\"background-image: url(https:\/\/www.made-in-meubles.com\/blog\/wp-content\/uploads\/2024\/12\/t037-chaise-amb-biais.webp)\">\n\n\t\t\t\n\t\t\t\t\t<\/div>\n\t\t<\/a>\t\t\t\t\t\t<\/div>\n\t\t\t\t\t\t\t\t\t\t\t<div class=\"swiper-slide\">\n\t\t\t\t\t\t\t<a href=\"https:\/\/www.made-in-meubles.com\/chaise-en-rotin-et-en-metal-selina-lot-de-2-lot\">\t\t<div class=\"elementor-carousel-image\" style=\"background-image: url(https:\/\/www.made-in-meubles.com\/blog\/wp-content\/uploads\/2024\/12\/cv02-chaise-ambiance-face-dos.webp)\">\n\n\t\t\t\n\t\t\t\t\t<\/div>\n\t\t<\/a>\t\t\t\t\t\t<\/div>\n\t\t\t\t\t\t\t\t\t<\/div>\n\t\t\t\t\t\t\t\t\t\t\t\t\t\t\t<div class=\"swiper-pagination\"><\/div>\n\t\t\t\t\t\t\t\t\t\t\t\t\t\t\t\t<div class=\"elementor-swiper-button elementor-swiper-button-prev\">\n\t\t\t\t\t\t\t<i aria-hidden=\"true\" class=\"eicon-chevron-left\"><\/i>\t\t\t\t\t\t\t<span class=\"elementor-screen-only\">Pr\u00e9c\u00e9dent<\/span>\n\t\t\t\t\t\t<\/div>\n\t\t\t\t\t\t<div class=\"elementor-swiper-button elementor-swiper-button-next\">\n\t\t\t\t\t\t\t<i aria-hidden=\"true\" class=\"eicon-chevron-right\"><\/i>\t\t\t\t\t\t\t<span class=\"elementor-screen-only\">Suivant<\/span>\n\t\t\t\t\t\t<\/div>\n\t\t\t\t\t\t\t\t\t\t\t\t<\/div>\n\t\t<\/div>\n\t\t\t\t<\/div>\n\t\t\t\t<\/div>\n\t\t\t\t<div class=\"elementor-element elementor-element-949b140 elementor-widget elementor-widget-heading\" data-id=\"949b140\" data-element_type=\"widget\" data-widget_type=\"heading.default\">\n\t\t\t\t<div class=\"elementor-widget-container\">\n\t\t\t<h3 class=\"elementor-heading-title elementor-size-default\">Tabouret de bar et pour table haute : <\/h3>\t\t<\/div>\n\t\t\t\t<\/div>\n\t\t\t\t<div class=\"elementor-element elementor-element-c604fac elementor-widget elementor-widget-text-editor\" data-id=\"c604fac\" data-element_type=\"widget\" data-widget_type=\"text-editor.default\">\n\t\t\t\t<div class=\"elementor-widget-container\">\n\t\t\t\t\t\t\t<p><span style=\"background-color: transparent; color: #000000; font-family: Inter, sans-serif; font-size: 12pt; white-space-collapse: preserve; font-weight: var( --e-global-typography-text-font-weight ); letter-spacing: -0.8px;\">Le choix de la hauteur des<a href=\"https:\/\/www.made-in-meubles.com\/produits\/assise\/tabouret-de-bar.html\"> tabourets de bar<\/a> est d\u00e9terminant pour allier confort et esth\u00e9tique. Il faut d&rsquo;abord mesurer la hauteur du comptoir ou de la table haute. <\/span><span style=\"background-color: transparent; color: #000000; font-family: Inter, sans-serif; font-size: 12pt; white-space-collapse: preserve; font-weight: var( --e-global-typography-text-font-weight ); letter-spacing: -0.8px;\">Il est \u00e9galement important de consid\u00e9rer des mod\u00e8les ajustables ou avec un repose-pieds pour plus de flexibilit\u00e9 et de confort. Un bon \u00e9quilibre entre praticit\u00e9 et style fait toute la diff\u00e9rence pour profiter pleinement de l\u2019espace.<\/span><\/p>\t\t\t\t\t\t<\/div>\n\t\t\t\t<\/div>\n\t\t\t\t\t<\/div>\n\t\t<\/div>\n\t\t\t\t\t\t\t<\/div>\n\t\t<\/section>\n\t\t\t\t<section class=\"elementor-section elementor-top-section elementor-element elementor-element-0773ae6 elementor-section-boxed elementor-section-height-default elementor-section-height-default\" data-id=\"0773ae6\" data-element_type=\"section\" data-settings=\"{&quot;jet_parallax_layout_list&quot;:[]}\">\n\t\t\t\t\t\t<div class=\"elementor-container elementor-column-gap-default\">\n\t\t\t\t\t<div class=\"elementor-column elementor-col-50 elementor-top-column elementor-element elementor-element-7b4b59d\" data-id=\"7b4b59d\" data-element_type=\"column\">\n\t\t\t<div class=\"elementor-widget-wrap elementor-element-populated\">\n\t\t\t\t\t\t\t\t<div class=\"elementor-element elementor-element-60a080a elementor-widget elementor-widget-image\" data-id=\"60a080a\" data-element_type=\"widget\" data-widget_type=\"image.default\">\n\t\t\t\t<div class=\"elementor-widget-container\">\n\t\t\t\t\t\t\t\t\t\t\t\t\t\t\t<img width=\"1024\" height=\"1024\" src=\"https:\/\/www.made-in-meubles.com\/blog\/wp-content\/uploads\/2024\/12\/ch23-tabouret-fichetechnique-1024x1024.webp\" class=\"attachment-large size-large\" alt=\"\" srcset=\"https:\/\/www.made-in-meubles.com\/blog\/wp-content\/uploads\/2024\/12\/ch23-tabouret-fichetechnique-1024x1024.webp 1024w, https:\/\/www.made-in-meubles.com\/blog\/wp-content\/uploads\/2024\/12\/ch23-tabouret-fichetechnique-300x300.webp 300w, https:\/\/www.made-in-meubles.com\/blog\/wp-content\/uploads\/2024\/12\/ch23-tabouret-fichetechnique-150x150.webp 150w, https:\/\/www.made-in-meubles.com\/blog\/wp-content\/uploads\/2024\/12\/ch23-tabouret-fichetechnique-768x768.webp 768w, https:\/\/www.made-in-meubles.com\/blog\/wp-content\/uploads\/2024\/12\/ch23-tabouret-fichetechnique.webp 1200w\" sizes=\"(max-width: 1024px) 100vw, 1024px\" \/>\t\t\t\t\t\t\t\t\t\t\t\t\t\t\t<\/div>\n\t\t\t\t<\/div>\n\t\t\t\t\t<\/div>\n\t\t<\/div>\n\t\t\t\t<div class=\"elementor-column elementor-col-50 elementor-top-column elementor-element elementor-element-7a25620\" data-id=\"7a25620\" data-element_type=\"column\">\n\t\t\t<div class=\"elementor-widget-wrap elementor-element-populated\">\n\t\t\t\t\t\t\t\t<div class=\"elementor-element elementor-element-305cc08 elementor-widget elementor-widget-text-editor\" data-id=\"305cc08\" data-element_type=\"widget\" data-widget_type=\"text-editor.default\">\n\t\t\t\t<div class=\"elementor-widget-container\">\n\t\t\t\t\t\t\t<p dir=\"ltr\" style=\"line-height: 1.38; margin-top: 12pt; margin-bottom: 12pt;\"><span style=\"font-size: 12pt; font-family: Inter,sans-serif; color: #000000; background-color: transparent; font-weight: 400; font-style: normal; font-variant: normal; text-decoration: none; vertical-align: baseline; white-space: pre-wrap;\">Entre 60 &#8211; 65 cm pour un bar de 90 cm.<\/span><\/p><p>\u00a0<\/p><p dir=\"ltr\" style=\"line-height: 1.38; margin-top: 12pt; margin-bottom: 12pt;\"><span style=\"font-size: 12pt; font-family: Inter,sans-serif; color: #000000; background-color: transparent; font-weight: 400; font-style: normal; font-variant: normal; text-decoration: none; vertical-align: baseline; white-space: pre-wrap;\">Entre 70 &#8211; 75 cm pour un comptoir ou une table haute de 100 \u00e0 110 cm.<\/span><\/p>\t\t\t\t\t\t<\/div>\n\t\t\t\t<\/div>\n\t\t\t\t\t<\/div>\n\t\t<\/div>\n\t\t\t\t\t\t\t<\/div>\n\t\t<\/section>\n\t\t\t\t<section class=\"elementor-section elementor-top-section elementor-element elementor-element-6c0a5de elementor-section-boxed elementor-section-height-default elementor-section-height-default\" data-id=\"6c0a5de\" data-element_type=\"section\" data-settings=\"{&quot;jet_parallax_layout_list&quot;:[]}\">\n\t\t\t\t\t\t<div class=\"elementor-container elementor-column-gap-default\">\n\t\t\t\t\t<div class=\"elementor-column elementor-col-100 elementor-top-column elementor-element elementor-element-7e514dd\" data-id=\"7e514dd\" data-element_type=\"column\">\n\t\t\t<div class=\"elementor-widget-wrap elementor-element-populated\">\n\t\t\t\t\t\t\t\t<div class=\"elementor-element elementor-element-6802226 elementor-widget elementor-widget-image\" data-id=\"6802226\" data-element_type=\"widget\" data-widget_type=\"image.default\">\n\t\t\t\t<div class=\"elementor-widget-container\">\n\t\t\t\t\t\t\t\t\t\t\t\t<figure class=\"wp-caption\">\n\t\t\t\t\t\t\t\t\t\t\t<a href=\"https:\/\/www.made-in-meubles.com\/taboret-japonais-p-ch23\">\n\t\t\t\t\t\t\t<img width=\"1024\" height=\"1024\" src=\"https:\/\/www.made-in-meubles.com\/blog\/wp-content\/uploads\/2023\/04\/ch23-tabouret-ambiance-1-1024x1024.webp\" class=\"attachment-large size-large\" alt=\"Tabouret Suzanna\" srcset=\"https:\/\/www.made-in-meubles.com\/blog\/wp-content\/uploads\/2023\/04\/ch23-tabouret-ambiance-1-1024x1024.webp 1024w, https:\/\/www.made-in-meubles.com\/blog\/wp-content\/uploads\/2023\/04\/ch23-tabouret-ambiance-1-300x300.webp 300w, https:\/\/www.made-in-meubles.com\/blog\/wp-content\/uploads\/2023\/04\/ch23-tabouret-ambiance-1-150x150.webp 150w, https:\/\/www.made-in-meubles.com\/blog\/wp-content\/uploads\/2023\/04\/ch23-tabouret-ambiance-1-768x768.webp 768w, https:\/\/www.made-in-meubles.com\/blog\/wp-content\/uploads\/2023\/04\/ch23-tabouret-ambiance-1.webp 1200w\" sizes=\"(max-width: 1024px) 100vw, 1024px\" \/>\t\t\t\t\t\t\t\t<\/a>\n\t\t\t\t\t\t\t\t\t\t\t<figcaption class=\"widget-image-caption wp-caption-text\">Tabouret Suzanna<\/figcaption>\n\t\t\t\t\t\t\t\t\t\t<\/figure>\n\t\t\t\t\t\t\t\t\t<\/div>\n\t\t\t\t<\/div>\n\t\t\t\t<div class=\"elementor-element elementor-element-15dd502 elementor-widget elementor-widget-heading\" data-id=\"15dd502\" data-element_type=\"widget\" data-widget_type=\"heading.default\">\n\t\t\t\t<div class=\"elementor-widget-container\">\n\t\t\t<h3 class=\"elementor-heading-title elementor-size-default\">Chaise de bureau :<\/h3>\t\t<\/div>\n\t\t\t\t<\/div>\n\t\t\t\t<div class=\"elementor-element elementor-element-0a0e836 elementor-widget elementor-widget-text-editor\" data-id=\"0a0e836\" data-element_type=\"widget\" data-widget_type=\"text-editor.default\">\n\t\t\t\t<div class=\"elementor-widget-container\">\n\t\t\t\t\t\t\t<p><span style=\"background-color: transparent; color: #000000; font-family: Inter, sans-serif; font-size: 12pt; white-space-collapse: preserve; font-weight: var( --e-global-typography-text-font-weight ); letter-spacing: -0.8px;\">Le choix de la hauteur d\u2019une chaise de <a href=\"https:\/\/www.made-in-meubles.com\/produits\/table-table-basse\/table-bureau.html\">bureau<\/a> est primordial pour assurer confort et ergonomie lors de longues p\u00e9riodes de travail. Une chaise bien r\u00e9gl\u00e9e doit permettre de garder les pieds \u00e0 plat sur le sol, avec les genoux formant un angle de 90 degr\u00e9s.\u00a0<\/span><\/p>\t\t\t\t\t\t<\/div>\n\t\t\t\t<\/div>\n\t\t\t\t<div class=\"elementor-element elementor-element-a8b0047 elementor-skin-carousel elementor-arrows-yes elementor-pagination-type-bullets elementor-pagination-position-outside elementor-widget elementor-widget-media-carousel\" data-id=\"a8b0047\" data-element_type=\"widget\" data-settings=\"{&quot;skin&quot;:&quot;carousel&quot;,&quot;effect&quot;:&quot;slide&quot;,&quot;show_arrows&quot;:&quot;yes&quot;,&quot;pagination&quot;:&quot;bullets&quot;,&quot;speed&quot;:500,&quot;autoplay&quot;:&quot;yes&quot;,&quot;autoplay_speed&quot;:5000,&quot;loop&quot;:&quot;yes&quot;,&quot;pause_on_hover&quot;:&quot;yes&quot;,&quot;pause_on_interaction&quot;:&quot;yes&quot;,&quot;space_between&quot;:{&quot;unit&quot;:&quot;px&quot;,&quot;size&quot;:10,&quot;sizes&quot;:[]},&quot;space_between_tablet&quot;:{&quot;unit&quot;:&quot;px&quot;,&quot;size&quot;:10,&quot;sizes&quot;:[]},&quot;space_between_mobile&quot;:{&quot;unit&quot;:&quot;px&quot;,&quot;size&quot;:10,&quot;sizes&quot;:[]}}\" data-widget_type=\"media-carousel.default\">\n\t\t\t\t<div class=\"elementor-widget-container\">\n\t\t\t\t\t<div class=\"elementor-swiper\">\n\t\t\t<div class=\"elementor-main-swiper swiper-container\">\n\t\t\t\t<div class=\"swiper-wrapper\">\n\t\t\t\t\t\t\t\t\t\t\t<div class=\"swiper-slide\">\n\t\t\t\t\t\t\t<a href=\"https:\/\/www.made-in-meubles.com\/tabouret-de-bar-assise-tissee-p-ch28\">\t\t<div class=\"elementor-carousel-image\" style=\"background-image: url(https:\/\/www.made-in-meubles.com\/blog\/wp-content\/uploads\/2023\/04\/ch28-chaisehaute-ambiance-face.webp)\">\n\n\t\t\t\n\t\t\t\t\t<\/div>\n\t\t<\/a>\t\t\t\t\t\t<\/div>\n\t\t\t\t\t\t\t\t\t\t\t<div class=\"swiper-slide\">\n\t\t\t\t\t\t\t<a href=\"https:\/\/www.made-in-meubles.com\/tabouret-de-bar-rond-en-rotin-et-metal-calvi-p-cv04\">\t\t<div class=\"elementor-carousel-image\" style=\"background-image: url(https:\/\/www.made-in-meubles.com\/blog\/wp-content\/uploads\/2024\/12\/cv04-chaise-ambiance-face-biais.webp)\">\n\n\t\t\t\n\t\t\t\t\t<\/div>\n\t\t<\/a>\t\t\t\t\t\t<\/div>\n\t\t\t\t\t\t\t\t\t<\/div>\n\t\t\t\t\t\t\t\t\t\t\t\t\t\t\t<div class=\"swiper-pagination\"><\/div>\n\t\t\t\t\t\t\t\t\t\t\t\t\t\t\t\t<div class=\"elementor-swiper-button elementor-swiper-button-prev\">\n\t\t\t\t\t\t\t<i aria-hidden=\"true\" class=\"eicon-chevron-left\"><\/i>\t\t\t\t\t\t\t<span class=\"elementor-screen-only\">Pr\u00e9c\u00e9dent<\/span>\n\t\t\t\t\t\t<\/div>\n\t\t\t\t\t\t<div class=\"elementor-swiper-button elementor-swiper-button-next\">\n\t\t\t\t\t\t\t<i aria-hidden=\"true\" class=\"eicon-chevron-right\"><\/i>\t\t\t\t\t\t\t<span class=\"elementor-screen-only\">Suivant<\/span>\n\t\t\t\t\t\t<\/div>\n\t\t\t\t\t\t\t\t\t\t\t\t<\/div>\n\t\t<\/div>\n\t\t\t\t<\/div>\n\t\t\t\t<\/div>\n\t\t\t\t\t<\/div>\n\t\t<\/div>\n\t\t\t\t\t\t\t<\/div>\n\t\t<\/section>\n\t\t\t\t<section class=\"elementor-section elementor-top-section elementor-element elementor-element-677c89a elementor-section-boxed elementor-section-height-default elementor-section-height-default\" data-id=\"677c89a\" data-element_type=\"section\" data-settings=\"{&quot;jet_parallax_layout_list&quot;:[]}\">\n\t\t\t\t\t\t<div class=\"elementor-container elementor-column-gap-default\">\n\t\t\t\t\t<div class=\"elementor-column elementor-col-50 elementor-top-column elementor-element elementor-element-45b2484\" data-id=\"45b2484\" data-element_type=\"column\">\n\t\t\t<div class=\"elementor-widget-wrap elementor-element-populated\">\n\t\t\t\t\t\t\t\t<div class=\"elementor-element elementor-element-367bc90 elementor-widget elementor-widget-text-editor\" data-id=\"367bc90\" data-element_type=\"widget\" data-widget_type=\"text-editor.default\">\n\t\t\t\t<div class=\"elementor-widget-container\">\n\t\t\t\t\t\t\t<p><span style=\"background-color: transparent; color: #000000; font-family: Inter, sans-serif; font-size: 12pt; white-space-collapse: preserve; font-weight: var( --e-global-typography-text-font-weight ); letter-spacing: -0.8px;\">Id\u00e9alement r\u00e9glables entre 40 et 55 cm, afin de convenir \u00e0 diff\u00e9rents plans de travail et morphologies. <\/span><\/p>\t\t\t\t\t\t<\/div>\n\t\t\t\t<\/div>\n\t\t\t\t\t<\/div>\n\t\t<\/div>\n\t\t\t\t<div class=\"elementor-column elementor-col-50 elementor-top-column elementor-element elementor-element-9b3cd37\" data-id=\"9b3cd37\" data-element_type=\"column\">\n\t\t\t<div class=\"elementor-widget-wrap elementor-element-populated\">\n\t\t\t\t\t\t\t\t<div class=\"elementor-element elementor-element-f1c425b elementor-widget elementor-widget-image\" data-id=\"f1c425b\" data-element_type=\"widget\" data-widget_type=\"image.default\">\n\t\t\t\t<div class=\"elementor-widget-container\">\n\t\t\t\t\t\t\t\t\t\t\t\t\t\t\t<img width=\"1024\" height=\"1024\" src=\"https:\/\/www.made-in-meubles.com\/blog\/wp-content\/uploads\/2024\/12\/px-08rose-lot-chaise-fichetechnique_1-1024x1024.webp\" class=\"attachment-large size-large\" alt=\"Chaise en tissu rose p\u00e2le et m\u00e9tal Jasmine\" srcset=\"https:\/\/www.made-in-meubles.com\/blog\/wp-content\/uploads\/2024\/12\/px-08rose-lot-chaise-fichetechnique_1-1024x1024.webp 1024w, https:\/\/www.made-in-meubles.com\/blog\/wp-content\/uploads\/2024\/12\/px-08rose-lot-chaise-fichetechnique_1-300x300.webp 300w, https:\/\/www.made-in-meubles.com\/blog\/wp-content\/uploads\/2024\/12\/px-08rose-lot-chaise-fichetechnique_1-150x150.webp 150w, https:\/\/www.made-in-meubles.com\/blog\/wp-content\/uploads\/2024\/12\/px-08rose-lot-chaise-fichetechnique_1-768x768.webp 768w, https:\/\/www.made-in-meubles.com\/blog\/wp-content\/uploads\/2024\/12\/px-08rose-lot-chaise-fichetechnique_1.webp 1200w\" sizes=\"(max-width: 1024px) 100vw, 1024px\" \/>\t\t\t\t\t\t\t\t\t\t\t\t\t\t\t<\/div>\n\t\t\t\t<\/div>\n\t\t\t\t\t<\/div>\n\t\t<\/div>\n\t\t\t\t\t\t\t<\/div>\n\t\t<\/section>\n\t\t\t\t<section class=\"elementor-section elementor-top-section elementor-element elementor-element-b700504 elementor-section-boxed elementor-section-height-default elementor-section-height-default\" data-id=\"b700504\" data-element_type=\"section\" data-settings=\"{&quot;jet_parallax_layout_list&quot;:[]}\">\n\t\t\t\t\t\t<div class=\"elementor-container elementor-column-gap-default\">\n\t\t\t\t\t<div class=\"elementor-column elementor-col-100 elementor-top-column elementor-element elementor-element-96be830\" data-id=\"96be830\" data-element_type=\"column\">\n\t\t\t<div class=\"elementor-widget-wrap elementor-element-populated\">\n\t\t\t\t\t\t\t\t<div class=\"elementor-element elementor-element-94d802c elementor-widget elementor-widget-image\" data-id=\"94d802c\" data-element_type=\"widget\" data-widget_type=\"image.default\">\n\t\t\t\t<div class=\"elementor-widget-container\">\n\t\t\t\t\t\t\t\t\t\t\t\t<figure class=\"wp-caption\">\n\t\t\t\t\t\t\t\t\t\t\t<a href=\"https:\/\/www.made-in-meubles.com\/lot-de-2-chaises-scandinaves-tissu-rose-pale-pietement-metal-p-px-08rose-lot\">\n\t\t\t\t\t\t\t<img width=\"1024\" height=\"1024\" src=\"https:\/\/www.made-in-meubles.com\/blog\/wp-content\/uploads\/2024\/12\/product_p_x_px-08rose-lot-chaise-ambiance-3-1024x1024.webp\" class=\"attachment-large size-large\" alt=\"Chaise en tissu rose p\u00e2le et m\u00e9tal Jasmine\" srcset=\"https:\/\/www.made-in-meubles.com\/blog\/wp-content\/uploads\/2024\/12\/product_p_x_px-08rose-lot-chaise-ambiance-3-1024x1024.webp 1024w, https:\/\/www.made-in-meubles.com\/blog\/wp-content\/uploads\/2024\/12\/product_p_x_px-08rose-lot-chaise-ambiance-3-300x300.webp 300w, https:\/\/www.made-in-meubles.com\/blog\/wp-content\/uploads\/2024\/12\/product_p_x_px-08rose-lot-chaise-ambiance-3-150x150.webp 150w, https:\/\/www.made-in-meubles.com\/blog\/wp-content\/uploads\/2024\/12\/product_p_x_px-08rose-lot-chaise-ambiance-3-768x768.webp 768w, https:\/\/www.made-in-meubles.com\/blog\/wp-content\/uploads\/2024\/12\/product_p_x_px-08rose-lot-chaise-ambiance-3.webp 1200w\" sizes=\"(max-width: 1024px) 100vw, 1024px\" \/>\t\t\t\t\t\t\t\t<\/a>\n\t\t\t\t\t\t\t\t\t\t\t<figcaption class=\"widget-image-caption wp-caption-text\">Chaise Jasmine<\/figcaption>\n\t\t\t\t\t\t\t\t\t\t<\/figure>\n\t\t\t\t\t\t\t\t\t<\/div>\n\t\t\t\t<\/div>\n\t\t\t\t<div class=\"elementor-element elementor-element-3c32af7 elementor-skin-carousel elementor-arrows-yes elementor-pagination-type-bullets elementor-pagination-position-outside elementor-widget elementor-widget-media-carousel\" data-id=\"3c32af7\" data-element_type=\"widget\" data-settings=\"{&quot;skin&quot;:&quot;carousel&quot;,&quot;effect&quot;:&quot;slide&quot;,&quot;show_arrows&quot;:&quot;yes&quot;,&quot;pagination&quot;:&quot;bullets&quot;,&quot;speed&quot;:500,&quot;autoplay&quot;:&quot;yes&quot;,&quot;autoplay_speed&quot;:5000,&quot;loop&quot;:&quot;yes&quot;,&quot;pause_on_hover&quot;:&quot;yes&quot;,&quot;pause_on_interaction&quot;:&quot;yes&quot;,&quot;space_between&quot;:{&quot;unit&quot;:&quot;px&quot;,&quot;size&quot;:10,&quot;sizes&quot;:[]},&quot;space_between_tablet&quot;:{&quot;unit&quot;:&quot;px&quot;,&quot;size&quot;:10,&quot;sizes&quot;:[]},&quot;space_between_mobile&quot;:{&quot;unit&quot;:&quot;px&quot;,&quot;size&quot;:10,&quot;sizes&quot;:[]}}\" data-widget_type=\"media-carousel.default\">\n\t\t\t\t<div class=\"elementor-widget-container\">\n\t\t\t\t\t<div class=\"elementor-swiper\">\n\t\t\t<div class=\"elementor-main-swiper swiper-container\">\n\t\t\t\t<div class=\"swiper-wrapper\">\n\t\t\t\t\t\t\t\t\t\t\t<div class=\"swiper-slide\">\n\t\t\t\t\t\t\t<a href=\"https:\/\/www.made-in-meubles.com\/chaise-en-bois-de-orme-et-tissu-gris-aline-lot-de-2-lot\">\t\t<div class=\"elementor-carousel-image\" style=\"background-image: url(https:\/\/www.made-in-meubles.com\/blog\/wp-content\/uploads\/2024\/12\/chan09-chaise-amb-cote.webp)\">\n\n\t\t\t\n\t\t\t\t\t<\/div>\n\t\t<\/a>\t\t\t\t\t\t<\/div>\n\t\t\t\t\t\t\t\t\t\t\t<div class=\"swiper-slide\">\n\t\t\t\t\t\t\t<a href=\"https:\/\/www.made-in-meubles.com\/chaise-design-retro-velours-marron-glace-p-px-23marron-lot\">\t\t<div class=\"elementor-carousel-image\" style=\"background-image: url(https:\/\/www.made-in-meubles.com\/blog\/wp-content\/uploads\/2024\/12\/product_p_x_px-23marron-lot-chaises-ambiance.webp)\">\n\n\t\t\t\n\t\t\t\t\t<\/div>\n\t\t<\/a>\t\t\t\t\t\t<\/div>\n\t\t\t\t\t\t\t\t\t\t\t<div class=\"swiper-slide\">\n\t\t\t\t\t\t\t<a href=\"https:\/\/www.made-in-meubles.com\/lot-de-2-chaises-en-rotin-marron-pieds-en-metal-noir-p-cebu-lot\">\t\t<div class=\"elementor-carousel-image\" style=\"background-image: url(https:\/\/www.made-in-meubles.com\/blog\/wp-content\/uploads\/2024\/01\/product_c_e_cebu-chaise-ambiance_2_1.webp)\">\n\n\t\t\t\n\t\t\t\t\t<\/div>\n\t\t<\/a>\t\t\t\t\t\t<\/div>\n\t\t\t\t\t\t\t\t\t\t\t<div class=\"swiper-slide\">\n\t\t\t\t\t\t\t<a href=\"https:\/\/www.made-in-meubles.com\/lot-de-2-chaises-scandinave-velours-vert-emeraude-p-px-02vert-lot\">\t\t<div class=\"elementor-carousel-image\" style=\"background-image: url(https:\/\/www.made-in-meubles.com\/blog\/wp-content\/uploads\/2024\/01\/product_p_x_px-02vert-lot-chaises-ambiance-3.webp)\">\n\n\t\t\t\n\t\t\t\t\t<\/div>\n\t\t<\/a>\t\t\t\t\t\t<\/div>\n\t\t\t\t\t\t\t\t\t<\/div>\n\t\t\t\t\t\t\t\t\t\t\t\t\t\t\t<div class=\"swiper-pagination\"><\/div>\n\t\t\t\t\t\t\t\t\t\t\t\t\t\t\t\t<div class=\"elementor-swiper-button elementor-swiper-button-prev\">\n\t\t\t\t\t\t\t<i aria-hidden=\"true\" class=\"eicon-chevron-left\"><\/i>\t\t\t\t\t\t\t<span class=\"elementor-screen-only\">Pr\u00e9c\u00e9dent<\/span>\n\t\t\t\t\t\t<\/div>\n\t\t\t\t\t\t<div class=\"elementor-swiper-button elementor-swiper-button-next\">\n\t\t\t\t\t\t\t<i aria-hidden=\"true\" class=\"eicon-chevron-right\"><\/i>\t\t\t\t\t\t\t<span class=\"elementor-screen-only\">Suivant<\/span>\n\t\t\t\t\t\t<\/div>\n\t\t\t\t\t\t\t\t\t\t\t\t<\/div>\n\t\t<\/div>\n\t\t\t\t<\/div>\n\t\t\t\t<\/div>\n\t\t\t\t<div class=\"elementor-element elementor-element-f83df7b elementor-widget elementor-widget-heading\" data-id=\"f83df7b\" data-element_type=\"widget\" data-widget_type=\"heading.default\">\n\t\t\t\t<div class=\"elementor-widget-container\">\n\t\t\t<h2 class=\"elementor-heading-title elementor-size-default\">4. Bien choisir la hauteur des assises : Les erreurs \u00e0 \u00e9viter<\/h2>\t\t<\/div>\n\t\t\t\t<\/div>\n\t\t\t\t\t<\/div>\n\t\t<\/div>\n\t\t\t\t\t\t\t<\/div>\n\t\t<\/section>\n\t\t\t\t<section class=\"elementor-section elementor-top-section elementor-element elementor-element-96a8c8a elementor-section-boxed elementor-section-height-default elementor-section-height-default\" data-id=\"96a8c8a\" data-element_type=\"section\" data-settings=\"{&quot;jet_parallax_layout_list&quot;:[]}\">\n\t\t\t\t\t\t<div class=\"elementor-container elementor-column-gap-default\">\n\t\t\t\t\t<div class=\"elementor-column elementor-col-100 elementor-top-column elementor-element elementor-element-712b0ba\" data-id=\"712b0ba\" data-element_type=\"column\">\n\t\t\t<div class=\"elementor-widget-wrap elementor-element-populated\">\n\t\t\t\t\t\t\t\t<div class=\"elementor-element elementor-element-0a27a9d elementor-widget elementor-widget-text-editor\" data-id=\"0a27a9d\" data-element_type=\"widget\" data-widget_type=\"text-editor.default\">\n\t\t\t\t<div class=\"elementor-widget-container\">\n\t\t\t\t\t\t\t<p><span style=\"background-color: transparent; color: #000000; font-family: Inter, sans-serif; font-size: 12pt; white-space-collapse: preserve; letter-spacing: -0.8px;\">Ne pas mesurer la hauteur : Acheter une assise sans v\u00e9rifier les dimensions de vos tables ou plans de travail peut conduire \u00e0 des incompatibilit\u00e9s inconfortables.<\/span><\/p><p><span style=\"background-color: transparent; color: #000000; font-family: Inter, sans-serif; font-size: 12pt; white-space-collapse: preserve; letter-spacing: -0.8px;\">Privil\u00e9gier uniquement l\u2019esth\u00e9tique : Une chaise ou un tabouret magnifique mais inconfortable risque de rester inutilis\u00e9.<\/span><\/p><p dir=\"ltr\" style=\"line-height: 1.38; margin-top: 12pt; margin-bottom: 12pt;\"><span style=\"background-color: transparent; color: #000000; font-family: Inter, sans-serif; font-size: 12pt; white-space-collapse: preserve; letter-spacing: -0.8px;\">Ignorer l\u2019ergonomie : Notamment pour les espaces de travail, un mauvais choix peut entra\u00eener des douleurs chroniques ou une diminution de la productivit\u00e9<\/span><\/p>\t\t\t\t\t\t<\/div>\n\t\t\t\t<\/div>\n\t\t\t\t\t<\/div>\n\t\t<\/div>\n\t\t\t\t\t\t\t<\/div>\n\t\t<\/section>\n\t\t\t\t<section class=\"elementor-section elementor-top-section elementor-element elementor-element-acac111 elementor-section-boxed elementor-section-height-default elementor-section-height-default\" data-id=\"acac111\" data-element_type=\"section\" data-settings=\"{&quot;jet_parallax_layout_list&quot;:[]}\">\n\t\t\t\t\t\t<div class=\"elementor-container elementor-column-gap-default\">\n\t\t\t\t\t<div class=\"elementor-column elementor-col-100 elementor-top-column elementor-element elementor-element-271e7a3\" data-id=\"271e7a3\" data-element_type=\"column\">\n\t\t\t<div class=\"elementor-widget-wrap elementor-element-populated\">\n\t\t\t\t\t\t\t\t<div class=\"elementor-element elementor-element-9425b43 elementor-widget elementor-widget-text-editor\" data-id=\"9425b43\" data-element_type=\"widget\" data-widget_type=\"text-editor.default\">\n\t\t\t\t<div class=\"elementor-widget-container\">\n\t\t\t\t\t\t\t<p><span style=\"background-color: transparent; color: #000000; font-family: Inter, sans-serif; font-size: 12pt; white-space-collapse: preserve; font-weight: var( --e-global-typography-text-font-weight ); letter-spacing: -0.8px;\">Choisir la bonne hauteur d\u2019assise est essentiel pour garantir confort, sant\u00e9 et harmonie dans votre int\u00e9rieur. Gardez en t\u00eate les dimensions standards, adaptez-les \u00e0 vos besoins et prenez toujours le temps de tester avant d\u2019acheter. N\u2019h\u00e9sitez pas \u00e0 investir dans des mod\u00e8les ajustables pour un confort personnalis\u00e9.<\/span><\/p><div><span style=\"background-color: transparent; color: #000000; font-family: Inter, sans-serif; font-size: 12pt; white-space-collapse: preserve; font-weight: var( --e-global-typography-text-font-weight ); letter-spacing: -0.8px;\">\u00a0<\/span><\/div>\t\t\t\t\t\t<\/div>\n\t\t\t\t<\/div>\n\t\t\t\t\t<\/div>\n\t\t<\/div>\n\t\t\t\t\t\t\t<\/div>\n\t\t<\/section>\n\t\t\t\t\t\t\t<\/div>\n\t\t","protected":false},"excerpt":{"rendered":"<p>La hauteur des assises joue un r\u00f4le crucial dans le confort quotidien. Que ce soit pour une chaise de salle \u00e0 manger, un tabouret de bar ou un fauteuil, une mauvaise hauteur peut entra\u00eener des douleurs, alt\u00e9rer la posture et d\u00e9tonner avec l\u2019esth\u00e9tique de votre int\u00e9rieur. Cet article vous guide \u00e0 travers les crit\u00e8res essentiels [&hellip;]<\/p>\n","protected":false},"author":32,"featured_media":15239,"comment_status":"open","ping_status":"open","sticky":false,"template":"","format":"standard","meta":[],"categories":[2],"tags":[67],"acf":[],"_links":{"self":[{"href":"https:\/\/www.made-in-meubles.com\/blog\/wp-json\/wp\/v2\/posts\/15230"}],"collection":[{"href":"https:\/\/www.made-in-meubles.com\/blog\/wp-json\/wp\/v2\/posts"}],"about":[{"href":"https:\/\/www.made-in-meubles.com\/blog\/wp-json\/wp\/v2\/types\/post"}],"author":[{"embeddable":true,"href":"https:\/\/www.made-in-meubles.com\/blog\/wp-json\/wp\/v2\/users\/32"}],"replies":[{"embeddable":true,"href":"https:\/\/www.made-in-meubles.com\/blog\/wp-json\/wp\/v2\/comments?post=15230"}],"version-history":[{"count":32,"href":"https:\/\/www.made-in-meubles.com\/blog\/wp-json\/wp\/v2\/posts\/15230\/revisions"}],"predecessor-version":[{"id":18877,"href":"https:\/\/www.made-in-meubles.com\/blog\/wp-json\/wp\/v2\/posts\/15230\/revisions\/18877"}],"wp:featuredmedia":[{"embeddable":true,"href":"https:\/\/www.made-in-meubles.com\/blog\/wp-json\/wp\/v2\/media\/15239"}],"wp:attachment":[{"href":"https:\/\/www.made-in-meubles.com\/blog\/wp-json\/wp\/v2\/media?parent=15230"}],"wp:term":[{"taxonomy":"category","embeddable":true,"href":"https:\/\/www.made-in-meubles.com\/blog\/wp-json\/wp\/v2\/categories?post=15230"},{"taxonomy":"post_tag","embeddable":true,"href":"https:\/\/www.made-in-meubles.com\/blog\/wp-json\/wp\/v2\/tags?post=15230"}],"curies":[{"name":"wp","href":"https:\/\/api.w.org\/{rel}","templated":true}]}}