{"id":15625,"date":"2025-02-13T16:59:40","date_gmt":"2025-02-13T15:59:40","guid":{"rendered":"https:\/\/www.made-in-meubles.com\/blog\/?p=15625"},"modified":"2025-04-14T15:13:54","modified_gmt":"2025-04-14T13:13:54","slug":"comment-proteger-ses-chaises-de-jardin-contre-les-intemperies","status":"publish","type":"post","link":"https:\/\/www.made-in-meubles.com\/blog\/comment-proteger-ses-chaises-de-jardin-contre-les-intemperies\/","title":{"rendered":"Comment prot\u00e9ger ses chaises de jardin contre les intemp\u00e9ries ?"},"content":{"rendered":"\t\t<div data-elementor-type=\"wp-post\" data-elementor-id=\"15625\" class=\"elementor elementor-15625\">\n\t\t\t\t\t\t\t\t\t<section class=\"elementor-section elementor-top-section elementor-element elementor-element-251b212 elementor-section-boxed elementor-section-height-default elementor-section-height-default\" data-id=\"251b212\" data-element_type=\"section\" data-settings=\"{&quot;jet_parallax_layout_list&quot;:[]}\">\n\t\t\t\t\t\t<div class=\"elementor-container elementor-column-gap-default\">\n\t\t\t\t\t<div class=\"elementor-column elementor-col-100 elementor-top-column elementor-element elementor-element-274b5f0\" data-id=\"274b5f0\" data-element_type=\"column\">\n\t\t\t<div class=\"elementor-widget-wrap elementor-element-populated\">\n\t\t\t\t\t\t\t\t<div class=\"elementor-element elementor-element-8c866f1 elementor-widget elementor-widget-text-editor\" data-id=\"8c866f1\" data-element_type=\"widget\" data-widget_type=\"text-editor.default\">\n\t\t\t\t<div class=\"elementor-widget-container\">\n\t\t\t<style>\/*! elementor - v3.6.5 - 27-04-2022 *\/\n.elementor-widget-text-editor.elementor-drop-cap-view-stacked .elementor-drop-cap{background-color:#818a91;color:#fff}.elementor-widget-text-editor.elementor-drop-cap-view-framed .elementor-drop-cap{color:#818a91;border:3px solid;background-color:transparent}.elementor-widget-text-editor:not(.elementor-drop-cap-view-default) .elementor-drop-cap{margin-top:8px}.elementor-widget-text-editor:not(.elementor-drop-cap-view-default) .elementor-drop-cap-letter{width:1em;height:1em}.elementor-widget-text-editor .elementor-drop-cap{float:left;text-align:center;line-height:1;font-size:50px}.elementor-widget-text-editor .elementor-drop-cap-letter{display:inline-block}<\/style>\t\t\t\t<p><span style=\"background-color: transparent; color: #000000; font-family: Inter, sans-serif; font-size: 12pt; white-space-collapse: preserve; font-weight: var( --e-global-typography-text-font-weight ); letter-spacing: -0.8px;\">Les meubles de jardin sont expos\u00e9s aux conditions climatiques tout au long de l&rsquo;ann\u00e9e. Pluie, vent, neige et soleil peuvent alt\u00e9rer leur aspect et leur durabilit\u00e9. Voici nos conseils pour assurer une protection efficace et prolonger la r\u00e9sistance de vos <a href=\"https:\/\/www.made-in-meubles.com\/produits\/mobilier-de-jardin\/chaise-de-jardin.html\">chaises<\/a> d&rsquo;ext\u00e9rieur face aux intemp\u00e9ries.<\/span><\/p>\t\t\t\t\t\t<\/div>\n\t\t\t\t<\/div>\n\t\t\t\t\t<\/div>\n\t\t<\/div>\n\t\t\t\t\t\t\t<\/div>\n\t\t<\/section>\n\t\t\t\t<section class=\"elementor-section elementor-top-section elementor-element elementor-element-44e1614 elementor-section-boxed elementor-section-height-default elementor-section-height-default\" data-id=\"44e1614\" data-element_type=\"section\" data-settings=\"{&quot;jet_parallax_layout_list&quot;:[]}\">\n\t\t\t\t\t\t<div class=\"elementor-container elementor-column-gap-default\">\n\t\t\t\t\t<div class=\"elementor-column elementor-col-100 elementor-top-column elementor-element elementor-element-6c8a519\" data-id=\"6c8a519\" data-element_type=\"column\">\n\t\t\t<div class=\"elementor-widget-wrap elementor-element-populated\">\n\t\t\t\t\t\t\t\t<div class=\"elementor-element elementor-element-fac915a elementor-widget elementor-widget-heading\" data-id=\"fac915a\" data-element_type=\"widget\" data-widget_type=\"heading.default\">\n\t\t\t\t<div class=\"elementor-widget-container\">\n\t\t\t<style>\/*! elementor - v3.6.5 - 27-04-2022 *\/\n.elementor-heading-title{padding:0;margin:0;line-height:1}.elementor-widget-heading .elementor-heading-title[class*=elementor-size-]>a{color:inherit;font-size:inherit;line-height:inherit}.elementor-widget-heading .elementor-heading-title.elementor-size-small{font-size:15px}.elementor-widget-heading .elementor-heading-title.elementor-size-medium{font-size:19px}.elementor-widget-heading .elementor-heading-title.elementor-size-large{font-size:29px}.elementor-widget-heading .elementor-heading-title.elementor-size-xl{font-size:39px}.elementor-widget-heading .elementor-heading-title.elementor-size-xxl{font-size:59px}<\/style><h2 class=\"elementor-heading-title elementor-size-default\">Prot\u00e9ger ses chaises de jardin :  Les mat\u00e9riaux les plus r\u00e9sistants pour le mobilier ext\u00e9rieur<\/h2>\t\t<\/div>\n\t\t\t\t<\/div>\n\t\t\t\t\t<\/div>\n\t\t<\/div>\n\t\t\t\t\t\t\t<\/div>\n\t\t<\/section>\n\t\t\t\t<section class=\"elementor-section elementor-top-section elementor-element elementor-element-0155b54 elementor-section-boxed elementor-section-height-default elementor-section-height-default\" data-id=\"0155b54\" data-element_type=\"section\" data-settings=\"{&quot;jet_parallax_layout_list&quot;:[]}\">\n\t\t\t\t\t\t<div class=\"elementor-container elementor-column-gap-default\">\n\t\t\t\t\t<div class=\"elementor-column elementor-col-100 elementor-top-column elementor-element elementor-element-dd3c855\" data-id=\"dd3c855\" data-element_type=\"column\">\n\t\t\t<div class=\"elementor-widget-wrap elementor-element-populated\">\n\t\t\t\t\t\t\t\t<div class=\"elementor-element elementor-element-08cfefa elementor-widget elementor-widget-text-editor\" data-id=\"08cfefa\" data-element_type=\"widget\" data-widget_type=\"text-editor.default\">\n\t\t\t\t<div class=\"elementor-widget-container\">\n\t\t\t\t\t\t\t<p><span style=\"background-color: transparent; color: #000000; font-family: Inter, sans-serif; font-size: 12pt; white-space-collapse: preserve; font-weight: var( --e-global-typography-text-font-weight ); letter-spacing: -0.8px;\">Lorsque vous achetez des chaises de jardin, il est crucial de s\u00e9lectionner des mat\u00e9riaux qui r\u00e9sistent bien aux conditions climatiques changeantes. Par exemple :<\/span><\/p><p dir=\"ltr\" style=\"line-height: 1.38; margin-top: 12pt; margin-bottom: 12pt;\"><span style=\"font-size: 12pt; font-family: Inter,sans-serif; color: #000000; background-color: transparent; font-weight: bold; font-style: normal; font-variant: normal; text-decoration: none; vertical-align: baseline; white-space: pre-wrap;\">Le teck et les bois exotiques<\/span><span style=\"font-size: 12pt; font-family: Inter,sans-serif; color: #000000; background-color: transparent; font-weight: 400; font-style: normal; font-variant: normal; text-decoration: none; vertical-align: baseline; white-space: pre-wrap;\"> : Ces mat\u00e9riaux sont naturellement r\u00e9sistants \u00e0 l\u2019humidit\u00e9 et aux insectes, ce qui les rend particuli\u00e8rement adapt\u00e9s pour les environnements ext\u00e9rieurs. Le teck, en particulier, ne se d\u00e9grade pas facilement et peut supporter les fortes variations de temp\u00e9rature sans se fissurer.<\/span><\/p><p dir=\"ltr\" style=\"line-height: 1.38; margin-top: 12pt; margin-bottom: 12pt;\"><span style=\"font-size: 12pt; font-family: Inter,sans-serif; color: #000000; background-color: transparent; font-weight: bold; font-style: normal; font-variant: normal; text-decoration: none; vertical-align: baseline; white-space: pre-wrap;\">L\u2019aluminium<\/span><span style=\"font-size: 12pt; font-family: Inter,sans-serif; color: #000000; background-color: transparent; font-weight: 400; font-style: normal; font-variant: normal; text-decoration: none; vertical-align: baseline; white-space: pre-wrap;\"> : Ce m\u00e9tal l\u00e9ger et inoxydable ne rouille pas et ne craint pas l&rsquo;humidit\u00e9. Il est \u00e9galement r\u00e9sistant aux rayons UV, ce qui en fait un choix id\u00e9al pour les chaises qui seront expos\u00e9es au soleil.<\/span><\/p><p dir=\"ltr\" style=\"line-height: 1.38; margin-top: 12pt; margin-bottom: 12pt;\"><span style=\"font-size: 12pt; font-family: Inter,sans-serif; color: #000000; background-color: transparent; font-weight: bold; font-style: normal; font-variant: normal; text-decoration: none; vertical-align: baseline; white-space: pre-wrap;\">La r\u00e9sine tress\u00e9e<\/span><span style=\"font-size: 12pt; font-family: Inter,sans-serif; color: #000000; background-color: transparent; font-weight: 400; font-style: normal; font-variant: normal; text-decoration: none; vertical-align: baseline; white-space: pre-wrap;\"> : Tr\u00e8s pris\u00e9e pour son esth\u00e9tique et sa durabilit\u00e9, la r\u00e9sine tress\u00e9e r\u00e9siste efficacement aux UV et \u00e0 la pluie, et n\u00e9cessite peu d&rsquo;entretien pour conserver son apparence. Elle est aussi peu sensible \u00e0 la moisissure.<\/span><\/p><p dir=\"ltr\" style=\"line-height: 1.38; margin-top: 12pt; margin-bottom: 12pt;\"><span style=\"font-size: 12pt; font-family: Inter,sans-serif; color: #000000; background-color: transparent; font-weight: bold; font-style: normal; font-variant: normal; text-decoration: none; vertical-align: baseline; white-space: pre-wrap;\">Le plastique renforc\u00e9 (polypropyl\u00e8ne, PVC)<\/span><span style=\"font-size: 12pt; font-family: Inter,sans-serif; color: #000000; background-color: transparent; font-weight: 400; font-style: normal; font-variant: normal; text-decoration: none; vertical-align: baseline; white-space: pre-wrap;\"> : Bien que ce mat\u00e9riau soit tr\u00e8s r\u00e9sistant aux intemp\u00e9ries, il peut perdre un peu de son attrait esth\u00e9tique avec le temps, surtout si l\u2019exposition au soleil est prolong\u00e9e. Cependant, il reste une option abordable et fonctionnelle.<\/span><\/p><p dir=\"ltr\" style=\"line-height: 1.38; margin-top: 12pt; margin-bottom: 12pt;\"><span style=\"font-size: 12pt; letter-spacing: -0.8px; background-color: transparent; font-family: Inter, sans-serif; color: #000000; font-weight: bold; font-variant-numeric: normal; font-variant-east-asian: normal; font-variant-alternates: normal; font-variant-position: normal; font-variant-emoji: normal; vertical-align: baseline; white-space-collapse: preserve;\">L\u2019acier inoxydable<\/span><span style=\"font-size: 12pt; letter-spacing: -0.8px; background-color: transparent; font-family: Inter, sans-serif; color: #000000; font-variant-numeric: normal; font-variant-east-asian: normal; font-variant-alternates: normal; font-variant-position: normal; font-variant-emoji: normal; vertical-align: baseline; white-space-collapse: preserve;\"> : Si vous recherchez des meubles robustes et modernes, l\u2019acier inoxydable est une excellente option. Il est plus r\u00e9sistant que l\u2019aluminium, mais n\u00e9cessite un traitement antirouille pour pr\u00e9venir la corrosion dans des environnements humides. <\/span><\/p>\t\t\t\t\t\t<\/div>\n\t\t\t\t<\/div>\n\t\t\t\t\t<\/div>\n\t\t<\/div>\n\t\t\t\t\t\t\t<\/div>\n\t\t<\/section>\n\t\t\t\t<section class=\"elementor-section elementor-top-section elementor-element elementor-element-ab4b7b8 elementor-section-boxed elementor-section-height-default elementor-section-height-default\" data-id=\"ab4b7b8\" data-element_type=\"section\" data-settings=\"{&quot;jet_parallax_layout_list&quot;:[]}\">\n\t\t\t\t\t\t<div class=\"elementor-container elementor-column-gap-default\">\n\t\t\t\t\t<div class=\"elementor-column elementor-col-50 elementor-top-column elementor-element elementor-element-3bb46f5\" data-id=\"3bb46f5\" data-element_type=\"column\">\n\t\t\t<div class=\"elementor-widget-wrap elementor-element-populated\">\n\t\t\t\t\t\t\t\t<div class=\"elementor-element elementor-element-6dc40be elementor-widget elementor-widget-image\" data-id=\"6dc40be\" data-element_type=\"widget\" data-widget_type=\"image.default\">\n\t\t\t\t<div class=\"elementor-widget-container\">\n\t\t\t<style>\/*! elementor - v3.6.5 - 27-04-2022 *\/\n.elementor-widget-image{text-align:center}.elementor-widget-image a{display:inline-block}.elementor-widget-image a img[src$=\".svg\"]{width:48px}.elementor-widget-image img{vertical-align:middle;display:inline-block}<\/style>\t\t\t\t\t\t\t\t\t<figure class=\"wp-caption\">\n\t\t\t\t\t\t\t\t\t\t\t<a href=\"https:\/\/www.made-in-meubles.com\/chaise-de-jardin-taupe-en-aluminium-ayden-lot-de-2-lot\">\n\t\t\t\t\t\t\t<img width=\"1024\" height=\"1024\" src=\"https:\/\/www.made-in-meubles.com\/blog\/wp-content\/uploads\/2025\/02\/sus01_chaise_amb_ensemble.webp\" class=\"attachment-large size-large\" alt=\"\" srcset=\"https:\/\/www.made-in-meubles.com\/blog\/wp-content\/uploads\/2025\/02\/sus01_chaise_amb_ensemble.webp 1024w, https:\/\/www.made-in-meubles.com\/blog\/wp-content\/uploads\/2025\/02\/sus01_chaise_amb_ensemble-300x300.webp 300w, https:\/\/www.made-in-meubles.com\/blog\/wp-content\/uploads\/2025\/02\/sus01_chaise_amb_ensemble-150x150.webp 150w, https:\/\/www.made-in-meubles.com\/blog\/wp-content\/uploads\/2025\/02\/sus01_chaise_amb_ensemble-768x768.webp 768w\" sizes=\"(max-width: 1024px) 100vw, 1024px\" \/>\t\t\t\t\t\t\t\t<\/a>\n\t\t\t\t\t\t\t\t\t\t\t<figcaption class=\"widget-image-caption wp-caption-text\">Chaise de jardin Ayden<\/figcaption>\n\t\t\t\t\t\t\t\t\t\t<\/figure>\n\t\t\t\t\t\t\t\t\t<\/div>\n\t\t\t\t<\/div>\n\t\t\t\t\t<\/div>\n\t\t<\/div>\n\t\t\t\t<div class=\"elementor-column elementor-col-50 elementor-top-column elementor-element elementor-element-8b826c3\" data-id=\"8b826c3\" data-element_type=\"column\">\n\t\t\t<div class=\"elementor-widget-wrap elementor-element-populated\">\n\t\t\t\t\t\t\t\t<div class=\"elementor-element elementor-element-1403aad elementor-widget elementor-widget-image\" data-id=\"1403aad\" data-element_type=\"widget\" data-widget_type=\"image.default\">\n\t\t\t\t<div class=\"elementor-widget-container\">\n\t\t\t\t\t\t\t\t\t\t\t\t\t\t\t<img width=\"1024\" height=\"1024\" src=\"https:\/\/www.made-in-meubles.com\/blog\/wp-content\/uploads\/2025\/02\/sus01_chaise_amb_zoom.webp\" class=\"attachment-large size-large\" alt=\"\" srcset=\"https:\/\/www.made-in-meubles.com\/blog\/wp-content\/uploads\/2025\/02\/sus01_chaise_amb_zoom.webp 1024w, https:\/\/www.made-in-meubles.com\/blog\/wp-content\/uploads\/2025\/02\/sus01_chaise_amb_zoom-300x300.webp 300w, https:\/\/www.made-in-meubles.com\/blog\/wp-content\/uploads\/2025\/02\/sus01_chaise_amb_zoom-150x150.webp 150w, https:\/\/www.made-in-meubles.com\/blog\/wp-content\/uploads\/2025\/02\/sus01_chaise_amb_zoom-768x768.webp 768w\" sizes=\"(max-width: 1024px) 100vw, 1024px\" \/>\t\t\t\t\t\t\t\t\t\t\t\t\t\t\t<\/div>\n\t\t\t\t<\/div>\n\t\t\t\t\t<\/div>\n\t\t<\/div>\n\t\t\t\t\t\t\t<\/div>\n\t\t<\/section>\n\t\t\t\t<section class=\"elementor-section elementor-top-section elementor-element elementor-element-d4cf07f elementor-section-boxed elementor-section-height-default elementor-section-height-default\" data-id=\"d4cf07f\" data-element_type=\"section\" data-settings=\"{&quot;jet_parallax_layout_list&quot;:[]}\">\n\t\t\t\t\t\t<div class=\"elementor-container elementor-column-gap-default\">\n\t\t\t\t\t<div class=\"elementor-column elementor-col-100 elementor-top-column elementor-element elementor-element-d835cb9\" data-id=\"d835cb9\" data-element_type=\"column\">\n\t\t\t<div class=\"elementor-widget-wrap elementor-element-populated\">\n\t\t\t\t\t\t\t\t<div class=\"elementor-element elementor-element-484f208 elementor-widget elementor-widget-heading\" data-id=\"484f208\" data-element_type=\"widget\" data-widget_type=\"heading.default\">\n\t\t\t\t<div class=\"elementor-widget-container\">\n\t\t\t<h2 class=\"elementor-heading-title elementor-size-default\">Utiliser des protections suppl\u00e9mentaires pour prot\u00e9ger ses chaises de jardin<\/h2>\t\t<\/div>\n\t\t\t\t<\/div>\n\t\t\t\t\t<\/div>\n\t\t<\/div>\n\t\t\t\t\t\t\t<\/div>\n\t\t<\/section>\n\t\t\t\t<section class=\"elementor-section elementor-top-section elementor-element elementor-element-2bfd7df elementor-section-boxed elementor-section-height-default elementor-section-height-default\" data-id=\"2bfd7df\" data-element_type=\"section\" data-settings=\"{&quot;jet_parallax_layout_list&quot;:[]}\">\n\t\t\t\t\t\t<div class=\"elementor-container elementor-column-gap-default\">\n\t\t\t\t\t<div class=\"elementor-column elementor-col-100 elementor-top-column elementor-element elementor-element-9632ad2\" data-id=\"9632ad2\" data-element_type=\"column\">\n\t\t\t<div class=\"elementor-widget-wrap elementor-element-populated\">\n\t\t\t\t\t\t\t\t<div class=\"elementor-element elementor-element-525989d elementor-widget elementor-widget-text-editor\" data-id=\"525989d\" data-element_type=\"widget\" data-widget_type=\"text-editor.default\">\n\t\t\t\t<div class=\"elementor-widget-container\">\n\t\t\t\t\t\t\t<p><span style=\"background-color: transparent; color: rgb(0, 0, 0); font-family: Inter, sans-serif; font-size: 12pt; white-space-collapse: preserve; font-weight: var( --e-global-typography-text-font-weight ); letter-spacing: -0.8px;\">Prot\u00e9ger vos chaises de jardin lorsque vous ne les utilisez pas est essentiel pour les pr\u00e9server. Voici quelques solutions pratiques :<\/span><\/p>\t\t\t\t\t\t<\/div>\n\t\t\t\t<\/div>\n\t\t\t\t\t<\/div>\n\t\t<\/div>\n\t\t\t\t\t\t\t<\/div>\n\t\t<\/section>\n\t\t\t\t<section class=\"elementor-section elementor-top-section elementor-element elementor-element-00fa407 elementor-section-boxed elementor-section-height-default elementor-section-height-default\" data-id=\"00fa407\" data-element_type=\"section\" data-settings=\"{&quot;jet_parallax_layout_list&quot;:[]}\">\n\t\t\t\t\t\t<div class=\"elementor-container elementor-column-gap-default\">\n\t\t\t\t\t<div class=\"elementor-column elementor-col-100 elementor-top-column elementor-element elementor-element-526163c\" data-id=\"526163c\" data-element_type=\"column\">\n\t\t\t<div class=\"elementor-widget-wrap elementor-element-populated\">\n\t\t\t\t\t\t\t\t<div class=\"elementor-element elementor-element-42f7082 elementor-widget elementor-widget-heading\" data-id=\"42f7082\" data-element_type=\"widget\" data-widget_type=\"heading.default\">\n\t\t\t\t<div class=\"elementor-widget-container\">\n\t\t\t<h3 class=\"elementor-heading-title elementor-size-default\">Les housses de protection <\/h3>\t\t<\/div>\n\t\t\t\t<\/div>\n\t\t\t\t\t<\/div>\n\t\t<\/div>\n\t\t\t\t\t\t\t<\/div>\n\t\t<\/section>\n\t\t\t\t<section class=\"elementor-section elementor-top-section elementor-element elementor-element-6ae3d2f elementor-section-boxed elementor-section-height-default elementor-section-height-default\" data-id=\"6ae3d2f\" data-element_type=\"section\" data-settings=\"{&quot;jet_parallax_layout_list&quot;:[]}\">\n\t\t\t\t\t\t<div class=\"elementor-container elementor-column-gap-default\">\n\t\t\t\t\t<div class=\"elementor-column elementor-col-100 elementor-top-column elementor-element elementor-element-663750c\" data-id=\"663750c\" data-element_type=\"column\">\n\t\t\t<div class=\"elementor-widget-wrap elementor-element-populated\">\n\t\t\t\t\t\t\t\t<div class=\"elementor-element elementor-element-cd8b558 elementor-widget elementor-widget-text-editor\" data-id=\"cd8b558\" data-element_type=\"widget\" data-widget_type=\"text-editor.default\">\n\t\t\t\t<div class=\"elementor-widget-container\">\n\t\t\t\t\t\t\t<p><span id=\"docs-internal-guid-4b3d4d31-7fff-d66c-90e2-5205ddc9fc2e\"><span style=\"font-size: 12pt; font-family: Inter, sans-serif; color: #000000; background-color: transparent; font-variant-numeric: normal; font-variant-east-asian: normal; font-variant-alternates: normal; font-variant-position: normal; font-variant-emoji: normal; vertical-align: baseline; white-space-collapse: preserve;\">Investir dans des housses adapt\u00e9es \u00e0 la taille de vos chaises ou de vos <a href=\"https:\/\/www.made-in-meubles.com\/produits\/mobilier-de-jardin\/salon-de-jardin.html\">fauteuils de jardin<\/a> est l\u2019un des moyens les plus efficaces de les prot\u00e9ger des intemp\u00e9ries. Privil\u00e9giez des housses imperm\u00e9ables et respirantes, qui emp\u00eacheront l\u2019humidit\u00e9 de s\u2019accumuler \u00e0 l\u2019int\u00e9rieur tout en laissant l&rsquo;air circuler pour \u00e9viter la formation de moisissures. Choisissez des mod\u00e8les dot\u00e9s de cordons ou de fixations pour garantir que la housse reste bien en place sur l&rsquo;assises et les accoudoirs, m\u00eame par temps venteux. <\/span><\/span><\/p>\t\t\t\t\t\t<\/div>\n\t\t\t\t<\/div>\n\t\t\t\t\t<\/div>\n\t\t<\/div>\n\t\t\t\t\t\t\t<\/div>\n\t\t<\/section>\n\t\t\t\t<section class=\"elementor-section elementor-top-section elementor-element elementor-element-5574823 elementor-section-boxed elementor-section-height-default elementor-section-height-default\" data-id=\"5574823\" data-element_type=\"section\" data-settings=\"{&quot;jet_parallax_layout_list&quot;:[]}\">\n\t\t\t\t\t\t<div class=\"elementor-container elementor-column-gap-default\">\n\t\t\t\t\t<div class=\"elementor-column elementor-col-100 elementor-top-column elementor-element elementor-element-e2231bb\" data-id=\"e2231bb\" data-element_type=\"column\">\n\t\t\t<div class=\"elementor-widget-wrap elementor-element-populated\">\n\t\t\t\t\t\t\t\t<div class=\"elementor-element elementor-element-a7c5742 elementor-widget elementor-widget-heading\" data-id=\"a7c5742\" data-element_type=\"widget\" data-widget_type=\"heading.default\">\n\t\t\t\t<div class=\"elementor-widget-container\">\n\t\t\t<h3 class=\"elementor-heading-title elementor-size-default\">Ranger les chaises de jardin \u00e0 l'abri<\/h3>\t\t<\/div>\n\t\t\t\t<\/div>\n\t\t\t\t\t<\/div>\n\t\t<\/div>\n\t\t\t\t\t\t\t<\/div>\n\t\t<\/section>\n\t\t\t\t<section class=\"elementor-section elementor-top-section elementor-element elementor-element-db6fb6f elementor-section-boxed elementor-section-height-default elementor-section-height-default\" data-id=\"db6fb6f\" data-element_type=\"section\" data-settings=\"{&quot;jet_parallax_layout_list&quot;:[]}\">\n\t\t\t\t\t\t<div class=\"elementor-container elementor-column-gap-default\">\n\t\t\t\t\t<div class=\"elementor-column elementor-col-100 elementor-top-column elementor-element elementor-element-9efbf2f\" data-id=\"9efbf2f\" data-element_type=\"column\">\n\t\t\t<div class=\"elementor-widget-wrap elementor-element-populated\">\n\t\t\t\t\t\t\t\t<div class=\"elementor-element elementor-element-934e824 elementor-widget elementor-widget-text-editor\" data-id=\"934e824\" data-element_type=\"widget\" data-widget_type=\"text-editor.default\">\n\t\t\t\t<div class=\"elementor-widget-container\">\n\t\t\t\t\t\t\t<p><span style=\"background-color: transparent; color: #000000; font-family: Inter, sans-serif; font-size: 12pt; white-space-collapse: preserve; font-weight: var( --e-global-typography-text-font-weight ); letter-spacing: -0.8px;\">Lorsque les conditions climatiques sont extr\u00eames, comme en hiver ou lors de fortes temp\u00eates, il est pr\u00e9f\u00e9rable de ranger vos chaises et votre <a href=\"https:\/\/www.made-in-meubles.com\/produits\/mobilier-de-jardin\/salon-de-jardin.html\">salon d&rsquo;ext\u00e9rieur<\/a> dans un abri de jardin, un garage, ou sous une pergola. Cela les prot\u00e9gera non seulement des intemp\u00e9ries, mais aussi des dommages caus\u00e9s par le gel ou la neige. Si vous manquez d\u2019espace de rangement, une tonnelle ou un auvent peut offrir une protection suppl\u00e9mentaire contre les \u00e9l\u00e9ments.<\/span><\/p>\t\t\t\t\t\t<\/div>\n\t\t\t\t<\/div>\n\t\t\t\t\t<\/div>\n\t\t<\/div>\n\t\t\t\t\t\t\t<\/div>\n\t\t<\/section>\n\t\t\t\t<section class=\"elementor-section elementor-top-section elementor-element elementor-element-2ee15fd elementor-section-boxed elementor-section-height-default elementor-section-height-default\" data-id=\"2ee15fd\" data-element_type=\"section\" data-settings=\"{&quot;jet_parallax_layout_list&quot;:[]}\">\n\t\t\t\t\t\t<div class=\"elementor-container elementor-column-gap-default\">\n\t\t\t\t\t<div class=\"elementor-column elementor-col-100 elementor-top-column elementor-element elementor-element-492a64a\" data-id=\"492a64a\" data-element_type=\"column\">\n\t\t\t<div class=\"elementor-widget-wrap elementor-element-populated\">\n\t\t\t\t\t\t\t\t<div class=\"elementor-element elementor-element-2086e48 elementor-widget elementor-widget-heading\" data-id=\"2086e48\" data-element_type=\"widget\" data-widget_type=\"heading.default\">\n\t\t\t\t<div class=\"elementor-widget-container\">\n\t\t\t<h2 class=\"elementor-heading-title elementor-size-default\">Investir dans un entretien r\u00e9gulier pour prot\u00e9ger ses chaises de jardin<\/h2>\t\t<\/div>\n\t\t\t\t<\/div>\n\t\t\t\t\t<\/div>\n\t\t<\/div>\n\t\t\t\t\t\t\t<\/div>\n\t\t<\/section>\n\t\t\t\t<section class=\"elementor-section elementor-top-section elementor-element elementor-element-5bb9a19 elementor-section-boxed elementor-section-height-default elementor-section-height-default\" data-id=\"5bb9a19\" data-element_type=\"section\" data-settings=\"{&quot;jet_parallax_layout_list&quot;:[]}\">\n\t\t\t\t\t\t<div class=\"elementor-container elementor-column-gap-default\">\n\t\t\t\t\t<div class=\"elementor-column elementor-col-100 elementor-top-column elementor-element elementor-element-a2d2d07\" data-id=\"a2d2d07\" data-element_type=\"column\">\n\t\t\t<div class=\"elementor-widget-wrap elementor-element-populated\">\n\t\t\t\t\t\t\t\t<div class=\"elementor-element elementor-element-b0a6449 elementor-widget elementor-widget-text-editor\" data-id=\"b0a6449\" data-element_type=\"widget\" data-widget_type=\"text-editor.default\">\n\t\t\t\t<div class=\"elementor-widget-container\">\n\t\t\t\t\t\t\t<p><span style=\"background-color: transparent; color: #000000; font-family: Inter, sans-serif; font-size: 12pt; white-space-collapse: preserve; font-weight: var( --e-global-typography-text-font-weight ); letter-spacing: -0.8px;\">L&rsquo;entretien r\u00e9gulier est essentiel pour conserver vos chaises de jardin en bon \u00e9tat. Voici quelques gestes simples mais efficaces :<\/span><\/p><div><p dir=\"ltr\" style=\"line-height: 1.38; margin-top: 12pt; margin-bottom: 12pt;\"><span style=\"font-size: 12pt; font-family: Inter, sans-serif; color: #000000; background-color: transparent; font-weight: bold; font-variant-numeric: normal; font-variant-east-asian: normal; font-variant-alternates: normal; font-variant-position: normal; font-variant-emoji: normal; vertical-align: baseline; white-space-collapse: preserve;\">Nettoyage<\/span><span style=\"font-size: 12pt; font-family: Inter, sans-serif; color: #000000; background-color: transparent; font-variant-numeric: normal; font-variant-east-asian: normal; font-variant-alternates: normal; font-variant-position: normal; font-variant-emoji: normal; vertical-align: baseline; white-space-collapse: preserve;\"> : Utilisez une \u00e9ponge douce et de l&rsquo;eau savonneuse pour enlever la salet\u00e9 et les taches. \u00c9vitez d\u2019utiliser des produits abrasifs qui pourraient ab\u00eemer les mat\u00e9riaux. Pour les chaises en r\u00e9sine ou en plastique, un nettoyage avec de l\u2019eau ti\u00e8de suffit g\u00e9n\u00e9ralement.<\/span><\/p><p dir=\"ltr\" style=\"line-height: 1.38; margin-top: 12pt; margin-bottom: 12pt;\"><span style=\"font-size: 12pt; font-family: Inter, sans-serif; color: #000000; background-color: transparent; font-weight: bold; font-variant-numeric: normal; font-variant-east-asian: normal; font-variant-alternates: normal; font-variant-position: normal; font-variant-emoji: normal; vertical-align: baseline; white-space-collapse: preserve;\">Traitement hydrofuge<\/span><span style=\"font-size: 12pt; font-family: Inter, sans-serif; color: #000000; background-color: transparent; font-variant-numeric: normal; font-variant-east-asian: normal; font-variant-alternates: normal; font-variant-position: normal; font-variant-emoji: normal; vertical-align: baseline; white-space-collapse: preserve;\"> : Appliquez un produit hydrofuge sur les chaises en bois pour emp\u00eacher l\u2019humidit\u00e9 de p\u00e9n\u00e9trer dans le mat\u00e9riau et pour pr\u00e9venir les fissures. Cela aidera \u00e9galement \u00e0 maintenir la couleur du bois. Pour les meubles en m\u00e9tal, un traitement antirouille est recommand\u00e9 pour \u00e9viter la formation de rouille, surtout si vous vivez dans une r\u00e9gion humide.<\/span><\/p><p dir=\"ltr\" style=\"line-height: 1.38; margin-top: 12pt; margin-bottom: 12pt;\"><span style=\"font-size: 12pt; font-family: Inter, sans-serif; color: #000000; background-color: transparent; font-weight: bold; font-variant-numeric: normal; font-variant-east-asian: normal; font-variant-alternates: normal; font-variant-position: normal; font-variant-emoji: normal; vertical-align: baseline; white-space-collapse: preserve;\">V\u00e9rification des fixations<\/span><span style=\"font-size: 12pt; font-family: Inter, sans-serif; color: #000000; background-color: transparent; font-variant-numeric: normal; font-variant-east-asian: normal; font-variant-alternates: normal; font-variant-position: normal; font-variant-emoji: normal; vertical-align: baseline; white-space-collapse: preserve;\"> : Inspectez r\u00e9guli\u00e8rement les vis et autres fixations de vos chaises pour vous assurer qu\u2019elles sont bien serr\u00e9es et qu\u2019elles n\u2019ont pas \u00e9t\u00e9 endommag\u00e9es par l\u2019humidit\u00e9. Des fixations d\u00e9fectueuses peuvent provoquer un affaiblissement structurel, rendant les chaises moins s\u00fbres et plus susceptibles d\u2019\u00eatre endommag\u00e9es.<\/span><\/p><\/div>\t\t\t\t\t\t<\/div>\n\t\t\t\t<\/div>\n\t\t\t\t\t<\/div>\n\t\t<\/div>\n\t\t\t\t\t\t\t<\/div>\n\t\t<\/section>\n\t\t\t\t<section class=\"elementor-section elementor-top-section elementor-element elementor-element-bae047d elementor-section-boxed elementor-section-height-default elementor-section-height-default\" data-id=\"bae047d\" data-element_type=\"section\" data-settings=\"{&quot;jet_parallax_layout_list&quot;:[]}\">\n\t\t\t\t\t\t<div class=\"elementor-container elementor-column-gap-default\">\n\t\t\t\t\t<div class=\"elementor-column elementor-col-100 elementor-top-column elementor-element elementor-element-8874913\" data-id=\"8874913\" data-element_type=\"column\">\n\t\t\t<div class=\"elementor-widget-wrap elementor-element-populated\">\n\t\t\t\t\t\t\t\t<div class=\"elementor-element elementor-element-57ee4b9 elementor-widget elementor-widget-heading\" data-id=\"57ee4b9\" data-element_type=\"widget\" data-widget_type=\"heading.default\">\n\t\t\t\t<div class=\"elementor-widget-container\">\n\t\t\t<h2 class=\"elementor-heading-title elementor-size-default\">Traiter ses chaises et son mobilier de jardin selon les mat\u00e9riaux<\/h2>\t\t<\/div>\n\t\t\t\t<\/div>\n\t\t\t\t<div class=\"elementor-element elementor-element-9600271 elementor-widget elementor-widget-text-editor\" data-id=\"9600271\" data-element_type=\"widget\" data-widget_type=\"text-editor.default\">\n\t\t\t\t<div class=\"elementor-widget-container\">\n\t\t\t\t\t\t\t<p><span style=\"background-color: transparent; color: #000000; font-family: Inter, sans-serif; font-size: 12pt; white-space-collapse: preserve; font-weight: var( --e-global-typography-text-font-weight ); letter-spacing: -0.8px;\">Chaque type de mat\u00e9riau a des besoins d\u2019entretien sp\u00e9cifiques. Voici comment prendre soin de vos chaises en fonction de leur composition :<\/span><\/p><p style=\"letter-spacing: -0.8px;\"><span style=\"font-size: 12pt; letter-spacing: -0.8px; background-color: transparent; font-family: Inter, sans-serif; color: #000000; font-weight: bold; font-variant-numeric: normal; font-variant-east-asian: normal; font-variant-alternates: normal; font-variant-position: normal; font-variant-emoji: normal; vertical-align: baseline; white-space-collapse: preserve;\">Bois<\/span><span style=\"font-weight: var( --e-global-typography-text-font-weight ); font-size: 12pt; letter-spacing: -0.8px; background-color: transparent; font-family: Inter, sans-serif; color: #000000; font-variant-numeric: normal; font-variant-east-asian: normal; font-variant-alternates: normal; font-variant-position: normal; font-variant-emoji: normal; vertical-align: baseline; white-space-collapse: preserve;\"> : Le bois n\u00e9cessite un soin particulier pour \u00e9viter qu\u2019il ne se dess\u00e8che ou ne se fende. L\u2019application d\u2019une huile protectrice ou d\u2019un traitement hydrofuge nourrit le bois en profondeur et renforce sa r\u00e9sistance \u00e0 l\u2019humidit\u00e9 et aux intemp\u00e9ries. Il est recommand\u00e9 de renouveler ce traitement une fois par an.<\/span><\/p><p style=\"letter-spacing: -0.8px;\"><span style=\"letter-spacing: -0.8px; font-size: 12pt; background-color: transparent; font-family: Inter, sans-serif; color: #000000; font-weight: bold; font-variant-numeric: normal; font-variant-east-asian: normal; font-variant-alternates: normal; font-variant-position: normal; font-variant-emoji: normal; vertical-align: baseline; white-space-collapse: preserve;\">M\u00e9tal<\/span><span style=\"letter-spacing: -0.8px; font-weight: var( --e-global-typography-text-font-weight ); font-size: 12pt; background-color: transparent; font-family: Inter, sans-serif; color: #000000; font-variant-numeric: normal; font-variant-east-asian: normal; font-variant-alternates: normal; font-variant-position: normal; font-variant-emoji: normal; vertical-align: baseline; white-space-collapse: preserve;\"> : L\u2019acier et l\u2019aluminium peuvent \u00eatre sensibles \u00e0 la rouille s\u2019ils ne sont pas prot\u00e9g\u00e9s. L&rsquo;application r\u00e9guli\u00e8re d\u2019un traitement antirouille, notamment sur les chaises en m\u00e9tal expos\u00e9es aux intemp\u00e9ries, permettra d\u2019\u00e9viter la corrosion et prolongera leur durabilit\u00e9.<\/span><\/p>\t\t\t\t\t\t<\/div>\n\t\t\t\t<\/div>\n\t\t\t\t<div class=\"elementor-element elementor-element-657a943 elementor-widget elementor-widget-jet-portfolio\" data-id=\"657a943\" data-element_type=\"widget\" data-settings=\"{&quot;columns&quot;:3}\" data-widget_type=\"jet-portfolio.default\">\n\t\t\t\t<div class=\"elementor-widget-container\">\n\t\t\t<div class=\"elementor-jet-portfolio jet-elements\">\n<div class=\"jet-portfolio layout-type-masonry preset-type-1 layout-desktop-column-3  \" data-settings=\"{&quot;layoutType&quot;:&quot;masonry&quot;,&quot;perPage&quot;:6}\"><div class=\"jet-portfolio__list \"><article class=\"jet-portfolio__item visible-status\" data-slug=\"{&quot;0&quot;:&quot;all&quot;}\">\n\t<div class=\"jet-portfolio__inner\">\n\t\t<a class=\"jet-portfolio__link \" href=\"https:\/\/www.made-in-meubles.com\/blog\/wp-content\/uploads\/2025\/02\/sus03-chaisejardin-amb-prod.webp\" data-elementor-open-lightbox=\"yes\">\n\t\t\t<div class=\"jet-portfolio__image\">\n\t\t\t\t<img class=\"jet-portfolio__image-instance\" src=\"https:\/\/www.made-in-meubles.com\/blog\/wp-content\/uploads\/2025\/02\/sus03-chaisejardin-amb-prod.webp\" width=\"1024\" height=\"1024\"  alt=\"sus03-chaisejardin-amb-prod\" loading=\"lazy\">\t\t\t\t<div class=\"jet-portfolio__image-loader\"><span><\/span><\/div>\n\t\t\t<\/div>\n\t\t<\/a>\n\t\t<div class=\"jet-portfolio__content\">\n\t\t\t<div class=\"jet-portfolio__content-inner\"><\/div>\n\t\t<\/div>\n\n\t<\/div>\n<\/article><article class=\"jet-portfolio__item visible-status\" data-slug=\"{&quot;0&quot;:&quot;all&quot;}\">\n\t<div class=\"jet-portfolio__inner\">\n\t\t<a class=\"jet-portfolio__link \" href=\"https:\/\/www.made-in-meubles.com\/blog\/wp-content\/uploads\/2025\/02\/lef01-chaise-amb-ensemble.webp\" data-elementor-open-lightbox=\"yes\">\n\t\t\t<div class=\"jet-portfolio__image\">\n\t\t\t\t<img class=\"jet-portfolio__image-instance\" src=\"https:\/\/www.made-in-meubles.com\/blog\/wp-content\/uploads\/2025\/02\/lef01-chaise-amb-ensemble.webp\" width=\"1024\" height=\"1024\"  alt=\"lef01-chaise-amb-ensemble\" loading=\"lazy\">\t\t\t\t<div class=\"jet-portfolio__image-loader\"><span><\/span><\/div>\n\t\t\t<\/div>\n\t\t<\/a>\n\t\t<div class=\"jet-portfolio__content\">\n\t\t\t<div class=\"jet-portfolio__content-inner\"><\/div>\n\t\t<\/div>\n\n\t<\/div>\n<\/article><article class=\"jet-portfolio__item visible-status\" data-slug=\"{&quot;0&quot;:&quot;all&quot;}\">\n\t<div class=\"jet-portfolio__inner\">\n\t\t<a class=\"jet-portfolio__link \" href=\"https:\/\/www.made-in-meubles.com\/blog\/wp-content\/uploads\/2025\/02\/sus20_banc_amb.webp\" data-elementor-open-lightbox=\"yes\">\n\t\t\t<div class=\"jet-portfolio__image\">\n\t\t\t\t<img class=\"jet-portfolio__image-instance\" src=\"https:\/\/www.made-in-meubles.com\/blog\/wp-content\/uploads\/2025\/02\/sus20_banc_amb.webp\" width=\"1024\" height=\"1024\"  alt=\"sus20_banc_amb\" loading=\"lazy\">\t\t\t\t<div class=\"jet-portfolio__image-loader\"><span><\/span><\/div>\n\t\t\t<\/div>\n\t\t<\/a>\n\t\t<div class=\"jet-portfolio__content\">\n\t\t\t<div class=\"jet-portfolio__content-inner\"><\/div>\n\t\t<\/div>\n\n\t<\/div>\n<\/article><article class=\"jet-portfolio__item visible-status\" data-slug=\"{&quot;0&quot;:&quot;all&quot;}\">\n\t<div class=\"jet-portfolio__inner\">\n\t\t<a class=\"jet-portfolio__link \" href=\"https:\/\/www.made-in-meubles.com\/blog\/wp-content\/uploads\/2025\/02\/sus02_chais_amb.webp\" data-elementor-open-lightbox=\"yes\">\n\t\t\t<div class=\"jet-portfolio__image\">\n\t\t\t\t<img class=\"jet-portfolio__image-instance\" src=\"https:\/\/www.made-in-meubles.com\/blog\/wp-content\/uploads\/2025\/02\/sus02_chais_amb.webp\" width=\"1024\" height=\"1024\"  alt=\"sus02_chais_amb\" loading=\"lazy\">\t\t\t\t<div class=\"jet-portfolio__image-loader\"><span><\/span><\/div>\n\t\t\t<\/div>\n\t\t<\/a>\n\t\t<div class=\"jet-portfolio__content\">\n\t\t\t<div class=\"jet-portfolio__content-inner\"><\/div>\n\t\t<\/div>\n\n\t<\/div>\n<\/article><article class=\"jet-portfolio__item visible-status\" data-slug=\"{&quot;0&quot;:&quot;all&quot;}\">\n\t<div class=\"jet-portfolio__inner\">\n\t\t<a class=\"jet-portfolio__link \" href=\"https:\/\/www.made-in-meubles.com\/blog\/wp-content\/uploads\/2025\/02\/lef02-chaise-amb-ensemble.webp\" data-elementor-open-lightbox=\"yes\">\n\t\t\t<div class=\"jet-portfolio__image\">\n\t\t\t\t<img class=\"jet-portfolio__image-instance\" src=\"https:\/\/www.made-in-meubles.com\/blog\/wp-content\/uploads\/2025\/02\/lef02-chaise-amb-ensemble.webp\" width=\"1024\" height=\"1024\"  alt=\"lef02-chaise-amb-ensemble\" loading=\"lazy\">\t\t\t\t<div class=\"jet-portfolio__image-loader\"><span><\/span><\/div>\n\t\t\t<\/div>\n\t\t<\/a>\n\t\t<div class=\"jet-portfolio__content\">\n\t\t\t<div class=\"jet-portfolio__content-inner\"><\/div>\n\t\t<\/div>\n\n\t<\/div>\n<\/article><article class=\"jet-portfolio__item visible-status\" data-slug=\"{&quot;0&quot;:&quot;all&quot;}\">\n\t<div class=\"jet-portfolio__inner\">\n\t\t<a class=\"jet-portfolio__link \" href=\"https:\/\/www.made-in-meubles.com\/blog\/wp-content\/uploads\/2025\/02\/sus04-chaisejardin-amb-zoom.webp\" data-elementor-open-lightbox=\"yes\">\n\t\t\t<div class=\"jet-portfolio__image\">\n\t\t\t\t<img class=\"jet-portfolio__image-instance\" src=\"https:\/\/www.made-in-meubles.com\/blog\/wp-content\/uploads\/2025\/02\/sus04-chaisejardin-amb-zoom.webp\" width=\"1200\" height=\"1200\"  alt=\"sus04-chaisejardin-amb-zoom\" loading=\"lazy\">\t\t\t\t<div class=\"jet-portfolio__image-loader\"><span><\/span><\/div>\n\t\t\t<\/div>\n\t\t<\/a>\n\t\t<div class=\"jet-portfolio__content\">\n\t\t\t<div class=\"jet-portfolio__content-inner\"><\/div>\n\t\t<\/div>\n\n\t<\/div>\n<\/article><\/div><\/div>\n<\/div>\t\t<\/div>\n\t\t\t\t<\/div>\n\t\t\t\t<div class=\"elementor-element elementor-element-74e37e5 elementor-widget elementor-widget-text-editor\" data-id=\"74e37e5\" data-element_type=\"widget\" data-widget_type=\"text-editor.default\">\n\t\t\t\t<div class=\"elementor-widget-container\">\n\t\t\t\t\t\t\t<p><span style=\"letter-spacing: -0.8px; font-size: 12pt; background-color: transparent; font-family: Inter, sans-serif; color: #000000; font-weight: bold; font-variant-numeric: normal; font-variant-east-asian: normal; font-variant-alternates: normal; font-variant-position: normal; font-variant-emoji: normal; vertical-align: baseline; white-space-collapse: preserve;\">Plastique<\/span><span style=\"letter-spacing: -0.8px; font-size: 12pt; background-color: transparent; font-family: Inter, sans-serif; color: #000000; font-variant-numeric: normal; font-variant-east-asian: normal; font-variant-alternates: normal; font-variant-position: normal; font-variant-emoji: normal; vertical-align: baseline; white-space-collapse: preserve;\"> : Le plastique, bien qu\u2019il soit robuste face aux intemp\u00e9ries, peut ternir au fil du temps, surtout sous l\u2019effet des rayons UV. Pour pr\u00e9server l\u2019apparence de vos chaises, il est conseill\u00e9 d\u2019appliquer un produit anti-UV. Cela prot\u00e9gera la couleur du plastique et \u00e9vitera qu\u2019il ne devienne cassant.<\/span><\/p><p style=\"letter-spacing: -0.8px;\"><span style=\"font-size: 12pt; font-family: Inter, sans-serif; color: #000000; background-color: transparent; font-weight: bold; font-variant-numeric: normal; font-variant-east-asian: normal; font-variant-alternates: normal; font-variant-position: normal; font-variant-emoji: normal; vertical-align: baseline; white-space-collapse: preserve;\">R\u00e9sine<\/span><span style=\"font-size: 12pt; font-family: Inter, sans-serif; color: #000000; background-color: transparent; font-variant-numeric: normal; font-variant-east-asian: normal; font-variant-alternates: normal; font-variant-position: normal; font-variant-emoji: normal; vertical-align: baseline; white-space-collapse: preserve;\"> : La r\u00e9sine tress\u00e9e est relativement facile \u00e0 entretenir. Un nettoyage \u00e0 l\u2019eau savonneuse suffit g\u00e9n\u00e9ralement. Cependant, vous pouvez appliquer un produit sp\u00e9cifique pour r\u00e9sine pour lui redonner de l&rsquo;\u00e9clat et la prot\u00e9ger des t\u00e2ches ou de l\u2019accumulation de salet\u00e9s<\/span><\/p>\t\t\t\t\t\t<\/div>\n\t\t\t\t<\/div>\n\t\t\t\t\t<\/div>\n\t\t<\/div>\n\t\t\t\t\t\t\t<\/div>\n\t\t<\/section>\n\t\t\t\t<section class=\"elementor-section elementor-top-section elementor-element elementor-element-ab048a1 elementor-section-boxed elementor-section-height-default elementor-section-height-default\" data-id=\"ab048a1\" data-element_type=\"section\" data-settings=\"{&quot;jet_parallax_layout_list&quot;:[]}\">\n\t\t\t\t\t\t<div class=\"elementor-container elementor-column-gap-default\">\n\t\t\t\t\t<div class=\"elementor-column elementor-col-100 elementor-top-column elementor-element elementor-element-aa17cca\" data-id=\"aa17cca\" data-element_type=\"column\">\n\t\t\t<div class=\"elementor-widget-wrap elementor-element-populated\">\n\t\t\t\t\t\t\t\t<div class=\"elementor-element elementor-element-2986e30 elementor-widget elementor-widget-image\" data-id=\"2986e30\" data-element_type=\"widget\" data-widget_type=\"image.default\">\n\t\t\t\t<div class=\"elementor-widget-container\">\n\t\t\t\t\t\t\t\t\t\t\t\t<figure class=\"wp-caption\">\n\t\t\t\t\t\t\t\t\t\t\t<a href=\"https:\/\/www.made-in-meubles.com\/salon-de-jardin-en-rotin-4-places-rattan-p-hara200\">\n\t\t\t\t\t\t\t<img width=\"1024\" height=\"1024\" src=\"https:\/\/www.made-in-meubles.com\/blog\/wp-content\/uploads\/2025\/02\/hara200-salonrotin-amb-ensemble-1024x1024.webp\" class=\"attachment-large size-large\" alt=\"\" srcset=\"https:\/\/www.made-in-meubles.com\/blog\/wp-content\/uploads\/2025\/02\/hara200-salonrotin-amb-ensemble-1024x1024.webp 1024w, https:\/\/www.made-in-meubles.com\/blog\/wp-content\/uploads\/2025\/02\/hara200-salonrotin-amb-ensemble-300x300.webp 300w, https:\/\/www.made-in-meubles.com\/blog\/wp-content\/uploads\/2025\/02\/hara200-salonrotin-amb-ensemble-150x150.webp 150w, https:\/\/www.made-in-meubles.com\/blog\/wp-content\/uploads\/2025\/02\/hara200-salonrotin-amb-ensemble-768x768.webp 768w, https:\/\/www.made-in-meubles.com\/blog\/wp-content\/uploads\/2025\/02\/hara200-salonrotin-amb-ensemble.webp 1200w\" sizes=\"(max-width: 1024px) 100vw, 1024px\" \/>\t\t\t\t\t\t\t\t<\/a>\n\t\t\t\t\t\t\t\t\t\t\t<figcaption class=\"widget-image-caption wp-caption-text\">Salon de jardin Rattan<\/figcaption>\n\t\t\t\t\t\t\t\t\t\t<\/figure>\n\t\t\t\t\t\t\t\t\t<\/div>\n\t\t\t\t<\/div>\n\t\t\t\t<div class=\"elementor-element elementor-element-49f6349 elementor-widget elementor-widget-text-editor\" data-id=\"49f6349\" data-element_type=\"widget\" data-widget_type=\"text-editor.default\">\n\t\t\t\t<div class=\"elementor-widget-container\">\n\t\t\t\t\t\t\t<p><span style=\"background-color: transparent; color: #000000; font-family: Inter, sans-serif; font-size: 12pt; white-space-collapse: preserve; font-weight: var( --e-global-typography-text-font-weight ); letter-spacing: -0.8px;\">En suivant ces conseils, vous pourrez non seulement prolonger la dur\u00e9e de vie de vos chaises de jardin, mais aussi pr\u00e9server leur esth\u00e9tique ann\u00e9e apr\u00e8s ann\u00e9e, et ainsi profiter de vos moments en ext\u00e9rieur dans les meilleures conditions.<\/span><\/p>\t\t\t\t\t\t<\/div>\n\t\t\t\t<\/div>\n\t\t\t\t\t<\/div>\n\t\t<\/div>\n\t\t\t\t\t\t\t<\/div>\n\t\t<\/section>\n\t\t\t\t\t\t\t<\/div>\n\t\t","protected":false},"excerpt":{"rendered":"<p>Les meubles de jardin sont expos\u00e9s aux conditions climatiques tout au long de l&rsquo;ann\u00e9e. Pluie, vent, neige et soleil peuvent alt\u00e9rer leur aspect et leur durabilit\u00e9. Voici nos conseils pour assurer une protection efficace et prolonger la r\u00e9sistance de vos chaises d&rsquo;ext\u00e9rieur face aux intemp\u00e9ries. Prot\u00e9ger ses chaises de jardin : Les mat\u00e9riaux les plus [&hellip;]<\/p>\n","protected":false},"author":32,"featured_media":16107,"comment_status":"open","ping_status":"open","sticky":false,"template":"","format":"standard","meta":[],"categories":[3],"tags":[75],"acf":[],"_links":{"self":[{"href":"https:\/\/www.made-in-meubles.com\/blog\/wp-json\/wp\/v2\/posts\/15625"}],"collection":[{"href":"https:\/\/www.made-in-meubles.com\/blog\/wp-json\/wp\/v2\/posts"}],"about":[{"href":"https:\/\/www.made-in-meubles.com\/blog\/wp-json\/wp\/v2\/types\/post"}],"author":[{"embeddable":true,"href":"https:\/\/www.made-in-meubles.com\/blog\/wp-json\/wp\/v2\/users\/32"}],"replies":[{"embeddable":true,"href":"https:\/\/www.made-in-meubles.com\/blog\/wp-json\/wp\/v2\/comments?post=15625"}],"version-history":[{"count":37,"href":"https:\/\/www.made-in-meubles.com\/blog\/wp-json\/wp\/v2\/posts\/15625\/revisions"}],"predecessor-version":[{"id":16124,"href":"https:\/\/www.made-in-meubles.com\/blog\/wp-json\/wp\/v2\/posts\/15625\/revisions\/16124"}],"wp:featuredmedia":[{"embeddable":true,"href":"https:\/\/www.made-in-meubles.com\/blog\/wp-json\/wp\/v2\/media\/16107"}],"wp:attachment":[{"href":"https:\/\/www.made-in-meubles.com\/blog\/wp-json\/wp\/v2\/media?parent=15625"}],"wp:term":[{"taxonomy":"category","embeddable":true,"href":"https:\/\/www.made-in-meubles.com\/blog\/wp-json\/wp\/v2\/categories?post=15625"},{"taxonomy":"post_tag","embeddable":true,"href":"https:\/\/www.made-in-meubles.com\/blog\/wp-json\/wp\/v2\/tags?post=15625"}],"curies":[{"name":"wp","href":"https:\/\/api.w.org\/{rel}","templated":true}]}}