{"id":17842,"date":"2025-10-23T09:46:30","date_gmt":"2025-10-23T07:46:30","guid":{"rendered":"https:\/\/www.made-in-meubles.com\/blog\/?p=17842"},"modified":"2026-04-15T15:05:51","modified_gmt":"2026-04-15T13:05:51","slug":"comment-nettoyer-ses-chaises-de-jardin-nos-conseils-pour-lexterieur","status":"publish","type":"post","link":"https:\/\/www.made-in-meubles.com\/blog\/comment-nettoyer-ses-chaises-de-jardin-nos-conseils-pour-lexterieur\/","title":{"rendered":"Comment nettoyer ses chaises de jardin : Nos conseils pour l&rsquo;ext\u00e9rieur"},"content":{"rendered":"\t\t<div data-elementor-type=\"wp-post\" data-elementor-id=\"17842\" class=\"elementor elementor-17842\">\n\t\t\t\t\t\t\t\t\t<section class=\"elementor-section elementor-top-section elementor-element elementor-element-e633e44 elementor-section-boxed elementor-section-height-default elementor-section-height-default\" data-id=\"e633e44\" data-element_type=\"section\" data-settings=\"{&quot;jet_parallax_layout_list&quot;:[]}\">\n\t\t\t\t\t\t<div class=\"elementor-container elementor-column-gap-default\">\n\t\t\t\t\t<div class=\"elementor-column elementor-col-100 elementor-top-column elementor-element elementor-element-99da7bd\" data-id=\"99da7bd\" data-element_type=\"column\">\n\t\t\t<div class=\"elementor-widget-wrap elementor-element-populated\">\n\t\t\t\t\t\t\t\t<div class=\"elementor-element elementor-element-a00ef9b elementor-widget elementor-widget-text-editor\" data-id=\"a00ef9b\" data-element_type=\"widget\" data-widget_type=\"text-editor.default\">\n\t\t\t\t<div class=\"elementor-widget-container\">\n\t\t\t<style>\/*! elementor - v3.6.5 - 27-04-2022 *\/\n.elementor-widget-text-editor.elementor-drop-cap-view-stacked .elementor-drop-cap{background-color:#818a91;color:#fff}.elementor-widget-text-editor.elementor-drop-cap-view-framed .elementor-drop-cap{color:#818a91;border:3px solid;background-color:transparent}.elementor-widget-text-editor:not(.elementor-drop-cap-view-default) .elementor-drop-cap{margin-top:8px}.elementor-widget-text-editor:not(.elementor-drop-cap-view-default) .elementor-drop-cap-letter{width:1em;height:1em}.elementor-widget-text-editor .elementor-drop-cap{float:left;text-align:center;line-height:1;font-size:50px}.elementor-widget-text-editor .elementor-drop-cap-letter{display:inline-block}<\/style>\t\t\t\t<p><span style=\"font-size: 12pt; letter-spacing: -0.8px; background-color: transparent; font-family: Inter, sans-serif; color: #000000; font-variant-numeric: normal; font-variant-east-asian: normal; font-variant-alternates: normal; font-variant-position: normal; font-variant-emoji: normal; vertical-align: baseline; white-space-collapse: preserve;\">L&rsquo;\u00e9t\u00e9 arrive et vos chaises de jardin reprennent du service. Avant de profiter pleinement de vos repas en plein air, il est essentiel de leur redonner un coup de fra\u00eecheur. Dans cet article, nous allons d\u00e9tailler <\/span><span style=\"font-size: 12pt; letter-spacing: -0.8px; background-color: transparent; font-family: Inter, sans-serif; color: #000000; font-weight: bold; font-variant-numeric: normal; font-variant-east-asian: normal; font-variant-alternates: normal; font-variant-position: normal; font-variant-emoji: normal; vertical-align: baseline; white-space-collapse: preserve;\">comment nettoyer des <a href=\"https:\/\/www.made-in-meubles.com\/produits\/mobilier-de-jardin\/chaise-de-jardin.html\">chaises de jardin<\/a><\/span><span style=\"font-size: 12pt; letter-spacing: -0.8px; background-color: transparent; font-family: Inter, sans-serif; color: #000000; font-variant-numeric: normal; font-variant-east-asian: normal; font-variant-alternates: normal; font-variant-position: normal; font-variant-emoji: normal; vertical-align: baseline; white-space-collapse: preserve;\"> efficacement, en fonction des diff\u00e9rents mat\u00e9riaux utilis\u00e9s.<\/span><\/p>\t\t\t\t\t\t<\/div>\n\t\t\t\t<\/div>\n\t\t\t\t\t<\/div>\n\t\t<\/div>\n\t\t\t\t\t\t\t<\/div>\n\t\t<\/section>\n\t\t\t\t<section class=\"elementor-section elementor-top-section elementor-element elementor-element-7c71c57 elementor-section-boxed elementor-section-height-default elementor-section-height-default\" data-id=\"7c71c57\" data-element_type=\"section\" data-settings=\"{&quot;jet_parallax_layout_list&quot;:[]}\">\n\t\t\t\t\t\t<div class=\"elementor-container elementor-column-gap-default\">\n\t\t\t\t\t<div class=\"elementor-column elementor-col-100 elementor-top-column elementor-element elementor-element-dd3e7dd\" data-id=\"dd3e7dd\" data-element_type=\"column\">\n\t\t\t<div class=\"elementor-widget-wrap elementor-element-populated\">\n\t\t\t\t\t\t\t\t<div class=\"elementor-element elementor-element-247b790 elementor-widget elementor-widget-heading\" data-id=\"247b790\" data-element_type=\"widget\" data-widget_type=\"heading.default\">\n\t\t\t\t<div class=\"elementor-widget-container\">\n\t\t\t<style>\/*! elementor - v3.6.5 - 27-04-2022 *\/\n.elementor-heading-title{padding:0;margin:0;line-height:1}.elementor-widget-heading .elementor-heading-title[class*=elementor-size-]>a{color:inherit;font-size:inherit;line-height:inherit}.elementor-widget-heading .elementor-heading-title.elementor-size-small{font-size:15px}.elementor-widget-heading .elementor-heading-title.elementor-size-medium{font-size:19px}.elementor-widget-heading .elementor-heading-title.elementor-size-large{font-size:29px}.elementor-widget-heading .elementor-heading-title.elementor-size-xl{font-size:39px}.elementor-widget-heading .elementor-heading-title.elementor-size-xxl{font-size:59px}<\/style><h2 class=\"elementor-heading-title elementor-size-default\">Pourquoi nettoyer ses chaises de jardin r\u00e9guli\u00e8rement ?<\/h2>\t\t<\/div>\n\t\t\t\t<\/div>\n\t\t\t\t\t<\/div>\n\t\t<\/div>\n\t\t\t\t\t\t\t<\/div>\n\t\t<\/section>\n\t\t\t\t<section class=\"elementor-section elementor-top-section elementor-element elementor-element-5f4529f elementor-section-boxed elementor-section-height-default elementor-section-height-default\" data-id=\"5f4529f\" data-element_type=\"section\" data-settings=\"{&quot;jet_parallax_layout_list&quot;:[]}\">\n\t\t\t\t\t\t<div class=\"elementor-container elementor-column-gap-default\">\n\t\t\t\t\t<div class=\"elementor-column elementor-col-100 elementor-top-column elementor-element elementor-element-32bef64\" data-id=\"32bef64\" data-element_type=\"column\">\n\t\t\t<div class=\"elementor-widget-wrap elementor-element-populated\">\n\t\t\t\t\t\t\t\t<div class=\"elementor-element elementor-element-05fc48d elementor-widget elementor-widget-text-editor\" data-id=\"05fc48d\" data-element_type=\"widget\" data-widget_type=\"text-editor.default\">\n\t\t\t\t<div class=\"elementor-widget-container\">\n\t\t\t\t\t\t\t<p><span style=\"background-color: transparent; color: #000000; font-family: Inter, sans-serif; font-size: 12pt; white-space-collapse: preserve; letter-spacing: -0.8px;\"><b>Les chaises de jardin<\/b> sont constamment expos\u00e9es aux intemp\u00e9ries, \u00e0 la poussi\u00e8re et aux d\u00e9p\u00f4ts v\u00e9g\u00e9taux. Un nettoyage r\u00e9gulier permet de prolonger leur dur\u00e9e de vie, d\u2019\u00e9viter la prolif\u00e9ration de moisissures et de conserver un espace ext\u00e9rieur propre et agr\u00e9able. Entretenir son mobilier de jardin est donc essentiel pour profiter d\u2019un ext\u00e9rieur esth\u00e9tique tout au long de l\u2019ann\u00e9e.<\/span><\/p>\t\t\t\t\t\t<\/div>\n\t\t\t\t<\/div>\n\t\t\t\t\t<\/div>\n\t\t<\/div>\n\t\t\t\t\t\t\t<\/div>\n\t\t<\/section>\n\t\t\t\t<section class=\"elementor-section elementor-top-section elementor-element elementor-element-a7c6277 elementor-section-boxed elementor-section-height-default elementor-section-height-default\" data-id=\"a7c6277\" data-element_type=\"section\" data-settings=\"{&quot;jet_parallax_layout_list&quot;:[]}\">\n\t\t\t\t\t\t<div class=\"elementor-container elementor-column-gap-default\">\n\t\t\t\t\t<div class=\"elementor-column elementor-col-50 elementor-top-column elementor-element elementor-element-e8ce293\" data-id=\"e8ce293\" data-element_type=\"column\">\n\t\t\t<div class=\"elementor-widget-wrap elementor-element-populated\">\n\t\t\t\t\t\t\t\t<div class=\"elementor-element elementor-element-406fcda elementor-widget elementor-widget-image\" data-id=\"406fcda\" data-element_type=\"widget\" data-widget_type=\"image.default\">\n\t\t\t\t<div class=\"elementor-widget-container\">\n\t\t\t<style>\/*! elementor - v3.6.5 - 27-04-2022 *\/\n.elementor-widget-image{text-align:center}.elementor-widget-image a{display:inline-block}.elementor-widget-image a img[src$=\".svg\"]{width:48px}.elementor-widget-image img{vertical-align:middle;display:inline-block}<\/style>\t\t\t\t\t\t\t\t\t\t\t\t\t<a href=\"https:\/\/www.made-in-meubles.com\/chaise-de-jardin-en-aluminium-gris-fonce-ayden-lot-de-2-lot\">\n\t\t\t\t\t\t\t<img width=\"1024\" height=\"1024\" src=\"https:\/\/www.made-in-meubles.com\/blog\/wp-content\/uploads\/2025\/07\/sus17-tablemanger-amb.webp\" class=\"attachment-large size-large\" alt=\"\" srcset=\"https:\/\/www.made-in-meubles.com\/blog\/wp-content\/uploads\/2025\/07\/sus17-tablemanger-amb.webp 1024w, https:\/\/www.made-in-meubles.com\/blog\/wp-content\/uploads\/2025\/07\/sus17-tablemanger-amb-300x300.webp 300w, https:\/\/www.made-in-meubles.com\/blog\/wp-content\/uploads\/2025\/07\/sus17-tablemanger-amb-150x150.webp 150w, https:\/\/www.made-in-meubles.com\/blog\/wp-content\/uploads\/2025\/07\/sus17-tablemanger-amb-768x768.webp 768w\" sizes=\"(max-width: 1024px) 100vw, 1024px\" \/>\t\t\t\t\t\t\t\t<\/a>\n\t\t\t\t\t\t\t\t\t\t\t\t\t\t\t<\/div>\n\t\t\t\t<\/div>\n\t\t\t\t\t<\/div>\n\t\t<\/div>\n\t\t\t\t<div class=\"elementor-column elementor-col-50 elementor-top-column elementor-element elementor-element-5b54262\" data-id=\"5b54262\" data-element_type=\"column\">\n\t\t\t<div class=\"elementor-widget-wrap elementor-element-populated\">\n\t\t\t\t\t\t\t\t<div class=\"elementor-element elementor-element-05cf646 elementor-widget elementor-widget-image\" data-id=\"05cf646\" data-element_type=\"widget\" data-widget_type=\"image.default\">\n\t\t\t\t<div class=\"elementor-widget-container\">\n\t\t\t\t\t\t\t\t\t\t\t\t\t\t\t\t<a href=\"https:\/\/www.made-in-meubles.com\/chaise-de-jardin-en-aluminium-gris-fonce-ayden-lot-de-2-lot\">\n\t\t\t\t\t\t\t<img width=\"1024\" height=\"1024\" src=\"https:\/\/www.made-in-meubles.com\/blog\/wp-content\/uploads\/2025\/10\/sus02_chais_amb_zoom2.webp\" class=\"attachment-large size-large\" alt=\"\" srcset=\"https:\/\/www.made-in-meubles.com\/blog\/wp-content\/uploads\/2025\/10\/sus02_chais_amb_zoom2.webp 1024w, https:\/\/www.made-in-meubles.com\/blog\/wp-content\/uploads\/2025\/10\/sus02_chais_amb_zoom2-300x300.webp 300w, https:\/\/www.made-in-meubles.com\/blog\/wp-content\/uploads\/2025\/10\/sus02_chais_amb_zoom2-150x150.webp 150w, https:\/\/www.made-in-meubles.com\/blog\/wp-content\/uploads\/2025\/10\/sus02_chais_amb_zoom2-768x768.webp 768w\" sizes=\"(max-width: 1024px) 100vw, 1024px\" \/>\t\t\t\t\t\t\t\t<\/a>\n\t\t\t\t\t\t\t\t\t\t\t\t\t\t\t<\/div>\n\t\t\t\t<\/div>\n\t\t\t\t\t<\/div>\n\t\t<\/div>\n\t\t\t\t\t\t\t<\/div>\n\t\t<\/section>\n\t\t\t\t<section class=\"elementor-section elementor-top-section elementor-element elementor-element-6946dcf elementor-section-boxed elementor-section-height-default elementor-section-height-default\" data-id=\"6946dcf\" data-element_type=\"section\" data-settings=\"{&quot;jet_parallax_layout_list&quot;:[]}\">\n\t\t\t\t\t\t<div class=\"elementor-container elementor-column-gap-default\">\n\t\t\t\t\t<div class=\"elementor-column elementor-col-100 elementor-top-column elementor-element elementor-element-711de53\" data-id=\"711de53\" data-element_type=\"column\">\n\t\t\t<div class=\"elementor-widget-wrap elementor-element-populated\">\n\t\t\t\t\t\t\t\t<div class=\"elementor-element elementor-element-e587a1f elementor-widget elementor-widget-heading\" data-id=\"e587a1f\" data-element_type=\"widget\" data-widget_type=\"heading.default\">\n\t\t\t\t<div class=\"elementor-widget-container\">\n\t\t\t<h2 class=\"elementor-heading-title elementor-size-default\">Comment nettoyer des chaises de jardin en plastique ?<\/h2>\t\t<\/div>\n\t\t\t\t<\/div>\n\t\t\t\t\t<\/div>\n\t\t<\/div>\n\t\t\t\t\t\t\t<\/div>\n\t\t<\/section>\n\t\t\t\t<section class=\"elementor-section elementor-top-section elementor-element elementor-element-3748427 elementor-section-boxed elementor-section-height-default elementor-section-height-default\" data-id=\"3748427\" data-element_type=\"section\" data-settings=\"{&quot;jet_parallax_layout_list&quot;:[]}\">\n\t\t\t\t\t\t<div class=\"elementor-container elementor-column-gap-default\">\n\t\t\t\t\t<div class=\"elementor-column elementor-col-100 elementor-top-column elementor-element elementor-element-238dc90\" data-id=\"238dc90\" data-element_type=\"column\">\n\t\t\t<div class=\"elementor-widget-wrap elementor-element-populated\">\n\t\t\t\t\t\t\t\t<div class=\"elementor-element elementor-element-0945843 elementor-widget elementor-widget-text-editor\" data-id=\"0945843\" data-element_type=\"widget\" data-widget_type=\"text-editor.default\">\n\t\t\t\t<div class=\"elementor-widget-container\">\n\t\t\t\t\t\t\t<p><span style=\"background-color: transparent; color: #000000; font-family: Inter, sans-serif; font-size: 12pt; white-space-collapse: preserve; letter-spacing: -0.8px;\">Le <b>plastique <\/b>est un mat\u00e9riau facile \u00e0 entretenir. Pour nettoyer vos chaises de jardin, commencez par retirer la poussi\u00e8re avec un chiffon ou une brosse douce. Pr\u00e9parez ensuite une solution d\u2019eau ti\u00e8de m\u00e9lang\u00e9e \u00e0 du savon liquide et frottez les surfaces avec une \u00e9ponge ou une brosse douce. Rincez ensuite \u00e0 l\u2019eau claire et laissez s\u00e9cher au soleil. Pour les taches plus tenaces, vous pouvez ajouter un peu de bicarbonate de soude sur l\u2019\u00e9ponge afin de redonner de l\u2019\u00e9clat \u00e0 vos chaises.<\/span><\/p>\t\t\t\t\t\t<\/div>\n\t\t\t\t<\/div>\n\t\t\t\t\t<\/div>\n\t\t<\/div>\n\t\t\t\t\t\t\t<\/div>\n\t\t<\/section>\n\t\t\t\t<section class=\"elementor-section elementor-top-section elementor-element elementor-element-6687db1 elementor-section-boxed elementor-section-height-default elementor-section-height-default\" data-id=\"6687db1\" data-element_type=\"section\" data-settings=\"{&quot;jet_parallax_layout_list&quot;:[]}\">\n\t\t\t\t\t\t<div class=\"elementor-container elementor-column-gap-default\">\n\t\t\t\t\t<div class=\"elementor-column elementor-col-100 elementor-top-column elementor-element elementor-element-a328c27\" data-id=\"a328c27\" data-element_type=\"column\">\n\t\t\t<div class=\"elementor-widget-wrap elementor-element-populated\">\n\t\t\t\t\t\t\t\t<div class=\"elementor-element elementor-element-7d58277 elementor-widget elementor-widget-heading\" data-id=\"7d58277\" data-element_type=\"widget\" data-widget_type=\"heading.default\">\n\t\t\t\t<div class=\"elementor-widget-container\">\n\t\t\t<h2 class=\"elementor-heading-title elementor-size-default\">Comment nettoyer des chaises de jardin en bois ou en rotin ?<\/h2>\t\t<\/div>\n\t\t\t\t<\/div>\n\t\t\t\t\t<\/div>\n\t\t<\/div>\n\t\t\t\t\t\t\t<\/div>\n\t\t<\/section>\n\t\t\t\t<section class=\"elementor-section elementor-top-section elementor-element elementor-element-4301d63 elementor-section-boxed elementor-section-height-default elementor-section-height-default\" data-id=\"4301d63\" data-element_type=\"section\" data-settings=\"{&quot;jet_parallax_layout_list&quot;:[]}\">\n\t\t\t\t\t\t<div class=\"elementor-container elementor-column-gap-default\">\n\t\t\t\t\t<div class=\"elementor-column elementor-col-100 elementor-top-column elementor-element elementor-element-85969db\" data-id=\"85969db\" data-element_type=\"column\">\n\t\t\t<div class=\"elementor-widget-wrap elementor-element-populated\">\n\t\t\t\t\t\t\t\t<div class=\"elementor-element elementor-element-e2c6504 elementor-widget elementor-widget-text-editor\" data-id=\"e2c6504\" data-element_type=\"widget\" data-widget_type=\"text-editor.default\">\n\t\t\t\t<div class=\"elementor-widget-container\">\n\t\t\t\t\t\t\t<p><span style=\"background-color: transparent; color: #000000; font-family: Inter, sans-serif; font-size: 12pt; white-space-collapse: preserve; letter-spacing: -0.8px;\">Entretenir r\u00e9guli\u00e8rement vos<b> chaises de jardin en bois ou en rotin<\/b> est essentiel pour prolonger leur dur\u00e9e de vie et pr\u00e9server leur beaut\u00e9 naturelle. Un simple nettoyage \u00e0 l\u2019eau ti\u00e8de et au savon doux suffit la plupart du temps pour \u00e9liminer les salet\u00e9s et la poussi\u00e8re accumul\u00e9es. Le<b> bois <\/b>m\u00e9rite ensuite une attention particuli\u00e8re : un huilage ou l\u2019application d\u2019un produit protecteur permet de nourrir les fibres et de les prot\u00e9ger des intemp\u00e9ries. Quant au <b>rotin<\/b>, qu\u2019il soit naturel ou synth\u00e9tique, il appr\u00e9cie un nettoyage en douceur, sans exc\u00e8s d\u2019eau, suivi d\u2019un s\u00e9chage \u00e0 l\u2019ombre pour \u00e9viter les d\u00e9formations. En adoptant ces gestes simples, vos chaises conserveront leur \u00e9clat saison apr\u00e8s saison, tout en apportant une touche chaleureuse et authentique \u00e0 votre espace ext\u00e9rieur.<\/span><\/p>\t\t\t\t\t\t<\/div>\n\t\t\t\t<\/div>\n\t\t\t\t\t<\/div>\n\t\t<\/div>\n\t\t\t\t\t\t\t<\/div>\n\t\t<\/section>\n\t\t\t\t<section class=\"elementor-section elementor-top-section elementor-element elementor-element-9de3f7f elementor-section-boxed elementor-section-height-default elementor-section-height-default\" data-id=\"9de3f7f\" data-element_type=\"section\" data-settings=\"{&quot;jet_parallax_layout_list&quot;:[]}\">\n\t\t\t\t\t\t<div class=\"elementor-container elementor-column-gap-default\">\n\t\t\t\t\t<div class=\"elementor-column elementor-col-100 elementor-top-column elementor-element elementor-element-94df95d\" data-id=\"94df95d\" data-element_type=\"column\">\n\t\t\t<div class=\"elementor-widget-wrap elementor-element-populated\">\n\t\t\t\t\t\t\t\t<div class=\"elementor-element elementor-element-3a1f3d4 elementor-widget elementor-widget-image\" data-id=\"3a1f3d4\" data-element_type=\"widget\" data-widget_type=\"image.default\">\n\t\t\t\t<div class=\"elementor-widget-container\">\n\t\t\t\t\t\t\t\t\t\t\t\t\t\t\t\t<a href=\"https:\/\/www.made-in-meubles.com\/p-hara35\">\n\t\t\t\t\t\t\t<img width=\"1024\" height=\"1024\" src=\"https:\/\/www.made-in-meubles.com\/blog\/wp-content\/uploads\/2025\/10\/hara35_salonjardin_fauteuil_amb_v2.webp\" class=\"attachment-large size-large\" alt=\"\" srcset=\"https:\/\/www.made-in-meubles.com\/blog\/wp-content\/uploads\/2025\/10\/hara35_salonjardin_fauteuil_amb_v2.webp 1024w, https:\/\/www.made-in-meubles.com\/blog\/wp-content\/uploads\/2025\/10\/hara35_salonjardin_fauteuil_amb_v2-300x300.webp 300w, https:\/\/www.made-in-meubles.com\/blog\/wp-content\/uploads\/2025\/10\/hara35_salonjardin_fauteuil_amb_v2-150x150.webp 150w, https:\/\/www.made-in-meubles.com\/blog\/wp-content\/uploads\/2025\/10\/hara35_salonjardin_fauteuil_amb_v2-768x768.webp 768w\" sizes=\"(max-width: 1024px) 100vw, 1024px\" \/>\t\t\t\t\t\t\t\t<\/a>\n\t\t\t\t\t\t\t\t\t\t\t\t\t\t\t<\/div>\n\t\t\t\t<\/div>\n\t\t\t\t\t<\/div>\n\t\t<\/div>\n\t\t\t\t\t\t\t<\/div>\n\t\t<\/section>\n\t\t\t\t<section class=\"elementor-section elementor-top-section elementor-element elementor-element-e3bdece elementor-section-boxed elementor-section-height-default elementor-section-height-default\" data-id=\"e3bdece\" data-element_type=\"section\" data-settings=\"{&quot;jet_parallax_layout_list&quot;:[]}\">\n\t\t\t\t\t\t<div class=\"elementor-container elementor-column-gap-default\">\n\t\t\t\t\t<div class=\"elementor-column elementor-col-100 elementor-top-column elementor-element elementor-element-0f81d45\" data-id=\"0f81d45\" data-element_type=\"column\">\n\t\t\t<div class=\"elementor-widget-wrap elementor-element-populated\">\n\t\t\t\t\t\t\t\t<div class=\"elementor-element elementor-element-c290205 elementor-widget elementor-widget-heading\" data-id=\"c290205\" data-element_type=\"widget\" data-widget_type=\"heading.default\">\n\t\t\t\t<div class=\"elementor-widget-container\">\n\t\t\t<h2 class=\"elementor-heading-title elementor-size-default\">Comment nettoyer des chaises en m\u00e9tal ou en aluminium ?<\/h2>\t\t<\/div>\n\t\t\t\t<\/div>\n\t\t\t\t\t<\/div>\n\t\t<\/div>\n\t\t\t\t\t\t\t<\/div>\n\t\t<\/section>\n\t\t\t\t<section class=\"elementor-section elementor-top-section elementor-element elementor-element-460aff5 elementor-section-boxed elementor-section-height-default elementor-section-height-default\" data-id=\"460aff5\" data-element_type=\"section\" data-settings=\"{&quot;jet_parallax_layout_list&quot;:[]}\">\n\t\t\t\t\t\t<div class=\"elementor-container elementor-column-gap-default\">\n\t\t\t\t\t<div class=\"elementor-column elementor-col-100 elementor-top-column elementor-element elementor-element-70d8f32\" data-id=\"70d8f32\" data-element_type=\"column\">\n\t\t\t<div class=\"elementor-widget-wrap elementor-element-populated\">\n\t\t\t\t\t\t\t\t<div class=\"elementor-element elementor-element-1f22c25 elementor-widget elementor-widget-text-editor\" data-id=\"1f22c25\" data-element_type=\"widget\" data-widget_type=\"text-editor.default\">\n\t\t\t\t<div class=\"elementor-widget-container\">\n\t\t\t\t\t\t\t<p><span style=\"background-color: transparent; color: #000000; font-family: Inter, sans-serif; font-size: 12pt; white-space-collapse: preserve; letter-spacing: -0.8px;\">Pour entretenir des <b>chaises en m\u00e9tal ou en aluminium<\/b>, commencez par les d\u00e9poussi\u00e9rer avec un chiffon doux ou une \u00e9ponge humide afin d\u2019\u00e9liminer les salet\u00e9s de surface. Pr\u00e9parez ensuite une solution d\u2019eau ti\u00e8de m\u00e9lang\u00e9e \u00e0 un peu de savon doux ou de liquide vaisselle, puis nettoyez d\u00e9licatement la surface avec une \u00e9ponge non abrasive pour \u00e9viter les rayures. Rincez abondamment \u00e0 l\u2019eau claire et s\u00e9chez imm\u00e9diatement avec un chiffon sec pour pr\u00e9venir les traces d\u2019eau et l\u2019oxydation. Pour raviver<b> l\u2019\u00e9clat de l\u2019aluminium<\/b>, vous pouvez passer un peu de vinaigre blanc ou de jus de citron, puis essuyer. Enfin, si les <b>chaises sont en m\u00e9tal peint<\/b>, v\u00e9rifiez r\u00e9guli\u00e8rement qu\u2019il n\u2019y a pas de rouille, et appliquez une couche de vernis protecteur si n\u00e9cessaire pour prolonger leur dur\u00e9e de vie.<\/span><\/p>\t\t\t\t\t\t<\/div>\n\t\t\t\t<\/div>\n\t\t\t\t\t<\/div>\n\t\t<\/div>\n\t\t\t\t\t\t\t<\/div>\n\t\t<\/section>\n\t\t\t\t<section class=\"elementor-section elementor-top-section elementor-element elementor-element-9fa229e elementor-section-boxed elementor-section-height-default elementor-section-height-default\" data-id=\"9fa229e\" data-element_type=\"section\" data-settings=\"{&quot;jet_parallax_layout_list&quot;:[]}\">\n\t\t\t\t\t\t<div class=\"elementor-container elementor-column-gap-default\">\n\t\t\t\t\t<div class=\"elementor-column elementor-col-50 elementor-top-column elementor-element elementor-element-7608e1e\" data-id=\"7608e1e\" data-element_type=\"column\">\n\t\t\t<div class=\"elementor-widget-wrap elementor-element-populated\">\n\t\t\t\t\t\t\t\t<div class=\"elementor-element elementor-element-b75d116 elementor-widget elementor-widget-image\" data-id=\"b75d116\" data-element_type=\"widget\" data-widget_type=\"image.default\">\n\t\t\t\t<div class=\"elementor-widget-container\">\n\t\t\t\t\t\t\t\t\t\t\t\t\t\t\t\t<a href=\"https:\/\/www.made-in-meubles.com\/chaise-de-jardin-taupe-ilona-lot-de-2-lot\">\n\t\t\t\t\t\t\t<img width=\"1024\" height=\"1024\" src=\"https:\/\/www.made-in-meubles.com\/blog\/wp-content\/uploads\/2025\/10\/lef02-chaise-amb-zoom.webp\" class=\"attachment-large size-large\" alt=\"\" srcset=\"https:\/\/www.made-in-meubles.com\/blog\/wp-content\/uploads\/2025\/10\/lef02-chaise-amb-zoom.webp 1024w, https:\/\/www.made-in-meubles.com\/blog\/wp-content\/uploads\/2025\/10\/lef02-chaise-amb-zoom-300x300.webp 300w, https:\/\/www.made-in-meubles.com\/blog\/wp-content\/uploads\/2025\/10\/lef02-chaise-amb-zoom-150x150.webp 150w, https:\/\/www.made-in-meubles.com\/blog\/wp-content\/uploads\/2025\/10\/lef02-chaise-amb-zoom-768x768.webp 768w\" sizes=\"(max-width: 1024px) 100vw, 1024px\" \/>\t\t\t\t\t\t\t\t<\/a>\n\t\t\t\t\t\t\t\t\t\t\t\t\t\t\t<\/div>\n\t\t\t\t<\/div>\n\t\t\t\t\t<\/div>\n\t\t<\/div>\n\t\t\t\t<div class=\"elementor-column elementor-col-50 elementor-top-column elementor-element elementor-element-97e934f\" data-id=\"97e934f\" data-element_type=\"column\">\n\t\t\t<div class=\"elementor-widget-wrap elementor-element-populated\">\n\t\t\t\t\t\t\t\t<div class=\"elementor-element elementor-element-3fcbca8 elementor-widget elementor-widget-image\" data-id=\"3fcbca8\" data-element_type=\"widget\" data-widget_type=\"image.default\">\n\t\t\t\t<div class=\"elementor-widget-container\">\n\t\t\t\t\t\t\t\t\t\t\t\t\t\t\t\t<a href=\"https:\/\/www.made-in-meubles.com\/chaise-de-jardin-grise-ilona-lot-de-2-lot\">\n\t\t\t\t\t\t\t<img width=\"1024\" height=\"1024\" src=\"https:\/\/www.made-in-meubles.com\/blog\/wp-content\/uploads\/2025\/10\/lef03-chaise-amb-zoom_1.webp\" class=\"attachment-large size-large\" alt=\"\" srcset=\"https:\/\/www.made-in-meubles.com\/blog\/wp-content\/uploads\/2025\/10\/lef03-chaise-amb-zoom_1.webp 1024w, https:\/\/www.made-in-meubles.com\/blog\/wp-content\/uploads\/2025\/10\/lef03-chaise-amb-zoom_1-300x300.webp 300w, https:\/\/www.made-in-meubles.com\/blog\/wp-content\/uploads\/2025\/10\/lef03-chaise-amb-zoom_1-150x150.webp 150w, https:\/\/www.made-in-meubles.com\/blog\/wp-content\/uploads\/2025\/10\/lef03-chaise-amb-zoom_1-768x768.webp 768w\" sizes=\"(max-width: 1024px) 100vw, 1024px\" \/>\t\t\t\t\t\t\t\t<\/a>\n\t\t\t\t\t\t\t\t\t\t\t\t\t\t\t<\/div>\n\t\t\t\t<\/div>\n\t\t\t\t\t<\/div>\n\t\t<\/div>\n\t\t\t\t\t\t\t<\/div>\n\t\t<\/section>\n\t\t\t\t<section class=\"elementor-section elementor-top-section elementor-element elementor-element-edc13ba elementor-section-boxed elementor-section-height-default elementor-section-height-default\" data-id=\"edc13ba\" data-element_type=\"section\" data-settings=\"{&quot;jet_parallax_layout_list&quot;:[]}\">\n\t\t\t\t\t\t<div class=\"elementor-container elementor-column-gap-default\">\n\t\t\t\t\t<div class=\"elementor-column elementor-col-100 elementor-top-column elementor-element elementor-element-2fface4\" data-id=\"2fface4\" data-element_type=\"column\">\n\t\t\t<div class=\"elementor-widget-wrap elementor-element-populated\">\n\t\t\t\t\t\t\t\t<div class=\"elementor-element elementor-element-b7271ce elementor-widget elementor-widget-heading\" data-id=\"b7271ce\" data-element_type=\"widget\" data-widget_type=\"heading.default\">\n\t\t\t\t<div class=\"elementor-widget-container\">\n\t\t\t<h2 class=\"elementor-heading-title elementor-size-default\">Comment nettoyer des chaises avec coussins ou en tissu ?<\/h2>\t\t<\/div>\n\t\t\t\t<\/div>\n\t\t\t\t\t<\/div>\n\t\t<\/div>\n\t\t\t\t\t\t\t<\/div>\n\t\t<\/section>\n\t\t\t\t<section class=\"elementor-section elementor-top-section elementor-element elementor-element-52b19e1 elementor-section-boxed elementor-section-height-default elementor-section-height-default\" data-id=\"52b19e1\" data-element_type=\"section\" data-settings=\"{&quot;jet_parallax_layout_list&quot;:[]}\">\n\t\t\t\t\t\t<div class=\"elementor-container elementor-column-gap-default\">\n\t\t\t\t\t<div class=\"elementor-column elementor-col-100 elementor-top-column elementor-element elementor-element-9c32f8a\" data-id=\"9c32f8a\" data-element_type=\"column\">\n\t\t\t<div class=\"elementor-widget-wrap elementor-element-populated\">\n\t\t\t\t\t\t\t\t<div class=\"elementor-element elementor-element-3503c1f elementor-widget elementor-widget-text-editor\" data-id=\"3503c1f\" data-element_type=\"widget\" data-widget_type=\"text-editor.default\">\n\t\t\t\t<div class=\"elementor-widget-container\">\n\t\t\t\t\t\t\t<p><span style=\"background-color: transparent; color: #000000; font-family: Inter, sans-serif; font-size: 12pt; white-space-collapse: preserve; letter-spacing: -0.8px;\"><b>Les chaises avec coussins ou assises en tissu<\/b> demandent un entretien sp\u00e9cifique. Commencez par aspirer les housses pour enlever poussi\u00e8re et miettes. Lavez les housses selon les instructions du fabricant, que ce soit \u00e0 la main ou en machine. Nettoyez ensuite le cadre de la chaise en utilisant la m\u00e9thode adapt\u00e9e au mat\u00e9riau dont il est compos\u00e9. Cette approche permet de maintenir \u00e0 la fois la propret\u00e9 et le confort de vos assises.<\/span><\/p>\t\t\t\t\t\t<\/div>\n\t\t\t\t<\/div>\n\t\t\t\t\t<\/div>\n\t\t<\/div>\n\t\t\t\t\t\t\t<\/div>\n\t\t<\/section>\n\t\t\t\t<section class=\"elementor-section elementor-top-section elementor-element elementor-element-6f00818 elementor-section-boxed elementor-section-height-default elementor-section-height-default\" data-id=\"6f00818\" data-element_type=\"section\" data-settings=\"{&quot;jet_parallax_layout_list&quot;:[]}\">\n\t\t\t\t\t\t<div class=\"elementor-container elementor-column-gap-default\">\n\t\t\t\t\t<div class=\"elementor-column elementor-col-50 elementor-top-column elementor-element elementor-element-e115897\" data-id=\"e115897\" data-element_type=\"column\">\n\t\t\t<div class=\"elementor-widget-wrap elementor-element-populated\">\n\t\t\t\t\t\t\t\t<div class=\"elementor-element elementor-element-97c6de9 elementor-widget elementor-widget-image\" data-id=\"97c6de9\" data-element_type=\"widget\" data-widget_type=\"image.default\">\n\t\t\t\t<div class=\"elementor-widget-container\">\n\t\t\t\t\t\t\t\t\t\t\t\t\t\t\t\t<a href=\"https:\/\/www.made-in-meubles.com\/salon-de-jardin-en-aluminium-taupe-lorea-p-rien04\">\n\t\t\t\t\t\t\t<img width=\"1024\" height=\"1024\" src=\"https:\/\/www.made-in-meubles.com\/blog\/wp-content\/uploads\/2025\/10\/rien04-jardin-amb-chaise-biais-1024x1024.webp\" class=\"attachment-large size-large\" alt=\"\" srcset=\"https:\/\/www.made-in-meubles.com\/blog\/wp-content\/uploads\/2025\/10\/rien04-jardin-amb-chaise-biais-1024x1024.webp 1024w, https:\/\/www.made-in-meubles.com\/blog\/wp-content\/uploads\/2025\/10\/rien04-jardin-amb-chaise-biais-300x300.webp 300w, https:\/\/www.made-in-meubles.com\/blog\/wp-content\/uploads\/2025\/10\/rien04-jardin-amb-chaise-biais-150x150.webp 150w, https:\/\/www.made-in-meubles.com\/blog\/wp-content\/uploads\/2025\/10\/rien04-jardin-amb-chaise-biais-768x768.webp 768w, https:\/\/www.made-in-meubles.com\/blog\/wp-content\/uploads\/2025\/10\/rien04-jardin-amb-chaise-biais.webp 1200w\" sizes=\"(max-width: 1024px) 100vw, 1024px\" \/>\t\t\t\t\t\t\t\t<\/a>\n\t\t\t\t\t\t\t\t\t\t\t\t\t\t\t<\/div>\n\t\t\t\t<\/div>\n\t\t\t\t\t<\/div>\n\t\t<\/div>\n\t\t\t\t<div class=\"elementor-column elementor-col-50 elementor-top-column elementor-element elementor-element-c157049\" data-id=\"c157049\" data-element_type=\"column\">\n\t\t\t<div class=\"elementor-widget-wrap elementor-element-populated\">\n\t\t\t\t\t\t\t\t<div class=\"elementor-element elementor-element-91a179a elementor-widget elementor-widget-image\" data-id=\"91a179a\" data-element_type=\"widget\" data-widget_type=\"image.default\">\n\t\t\t\t<div class=\"elementor-widget-container\">\n\t\t\t\t\t\t\t\t\t\t\t\t<figure class=\"wp-caption\">\n\t\t\t\t\t\t\t\t\t\t\t<a href=\"https:\/\/www.made-in-meubles.com\/salon-de-jardin-creme-5-places-orion-p-kz04\">\n\t\t\t\t\t\t\t<img width=\"1024\" height=\"1024\" src=\"https:\/\/www.made-in-meubles.com\/blog\/wp-content\/uploads\/2025\/10\/kz04-jardin-amb-zoom1-1-1024x1024.webp\" class=\"attachment-large size-large\" alt=\"\" srcset=\"https:\/\/www.made-in-meubles.com\/blog\/wp-content\/uploads\/2025\/10\/kz04-jardin-amb-zoom1-1-1024x1024.webp 1024w, https:\/\/www.made-in-meubles.com\/blog\/wp-content\/uploads\/2025\/10\/kz04-jardin-amb-zoom1-1-300x300.webp 300w, https:\/\/www.made-in-meubles.com\/blog\/wp-content\/uploads\/2025\/10\/kz04-jardin-amb-zoom1-1-150x150.webp 150w, https:\/\/www.made-in-meubles.com\/blog\/wp-content\/uploads\/2025\/10\/kz04-jardin-amb-zoom1-1-768x768.webp 768w, https:\/\/www.made-in-meubles.com\/blog\/wp-content\/uploads\/2025\/10\/kz04-jardin-amb-zoom1-1.webp 1200w\" sizes=\"(max-width: 1024px) 100vw, 1024px\" \/>\t\t\t\t\t\t\t\t<\/a>\n\t\t\t\t\t\t\t\t\t\t\t<figcaption class=\"widget-image-caption wp-caption-text\"><\/figcaption>\n\t\t\t\t\t\t\t\t\t\t<\/figure>\n\t\t\t\t\t\t\t\t\t<\/div>\n\t\t\t\t<\/div>\n\t\t\t\t\t<\/div>\n\t\t<\/div>\n\t\t\t\t\t\t\t<\/div>\n\t\t<\/section>\n\t\t\t\t<section class=\"elementor-section elementor-top-section elementor-element elementor-element-5fb0475 elementor-section-boxed elementor-section-height-default elementor-section-height-default\" data-id=\"5fb0475\" data-element_type=\"section\" data-settings=\"{&quot;jet_parallax_layout_list&quot;:[]}\">\n\t\t\t\t\t\t<div class=\"elementor-container elementor-column-gap-default\">\n\t\t\t\t\t<div class=\"elementor-column elementor-col-100 elementor-top-column elementor-element elementor-element-f30113e\" data-id=\"f30113e\" data-element_type=\"column\">\n\t\t\t<div class=\"elementor-widget-wrap elementor-element-populated\">\n\t\t\t\t\t\t\t\t<div class=\"elementor-element elementor-element-91db3c7 elementor-widget elementor-widget-heading\" data-id=\"91db3c7\" data-element_type=\"widget\" data-widget_type=\"heading.default\">\n\t\t\t\t<div class=\"elementor-widget-container\">\n\t\t\t<h2 class=\"elementor-heading-title elementor-size-default\">Conseils pour un nettoyage efficace toute l'ann\u00e9e<\/h2>\t\t<\/div>\n\t\t\t\t<\/div>\n\t\t\t\t\t<\/div>\n\t\t<\/div>\n\t\t\t\t\t\t\t<\/div>\n\t\t<\/section>\n\t\t\t\t<section class=\"elementor-section elementor-top-section elementor-element elementor-element-898c8d4 elementor-section-boxed elementor-section-height-default elementor-section-height-default\" data-id=\"898c8d4\" data-element_type=\"section\" data-settings=\"{&quot;jet_parallax_layout_list&quot;:[]}\">\n\t\t\t\t\t\t<div class=\"elementor-container elementor-column-gap-default\">\n\t\t\t\t\t<div class=\"elementor-column elementor-col-100 elementor-top-column elementor-element elementor-element-cd2fd3c\" data-id=\"cd2fd3c\" data-element_type=\"column\">\n\t\t\t<div class=\"elementor-widget-wrap elementor-element-populated\">\n\t\t\t\t\t\t\t\t<div class=\"elementor-element elementor-element-81456b8 elementor-widget elementor-widget-text-editor\" data-id=\"81456b8\" data-element_type=\"widget\" data-widget_type=\"text-editor.default\">\n\t\t\t\t<div class=\"elementor-widget-container\">\n\t\t\t\t\t\t\t<p><span style=\"background-color: transparent; color: #000000; font-family: Inter, sans-serif; font-size: 12pt; white-space-collapse: preserve; letter-spacing: -0.8px;\">Il est recommand\u00e9 de <b>nettoyer vos chaises de jardin<\/b> au moins deux fois par an, id\u00e9alement avant et apr\u00e8s l\u2019\u00e9t\u00e9. \u00c9vitez l\u2019utilisation de produits abrasifs qui pourraient endommager le plastique ou le m\u00e9tal. Pour un nettoyage plus \u00e9cologique et doux, privil\u00e9giez le savon noir ou le vinaigre blanc. Ces gestes simples permettent de maintenir vos chaises propres et en bon \u00e9tat plus longtemps.<\/span><\/p>\t\t\t\t\t\t<\/div>\n\t\t\t\t<\/div>\n\t\t\t\t\t<\/div>\n\t\t<\/div>\n\t\t\t\t\t\t\t<\/div>\n\t\t<\/section>\n\t\t\t\t<section class=\"elementor-section elementor-top-section elementor-element elementor-element-c4d032d elementor-section-boxed elementor-section-height-default elementor-section-height-default\" data-id=\"c4d032d\" data-element_type=\"section\" data-settings=\"{&quot;jet_parallax_layout_list&quot;:[]}\">\n\t\t\t\t\t\t<div class=\"elementor-container elementor-column-gap-default\">\n\t\t\t\t\t<div class=\"elementor-column elementor-col-100 elementor-top-column elementor-element elementor-element-d97f74e\" data-id=\"d97f74e\" data-element_type=\"column\">\n\t\t\t<div class=\"elementor-widget-wrap elementor-element-populated\">\n\t\t\t\t\t\t\t\t<div class=\"elementor-element elementor-element-ea7ac5e elementor-widget elementor-widget-text-editor\" data-id=\"ea7ac5e\" data-element_type=\"widget\" data-widget_type=\"text-editor.default\">\n\t\t\t\t<div class=\"elementor-widget-container\">\n\t\t\t\t\t\t\t<p><span style=\"font-size: 12pt; letter-spacing: -0.8px; background-color: transparent; font-family: Inter, sans-serif; color: #000000; font-variant-numeric: normal; font-variant-east-asian: normal; font-variant-alternates: normal; font-variant-position: normal; font-variant-emoji: normal; vertical-align: baseline; white-space-collapse: preserve;\">Savoir <\/span><span style=\"font-size: 12pt; letter-spacing: -0.8px; background-color: transparent; font-family: Inter, sans-serif; color: #000000; font-variant-numeric: normal; font-variant-east-asian: normal; font-variant-alternates: normal; font-variant-position: normal; font-variant-emoji: normal; vertical-align: baseline; white-space-collapse: preserve; font-weight: bold;\">comment nettoyer chaises de jardin<\/span><span style=\"font-size: 12pt; letter-spacing: -0.8px; background-color: transparent; font-family: Inter, sans-serif; color: #000000; font-variant-numeric: normal; font-variant-east-asian: normal; font-variant-alternates: normal; font-variant-position: normal; font-variant-emoji: normal; vertical-align: baseline; white-space-collapse: preserve;\"> permet de prolonger leur dur\u00e9e de vie tout en conservant un ext\u00e9rieur accueillant. En adaptant les techniques de nettoyage \u00e0 chaque mat\u00e9riau, vos chaises retrouveront leur \u00e9clat et vous pourrez profiter pleinement de vos repas en plein air. Pour entretenir vos salon de jardin en rotin d\u00e9couvrez tous nos conseils dans notre dernier article : <a href=\"https:\/\/www.made-in-meubles.com\/blog\/entretien-salon-de-jardin-en-rotin-nos-conseils-pratiques-et-simples\/\">\u00ab\u00a0Entretien salon de jardin en rotin : nos conseils pratiques et simples\u00a0\u00bb<\/a>.<\/span><\/p>\t\t\t\t\t\t<\/div>\n\t\t\t\t<\/div>\n\t\t\t\t\t<\/div>\n\t\t<\/div>\n\t\t\t\t\t\t\t<\/div>\n\t\t<\/section>\n\t\t\t\t\t\t\t<\/div>\n\t\t","protected":false},"excerpt":{"rendered":"<p>L&rsquo;\u00e9t\u00e9 arrive et vos chaises de jardin reprennent du service. Avant de profiter pleinement de vos repas en plein air, il est essentiel de leur redonner un coup de fra\u00eecheur. Dans cet article, nous allons d\u00e9tailler comment nettoyer des chaises de jardin efficacement, en fonction des diff\u00e9rents mat\u00e9riaux utilis\u00e9s. Pourquoi nettoyer ses chaises de jardin [&hellip;]<\/p>\n","protected":false},"author":32,"featured_media":16108,"comment_status":"open","ping_status":"open","sticky":false,"template":"","format":"standard","meta":[],"categories":[3],"tags":[75],"acf":[],"_links":{"self":[{"href":"https:\/\/www.made-in-meubles.com\/blog\/wp-json\/wp\/v2\/posts\/17842"}],"collection":[{"href":"https:\/\/www.made-in-meubles.com\/blog\/wp-json\/wp\/v2\/posts"}],"about":[{"href":"https:\/\/www.made-in-meubles.com\/blog\/wp-json\/wp\/v2\/types\/post"}],"author":[{"embeddable":true,"href":"https:\/\/www.made-in-meubles.com\/blog\/wp-json\/wp\/v2\/users\/32"}],"replies":[{"embeddable":true,"href":"https:\/\/www.made-in-meubles.com\/blog\/wp-json\/wp\/v2\/comments?post=17842"}],"version-history":[{"count":15,"href":"https:\/\/www.made-in-meubles.com\/blog\/wp-json\/wp\/v2\/posts\/17842\/revisions"}],"predecessor-version":[{"id":18747,"href":"https:\/\/www.made-in-meubles.com\/blog\/wp-json\/wp\/v2\/posts\/17842\/revisions\/18747"}],"wp:featuredmedia":[{"embeddable":true,"href":"https:\/\/www.made-in-meubles.com\/blog\/wp-json\/wp\/v2\/media\/16108"}],"wp:attachment":[{"href":"https:\/\/www.made-in-meubles.com\/blog\/wp-json\/wp\/v2\/media?parent=17842"}],"wp:term":[{"taxonomy":"category","embeddable":true,"href":"https:\/\/www.made-in-meubles.com\/blog\/wp-json\/wp\/v2\/categories?post=17842"},{"taxonomy":"post_tag","embeddable":true,"href":"https:\/\/www.made-in-meubles.com\/blog\/wp-json\/wp\/v2\/tags?post=17842"}],"curies":[{"name":"wp","href":"https:\/\/api.w.org\/{rel}","templated":true}]}}