{"id":17986,"date":"2025-11-20T11:15:18","date_gmt":"2025-11-20T10:15:18","guid":{"rendered":"https:\/\/www.made-in-meubles.com\/blog\/?p=17986"},"modified":"2026-01-22T12:32:42","modified_gmt":"2026-01-22T11:32:42","slug":"quels-sont-les-avantages-dun-salon-de-jardin-en-aluminium","status":"publish","type":"post","link":"https:\/\/www.made-in-meubles.com\/blog\/quels-sont-les-avantages-dun-salon-de-jardin-en-aluminium\/","title":{"rendered":"Quels sont les avantages d&rsquo;un salon de jardin en aluminium ?"},"content":{"rendered":"\t\t<div data-elementor-type=\"wp-post\" data-elementor-id=\"17986\" class=\"elementor elementor-17986\">\n\t\t\t\t\t\t\t\t\t<section class=\"elementor-section elementor-top-section elementor-element elementor-element-093e7b4 elementor-section-boxed elementor-section-height-default elementor-section-height-default\" data-id=\"093e7b4\" data-element_type=\"section\" data-settings=\"{&quot;jet_parallax_layout_list&quot;:[]}\">\n\t\t\t\t\t\t<div class=\"elementor-container elementor-column-gap-default\">\n\t\t\t\t\t<div class=\"elementor-column elementor-col-100 elementor-top-column elementor-element elementor-element-44009e9\" data-id=\"44009e9\" data-element_type=\"column\">\n\t\t\t<div class=\"elementor-widget-wrap elementor-element-populated\">\n\t\t\t\t\t\t\t\t<div class=\"elementor-element elementor-element-045a569 elementor-widget elementor-widget-text-editor\" data-id=\"045a569\" data-element_type=\"widget\" data-widget_type=\"text-editor.default\">\n\t\t\t\t<div class=\"elementor-widget-container\">\n\t\t\t<style>\/*! elementor - v3.6.5 - 27-04-2022 *\/\n.elementor-widget-text-editor.elementor-drop-cap-view-stacked .elementor-drop-cap{background-color:#818a91;color:#fff}.elementor-widget-text-editor.elementor-drop-cap-view-framed .elementor-drop-cap{color:#818a91;border:3px solid;background-color:transparent}.elementor-widget-text-editor:not(.elementor-drop-cap-view-default) .elementor-drop-cap{margin-top:8px}.elementor-widget-text-editor:not(.elementor-drop-cap-view-default) .elementor-drop-cap-letter{width:1em;height:1em}.elementor-widget-text-editor .elementor-drop-cap{float:left;text-align:center;line-height:1;font-size:50px}.elementor-widget-text-editor .elementor-drop-cap-letter{display:inline-block}<\/style>\t\t\t\t<p><span style=\"font-size: 12pt; letter-spacing: -0.8px; background-color: transparent; font-family: Inter, sans-serif; color: #000000; font-variant-numeric: normal; font-variant-east-asian: normal; font-variant-alternates: normal; font-variant-position: normal; font-variant-emoji: normal; vertical-align: baseline; white-space-collapse: preserve;\">Lorsqu\u2019on souhaite am\u00e9nager un espace ext\u00e9rieur \u00e0 la fois \u00e9l\u00e9gant, durable et facile \u00e0 vivre, le choix du mat\u00e9riau est d\u00e9terminant. Parmi les options les plus populaires aujourd\u2019hui, le <\/span><span style=\"letter-spacing: -0.8px; background-color: transparent; font-size: 13pt; font-family: Inter, sans-serif; color: #000000; font-weight: bold; font-variant-numeric: normal; font-variant-east-asian: normal; font-variant-alternates: normal; font-variant-position: normal; font-variant-emoji: normal; vertical-align: baseline; white-space-collapse: preserve;\">salon de jardin en aluminium <\/span><span style=\"font-size: 12pt; letter-spacing: -0.8px; background-color: transparent; font-family: Inter, sans-serif; color: #000000; font-variant-numeric: normal; font-variant-east-asian: normal; font-variant-alternates: normal; font-variant-position: normal; font-variant-emoji: normal; vertical-align: baseline; white-space-collapse: preserve;\">s\u2019impose comme une v\u00e9ritable r\u00e9f\u00e9rence. Modernes, l\u00e9gers, r\u00e9sistants aux intemp\u00e9ries et faciles d\u2019entretien, ces meubles ont conquis aussi bien les particuliers que les d\u00e9corateurs \u00e0 la recherche de solutions fiables et esth\u00e9tiques. Mais quels sont r\u00e9ellement les avantages de l\u2019aluminium pour un <a href=\"https:\/\/www.made-in-meubles.com\/produits\/mobilier-de-jardin\/salon-de-jardin.html\">salon de jardin <\/a>? Voici un tour d\u2019horizon complet pour vous aider \u00e0 faire un choix \u00e9clair\u00e9.<\/span><\/p>\t\t\t\t\t\t<\/div>\n\t\t\t\t<\/div>\n\t\t\t\t\t<\/div>\n\t\t<\/div>\n\t\t\t\t\t\t\t<\/div>\n\t\t<\/section>\n\t\t\t\t<section class=\"elementor-section elementor-top-section elementor-element elementor-element-16005e6 elementor-section-boxed elementor-section-height-default elementor-section-height-default\" data-id=\"16005e6\" data-element_type=\"section\" data-settings=\"{&quot;jet_parallax_layout_list&quot;:[]}\">\n\t\t\t\t\t\t<div class=\"elementor-container elementor-column-gap-default\">\n\t\t\t\t\t<div class=\"elementor-column elementor-col-100 elementor-top-column elementor-element elementor-element-ff03663\" data-id=\"ff03663\" data-element_type=\"column\">\n\t\t\t<div class=\"elementor-widget-wrap elementor-element-populated\">\n\t\t\t\t\t\t\t\t<div class=\"elementor-element elementor-element-d040007 elementor-widget elementor-widget-heading\" data-id=\"d040007\" data-element_type=\"widget\" data-widget_type=\"heading.default\">\n\t\t\t\t<div class=\"elementor-widget-container\">\n\t\t\t<style>\/*! elementor - v3.6.5 - 27-04-2022 *\/\n.elementor-heading-title{padding:0;margin:0;line-height:1}.elementor-widget-heading .elementor-heading-title[class*=elementor-size-]>a{color:inherit;font-size:inherit;line-height:inherit}.elementor-widget-heading .elementor-heading-title.elementor-size-small{font-size:15px}.elementor-widget-heading .elementor-heading-title.elementor-size-medium{font-size:19px}.elementor-widget-heading .elementor-heading-title.elementor-size-large{font-size:29px}.elementor-widget-heading .elementor-heading-title.elementor-size-xl{font-size:39px}.elementor-widget-heading .elementor-heading-title.elementor-size-xxl{font-size:59px}<\/style><h2 class=\"elementor-heading-title elementor-size-default\">Salon de jardin en aluminium : Un design moderne et polyvalent<\/h2>\t\t<\/div>\n\t\t\t\t<\/div>\n\t\t\t\t\t<\/div>\n\t\t<\/div>\n\t\t\t\t\t\t\t<\/div>\n\t\t<\/section>\n\t\t\t\t<section class=\"elementor-section elementor-top-section elementor-element elementor-element-e57d8b0 elementor-section-boxed elementor-section-height-default elementor-section-height-default\" data-id=\"e57d8b0\" data-element_type=\"section\" data-settings=\"{&quot;jet_parallax_layout_list&quot;:[]}\">\n\t\t\t\t\t\t<div class=\"elementor-container elementor-column-gap-default\">\n\t\t\t\t\t<div class=\"elementor-column elementor-col-100 elementor-top-column elementor-element elementor-element-5595597\" data-id=\"5595597\" data-element_type=\"column\">\n\t\t\t<div class=\"elementor-widget-wrap elementor-element-populated\">\n\t\t\t\t\t\t\t\t<div class=\"elementor-element elementor-element-1c844d5 elementor-widget elementor-widget-text-editor\" data-id=\"1c844d5\" data-element_type=\"widget\" data-widget_type=\"text-editor.default\">\n\t\t\t\t<div class=\"elementor-widget-container\">\n\t\t\t\t\t\t\t<p><span style=\"background-color: transparent; color: #000000; font-family: Inter, sans-serif; font-size: 12pt; white-space-collapse: preserve; letter-spacing: -0.8px;\">Le premier atout du salon de jardin (chaises, <a href=\"https:\/\/www.made-in-meubles.com\/produits\/mobilier-de-jardin\/table-de-jardin.html\">tables<\/a>, assises&#8230;) en aluminium est sans aucun doute son esth\u00e9tique. L\u2019aluminium permet une grande libert\u00e9 dans les formes et les finitions, ce qui ouvre la porte \u00e0 des styles tr\u00e8s vari\u00e9s : lignes \u00e9pur\u00e9es, courbes douces, structures fines ou plus affirm\u00e9es. Les fabricants peuvent proposer des collections modernes, contemporaines, industrielles ou m\u00eame minimalistes.<\/span><\/p>\t\t\t\t\t\t<\/div>\n\t\t\t\t<\/div>\n\t\t\t\t\t<\/div>\n\t\t<\/div>\n\t\t\t\t\t\t\t<\/div>\n\t\t<\/section>\n\t\t\t\t<section class=\"elementor-section elementor-top-section elementor-element elementor-element-c91bc30 elementor-section-boxed elementor-section-height-default elementor-section-height-default\" data-id=\"c91bc30\" data-element_type=\"section\" data-settings=\"{&quot;jet_parallax_layout_list&quot;:[]}\">\n\t\t\t\t\t\t<div class=\"elementor-container elementor-column-gap-default\">\n\t\t\t\t\t<div class=\"elementor-column elementor-col-50 elementor-top-column elementor-element elementor-element-6a11017\" data-id=\"6a11017\" data-element_type=\"column\">\n\t\t\t<div class=\"elementor-widget-wrap elementor-element-populated\">\n\t\t\t\t\t\t\t\t<div class=\"elementor-element elementor-element-3daaf37 elementor-widget elementor-widget-image\" data-id=\"3daaf37\" data-element_type=\"widget\" data-widget_type=\"image.default\">\n\t\t\t\t<div class=\"elementor-widget-container\">\n\t\t\t<style>\/*! elementor - v3.6.5 - 27-04-2022 *\/\n.elementor-widget-image{text-align:center}.elementor-widget-image a{display:inline-block}.elementor-widget-image a img[src$=\".svg\"]{width:48px}.elementor-widget-image img{vertical-align:middle;display:inline-block}<\/style>\t\t\t\t\t\t\t\t\t\t\t\t\t<a href=\"https:\/\/www.made-in-meubles.com\/salon-de-jardin-en-aluminium-taupe-lorea-p-rien04\">\n\t\t\t\t\t\t\t<img width=\"1024\" height=\"1024\" src=\"https:\/\/www.made-in-meubles.com\/blog\/wp-content\/uploads\/2025\/02\/rien04-jardin-amb-ensemble-face-1024x1024.webp\" class=\"attachment-large size-large\" alt=\"\" srcset=\"https:\/\/www.made-in-meubles.com\/blog\/wp-content\/uploads\/2025\/02\/rien04-jardin-amb-ensemble-face-1024x1024.webp 1024w, https:\/\/www.made-in-meubles.com\/blog\/wp-content\/uploads\/2025\/02\/rien04-jardin-amb-ensemble-face-300x300.webp 300w, https:\/\/www.made-in-meubles.com\/blog\/wp-content\/uploads\/2025\/02\/rien04-jardin-amb-ensemble-face-150x150.webp 150w, https:\/\/www.made-in-meubles.com\/blog\/wp-content\/uploads\/2025\/02\/rien04-jardin-amb-ensemble-face-768x768.webp 768w, https:\/\/www.made-in-meubles.com\/blog\/wp-content\/uploads\/2025\/02\/rien04-jardin-amb-ensemble-face.webp 1200w\" sizes=\"(max-width: 1024px) 100vw, 1024px\" \/>\t\t\t\t\t\t\t\t<\/a>\n\t\t\t\t\t\t\t\t\t\t\t\t\t\t\t<\/div>\n\t\t\t\t<\/div>\n\t\t\t\t\t<\/div>\n\t\t<\/div>\n\t\t\t\t<div class=\"elementor-column elementor-col-50 elementor-top-column elementor-element elementor-element-67471d8\" data-id=\"67471d8\" data-element_type=\"column\">\n\t\t\t<div class=\"elementor-widget-wrap elementor-element-populated\">\n\t\t\t\t\t\t\t\t<div class=\"elementor-element elementor-element-d213203 elementor-widget elementor-widget-image\" data-id=\"d213203\" data-element_type=\"widget\" data-widget_type=\"image.default\">\n\t\t\t\t<div class=\"elementor-widget-container\">\n\t\t\t\t\t\t\t\t\t\t\t\t\t\t\t<img width=\"1024\" height=\"1024\" src=\"https:\/\/www.made-in-meubles.com\/blog\/wp-content\/uploads\/2025\/10\/rien04-jardin-amb-chaise-biais-1024x1024.webp\" class=\"attachment-large size-large\" alt=\"\" srcset=\"https:\/\/www.made-in-meubles.com\/blog\/wp-content\/uploads\/2025\/10\/rien04-jardin-amb-chaise-biais-1024x1024.webp 1024w, https:\/\/www.made-in-meubles.com\/blog\/wp-content\/uploads\/2025\/10\/rien04-jardin-amb-chaise-biais-300x300.webp 300w, https:\/\/www.made-in-meubles.com\/blog\/wp-content\/uploads\/2025\/10\/rien04-jardin-amb-chaise-biais-150x150.webp 150w, https:\/\/www.made-in-meubles.com\/blog\/wp-content\/uploads\/2025\/10\/rien04-jardin-amb-chaise-biais-768x768.webp 768w, https:\/\/www.made-in-meubles.com\/blog\/wp-content\/uploads\/2025\/10\/rien04-jardin-amb-chaise-biais.webp 1200w\" sizes=\"(max-width: 1024px) 100vw, 1024px\" \/>\t\t\t\t\t\t\t\t\t\t\t\t\t\t\t<\/div>\n\t\t\t\t<\/div>\n\t\t\t\t\t<\/div>\n\t\t<\/div>\n\t\t\t\t\t\t\t<\/div>\n\t\t<\/section>\n\t\t\t\t<section class=\"elementor-section elementor-top-section elementor-element elementor-element-4985bb5 elementor-section-boxed elementor-section-height-default elementor-section-height-default\" data-id=\"4985bb5\" data-element_type=\"section\" data-settings=\"{&quot;jet_parallax_layout_list&quot;:[]}\">\n\t\t\t\t\t\t<div class=\"elementor-container elementor-column-gap-default\">\n\t\t\t\t\t<div class=\"elementor-column elementor-col-100 elementor-top-column elementor-element elementor-element-da89642\" data-id=\"da89642\" data-element_type=\"column\">\n\t\t\t<div class=\"elementor-widget-wrap elementor-element-populated\">\n\t\t\t\t\t\t\t\t<div class=\"elementor-element elementor-element-a19f266 elementor-widget elementor-widget-text-editor\" data-id=\"a19f266\" data-element_type=\"widget\" data-widget_type=\"text-editor.default\">\n\t\t\t\t<div class=\"elementor-widget-container\">\n\t\t\t\t\t\t\t<p><span style=\"background-color: transparent; color: #000000; font-family: Inter, sans-serif; font-size: 12pt; white-space-collapse: preserve; letter-spacing: -0.8px;\">L\u2019aluminium est \u00e9galement tr\u00e8s facilement personnalisable. On le trouve dans une large palette de couleurs gr\u00e2ce \u00e0 la technique de peinture \u00e9poxy ou de thermolaquage. Ces traitements offrent des teintes durables et r\u00e9sistantes, id\u00e9ales pour cr\u00e9er une ambiance en harmonie avec votre jardin, votre terrasse ou votre balcon. Ainsi, que vous soyez un particulier en qu\u00eate d\u2019un design \u00e9l\u00e9gant ou un d\u00e9corateur cherchant \u00e0 cr\u00e9er une ambiance unique, l\u2019aluminium r\u00e9pond parfaitement aux exigences esth\u00e9tiques actuelles.<\/span><\/p>\t\t\t\t\t\t<\/div>\n\t\t\t\t<\/div>\n\t\t\t\t\t<\/div>\n\t\t<\/div>\n\t\t\t\t\t\t\t<\/div>\n\t\t<\/section>\n\t\t\t\t<section class=\"elementor-section elementor-top-section elementor-element elementor-element-1f099a7 elementor-section-boxed elementor-section-height-default elementor-section-height-default\" data-id=\"1f099a7\" data-element_type=\"section\" data-settings=\"{&quot;jet_parallax_layout_list&quot;:[]}\">\n\t\t\t\t\t\t<div class=\"elementor-container elementor-column-gap-default\">\n\t\t\t\t\t<div class=\"elementor-column elementor-col-100 elementor-top-column elementor-element elementor-element-1444ebc\" data-id=\"1444ebc\" data-element_type=\"column\">\n\t\t\t<div class=\"elementor-widget-wrap elementor-element-populated\">\n\t\t\t\t\t\t\t\t<div class=\"elementor-element elementor-element-70d16af elementor-widget elementor-widget-heading\" data-id=\"70d16af\" data-element_type=\"widget\" data-widget_type=\"heading.default\">\n\t\t\t\t<div class=\"elementor-widget-container\">\n\t\t\t<h2 class=\"elementor-heading-title elementor-size-default\">Les avantages du salon de jardin en aluminium : Une r\u00e9sistance remarquable au intemp\u00e9ries<\/h2>\t\t<\/div>\n\t\t\t\t<\/div>\n\t\t\t\t\t<\/div>\n\t\t<\/div>\n\t\t\t\t\t\t\t<\/div>\n\t\t<\/section>\n\t\t\t\t<section class=\"elementor-section elementor-top-section elementor-element elementor-element-97653c6 elementor-section-boxed elementor-section-height-default elementor-section-height-default\" data-id=\"97653c6\" data-element_type=\"section\" data-settings=\"{&quot;jet_parallax_layout_list&quot;:[]}\">\n\t\t\t\t\t\t<div class=\"elementor-container elementor-column-gap-default\">\n\t\t\t\t\t<div class=\"elementor-column elementor-col-100 elementor-top-column elementor-element elementor-element-5daee19\" data-id=\"5daee19\" data-element_type=\"column\">\n\t\t\t<div class=\"elementor-widget-wrap elementor-element-populated\">\n\t\t\t\t\t\t\t\t<div class=\"elementor-element elementor-element-132513b elementor-widget elementor-widget-text-editor\" data-id=\"132513b\" data-element_type=\"widget\" data-widget_type=\"text-editor.default\">\n\t\t\t\t<div class=\"elementor-widget-container\">\n\t\t\t\t\t\t\t<p><span style=\"font-size: 12pt; letter-spacing: -0.8px; background-color: transparent; font-family: Inter, sans-serif; color: rgb(0, 0, 0); font-variant-numeric: normal; font-variant-east-asian: normal; font-variant-alternates: normal; font-variant-position: normal; font-variant-emoji: normal; vertical-align: baseline; white-space-collapse: preserve;\">Un salon de jardin est destin\u00e9 \u00e0 vivre en ext\u00e9rieur et doit donc affronter soleil, pluie, humidit\u00e9, gel et variations de temp\u00e9rature. C\u2019est sur ce point que l\u2019aluminium excelle. Contrairement au fer qui peut rouiller ou au bois qui peut se d\u00e9grader, l\u2019aluminium est<\/span><span style=\"font-size: 12pt; letter-spacing: -0.8px; background-color: transparent; font-family: Inter, sans-serif; color: rgb(0, 0, 0); font-weight: 700; font-variant-numeric: normal; font-variant-east-asian: normal; font-variant-alternates: normal; font-variant-position: normal; font-variant-emoji: normal; vertical-align: baseline; white-space-collapse: preserve;\"> naturellement insensible \u00e0 la corrosion<\/span><span style=\"font-size: 12pt; letter-spacing: -0.8px; background-color: transparent; font-family: Inter, sans-serif; color: rgb(0, 0, 0); font-variant-numeric: normal; font-variant-east-asian: normal; font-variant-alternates: normal; font-variant-position: normal; font-variant-emoji: normal; vertical-align: baseline; white-space-collapse: preserve;\">. Il ne craint ni l\u2019humidit\u00e9 ni les UV et ne se d\u00e9forme pas avec le temps.<\/span><\/p>\t\t\t\t\t\t<\/div>\n\t\t\t\t<\/div>\n\t\t\t\t\t<\/div>\n\t\t<\/div>\n\t\t\t\t\t\t\t<\/div>\n\t\t<\/section>\n\t\t\t\t<section class=\"elementor-section elementor-top-section elementor-element elementor-element-898c29f elementor-section-boxed elementor-section-height-default elementor-section-height-default\" data-id=\"898c29f\" data-element_type=\"section\" data-settings=\"{&quot;jet_parallax_layout_list&quot;:[]}\">\n\t\t\t\t\t\t<div class=\"elementor-container elementor-column-gap-default\">\n\t\t\t\t\t<div class=\"elementor-column elementor-col-50 elementor-top-column elementor-element elementor-element-03daa15\" data-id=\"03daa15\" data-element_type=\"column\">\n\t\t\t<div class=\"elementor-widget-wrap elementor-element-populated\">\n\t\t\t\t\t\t\t\t<div class=\"elementor-element elementor-element-139a344 elementor-widget elementor-widget-image\" data-id=\"139a344\" data-element_type=\"widget\" data-widget_type=\"image.default\">\n\t\t\t\t<div class=\"elementor-widget-container\">\n\t\t\t\t\t\t\t\t\t\t\t\t\t\t\t\t<a href=\"https:\/\/www.made-in-meubles.com\/table-de-jardin-carree-en-aluminium-gris-kaia-p-sus05\">\n\t\t\t\t\t\t\t<img width=\"1024\" height=\"1024\" src=\"https:\/\/www.made-in-meubles.com\/blog\/wp-content\/uploads\/2025\/02\/sus02_chais_amb.webp\" class=\"attachment-large size-large\" alt=\"\" srcset=\"https:\/\/www.made-in-meubles.com\/blog\/wp-content\/uploads\/2025\/02\/sus02_chais_amb.webp 1024w, https:\/\/www.made-in-meubles.com\/blog\/wp-content\/uploads\/2025\/02\/sus02_chais_amb-300x300.webp 300w, https:\/\/www.made-in-meubles.com\/blog\/wp-content\/uploads\/2025\/02\/sus02_chais_amb-150x150.webp 150w, https:\/\/www.made-in-meubles.com\/blog\/wp-content\/uploads\/2025\/02\/sus02_chais_amb-768x768.webp 768w\" sizes=\"(max-width: 1024px) 100vw, 1024px\" \/>\t\t\t\t\t\t\t\t<\/a>\n\t\t\t\t\t\t\t\t\t\t\t\t\t\t\t<\/div>\n\t\t\t\t<\/div>\n\t\t\t\t\t<\/div>\n\t\t<\/div>\n\t\t\t\t<div class=\"elementor-column elementor-col-50 elementor-top-column elementor-element elementor-element-3c8ac36\" data-id=\"3c8ac36\" data-element_type=\"column\">\n\t\t\t<div class=\"elementor-widget-wrap elementor-element-populated\">\n\t\t\t\t\t\t\t\t<div class=\"elementor-element elementor-element-36c8e06 elementor-widget elementor-widget-image\" data-id=\"36c8e06\" data-element_type=\"widget\" data-widget_type=\"image.default\">\n\t\t\t\t<div class=\"elementor-widget-container\">\n\t\t\t\t\t\t\t\t\t\t\t\t\t\t\t\t<a href=\"https:\/\/www.made-in-meubles.com\/chaise-de-jardin-en-aluminium-gris-fonce-ayden-lot-de-2-lot\">\n\t\t\t\t\t\t\t<img width=\"1024\" height=\"1024\" src=\"https:\/\/www.made-in-meubles.com\/blog\/wp-content\/uploads\/2025\/10\/sus02_chais_amb_zoom2.webp\" class=\"attachment-large size-large\" alt=\"\" srcset=\"https:\/\/www.made-in-meubles.com\/blog\/wp-content\/uploads\/2025\/10\/sus02_chais_amb_zoom2.webp 1024w, https:\/\/www.made-in-meubles.com\/blog\/wp-content\/uploads\/2025\/10\/sus02_chais_amb_zoom2-300x300.webp 300w, https:\/\/www.made-in-meubles.com\/blog\/wp-content\/uploads\/2025\/10\/sus02_chais_amb_zoom2-150x150.webp 150w, https:\/\/www.made-in-meubles.com\/blog\/wp-content\/uploads\/2025\/10\/sus02_chais_amb_zoom2-768x768.webp 768w\" sizes=\"(max-width: 1024px) 100vw, 1024px\" \/>\t\t\t\t\t\t\t\t<\/a>\n\t\t\t\t\t\t\t\t\t\t\t\t\t\t\t<\/div>\n\t\t\t\t<\/div>\n\t\t\t\t\t<\/div>\n\t\t<\/div>\n\t\t\t\t\t\t\t<\/div>\n\t\t<\/section>\n\t\t\t\t<section class=\"elementor-section elementor-top-section elementor-element elementor-element-e67cfa0 elementor-section-boxed elementor-section-height-default elementor-section-height-default\" data-id=\"e67cfa0\" data-element_type=\"section\" data-settings=\"{&quot;jet_parallax_layout_list&quot;:[]}\">\n\t\t\t\t\t\t<div class=\"elementor-container elementor-column-gap-default\">\n\t\t\t\t\t<div class=\"elementor-column elementor-col-100 elementor-top-column elementor-element elementor-element-431bd14\" data-id=\"431bd14\" data-element_type=\"column\">\n\t\t\t<div class=\"elementor-widget-wrap elementor-element-populated\">\n\t\t\t\t\t\t\t\t<div class=\"elementor-element elementor-element-2242110 elementor-widget elementor-widget-text-editor\" data-id=\"2242110\" data-element_type=\"widget\" data-widget_type=\"text-editor.default\">\n\t\t\t\t<div class=\"elementor-widget-container\">\n\t\t\t\t\t\t\t<p><span style=\"font-size: 12pt; letter-spacing: -0.8px; background-color: transparent; font-family: Inter, sans-serif; color: rgb(0, 0, 0); font-variant-numeric: normal; font-variant-east-asian: normal; font-variant-alternates: normal; font-variant-position: normal; font-variant-emoji: normal; vertical-align: baseline; white-space-collapse: preserve;\">Les traitements appliqu\u00e9s sur l\u2019aluminium renforcent encore davantage cette r\u00e9sistance. Le thermolaquage, par exemple, prot\u00e8ge la surface contre les rayures et les chocs tout en lui offrant une finition esth\u00e9tique. R\u00e9sultat : un salon de jardin en aluminium conserve sa beaut\u00e9 et son int\u00e9grit\u00e9 pendant de nombreuses ann\u00e9es, m\u00eame dans des conditions climatiques difficiles. Pour les propri\u00e9taires de jardin ou de terrasse, c\u2019est l\u2019assurance d\u2019un investissement durable et serein<\/span><span style=\"letter-spacing: -0.8px; background-color: transparent; font-size: 11pt; font-family: Arial, sans-serif; color: rgb(0, 0, 0); font-variant-numeric: normal; font-variant-east-asian: normal; font-variant-alternates: normal; font-variant-position: normal; font-variant-emoji: normal; vertical-align: baseline; white-space-collapse: preserve;\">.<\/span><\/p>\t\t\t\t\t\t<\/div>\n\t\t\t\t<\/div>\n\t\t\t\t\t<\/div>\n\t\t<\/div>\n\t\t\t\t\t\t\t<\/div>\n\t\t<\/section>\n\t\t\t\t<section class=\"elementor-section elementor-top-section elementor-element elementor-element-f00dfa0 elementor-section-boxed elementor-section-height-default elementor-section-height-default\" data-id=\"f00dfa0\" data-element_type=\"section\" data-settings=\"{&quot;jet_parallax_layout_list&quot;:[]}\">\n\t\t\t\t\t\t<div class=\"elementor-container elementor-column-gap-default\">\n\t\t\t\t\t<div class=\"elementor-column elementor-col-100 elementor-top-column elementor-element elementor-element-11821dc\" data-id=\"11821dc\" data-element_type=\"column\">\n\t\t\t<div class=\"elementor-widget-wrap elementor-element-populated\">\n\t\t\t\t\t\t\t\t<div class=\"elementor-element elementor-element-7e4c1b3 elementor-widget elementor-widget-heading\" data-id=\"7e4c1b3\" data-element_type=\"widget\" data-widget_type=\"heading.default\">\n\t\t\t\t<div class=\"elementor-widget-container\">\n\t\t\t<h2 class=\"elementor-heading-title elementor-size-default\">Un mat\u00e9riau l\u00e9ger et facile \u00e0 manipuler pour un salin de jardin<\/h2>\t\t<\/div>\n\t\t\t\t<\/div>\n\t\t\t\t\t<\/div>\n\t\t<\/div>\n\t\t\t\t\t\t\t<\/div>\n\t\t<\/section>\n\t\t\t\t<section class=\"elementor-section elementor-top-section elementor-element elementor-element-30f7765 elementor-section-boxed elementor-section-height-default elementor-section-height-default\" data-id=\"30f7765\" data-element_type=\"section\" data-settings=\"{&quot;jet_parallax_layout_list&quot;:[]}\">\n\t\t\t\t\t\t<div class=\"elementor-container elementor-column-gap-default\">\n\t\t\t\t\t<div class=\"elementor-column elementor-col-100 elementor-top-column elementor-element elementor-element-53ef0e0\" data-id=\"53ef0e0\" data-element_type=\"column\">\n\t\t\t<div class=\"elementor-widget-wrap elementor-element-populated\">\n\t\t\t\t\t\t\t\t<div class=\"elementor-element elementor-element-288f6a9 elementor-widget elementor-widget-text-editor\" data-id=\"288f6a9\" data-element_type=\"widget\" data-widget_type=\"text-editor.default\">\n\t\t\t\t<div class=\"elementor-widget-container\">\n\t\t\t\t\t\t\t<p><span style=\"font-size: 12pt; letter-spacing: -0.8px; background-color: transparent; font-family: Inter, sans-serif; color: #000000; font-variant-numeric: normal; font-variant-east-asian: normal; font-variant-alternates: normal; font-variant-position: normal; font-variant-emoji: normal; vertical-align: baseline; white-space-collapse: preserve;\">L\u2019un des grands avantages pratiques de l\u2019aluminium est sa <\/span><span style=\"font-size: 12pt; letter-spacing: -0.8px; background-color: transparent; font-family: Inter, sans-serif; color: #000000; font-weight: bold; font-variant-numeric: normal; font-variant-east-asian: normal; font-variant-alternates: normal; font-variant-position: normal; font-variant-emoji: normal; vertical-align: baseline; white-space-collapse: preserve;\">l\u00e9g\u00e8ret\u00e9<\/span><span style=\"font-size: 12pt; letter-spacing: -0.8px; background-color: transparent; font-family: Inter, sans-serif; color: #000000; font-variant-numeric: normal; font-variant-east-asian: normal; font-variant-alternates: normal; font-variant-position: normal; font-variant-emoji: normal; vertical-align: baseline; white-space-collapse: preserve;\">. Contrairement \u00e0 l\u2019acier ou au bois massif, l\u2019aluminium se d\u00e9place sans effort. Cela repr\u00e9sente un atout majeur pour tous ceux qui aiment r\u00e9organiser leur espace ext\u00e9rieur selon les saisons, les envies ou les occasions. <\/span><span style=\"background-color: transparent; color: #000000; font-family: Arial, sans-serif; font-size: 11pt; white-space-collapse: preserve; letter-spacing: -0.8px;\">Vous souhaitez rapprocher votre salon de jardin de la piscine en \u00e9t\u00e9, l\u2019installer \u00e0 l\u2019ombre lors des journ\u00e9es les plus chaudes ou le ranger facilement en hiver ? Avec l\u2019aluminium, tout est plus simple. Cette maniabilit\u00e9 s\u00e9duit \u00e9galement les d\u00e9corateurs qui doivent souvent d\u00e9placer du mobilier pour cr\u00e9er diff\u00e9rentes configurations lors d\u2019\u00e9v\u00e9nements ou de mises en sc\u00e8ne.<\/span><\/p>\t\t\t\t\t\t<\/div>\n\t\t\t\t<\/div>\n\t\t\t\t\t<\/div>\n\t\t<\/div>\n\t\t\t\t\t\t\t<\/div>\n\t\t<\/section>\n\t\t\t\t<section class=\"elementor-section elementor-top-section elementor-element elementor-element-6586036 elementor-section-boxed elementor-section-height-default elementor-section-height-default\" data-id=\"6586036\" data-element_type=\"section\" data-settings=\"{&quot;jet_parallax_layout_list&quot;:[]}\">\n\t\t\t\t\t\t<div class=\"elementor-container elementor-column-gap-default\">\n\t\t\t\t\t<div class=\"elementor-column elementor-col-100 elementor-top-column elementor-element elementor-element-378fd64\" data-id=\"378fd64\" data-element_type=\"column\">\n\t\t\t<div class=\"elementor-widget-wrap elementor-element-populated\">\n\t\t\t\t\t\t\t\t<div class=\"elementor-element elementor-element-4d9e9e3 elementor-widget elementor-widget-heading\" data-id=\"4d9e9e3\" data-element_type=\"widget\" data-widget_type=\"heading.default\">\n\t\t\t\t<div class=\"elementor-widget-container\">\n\t\t\t<h2 class=\"elementor-heading-title elementor-size-default\">Un entretien minimal pour un maximum de confort<\/h2>\t\t<\/div>\n\t\t\t\t<\/div>\n\t\t\t\t\t<\/div>\n\t\t<\/div>\n\t\t\t\t\t\t\t<\/div>\n\t\t<\/section>\n\t\t\t\t<section class=\"elementor-section elementor-top-section elementor-element elementor-element-0a887df elementor-section-boxed elementor-section-height-default elementor-section-height-default\" data-id=\"0a887df\" data-element_type=\"section\" data-settings=\"{&quot;jet_parallax_layout_list&quot;:[]}\">\n\t\t\t\t\t\t<div class=\"elementor-container elementor-column-gap-default\">\n\t\t\t\t\t<div class=\"elementor-column elementor-col-100 elementor-top-column elementor-element elementor-element-248448d\" data-id=\"248448d\" data-element_type=\"column\">\n\t\t\t<div class=\"elementor-widget-wrap elementor-element-populated\">\n\t\t\t\t\t\t\t\t<div class=\"elementor-element elementor-element-fd09e9a elementor-widget elementor-widget-text-editor\" data-id=\"fd09e9a\" data-element_type=\"widget\" data-widget_type=\"text-editor.default\">\n\t\t\t\t<div class=\"elementor-widget-container\">\n\t\t\t\t\t\t\t<p><span style=\"background-color: transparent; color: #000000; font-family: Inter, sans-serif; font-size: 12pt; white-space-collapse: preserve; letter-spacing: -0.8px;\">Pour profiter pleinement de son jardin, rien de tel que du mobilier qui ne demande que tr\u00e8s peu d\u2019entretien. Sur ce point, l\u2019aluminium est encore une fois un champion. Un simple nettoyage avec de l\u2019eau ti\u00e8de savonneuse suffit pour lui redonner tout son \u00e9clat. Aucun traitement particulier n\u2019est n\u00e9cessaire, contrairement au bois qui demande un pon\u00e7age ou une huile de protection, ou au fer forg\u00e9 qui peut n\u00e9cessiter une peinture anti-rouille. <\/span><span style=\"background-color: transparent; color: #000000; font-family: Inter, sans-serif; font-size: 12pt; white-space-collapse: preserve; letter-spacing: -0.8px;\">Pour les particuliers, c\u2019est un gain de temps pr\u00e9cieux. Pour les d\u00e9corateurs ou professionnels de l\u2019am\u00e9nagement, c\u2019est une garantie de fiabilit\u00e9 et de long\u00e9vit\u00e9 dans leurs projets. Le mobilier en aluminium reste beau, propre et op\u00e9rationnel avec un minimum d\u2019efforts.<\/span><\/p>\t\t\t\t\t\t<\/div>\n\t\t\t\t<\/div>\n\t\t\t\t<div class=\"elementor-element elementor-element-e15793b elementor-widget elementor-widget-image\" data-id=\"e15793b\" data-element_type=\"widget\" data-widget_type=\"image.default\">\n\t\t\t\t<div class=\"elementor-widget-container\">\n\t\t\t\t\t\t\t\t\t\t\t\t\t\t\t\t<a href=\"https:\/\/www.made-in-meubles.com\/chaise-de-jardin-taupe-ilona-lot-de-2-lot\">\n\t\t\t\t\t\t\t<img width=\"1024\" height=\"1024\" src=\"https:\/\/www.made-in-meubles.com\/blog\/wp-content\/uploads\/2025\/10\/lef02-chaise-amb-zoom.webp\" class=\"attachment-large size-large\" alt=\"\" srcset=\"https:\/\/www.made-in-meubles.com\/blog\/wp-content\/uploads\/2025\/10\/lef02-chaise-amb-zoom.webp 1024w, https:\/\/www.made-in-meubles.com\/blog\/wp-content\/uploads\/2025\/10\/lef02-chaise-amb-zoom-300x300.webp 300w, https:\/\/www.made-in-meubles.com\/blog\/wp-content\/uploads\/2025\/10\/lef02-chaise-amb-zoom-150x150.webp 150w, https:\/\/www.made-in-meubles.com\/blog\/wp-content\/uploads\/2025\/10\/lef02-chaise-amb-zoom-768x768.webp 768w\" sizes=\"(max-width: 1024px) 100vw, 1024px\" \/>\t\t\t\t\t\t\t\t<\/a>\n\t\t\t\t\t\t\t\t\t\t\t\t\t\t\t<\/div>\n\t\t\t\t<\/div>\n\t\t\t\t\t<\/div>\n\t\t<\/div>\n\t\t\t\t\t\t\t<\/div>\n\t\t<\/section>\n\t\t\t\t<section class=\"elementor-section elementor-top-section elementor-element elementor-element-8eaef3e elementor-section-boxed elementor-section-height-default elementor-section-height-default\" data-id=\"8eaef3e\" data-element_type=\"section\" data-settings=\"{&quot;jet_parallax_layout_list&quot;:[]}\">\n\t\t\t\t\t\t<div class=\"elementor-container elementor-column-gap-default\">\n\t\t\t\t\t<div class=\"elementor-column elementor-col-100 elementor-top-column elementor-element elementor-element-e50136a\" data-id=\"e50136a\" data-element_type=\"column\">\n\t\t\t<div class=\"elementor-widget-wrap elementor-element-populated\">\n\t\t\t\t\t\t\t\t<div class=\"elementor-element elementor-element-304570b elementor-widget elementor-widget-heading\" data-id=\"304570b\" data-element_type=\"widget\" data-widget_type=\"heading.default\">\n\t\t\t\t<div class=\"elementor-widget-container\">\n\t\t\t<h2 class=\"elementor-heading-title elementor-size-default\">Un excellent rapport  qualit\u00e9-prix<\/h2>\t\t<\/div>\n\t\t\t\t<\/div>\n\t\t\t\t\t<\/div>\n\t\t<\/div>\n\t\t\t\t\t\t\t<\/div>\n\t\t<\/section>\n\t\t\t\t<section class=\"elementor-section elementor-top-section elementor-element elementor-element-bb2ba64 elementor-section-boxed elementor-section-height-default elementor-section-height-default\" data-id=\"bb2ba64\" data-element_type=\"section\" data-settings=\"{&quot;jet_parallax_layout_list&quot;:[]}\">\n\t\t\t\t\t\t<div class=\"elementor-container elementor-column-gap-default\">\n\t\t\t\t\t<div class=\"elementor-column elementor-col-100 elementor-top-column elementor-element elementor-element-a586415\" data-id=\"a586415\" data-element_type=\"column\">\n\t\t\t<div class=\"elementor-widget-wrap elementor-element-populated\">\n\t\t\t\t\t\t\t\t<div class=\"elementor-element elementor-element-e2e2cdf elementor-widget elementor-widget-text-editor\" data-id=\"e2e2cdf\" data-element_type=\"widget\" data-widget_type=\"text-editor.default\">\n\t\t\t\t<div class=\"elementor-widget-container\">\n\t\t\t\t\t\t\t<p><span style=\"font-size: 12pt; letter-spacing: -0.8px; background-color: transparent; font-family: Inter, sans-serif; color: #000000; font-variant-numeric: normal; font-variant-east-asian: normal; font-variant-alternates: normal; font-variant-position: normal; font-variant-emoji: normal; vertical-align: baseline; white-space-collapse: preserve;\">M\u00eame si certains mod\u00e8les haut de gamme peuvent repr\u00e9senter un investissement, le salon de jardin en aluminium offre un<\/span><span style=\"font-size: 12pt; letter-spacing: -0.8px; background-color: transparent; font-family: Inter, sans-serif; color: #000000; font-weight: bold; font-variant-numeric: normal; font-variant-east-asian: normal; font-variant-alternates: normal; font-variant-position: normal; font-variant-emoji: normal; vertical-align: baseline; white-space-collapse: preserve;\"> rapport qualit\u00e9-prix<\/span><span style=\"font-size: 12pt; letter-spacing: -0.8px; background-color: transparent; font-family: Inter, sans-serif; color: #000000; font-variant-numeric: normal; font-variant-east-asian: normal; font-variant-alternates: normal; font-variant-position: normal; font-variant-emoji: normal; vertical-align: baseline; white-space-collapse: preserve;\"> tr\u00e8s attractif. Sa durabilit\u00e9, sa r\u00e9sistance aux intemp\u00e9ries et sa facilit\u00e9 d\u2019entretien en font un choix rentable sur le long terme. L\u00e0 o\u00f9 d\u2019autres mat\u00e9riaux doivent \u00eatre remplac\u00e9s ou r\u00e9par\u00e9s r\u00e9guli\u00e8rement, l\u2019aluminium reste stable et performant pendant de nombreuses ann\u00e9es. <\/span><span style=\"background-color: transparent; color: #000000; font-family: Inter, sans-serif; font-size: 12pt; white-space-collapse: preserve; letter-spacing: -0.8px;\">En outre, les gammes sont de plus en plus vari\u00e9es, ce qui permet de trouver des salons de jardin en aluminium adapt\u00e9s \u00e0 tous les budgets. Que l\u2019on souhaite un ensemble compact pour un petit balcon ou un grand salon modulable pour accueillir famille et amis, il existe des solutions pour tous les besoins.<\/span><\/p>\t\t\t\t\t\t<\/div>\n\t\t\t\t<\/div>\n\t\t\t\t\t<\/div>\n\t\t<\/div>\n\t\t\t\t\t\t\t<\/div>\n\t\t<\/section>\n\t\t\t\t<section class=\"elementor-section elementor-top-section elementor-element elementor-element-6a38876 elementor-section-boxed elementor-section-height-default elementor-section-height-default\" data-id=\"6a38876\" data-element_type=\"section\" data-settings=\"{&quot;jet_parallax_layout_list&quot;:[]}\">\n\t\t\t\t\t\t<div class=\"elementor-container elementor-column-gap-default\">\n\t\t\t\t\t<div class=\"elementor-column elementor-col-100 elementor-top-column elementor-element elementor-element-95f3827\" data-id=\"95f3827\" data-element_type=\"column\">\n\t\t\t<div class=\"elementor-widget-wrap elementor-element-populated\">\n\t\t\t\t\t\t\t\t<div class=\"elementor-element elementor-element-239b5db elementor-widget elementor-widget-heading\" data-id=\"239b5db\" data-element_type=\"widget\" data-widget_type=\"heading.default\">\n\t\t\t\t<div class=\"elementor-widget-container\">\n\t\t\t<h2 class=\"elementor-heading-title elementor-size-default\">Un mobilier adapt\u00e9 \u00e0 tous les styles d'ext\u00e9rieur<\/h2>\t\t<\/div>\n\t\t\t\t<\/div>\n\t\t\t\t\t<\/div>\n\t\t<\/div>\n\t\t\t\t\t\t\t<\/div>\n\t\t<\/section>\n\t\t\t\t<section class=\"elementor-section elementor-top-section elementor-element elementor-element-afe110b elementor-section-boxed elementor-section-height-default elementor-section-height-default\" data-id=\"afe110b\" data-element_type=\"section\" data-settings=\"{&quot;jet_parallax_layout_list&quot;:[]}\">\n\t\t\t\t\t\t<div class=\"elementor-container elementor-column-gap-default\">\n\t\t\t\t\t<div class=\"elementor-column elementor-col-100 elementor-top-column elementor-element elementor-element-c4ae2cb\" data-id=\"c4ae2cb\" data-element_type=\"column\">\n\t\t\t<div class=\"elementor-widget-wrap elementor-element-populated\">\n\t\t\t\t\t\t\t\t<div class=\"elementor-element elementor-element-5340027 elementor-widget elementor-widget-text-editor\" data-id=\"5340027\" data-element_type=\"widget\" data-widget_type=\"text-editor.default\">\n\t\t\t\t<div class=\"elementor-widget-container\">\n\t\t\t\t\t\t\t<p><span style=\"background-color: transparent; color: #000000; font-family: Inter, sans-serif; font-size: 12pt; white-space-collapse: preserve; letter-spacing: -0.8px;\">Gr\u00e2ce \u00e0 ses nombreuses possibilit\u00e9s de design et de finition, l\u2019aluminium s\u2019int\u00e8gre facilement dans tous les espaces ext\u00e9rieurs. Terrasse moderne, jardin paysager, balcon urbain ou patio cosy : un salon de jardin avec des <a href=\"https:\/\/www.made-in-meubles.com\/produits\/mobilier-de-jardin\/chaise-de-jardin.html\">chaises <\/a>ou fauteuils en aluminium trouve sa place partout <\/span><span style=\"background-color: transparent; color: #000000; font-family: Inter, sans-serif; font-size: 12pt; white-space-collapse: preserve; letter-spacing: -0.8px;\">Les d\u00e9corateurs appr\u00e9cient particuli\u00e8rement le fait que l\u2019aluminium se marie bien avec d\u2019autres mat\u00e9riaux comme le bois, le teck, la r\u00e9sine tress\u00e9e, le verre ou m\u00eame la pierre. Cela permet de cr\u00e9er des compositions harmonieuses et personnalis\u00e9es selon l\u2019ambiance recherch\u00e9e.<\/span><\/p>\t\t\t\t\t\t<\/div>\n\t\t\t\t<\/div>\n\t\t\t\t<div class=\"elementor-element elementor-element-4ba4e73 elementor-skin-carousel elementor-arrows-yes elementor-pagination-type-bullets elementor-pagination-position-outside elementor-widget elementor-widget-media-carousel\" data-id=\"4ba4e73\" data-element_type=\"widget\" data-settings=\"{&quot;skin&quot;:&quot;carousel&quot;,&quot;effect&quot;:&quot;slide&quot;,&quot;show_arrows&quot;:&quot;yes&quot;,&quot;pagination&quot;:&quot;bullets&quot;,&quot;speed&quot;:500,&quot;autoplay&quot;:&quot;yes&quot;,&quot;autoplay_speed&quot;:5000,&quot;loop&quot;:&quot;yes&quot;,&quot;pause_on_hover&quot;:&quot;yes&quot;,&quot;pause_on_interaction&quot;:&quot;yes&quot;,&quot;space_between&quot;:{&quot;unit&quot;:&quot;px&quot;,&quot;size&quot;:10,&quot;sizes&quot;:[]},&quot;space_between_tablet&quot;:{&quot;unit&quot;:&quot;px&quot;,&quot;size&quot;:10,&quot;sizes&quot;:[]},&quot;space_between_mobile&quot;:{&quot;unit&quot;:&quot;px&quot;,&quot;size&quot;:10,&quot;sizes&quot;:[]}}\" data-widget_type=\"media-carousel.default\">\n\t\t\t\t<div class=\"elementor-widget-container\">\n\t\t\t<link rel=\"stylesheet\" href=\"https:\/\/www.made-in-meubles.com\/blog\/wp-content\/plugins\/elementor-pro\/assets\/css\/widget-carousel.min.css\">\t\t<div class=\"elementor-swiper\">\n\t\t\t<div class=\"elementor-main-swiper swiper-container\">\n\t\t\t\t<div class=\"swiper-wrapper\">\n\t\t\t\t\t\t\t\t\t\t\t<div class=\"swiper-slide\">\n\t\t\t\t\t\t\t<a href=\"https:\/\/www.made-in-meubles.com\/salon-de-jardin-5-places-gris-fonce-auguste-p-kz01\">\t\t<div class=\"elementor-carousel-image\" style=\"background-image: url(https:\/\/www.made-in-meubles.com\/blog\/wp-content\/uploads\/2025\/02\/kz01-jardin-amb-biais.webp)\">\n\n\t\t\t\n\t\t\t\t\t<\/div>\n\t\t<\/a>\t\t\t\t\t\t<\/div>\n\t\t\t\t\t\t\t\t\t\t\t<div class=\"swiper-slide\">\n\t\t\t\t\t\t\t<a href=\"https:\/\/www.made-in-meubles.com\/salon-de-jardin-en-aluminium-gris-fonce-lorea-p-rien03\">\t\t<div class=\"elementor-carousel-image\" style=\"background-image: url(https:\/\/www.made-in-meubles.com\/blog\/wp-content\/uploads\/2025\/02\/rien03-jardin-amb-ensemble-face.webp)\">\n\n\t\t\t\n\t\t\t\t\t<\/div>\n\t\t<\/a>\t\t\t\t\t\t<\/div>\n\t\t\t\t\t\t\t\t\t\t\t<div class=\"swiper-slide\">\n\t\t\t\t\t\t\t<a href=\"https:\/\/www.made-in-meubles.com\/salon-de-jardin-haricot-en-aluminium-taupe-zion-p-rien01\">\t\t<div class=\"elementor-carousel-image\" style=\"background-image: url(https:\/\/www.made-in-meubles.com\/blog\/wp-content\/uploads\/2025\/02\/rien01-jardin-amb-biais.webp)\">\n\n\t\t\t\n\t\t\t\t\t<\/div>\n\t\t<\/a>\t\t\t\t\t\t<\/div>\n\t\t\t\t\t\t\t\t\t\t\t<div class=\"swiper-slide\">\n\t\t\t\t\t\t\t<a href=\"https:\/\/www.made-in-meubles.com\/table-de-jardin-carree-en-aluminium-gris-kaia-p-sus05\">\t\t<div class=\"elementor-carousel-image\" style=\"background-image: url(https:\/\/www.made-in-meubles.com\/blog\/wp-content\/uploads\/2025\/02\/sus02_chais_amb.webp)\">\n\n\t\t\t\n\t\t\t\t\t<\/div>\n\t\t<\/a>\t\t\t\t\t\t<\/div>\n\t\t\t\t\t\t\t\t\t\t\t<div class=\"swiper-slide\">\n\t\t\t\t\t\t\t<a href=\"https:\/\/www.made-in-meubles.com\/table-de-jardin-carree-en-aluminium-blanc-ayden-p-sus11\">\t\t<div class=\"elementor-carousel-image\" style=\"background-image: url(https:\/\/www.made-in-meubles.com\/blog\/wp-content\/uploads\/2025\/07\/sus11-tablejardin-amb.webp)\">\n\n\t\t\t\n\t\t\t\t\t<\/div>\n\t\t<\/a>\t\t\t\t\t\t<\/div>\n\t\t\t\t\t\t\t\t\t<\/div>\n\t\t\t\t\t\t\t\t\t\t\t\t\t\t\t<div class=\"swiper-pagination\"><\/div>\n\t\t\t\t\t\t\t\t\t\t\t\t\t\t\t\t<div class=\"elementor-swiper-button elementor-swiper-button-prev\">\n\t\t\t\t\t\t\t<i aria-hidden=\"true\" class=\"eicon-chevron-left\"><\/i>\t\t\t\t\t\t\t<span class=\"elementor-screen-only\">Pr\u00e9c\u00e9dent<\/span>\n\t\t\t\t\t\t<\/div>\n\t\t\t\t\t\t<div class=\"elementor-swiper-button elementor-swiper-button-next\">\n\t\t\t\t\t\t\t<i aria-hidden=\"true\" class=\"eicon-chevron-right\"><\/i>\t\t\t\t\t\t\t<span class=\"elementor-screen-only\">Suivant<\/span>\n\t\t\t\t\t\t<\/div>\n\t\t\t\t\t\t\t\t\t\t\t\t<\/div>\n\t\t<\/div>\n\t\t\t\t<\/div>\n\t\t\t\t<\/div>\n\t\t\t\t\t<\/div>\n\t\t<\/div>\n\t\t\t\t\t\t\t<\/div>\n\t\t<\/section>\n\t\t\t\t<section class=\"elementor-section elementor-top-section elementor-element elementor-element-f7c9ff8 elementor-section-boxed elementor-section-height-default elementor-section-height-default\" data-id=\"f7c9ff8\" data-element_type=\"section\" data-settings=\"{&quot;jet_parallax_layout_list&quot;:[]}\">\n\t\t\t\t\t\t<div class=\"elementor-container elementor-column-gap-default\">\n\t\t\t\t\t<div class=\"elementor-column elementor-col-100 elementor-top-column elementor-element elementor-element-48e0946\" data-id=\"48e0946\" data-element_type=\"column\">\n\t\t\t<div class=\"elementor-widget-wrap elementor-element-populated\">\n\t\t\t\t\t\t\t\t<div class=\"elementor-element elementor-element-b33ede1 elementor-widget elementor-widget-text-editor\" data-id=\"b33ede1\" data-element_type=\"widget\" data-widget_type=\"text-editor.default\">\n\t\t\t\t<div class=\"elementor-widget-container\">\n\t\t\t\t\t\t\t<p><span style=\"background-color: transparent; color: #000000; font-family: Inter, sans-serif; font-size: 12pt; white-space-collapse: preserve; letter-spacing: -0.8px;\">Le salon de jardin en aluminium combine esth\u00e9tique, r\u00e9sistance, l\u00e9g\u00e8ret\u00e9 et praticit\u00e9. C\u2019est un choix id\u00e9al pour les particuliers qui souhaitent profiter d\u2019un mobilier durable et facile \u00e0 vivre, mais aussi pour les d\u00e9corateurs cherchant des solutions \u00e0 la fois fiables et \u00e9l\u00e9gantes. Gr\u00e2ce \u00e0 sa grande vari\u00e9t\u00e9 de styles et \u00e0 son excellent rapport qualit\u00e9-prix, l\u2019aluminium s\u2019impose aujourd\u2019hui comme l\u2019un des mat\u00e9riaux les plus pertinents pour am\u00e9nager un ext\u00e9rieur moderne et accueillant. <\/span><span style=\"background-color: transparent; color: #000000; font-family: Inter, sans-serif; font-size: 12pt; white-space-collapse: preserve; letter-spacing: -0.8px;\">Si vous envisagez d\u2019investir dans un nouveau salon de jardin, l\u2019aluminium est sans aucun doute une option \u00e0 consid\u00e9rer s\u00e9rieusement. Durable, esth\u00e9tique et simple \u00e0 entretenir, il a tout pour transformer votre espace ext\u00e9rieur en un lieu de d\u00e9tente agr\u00e9able et intemporel. D\u00e9couvrez dans notre dernier article : <a href=\"https:\/\/www.made-in-meubles.com\/blog\/idees-de-deco-pour-votre-jardin-en-2026-les-tendances-a-ne-pas-manquer\/\">Des id\u00e9es de d\u00e9co pour votre jardin en 2026 : Les tendances \u00e0 ne pas manquer.<\/a><\/span><\/p>\t\t\t\t\t\t<\/div>\n\t\t\t\t<\/div>\n\t\t\t\t\t<\/div>\n\t\t<\/div>\n\t\t\t\t\t\t\t<\/div>\n\t\t<\/section>\n\t\t\t\t\t\t\t<\/div>\n\t\t","protected":false},"excerpt":{"rendered":"<p>Lorsqu\u2019on souhaite am\u00e9nager un espace ext\u00e9rieur \u00e0 la fois \u00e9l\u00e9gant, durable et facile \u00e0 vivre, le choix du mat\u00e9riau est d\u00e9terminant. Parmi les options les plus populaires aujourd\u2019hui, le salon de jardin en aluminium s\u2019impose comme une v\u00e9ritable r\u00e9f\u00e9rence. Modernes, l\u00e9gers, r\u00e9sistants aux intemp\u00e9ries et faciles d\u2019entretien, ces meubles ont conquis aussi bien les particuliers [&hellip;]<\/p>\n","protected":false},"author":32,"featured_media":15701,"comment_status":"open","ping_status":"open","sticky":false,"template":"","format":"standard","meta":[],"categories":[5],"tags":[75],"acf":[],"_links":{"self":[{"href":"https:\/\/www.made-in-meubles.com\/blog\/wp-json\/wp\/v2\/posts\/17986"}],"collection":[{"href":"https:\/\/www.made-in-meubles.com\/blog\/wp-json\/wp\/v2\/posts"}],"about":[{"href":"https:\/\/www.made-in-meubles.com\/blog\/wp-json\/wp\/v2\/types\/post"}],"author":[{"embeddable":true,"href":"https:\/\/www.made-in-meubles.com\/blog\/wp-json\/wp\/v2\/users\/32"}],"replies":[{"embeddable":true,"href":"https:\/\/www.made-in-meubles.com\/blog\/wp-json\/wp\/v2\/comments?post=17986"}],"version-history":[{"count":19,"href":"https:\/\/www.made-in-meubles.com\/blog\/wp-json\/wp\/v2\/posts\/17986\/revisions"}],"predecessor-version":[{"id":18005,"href":"https:\/\/www.made-in-meubles.com\/blog\/wp-json\/wp\/v2\/posts\/17986\/revisions\/18005"}],"wp:featuredmedia":[{"embeddable":true,"href":"https:\/\/www.made-in-meubles.com\/blog\/wp-json\/wp\/v2\/media\/15701"}],"wp:attachment":[{"href":"https:\/\/www.made-in-meubles.com\/blog\/wp-json\/wp\/v2\/media?parent=17986"}],"wp:term":[{"taxonomy":"category","embeddable":true,"href":"https:\/\/www.made-in-meubles.com\/blog\/wp-json\/wp\/v2\/categories?post=17986"},{"taxonomy":"post_tag","embeddable":true,"href":"https:\/\/www.made-in-meubles.com\/blog\/wp-json\/wp\/v2\/tags?post=17986"}],"curies":[{"name":"wp","href":"https:\/\/api.w.org\/{rel}","templated":true}]}}