{"id":18007,"date":"2025-11-27T16:11:15","date_gmt":"2025-11-27T15:11:15","guid":{"rendered":"https:\/\/www.made-in-meubles.com\/blog\/?p=18007"},"modified":"2026-01-22T12:32:53","modified_gmt":"2026-01-22T11:32:53","slug":"methode-konmari-desencombrer-sa-maison-et-choisir-les-bons-meubles","status":"publish","type":"post","link":"https:\/\/www.made-in-meubles.com\/blog\/methode-konmari-desencombrer-sa-maison-et-choisir-les-bons-meubles\/","title":{"rendered":"M\u00e9thode KonMari : D\u00e9sencombrer sa maison et choisir les bons meubles"},"content":{"rendered":"\t\t<div data-elementor-type=\"wp-post\" data-elementor-id=\"18007\" class=\"elementor elementor-18007\">\n\t\t\t\t\t\t\t\t\t<section class=\"elementor-section elementor-top-section elementor-element elementor-element-f199f74 elementor-section-boxed elementor-section-height-default elementor-section-height-default\" data-id=\"f199f74\" data-element_type=\"section\" data-settings=\"{&quot;jet_parallax_layout_list&quot;:[]}\">\n\t\t\t\t\t\t<div class=\"elementor-container elementor-column-gap-default\">\n\t\t\t\t\t<div class=\"elementor-column elementor-col-100 elementor-top-column elementor-element elementor-element-337ab0a\" data-id=\"337ab0a\" data-element_type=\"column\">\n\t\t\t<div class=\"elementor-widget-wrap elementor-element-populated\">\n\t\t\t\t\t\t\t\t<div class=\"elementor-element elementor-element-004dd38 elementor-widget elementor-widget-heading\" data-id=\"004dd38\" data-element_type=\"widget\" data-widget_type=\"heading.default\">\n\t\t\t\t<div class=\"elementor-widget-container\">\n\t\t\t<style>\/*! elementor - v3.6.5 - 27-04-2022 *\/\n.elementor-heading-title{padding:0;margin:0;line-height:1}.elementor-widget-heading .elementor-heading-title[class*=elementor-size-]>a{color:inherit;font-size:inherit;line-height:inherit}.elementor-widget-heading .elementor-heading-title.elementor-size-small{font-size:15px}.elementor-widget-heading .elementor-heading-title.elementor-size-medium{font-size:19px}.elementor-widget-heading .elementor-heading-title.elementor-size-large{font-size:29px}.elementor-widget-heading .elementor-heading-title.elementor-size-xl{font-size:39px}.elementor-widget-heading .elementor-heading-title.elementor-size-xxl{font-size:59px}<\/style><h2 class=\"elementor-heading-title elementor-size-default\">Qu'est-ce que la m\u00e9thode KonMari ? <\/h2>\t\t<\/div>\n\t\t\t\t<\/div>\n\t\t\t\t\t<\/div>\n\t\t<\/div>\n\t\t\t\t\t\t\t<\/div>\n\t\t<\/section>\n\t\t\t\t<section class=\"elementor-section elementor-top-section elementor-element elementor-element-8aaacdd elementor-section-boxed elementor-section-height-default elementor-section-height-default\" data-id=\"8aaacdd\" data-element_type=\"section\" data-settings=\"{&quot;jet_parallax_layout_list&quot;:[]}\">\n\t\t\t\t\t\t<div class=\"elementor-container elementor-column-gap-default\">\n\t\t\t\t\t<div class=\"elementor-column elementor-col-100 elementor-top-column elementor-element elementor-element-6707ef1\" data-id=\"6707ef1\" data-element_type=\"column\">\n\t\t\t<div class=\"elementor-widget-wrap elementor-element-populated\">\n\t\t\t\t\t\t\t\t<div class=\"elementor-element elementor-element-c8ad504 elementor-widget elementor-widget-text-editor\" data-id=\"c8ad504\" data-element_type=\"widget\" data-widget_type=\"text-editor.default\">\n\t\t\t\t<div class=\"elementor-widget-container\">\n\t\t\t<style>\/*! elementor - v3.6.5 - 27-04-2022 *\/\n.elementor-widget-text-editor.elementor-drop-cap-view-stacked .elementor-drop-cap{background-color:#818a91;color:#fff}.elementor-widget-text-editor.elementor-drop-cap-view-framed .elementor-drop-cap{color:#818a91;border:3px solid;background-color:transparent}.elementor-widget-text-editor:not(.elementor-drop-cap-view-default) .elementor-drop-cap{margin-top:8px}.elementor-widget-text-editor:not(.elementor-drop-cap-view-default) .elementor-drop-cap-letter{width:1em;height:1em}.elementor-widget-text-editor .elementor-drop-cap{float:left;text-align:center;line-height:1;font-size:50px}.elementor-widget-text-editor .elementor-drop-cap-letter{display:inline-block}<\/style>\t\t\t\t<p><span style=\"background-color: transparent; color: #000000; font-family: Inter, sans-serif; font-size: 12pt; white-space-collapse: preserve; letter-spacing: -0.8px;\">La <b>m\u00e9thode KonMari<\/b> est une approche de rangement cr\u00e9\u00e9e par la c\u00e9l\u00e8bre consultante japonaise <b>Marie Kondo<\/b>. Elle repose sur un principe simple : ne garder que les objets qui procurent une v\u00e9ritable joie. Cette m\u00e9thode invite \u00e0 simplifier son int\u00e9rieur pour retrouver de la clart\u00e9 mentale et de la s\u00e9r\u00e9nit\u00e9. Elle se distingue \u00e9galement par son organisation par cat\u00e9gorie et non par pi\u00e8ce, ce qui permet un tri plus efficace et plus profond. L\u2019objectif final est de cr\u00e9er un espace harmonieux o\u00f9 chaque objet a sa place et une utilit\u00e9 r\u00e9elle. <\/span><span style=\"background-color: transparent; color: #000000; font-family: Inter, sans-serif; font-size: 12pt; white-space-collapse: preserve; letter-spacing: -0.8px;\">Dans cette d\u00e9marche, les meubles comme les armoires, <a href=\"https:\/\/www.made-in-meubles.com\/produits\/buffet-vaisselier\/buffet.html\">buffets<\/a> ou commodes jouent un r\u00f4le essentiel en offrant des espaces de rangement adapt\u00e9s et coh\u00e9rents avec un int\u00e9rieur \u00e9pur\u00e9.<\/span><\/p>\t\t\t\t\t\t<\/div>\n\t\t\t\t<\/div>\n\t\t\t\t\t<\/div>\n\t\t<\/div>\n\t\t\t\t\t\t\t<\/div>\n\t\t<\/section>\n\t\t\t\t<section class=\"elementor-section elementor-top-section elementor-element elementor-element-8d1572a elementor-section-boxed elementor-section-height-default elementor-section-height-default\" data-id=\"8d1572a\" data-element_type=\"section\" data-settings=\"{&quot;jet_parallax_layout_list&quot;:[]}\">\n\t\t\t\t\t\t<div class=\"elementor-container elementor-column-gap-default\">\n\t\t\t\t\t<div class=\"elementor-column elementor-col-100 elementor-top-column elementor-element elementor-element-635a7d0\" data-id=\"635a7d0\" data-element_type=\"column\">\n\t\t\t<div class=\"elementor-widget-wrap elementor-element-populated\">\n\t\t\t\t\t\t\t\t<div class=\"elementor-element elementor-element-e8e3380 elementor-widget elementor-widget-heading\" data-id=\"e8e3380\" data-element_type=\"widget\" data-widget_type=\"heading.default\">\n\t\t\t\t<div class=\"elementor-widget-container\">\n\t\t\t<h2 class=\"elementor-heading-title elementor-size-default\">Adopter la m\u00e9thode KonMari : Classer les objets par cat\u00e9gorie <\/h2>\t\t<\/div>\n\t\t\t\t<\/div>\n\t\t\t\t\t<\/div>\n\t\t<\/div>\n\t\t\t\t\t\t\t<\/div>\n\t\t<\/section>\n\t\t\t\t<section class=\"elementor-section elementor-top-section elementor-element elementor-element-cfb895f elementor-section-boxed elementor-section-height-default elementor-section-height-default\" data-id=\"cfb895f\" data-element_type=\"section\" data-settings=\"{&quot;jet_parallax_layout_list&quot;:[]}\">\n\t\t\t\t\t\t<div class=\"elementor-container elementor-column-gap-default\">\n\t\t\t\t\t<div class=\"elementor-column elementor-col-100 elementor-top-column elementor-element elementor-element-0608442\" data-id=\"0608442\" data-element_type=\"column\">\n\t\t\t<div class=\"elementor-widget-wrap elementor-element-populated\">\n\t\t\t\t\t\t\t\t<div class=\"elementor-element elementor-element-4e4b530 elementor-widget elementor-widget-text-editor\" data-id=\"4e4b530\" data-element_type=\"widget\" data-widget_type=\"text-editor.default\">\n\t\t\t\t<div class=\"elementor-widget-container\">\n\t\t\t\t\t\t\t<p><span style=\"background-color: transparent; color: #000000; font-family: Inter, sans-serif; font-size: 12pt; white-space-collapse: preserve; letter-spacing: -0.8px;\">Dans la <b>m\u00e9thode KonMari<\/b>, le tri commence par les cat\u00e9gories : v\u00eatements, livres, papiers, objets divers et souvenirs. Cette approche \u00e9vite de d\u00e9placer le d\u00e9sordre d\u2019un lieu \u00e0 un autre et permet de mieux visualiser l\u2019ensemble des possessions. En travaillant par blocs, on prend conscience de la quantit\u00e9 d\u2019objets accumul\u00e9s et on peut faire des choix plus coh\u00e9rents. Ce tri par cat\u00e9gorie facilite aussi l\u2019am\u00e9nagement futur, car l\u2019on sait exactement combien de place chaque type d\u2019objet devra occuper.<\/span><\/p>\t\t\t\t\t\t<\/div>\n\t\t\t\t<\/div>\n\t\t\t\t\t<\/div>\n\t\t<\/div>\n\t\t\t\t\t\t\t<\/div>\n\t\t<\/section>\n\t\t\t\t<section class=\"elementor-section elementor-top-section elementor-element elementor-element-6b28124 elementor-section-boxed elementor-section-height-default elementor-section-height-default\" data-id=\"6b28124\" data-element_type=\"section\" data-settings=\"{&quot;jet_parallax_layout_list&quot;:[]}\">\n\t\t\t\t\t\t<div class=\"elementor-container elementor-column-gap-default\">\n\t\t\t\t\t<div class=\"elementor-column elementor-col-50 elementor-top-column elementor-element elementor-element-14be6e6\" data-id=\"14be6e6\" data-element_type=\"column\">\n\t\t\t<div class=\"elementor-widget-wrap elementor-element-populated\">\n\t\t\t\t\t\t\t\t<div class=\"elementor-element elementor-element-04a3dfe elementor-widget elementor-widget-image\" data-id=\"04a3dfe\" data-element_type=\"widget\" data-widget_type=\"image.default\">\n\t\t\t\t<div class=\"elementor-widget-container\">\n\t\t\t<style>\/*! elementor - v3.6.5 - 27-04-2022 *\/\n.elementor-widget-image{text-align:center}.elementor-widget-image a{display:inline-block}.elementor-widget-image a img[src$=\".svg\"]{width:48px}.elementor-widget-image img{vertical-align:middle;display:inline-block}<\/style>\t\t\t\t\t\t\t\t\t\t\t\t<img width=\"1024\" height=\"1024\" src=\"https:\/\/www.made-in-meubles.com\/blog\/wp-content\/uploads\/2025\/11\/ChatGPT-Image-27-nov.-2025-15_35_21.jpg\" class=\"attachment-large size-large\" alt=\"\" srcset=\"https:\/\/www.made-in-meubles.com\/blog\/wp-content\/uploads\/2025\/11\/ChatGPT-Image-27-nov.-2025-15_35_21.jpg 1024w, https:\/\/www.made-in-meubles.com\/blog\/wp-content\/uploads\/2025\/11\/ChatGPT-Image-27-nov.-2025-15_35_21-300x300.jpg 300w, https:\/\/www.made-in-meubles.com\/blog\/wp-content\/uploads\/2025\/11\/ChatGPT-Image-27-nov.-2025-15_35_21-150x150.jpg 150w, https:\/\/www.made-in-meubles.com\/blog\/wp-content\/uploads\/2025\/11\/ChatGPT-Image-27-nov.-2025-15_35_21-768x768.jpg 768w\" sizes=\"(max-width: 1024px) 100vw, 1024px\" \/>\t\t\t\t\t\t\t\t\t\t\t\t\t\t\t<\/div>\n\t\t\t\t<\/div>\n\t\t\t\t\t<\/div>\n\t\t<\/div>\n\t\t\t\t<div class=\"elementor-column elementor-col-50 elementor-top-column elementor-element elementor-element-6988e82\" data-id=\"6988e82\" data-element_type=\"column\">\n\t\t\t<div class=\"elementor-widget-wrap elementor-element-populated\">\n\t\t\t\t\t\t\t\t<div class=\"elementor-element elementor-element-c14b32c elementor-widget elementor-widget-image\" data-id=\"c14b32c\" data-element_type=\"widget\" data-widget_type=\"image.default\">\n\t\t\t\t<div class=\"elementor-widget-container\">\n\t\t\t\t\t\t\t\t\t\t\t\t\t\t\t<img width=\"1024\" height=\"1024\" src=\"https:\/\/www.made-in-meubles.com\/blog\/wp-content\/uploads\/2022\/09\/25d40051-23b8-46bf-9289-5027fd37abe2.jpg\" class=\"attachment-large size-large\" alt=\"\" srcset=\"https:\/\/www.made-in-meubles.com\/blog\/wp-content\/uploads\/2022\/09\/25d40051-23b8-46bf-9289-5027fd37abe2.jpg 1024w, https:\/\/www.made-in-meubles.com\/blog\/wp-content\/uploads\/2022\/09\/25d40051-23b8-46bf-9289-5027fd37abe2-300x300.jpg 300w, https:\/\/www.made-in-meubles.com\/blog\/wp-content\/uploads\/2022\/09\/25d40051-23b8-46bf-9289-5027fd37abe2-150x150.jpg 150w, https:\/\/www.made-in-meubles.com\/blog\/wp-content\/uploads\/2022\/09\/25d40051-23b8-46bf-9289-5027fd37abe2-768x768.jpg 768w\" sizes=\"(max-width: 1024px) 100vw, 1024px\" \/>\t\t\t\t\t\t\t\t\t\t\t\t\t\t\t<\/div>\n\t\t\t\t<\/div>\n\t\t\t\t\t<\/div>\n\t\t<\/div>\n\t\t\t\t\t\t\t<\/div>\n\t\t<\/section>\n\t\t\t\t<section class=\"elementor-section elementor-top-section elementor-element elementor-element-959e970 elementor-section-boxed elementor-section-height-default elementor-section-height-default\" data-id=\"959e970\" data-element_type=\"section\" data-settings=\"{&quot;jet_parallax_layout_list&quot;:[]}\">\n\t\t\t\t\t\t<div class=\"elementor-container elementor-column-gap-default\">\n\t\t\t\t\t<div class=\"elementor-column elementor-col-100 elementor-top-column elementor-element elementor-element-99593e2\" data-id=\"99593e2\" data-element_type=\"column\">\n\t\t\t<div class=\"elementor-widget-wrap elementor-element-populated\">\n\t\t\t\t\t\t\t\t<div class=\"elementor-element elementor-element-bea17f6 elementor-widget elementor-widget-heading\" data-id=\"bea17f6\" data-element_type=\"widget\" data-widget_type=\"heading.default\">\n\t\t\t\t<div class=\"elementor-widget-container\">\n\t\t\t<h2 class=\"elementor-heading-title elementor-size-default\">Pourquoi choisir les bons meubles est essentiel dans la m\u00e9thode KonMari<\/h2>\t\t<\/div>\n\t\t\t\t<\/div>\n\t\t\t\t\t<\/div>\n\t\t<\/div>\n\t\t\t\t\t\t\t<\/div>\n\t\t<\/section>\n\t\t\t\t<section class=\"elementor-section elementor-top-section elementor-element elementor-element-c0be27d elementor-section-boxed elementor-section-height-default elementor-section-height-default\" data-id=\"c0be27d\" data-element_type=\"section\" data-settings=\"{&quot;jet_parallax_layout_list&quot;:[]}\">\n\t\t\t\t\t\t<div class=\"elementor-container elementor-column-gap-default\">\n\t\t\t\t\t<div class=\"elementor-column elementor-col-100 elementor-top-column elementor-element elementor-element-ec7f910\" data-id=\"ec7f910\" data-element_type=\"column\">\n\t\t\t<div class=\"elementor-widget-wrap elementor-element-populated\">\n\t\t\t\t\t\t\t\t<div class=\"elementor-element elementor-element-2034841 elementor-widget elementor-widget-text-editor\" data-id=\"2034841\" data-element_type=\"widget\" data-widget_type=\"text-editor.default\">\n\t\t\t\t<div class=\"elementor-widget-container\">\n\t\t\t\t\t\t\t<p><span style=\"background-color: transparent; color: #000000; font-family: Inter, sans-serif; font-size: 12pt; white-space-collapse: preserve; letter-spacing: -0.8px;\">Le mobilier a un r\u00f4le cl\u00e9 dans la r\u00e9ussite du rangement selon <b>Marie Kondo<\/b>. En effet, une maison ne peut rester organis\u00e9e durablement si les meubles ne sont pas adapt\u00e9s \u00e0 vos besoins. Les meubles permettent de structurer l\u2019espace et d\u2019attribuer un emplacement fixe \u00e0 chaque objet. Des meubles intelligents, modulables et bien pens\u00e9s permettent non seulement de ranger efficacement, mais aussi de maintenir un int\u00e9rieur \u00e9pur\u00e9 au quotidien.<\/span><\/p>\t\t\t\t\t\t<\/div>\n\t\t\t\t<\/div>\n\t\t\t\t\t<\/div>\n\t\t<\/div>\n\t\t\t\t\t\t\t<\/div>\n\t\t<\/section>\n\t\t\t\t<section class=\"elementor-section elementor-top-section elementor-element elementor-element-aa1af3a elementor-section-boxed elementor-section-height-default elementor-section-height-default\" data-id=\"aa1af3a\" data-element_type=\"section\" data-settings=\"{&quot;jet_parallax_layout_list&quot;:[]}\">\n\t\t\t\t\t\t<div class=\"elementor-container elementor-column-gap-default\">\n\t\t\t\t\t<div class=\"elementor-column elementor-col-100 elementor-top-column elementor-element elementor-element-fb491db\" data-id=\"fb491db\" data-element_type=\"column\">\n\t\t\t<div class=\"elementor-widget-wrap elementor-element-populated\">\n\t\t\t\t\t\t\t\t<div class=\"elementor-element elementor-element-7b9ec25 elementor-widget elementor-widget-heading\" data-id=\"7b9ec25\" data-element_type=\"widget\" data-widget_type=\"heading.default\">\n\t\t\t\t<div class=\"elementor-widget-container\">\n\t\t\t<h2 class=\"elementor-heading-title elementor-size-default\">Opter pour les meubles multifonctions<\/h2>\t\t<\/div>\n\t\t\t\t<\/div>\n\t\t\t\t\t<\/div>\n\t\t<\/div>\n\t\t\t\t\t\t\t<\/div>\n\t\t<\/section>\n\t\t\t\t<section class=\"elementor-section elementor-top-section elementor-element elementor-element-2bb056e elementor-section-boxed elementor-section-height-default elementor-section-height-default\" data-id=\"2bb056e\" data-element_type=\"section\" data-settings=\"{&quot;jet_parallax_layout_list&quot;:[]}\">\n\t\t\t\t\t\t<div class=\"elementor-container elementor-column-gap-default\">\n\t\t\t\t\t<div class=\"elementor-column elementor-col-100 elementor-top-column elementor-element elementor-element-300bc4f\" data-id=\"300bc4f\" data-element_type=\"column\">\n\t\t\t<div class=\"elementor-widget-wrap elementor-element-populated\">\n\t\t\t\t\t\t\t\t<div class=\"elementor-element elementor-element-99df7f0 elementor-widget elementor-widget-text-editor\" data-id=\"99df7f0\" data-element_type=\"widget\" data-widget_type=\"text-editor.default\">\n\t\t\t\t<div class=\"elementor-widget-container\">\n\t\t\t\t\t\t\t<p><span style=\"background-color: transparent; color: #000000; font-family: Inter, sans-serif; font-size: 12pt; white-space-collapse: preserve; letter-spacing: -0.8px;\">Les <a href=\"https:\/\/www.made-in-meubles.com\/blog\/meubles-multifonctionnels-interieur-elegant-et-pratique\/\">meubles multifonctions<\/a> sont particuli\u00e8rement compatibles avec la <b>philosophie KonMari<\/b>. Ils offrent plusieurs usages tout en limitant l\u2019encombrement. Par exemple, un lit muni de tiroirs permet de stocker les v\u00eatements hors saison, tandis qu\u2019un banc de rangement peut accueillir des chaussures, du linge ou des accessoires. Gr\u00e2ce \u00e0 ces meubles polyvalents, il devient plus facile de conserver une maison ordonn\u00e9e sans ajouter de nouveaux objets superflus.<\/span><\/p>\t\t\t\t\t\t<\/div>\n\t\t\t\t<\/div>\n\t\t\t\t\t<\/div>\n\t\t<\/div>\n\t\t\t\t\t\t\t<\/div>\n\t\t<\/section>\n\t\t\t\t<section class=\"elementor-section elementor-top-section elementor-element elementor-element-ff9fd47 elementor-section-boxed elementor-section-height-default elementor-section-height-default\" data-id=\"ff9fd47\" data-element_type=\"section\" data-settings=\"{&quot;jet_parallax_layout_list&quot;:[]}\">\n\t\t\t\t\t\t<div class=\"elementor-container elementor-column-gap-default\">\n\t\t\t\t\t<div class=\"elementor-column elementor-col-100 elementor-top-column elementor-element elementor-element-b2f3f43\" data-id=\"b2f3f43\" data-element_type=\"column\">\n\t\t\t<div class=\"elementor-widget-wrap elementor-element-populated\">\n\t\t\t\t\t\t\t\t<div class=\"elementor-element elementor-element-6162f85 elementor-widget elementor-widget-heading\" data-id=\"6162f85\" data-element_type=\"widget\" data-widget_type=\"heading.default\">\n\t\t\t\t<div class=\"elementor-widget-container\">\n\t\t\t<h2 class=\"elementor-heading-title elementor-size-default\">Choisir des meubles ferm\u00e9s pour r\u00e9duire la surcharge visuelle<\/h2>\t\t<\/div>\n\t\t\t\t<\/div>\n\t\t\t\t\t<\/div>\n\t\t<\/div>\n\t\t\t\t\t\t\t<\/div>\n\t\t<\/section>\n\t\t\t\t<section class=\"elementor-section elementor-top-section elementor-element elementor-element-d279a92 elementor-section-boxed elementor-section-height-default elementor-section-height-default\" data-id=\"d279a92\" data-element_type=\"section\" data-settings=\"{&quot;jet_parallax_layout_list&quot;:[]}\">\n\t\t\t\t\t\t<div class=\"elementor-container elementor-column-gap-default\">\n\t\t\t\t\t<div class=\"elementor-column elementor-col-100 elementor-top-column elementor-element elementor-element-18d36d0\" data-id=\"18d36d0\" data-element_type=\"column\">\n\t\t\t<div class=\"elementor-widget-wrap elementor-element-populated\">\n\t\t\t\t\t\t\t\t<div class=\"elementor-element elementor-element-228797d elementor-widget elementor-widget-text-editor\" data-id=\"228797d\" data-element_type=\"widget\" data-widget_type=\"text-editor.default\">\n\t\t\t\t<div class=\"elementor-widget-container\">\n\t\t\t\t\t\t\t<p><span style=\"background-color: transparent; color: #000000; font-family: Inter, sans-serif; font-size: 12pt; white-space-collapse: preserve; letter-spacing: -0.8px;\">La surcharge visuelle est l\u2019un des facteurs principaux de stress dans un int\u00e9rieur. Pour \u00e9viter cela, <b>Marie Kondo<\/b> recommande l\u2019usage de meubles ferm\u00e9s, qui dissimulent les objets du quotidien. Une <a href=\"https:\/\/www.made-in-meubles.com\/produits\/commode-armoire\/armoire.html\">armoire<\/a> avec portes, un buffet scandinave ou un <a href=\"https:\/\/www.made-in-meubles.com\/produits\/meuble-tv.html\">meuble TV <\/a>sobre permettent de cr\u00e9er une atmosph\u00e8re apaisante. Un espace \u00e9pur\u00e9 aide l\u2019esprit \u00e0 se d\u00e9tendre et favorise un meilleur bien-\u00eatre au quotidien.<\/span><\/p>\t\t\t\t\t\t<\/div>\n\t\t\t\t<\/div>\n\t\t\t\t\t<\/div>\n\t\t<\/div>\n\t\t\t\t\t\t\t<\/div>\n\t\t<\/section>\n\t\t\t\t<section class=\"elementor-section elementor-top-section elementor-element elementor-element-bfe4768 elementor-section-boxed elementor-section-height-default elementor-section-height-default\" data-id=\"bfe4768\" data-element_type=\"section\" data-settings=\"{&quot;jet_parallax_layout_list&quot;:[]}\">\n\t\t\t\t\t\t<div class=\"elementor-container elementor-column-gap-default\">\n\t\t\t\t\t<div class=\"elementor-column elementor-col-100 elementor-top-column elementor-element elementor-element-852f19c\" data-id=\"852f19c\" data-element_type=\"column\">\n\t\t\t<div class=\"elementor-widget-wrap elementor-element-populated\">\n\t\t\t\t\t\t\t\t<div class=\"elementor-element elementor-element-bc2317c elementor-skin-carousel elementor-arrows-yes elementor-pagination-type-bullets elementor-pagination-position-outside elementor-widget elementor-widget-media-carousel\" data-id=\"bc2317c\" data-element_type=\"widget\" data-settings=\"{&quot;skin&quot;:&quot;carousel&quot;,&quot;effect&quot;:&quot;slide&quot;,&quot;show_arrows&quot;:&quot;yes&quot;,&quot;pagination&quot;:&quot;bullets&quot;,&quot;speed&quot;:500,&quot;autoplay&quot;:&quot;yes&quot;,&quot;autoplay_speed&quot;:5000,&quot;loop&quot;:&quot;yes&quot;,&quot;pause_on_hover&quot;:&quot;yes&quot;,&quot;pause_on_interaction&quot;:&quot;yes&quot;,&quot;space_between&quot;:{&quot;unit&quot;:&quot;px&quot;,&quot;size&quot;:10,&quot;sizes&quot;:[]},&quot;space_between_tablet&quot;:{&quot;unit&quot;:&quot;px&quot;,&quot;size&quot;:10,&quot;sizes&quot;:[]},&quot;space_between_mobile&quot;:{&quot;unit&quot;:&quot;px&quot;,&quot;size&quot;:10,&quot;sizes&quot;:[]}}\" data-widget_type=\"media-carousel.default\">\n\t\t\t\t<div class=\"elementor-widget-container\">\n\t\t\t<link rel=\"stylesheet\" href=\"https:\/\/www.made-in-meubles.com\/blog\/wp-content\/plugins\/elementor-pro\/assets\/css\/widget-carousel.min.css\">\t\t<div class=\"elementor-swiper\">\n\t\t\t<div class=\"elementor-main-swiper swiper-container\">\n\t\t\t\t<div class=\"swiper-wrapper\">\n\t\t\t\t\t\t\t\t\t\t\t<div class=\"swiper-slide\">\n\t\t\t\t\t\t\t<a href=\"https:\/\/www.made-in-meubles.com\/commode-en-bois-d-acacia-iwa-p-mk63\">\t\t<div class=\"elementor-carousel-image\" style=\"background-image: url(https:\/\/www.made-in-meubles.com\/blog\/wp-content\/uploads\/2025\/09\/mk63-commode-amb-biais-ferme.webp)\">\n\n\t\t\t\n\t\t\t\t\t<\/div>\n\t\t<\/a>\t\t\t\t\t\t<\/div>\n\t\t\t\t\t\t\t\t\t\t\t<div class=\"swiper-slide\">\n\t\t\t\t\t\t\t<a href=\"https:\/\/www.made-in-meubles.com\/commode-en-bois-de-manguier-et-cannage-rim-p-jc17\">\t\t<div class=\"elementor-carousel-image\" style=\"background-image: url(https:\/\/www.made-in-meubles.com\/blog\/wp-content\/uploads\/2023\/08\/jc17-buffet-ambiance-biais_1_1.webp)\">\n\n\t\t\t\n\t\t\t\t\t<\/div>\n\t\t<\/a>\t\t\t\t\t\t<\/div>\n\t\t\t\t\t\t\t\t\t\t\t<div class=\"swiper-slide\">\n\t\t\t\t\t\t\t<a href=\"https:\/\/www.made-in-meubles.com\/meuble-tv-3-portes-bois-de-manguier-roni-p-ot902\">\t\t<div class=\"elementor-carousel-image\" style=\"background-image: url(https:\/\/www.made-in-meubles.com\/blog\/wp-content\/uploads\/2025\/11\/ot902-amb-meubletv-biais-b-1.webp)\">\n\n\t\t\t\n\t\t\t\t\t<\/div>\n\t\t<\/a>\t\t\t\t\t\t<\/div>\n\t\t\t\t\t\t\t\t\t<\/div>\n\t\t\t\t\t\t\t\t\t\t\t\t\t\t\t<div class=\"swiper-pagination\"><\/div>\n\t\t\t\t\t\t\t\t\t\t\t\t\t\t\t\t<div class=\"elementor-swiper-button elementor-swiper-button-prev\">\n\t\t\t\t\t\t\t<i aria-hidden=\"true\" class=\"eicon-chevron-left\"><\/i>\t\t\t\t\t\t\t<span class=\"elementor-screen-only\">Pr\u00e9c\u00e9dent<\/span>\n\t\t\t\t\t\t<\/div>\n\t\t\t\t\t\t<div class=\"elementor-swiper-button elementor-swiper-button-next\">\n\t\t\t\t\t\t\t<i aria-hidden=\"true\" class=\"eicon-chevron-right\"><\/i>\t\t\t\t\t\t\t<span class=\"elementor-screen-only\">Suivant<\/span>\n\t\t\t\t\t\t<\/div>\n\t\t\t\t\t\t\t\t\t\t\t\t<\/div>\n\t\t<\/div>\n\t\t\t\t<\/div>\n\t\t\t\t<\/div>\n\t\t\t\t\t<\/div>\n\t\t<\/div>\n\t\t\t\t\t\t\t<\/div>\n\t\t<\/section>\n\t\t\t\t<section class=\"elementor-section elementor-top-section elementor-element elementor-element-ef1f49c elementor-section-boxed elementor-section-height-default elementor-section-height-default\" data-id=\"ef1f49c\" data-element_type=\"section\" data-settings=\"{&quot;jet_parallax_layout_list&quot;:[]}\">\n\t\t\t\t\t\t<div class=\"elementor-container elementor-column-gap-default\">\n\t\t\t\t\t<div class=\"elementor-column elementor-col-100 elementor-top-column elementor-element elementor-element-2f64f5e\" data-id=\"2f64f5e\" data-element_type=\"column\">\n\t\t\t<div class=\"elementor-widget-wrap elementor-element-populated\">\n\t\t\t\t\t\t\t\t<div class=\"elementor-element elementor-element-918b98a elementor-widget elementor-widget-heading\" data-id=\"918b98a\" data-element_type=\"widget\" data-widget_type=\"heading.default\">\n\t\t\t\t<div class=\"elementor-widget-container\">\n\t\t\t<h2 class=\"elementor-heading-title elementor-size-default\">Utiliser des rangements modulables pour adopter la m\u00e9thode KonMari<\/h2>\t\t<\/div>\n\t\t\t\t<\/div>\n\t\t\t\t\t<\/div>\n\t\t<\/div>\n\t\t\t\t\t\t\t<\/div>\n\t\t<\/section>\n\t\t\t\t<section class=\"elementor-section elementor-top-section elementor-element elementor-element-3ca67cf elementor-section-boxed elementor-section-height-default elementor-section-height-default\" data-id=\"3ca67cf\" data-element_type=\"section\" data-settings=\"{&quot;jet_parallax_layout_list&quot;:[]}\">\n\t\t\t\t\t\t<div class=\"elementor-container elementor-column-gap-default\">\n\t\t\t\t\t<div class=\"elementor-column elementor-col-100 elementor-top-column elementor-element elementor-element-d1302e1\" data-id=\"d1302e1\" data-element_type=\"column\">\n\t\t\t<div class=\"elementor-widget-wrap elementor-element-populated\">\n\t\t\t\t\t\t\t\t<div class=\"elementor-element elementor-element-f335443 elementor-widget elementor-widget-text-editor\" data-id=\"f335443\" data-element_type=\"widget\" data-widget_type=\"text-editor.default\">\n\t\t\t\t<div class=\"elementor-widget-container\">\n\t\t\t\t\t\t\t<p><span style=\"background-color: transparent; color: #000000; font-family: Inter, sans-serif; font-size: 12pt; white-space-collapse: preserve; letter-spacing: -0.8px;\">Les <b>rangements modulables<\/b> s\u2019adaptent \u00e0 vos besoins et \u00e0 l\u2019\u00e9volution de votre mode de vie. \u00c9tag\u00e8res ajustables, bo\u00eetes compartiment\u00e9es, paniers en tissu ou s\u00e9parateurs de tiroirs sont autant de solutions pratiques pour un rangement optimis\u00e9. Ces accessoires permettent de structurer l\u2019int\u00e9rieur des meubles et d\u2019\u00e9viter que les objets ne s\u2019entassent sans logique. Gr\u00e2ce \u00e0 eux, la <b>m\u00e9thode KonMari<\/b> devient plus facile \u00e0 maintenir au quotidien.<\/span><\/p>\t\t\t\t\t\t<\/div>\n\t\t\t\t<\/div>\n\t\t\t\t\t<\/div>\n\t\t<\/div>\n\t\t\t\t\t\t\t<\/div>\n\t\t<\/section>\n\t\t\t\t<section class=\"elementor-section elementor-top-section elementor-element elementor-element-649e944 elementor-section-boxed elementor-section-height-default elementor-section-height-default\" data-id=\"649e944\" data-element_type=\"section\" data-settings=\"{&quot;jet_parallax_layout_list&quot;:[]}\">\n\t\t\t\t\t\t<div class=\"elementor-container elementor-column-gap-default\">\n\t\t\t\t\t<div class=\"elementor-column elementor-col-100 elementor-top-column elementor-element elementor-element-42039d9\" data-id=\"42039d9\" data-element_type=\"column\">\n\t\t\t<div class=\"elementor-widget-wrap elementor-element-populated\">\n\t\t\t\t\t\t\t\t<div class=\"elementor-element elementor-element-01dd044 elementor-widget elementor-widget-heading\" data-id=\"01dd044\" data-element_type=\"widget\" data-widget_type=\"heading.default\">\n\t\t\t\t<div class=\"elementor-widget-container\">\n\t\t\t<h2 class=\"elementor-heading-title elementor-size-default\">Astuces KonMari pour optimiser vos meubles<\/h2>\t\t<\/div>\n\t\t\t\t<\/div>\n\t\t\t\t\t<\/div>\n\t\t<\/div>\n\t\t\t\t\t\t\t<\/div>\n\t\t<\/section>\n\t\t\t\t<section class=\"elementor-section elementor-top-section elementor-element elementor-element-7e2d1c8 elementor-section-boxed elementor-section-height-default elementor-section-height-default\" data-id=\"7e2d1c8\" data-element_type=\"section\" data-settings=\"{&quot;jet_parallax_layout_list&quot;:[]}\">\n\t\t\t\t\t\t<div class=\"elementor-container elementor-column-gap-default\">\n\t\t\t\t\t<div class=\"elementor-column elementor-col-100 elementor-top-column elementor-element elementor-element-da1abfe\" data-id=\"da1abfe\" data-element_type=\"column\">\n\t\t\t<div class=\"elementor-widget-wrap elementor-element-populated\">\n\t\t\t\t\t\t\t\t<div class=\"elementor-element elementor-element-46dba5c elementor-widget elementor-widget-text-editor\" data-id=\"46dba5c\" data-element_type=\"widget\" data-widget_type=\"text-editor.default\">\n\t\t\t\t<div class=\"elementor-widget-container\">\n\t\t\t\t\t\t\t<p><span style=\"background-color: transparent; color: #000000; font-family: Inter, sans-serif; font-size: 12pt; white-space-collapse: preserve; letter-spacing: -0.8px;\">Pour <b>maximiser l\u2019efficacit\u00e9 de vos meubles<\/b>, quelques astuces cl\u00e9s s\u2019imposent. Le rangement vertical dans les tiroirs permet de visualiser chaque v\u00eatement sans tout d\u00e9plier. Ranger par cat\u00e9gories dans un m\u00eame meuble facilite la m\u00e9morisation des emplacements. Laisser volontairement un espace libre de 20 \u00e0 30 % dans chaque meuble permet de conserver une impression de l\u00e9g\u00e8ret\u00e9 et \u00e9vite que le d\u00e9sordre ne revienne rapidement. Ces petites habitudes contribuent \u00e0 une organisation durable.<\/span><\/p>\t\t\t\t\t\t<\/div>\n\t\t\t\t<\/div>\n\t\t\t\t\t<\/div>\n\t\t<\/div>\n\t\t\t\t\t\t\t<\/div>\n\t\t<\/section>\n\t\t\t\t<section class=\"elementor-section elementor-top-section elementor-element elementor-element-2dab456 elementor-section-boxed elementor-section-height-default elementor-section-height-default\" data-id=\"2dab456\" data-element_type=\"section\" data-settings=\"{&quot;jet_parallax_layout_list&quot;:[]}\">\n\t\t\t\t\t\t<div class=\"elementor-container elementor-column-gap-default\">\n\t\t\t\t\t<div class=\"elementor-column elementor-col-100 elementor-top-column elementor-element elementor-element-ebd2bd0\" data-id=\"ebd2bd0\" data-element_type=\"column\">\n\t\t\t<div class=\"elementor-widget-wrap elementor-element-populated\">\n\t\t\t\t\t\t\t\t<div class=\"elementor-element elementor-element-d04a114 elementor-widget elementor-widget-image\" data-id=\"d04a114\" data-element_type=\"widget\" data-widget_type=\"image.default\">\n\t\t\t\t<div class=\"elementor-widget-container\">\n\t\t\t\t\t\t\t\t\t\t\t\t\t\t\t\t<a href=\"https:\/\/www.made-in-meubles.com\/armoire-2-portes-bois-de-manguier-folia-p-vill08\">\n\t\t\t\t\t\t\t<img width=\"1024\" height=\"1024\" src=\"https:\/\/www.made-in-meubles.com\/blog\/wp-content\/uploads\/2025\/11\/ChatGPT-Image-27-nov.-2025-15_46_27.jpg\" class=\"attachment-large size-large\" alt=\"\" srcset=\"https:\/\/www.made-in-meubles.com\/blog\/wp-content\/uploads\/2025\/11\/ChatGPT-Image-27-nov.-2025-15_46_27.jpg 1024w, https:\/\/www.made-in-meubles.com\/blog\/wp-content\/uploads\/2025\/11\/ChatGPT-Image-27-nov.-2025-15_46_27-300x300.jpg 300w, https:\/\/www.made-in-meubles.com\/blog\/wp-content\/uploads\/2025\/11\/ChatGPT-Image-27-nov.-2025-15_46_27-150x150.jpg 150w, https:\/\/www.made-in-meubles.com\/blog\/wp-content\/uploads\/2025\/11\/ChatGPT-Image-27-nov.-2025-15_46_27-768x768.jpg 768w\" sizes=\"(max-width: 1024px) 100vw, 1024px\" \/>\t\t\t\t\t\t\t\t<\/a>\n\t\t\t\t\t\t\t\t\t\t\t\t\t\t\t<\/div>\n\t\t\t\t<\/div>\n\t\t\t\t\t<\/div>\n\t\t<\/div>\n\t\t\t\t\t\t\t<\/div>\n\t\t<\/section>\n\t\t\t\t<section class=\"elementor-section elementor-top-section elementor-element elementor-element-f01e336 elementor-section-boxed elementor-section-height-default elementor-section-height-default\" data-id=\"f01e336\" data-element_type=\"section\" data-settings=\"{&quot;jet_parallax_layout_list&quot;:[]}\">\n\t\t\t\t\t\t<div class=\"elementor-container elementor-column-gap-default\">\n\t\t\t\t\t<div class=\"elementor-column elementor-col-100 elementor-top-column elementor-element elementor-element-53455f4\" data-id=\"53455f4\" data-element_type=\"column\">\n\t\t\t<div class=\"elementor-widget-wrap elementor-element-populated\">\n\t\t\t\t\t\t\t\t<div class=\"elementor-element elementor-element-263abd0 elementor-widget elementor-widget-text-editor\" data-id=\"263abd0\" data-element_type=\"widget\" data-widget_type=\"text-editor.default\">\n\t\t\t\t<div class=\"elementor-widget-container\">\n\t\t\t\t\t\t\t<p><span style=\"background-color: transparent; color: #000000; font-family: Inter, sans-serif; font-size: 12pt; white-space-collapse: preserve; letter-spacing: -0.8px;\">La <b>m\u00e9thode KonMari <\/b>est une v\u00e9ritable invitation \u00e0 trier, simplifier et r\u00e9inventer son int\u00e9rieur. Associ\u00e9e \u00e0 des meubles adapt\u00e9s, multifonctions, modulables, esth\u00e9tiques et \u00e9pur\u00e9s, elle permet de cr\u00e9er un espace harmonieux qui favorise le bien-\u00eatre. Gr\u00e2ce \u00e0 cette approche, chaque \u00e9l\u00e9ment de la maison devient porteur de sens et contribue \u00e0 un quotidien plus serein. D\u00e9couvrez dans notre dernier article <a href=\"https:\/\/www.made-in-meubles.com\/blog\/rangement-armoire-gain-de-place-top-10-astuces-pour-interieur\/\">des astuces pour ranger dans votre armoire.<\/a><\/span><\/p>\t\t\t\t\t\t<\/div>\n\t\t\t\t<\/div>\n\t\t\t\t\t<\/div>\n\t\t<\/div>\n\t\t\t\t\t\t\t<\/div>\n\t\t<\/section>\n\t\t\t\t\t\t\t<\/div>\n\t\t","protected":false},"excerpt":{"rendered":"<p>Qu&rsquo;est-ce que la m\u00e9thode KonMari ? La m\u00e9thode KonMari est une approche de rangement cr\u00e9\u00e9e par la c\u00e9l\u00e8bre consultante japonaise Marie Kondo. Elle repose sur un principe simple : ne garder que les objets qui procurent une v\u00e9ritable joie. Cette m\u00e9thode invite \u00e0 simplifier son int\u00e9rieur pour retrouver de la clart\u00e9 mentale et de la [&hellip;]<\/p>\n","protected":false},"author":32,"featured_media":18098,"comment_status":"open","ping_status":"open","sticky":false,"template":"","format":"standard","meta":[],"categories":[5],"tags":[69],"acf":[],"_links":{"self":[{"href":"https:\/\/www.made-in-meubles.com\/blog\/wp-json\/wp\/v2\/posts\/18007"}],"collection":[{"href":"https:\/\/www.made-in-meubles.com\/blog\/wp-json\/wp\/v2\/posts"}],"about":[{"href":"https:\/\/www.made-in-meubles.com\/blog\/wp-json\/wp\/v2\/types\/post"}],"author":[{"embeddable":true,"href":"https:\/\/www.made-in-meubles.com\/blog\/wp-json\/wp\/v2\/users\/32"}],"replies":[{"embeddable":true,"href":"https:\/\/www.made-in-meubles.com\/blog\/wp-json\/wp\/v2\/comments?post=18007"}],"version-history":[{"count":8,"href":"https:\/\/www.made-in-meubles.com\/blog\/wp-json\/wp\/v2\/posts\/18007\/revisions"}],"predecessor-version":[{"id":18101,"href":"https:\/\/www.made-in-meubles.com\/blog\/wp-json\/wp\/v2\/posts\/18007\/revisions\/18101"}],"wp:featuredmedia":[{"embeddable":true,"href":"https:\/\/www.made-in-meubles.com\/blog\/wp-json\/wp\/v2\/media\/18098"}],"wp:attachment":[{"href":"https:\/\/www.made-in-meubles.com\/blog\/wp-json\/wp\/v2\/media?parent=18007"}],"wp:term":[{"taxonomy":"category","embeddable":true,"href":"https:\/\/www.made-in-meubles.com\/blog\/wp-json\/wp\/v2\/categories?post=18007"},{"taxonomy":"post_tag","embeddable":true,"href":"https:\/\/www.made-in-meubles.com\/blog\/wp-json\/wp\/v2\/tags?post=18007"}],"curies":[{"name":"wp","href":"https:\/\/api.w.org\/{rel}","templated":true}]}}