{"id":18205,"date":"2026-01-28T15:05:26","date_gmt":"2026-01-28T14:05:26","guid":{"rendered":"https:\/\/www.made-in-meubles.com\/blog\/?p=18205"},"modified":"2026-04-15T14:46:02","modified_gmt":"2026-04-15T12:46:02","slug":"comment-choisir-un-canape-confortable-les-tips-2026","status":"publish","type":"post","link":"https:\/\/www.made-in-meubles.com\/blog\/comment-choisir-un-canape-confortable-les-tips-2026\/","title":{"rendered":"Comment choisir un canap\u00e9 confortable ? Les tips 2026 !"},"content":{"rendered":"\t\t<div data-elementor-type=\"wp-post\" data-elementor-id=\"18205\" class=\"elementor elementor-18205\">\n\t\t\t\t\t\t\t\t\t<section class=\"elementor-section elementor-top-section elementor-element elementor-element-db3be29 elementor-section-boxed elementor-section-height-default elementor-section-height-default\" data-id=\"db3be29\" data-element_type=\"section\" data-settings=\"{&quot;jet_parallax_layout_list&quot;:[]}\">\n\t\t\t\t\t\t<div class=\"elementor-container elementor-column-gap-default\">\n\t\t\t\t\t<div class=\"elementor-column elementor-col-100 elementor-top-column elementor-element elementor-element-dde1458\" data-id=\"dde1458\" data-element_type=\"column\">\n\t\t\t<div class=\"elementor-widget-wrap elementor-element-populated\">\n\t\t\t\t\t\t\t\t<div class=\"elementor-element elementor-element-cea8af9 elementor-widget elementor-widget-text-editor\" data-id=\"cea8af9\" data-element_type=\"widget\" data-widget_type=\"text-editor.default\">\n\t\t\t\t<div class=\"elementor-widget-container\">\n\t\t\t<style>\/*! elementor - v3.6.5 - 27-04-2022 *\/\n.elementor-widget-text-editor.elementor-drop-cap-view-stacked .elementor-drop-cap{background-color:#818a91;color:#fff}.elementor-widget-text-editor.elementor-drop-cap-view-framed .elementor-drop-cap{color:#818a91;border:3px solid;background-color:transparent}.elementor-widget-text-editor:not(.elementor-drop-cap-view-default) .elementor-drop-cap{margin-top:8px}.elementor-widget-text-editor:not(.elementor-drop-cap-view-default) .elementor-drop-cap-letter{width:1em;height:1em}.elementor-widget-text-editor .elementor-drop-cap{float:left;text-align:center;line-height:1;font-size:50px}.elementor-widget-text-editor .elementor-drop-cap-letter{display:inline-block}<\/style>\t\t\t\t<p><span style=\"background-color: transparent; color: #000000; font-family: Inter, sans-serif; font-size: 12pt; white-space-collapse: preserve; letter-spacing: -0.8px;\"><a href=\"https:\/\/www.made-in-meubles.com\/produits\/assise\/canape.html\">Le canap\u00e9<\/a> est la pi\u00e8ce ma\u00eetresse du salon. On s\u2019y d\u00e9tend apr\u00e8s une longue journ\u00e9e, on re\u00e7oit ses proches, on regarde des films et il arrive m\u00eame qu\u2019on y dorme. C\u2019est pourquoi il est essentiel de bien r\u00e9fl\u00e9chir avant l\u2019achat. Mais alors, <b>comment choisir un canap\u00e9 confortable<\/b> et adapt\u00e9 \u00e0 vos besoins ? Plusieurs crit\u00e8res entrent en jeu, notamment<b> l\u2019usage, le confort de l\u2019assise, le dossier, les mat\u00e9riaux et les dimensions<\/b>. Voici un guide complet pour vous aider \u00e0 faire le bon choix.<\/span><\/p>\t\t\t\t\t\t<\/div>\n\t\t\t\t<\/div>\n\t\t\t\t\t<\/div>\n\t\t<\/div>\n\t\t\t\t\t\t\t<\/div>\n\t\t<\/section>\n\t\t\t\t<section class=\"elementor-section elementor-top-section elementor-element elementor-element-5b2527f elementor-section-boxed elementor-section-height-default elementor-section-height-default\" data-id=\"5b2527f\" data-element_type=\"section\" data-settings=\"{&quot;jet_parallax_layout_list&quot;:[]}\">\n\t\t\t\t\t\t<div class=\"elementor-container elementor-column-gap-default\">\n\t\t\t\t\t<div class=\"elementor-column elementor-col-100 elementor-top-column elementor-element elementor-element-75c07e8\" data-id=\"75c07e8\" data-element_type=\"column\">\n\t\t\t<div class=\"elementor-widget-wrap elementor-element-populated\">\n\t\t\t\t\t\t\t\t<div class=\"elementor-element elementor-element-015c5c5 elementor-widget elementor-widget-heading\" data-id=\"015c5c5\" data-element_type=\"widget\" data-widget_type=\"heading.default\">\n\t\t\t\t<div class=\"elementor-widget-container\">\n\t\t\t<style>\/*! elementor - v3.6.5 - 27-04-2022 *\/\n.elementor-heading-title{padding:0;margin:0;line-height:1}.elementor-widget-heading .elementor-heading-title[class*=elementor-size-]>a{color:inherit;font-size:inherit;line-height:inherit}.elementor-widget-heading .elementor-heading-title.elementor-size-small{font-size:15px}.elementor-widget-heading .elementor-heading-title.elementor-size-medium{font-size:19px}.elementor-widget-heading .elementor-heading-title.elementor-size-large{font-size:29px}.elementor-widget-heading .elementor-heading-title.elementor-size-xl{font-size:39px}.elementor-widget-heading .elementor-heading-title.elementor-size-xxl{font-size:59px}<\/style><h2 class=\"elementor-heading-title elementor-size-default\">D\u00e9finir l'usage de votre canap\u00e9<\/h2>\t\t<\/div>\n\t\t\t\t<\/div>\n\t\t\t\t\t<\/div>\n\t\t<\/div>\n\t\t\t\t\t\t\t<\/div>\n\t\t<\/section>\n\t\t\t\t<section class=\"elementor-section elementor-top-section elementor-element elementor-element-d426bf2 elementor-section-boxed elementor-section-height-default elementor-section-height-default\" data-id=\"d426bf2\" data-element_type=\"section\" data-settings=\"{&quot;jet_parallax_layout_list&quot;:[]}\">\n\t\t\t\t\t\t<div class=\"elementor-container elementor-column-gap-default\">\n\t\t\t\t\t<div class=\"elementor-column elementor-col-100 elementor-top-column elementor-element elementor-element-985d261\" data-id=\"985d261\" data-element_type=\"column\">\n\t\t\t<div class=\"elementor-widget-wrap elementor-element-populated\">\n\t\t\t\t\t\t\t\t<div class=\"elementor-element elementor-element-edff414 elementor-widget elementor-widget-text-editor\" data-id=\"edff414\" data-element_type=\"widget\" data-widget_type=\"text-editor.default\">\n\t\t\t\t<div class=\"elementor-widget-container\">\n\t\t\t\t\t\t\t<p><span style=\"background-color: transparent; color: #000000; font-family: Inter, sans-serif; font-size: 12pt; white-space-collapse: preserve; letter-spacing: -0.8px;\">Avant de choisir <b>un canap\u00e9<\/b>, il est indispensable de d\u00e9terminer l\u2019usage que vo<b>us en ferez. Un canap\u00e9 utilis\u00e9 quotidiennement<\/b> par toute la famille ne demandera pas le m\u00eame niveau de confort et de r\u00e9sistance qu\u2019un canap\u00e9 d\u2019appoint destin\u00e9 \u00e0 un bureau ou une chambre d\u2019amis. Si<b> votre canap\u00e9 sert \u00e9galement de couchage, <\/b>notamment avec <b>un mod\u00e8le convertible<\/b>, le confort devra \u00eatre pens\u00e9 aussi bien pour l\u2019assise que pour le sommeil. Plus l\u2019utilisation est fr\u00e9quente, plus il est important d\u2019investir dans des mat\u00e9riaux de qualit\u00e9.<\/span><\/p>\t\t\t\t\t\t<\/div>\n\t\t\t\t<\/div>\n\t\t\t\t\t<\/div>\n\t\t<\/div>\n\t\t\t\t\t\t\t<\/div>\n\t\t<\/section>\n\t\t\t\t<section class=\"elementor-section elementor-top-section elementor-element elementor-element-1891ca9 elementor-section-boxed elementor-section-height-default elementor-section-height-default\" data-id=\"1891ca9\" data-element_type=\"section\" data-settings=\"{&quot;jet_parallax_layout_list&quot;:[]}\">\n\t\t\t\t\t\t<div class=\"elementor-container elementor-column-gap-default\">\n\t\t\t\t\t<div class=\"elementor-column elementor-col-100 elementor-top-column elementor-element elementor-element-3efaa8f\" data-id=\"3efaa8f\" data-element_type=\"column\">\n\t\t\t<div class=\"elementor-widget-wrap elementor-element-populated\">\n\t\t\t\t\t\t\t\t<div class=\"elementor-element elementor-element-a383690 elementor-widget elementor-widget-heading\" data-id=\"a383690\" data-element_type=\"widget\" data-widget_type=\"heading.default\">\n\t\t\t\t<div class=\"elementor-widget-container\">\n\t\t\t<h2 class=\"elementor-heading-title elementor-size-default\">Choisir une assise vraiment confortable<\/h2>\t\t<\/div>\n\t\t\t\t<\/div>\n\t\t\t\t\t<\/div>\n\t\t<\/div>\n\t\t\t\t\t\t\t<\/div>\n\t\t<\/section>\n\t\t\t\t<section class=\"elementor-section elementor-top-section elementor-element elementor-element-06fd421 elementor-section-boxed elementor-section-height-default elementor-section-height-default\" data-id=\"06fd421\" data-element_type=\"section\" data-settings=\"{&quot;jet_parallax_layout_list&quot;:[]}\">\n\t\t\t\t\t\t<div class=\"elementor-container elementor-column-gap-default\">\n\t\t\t\t\t<div class=\"elementor-column elementor-col-100 elementor-top-column elementor-element elementor-element-ad8c14d\" data-id=\"ad8c14d\" data-element_type=\"column\">\n\t\t\t<div class=\"elementor-widget-wrap elementor-element-populated\">\n\t\t\t\t\t\t\t\t<div class=\"elementor-element elementor-element-620a8f9 elementor-widget elementor-widget-text-editor\" data-id=\"620a8f9\" data-element_type=\"widget\" data-widget_type=\"text-editor.default\">\n\t\t\t\t<div class=\"elementor-widget-container\">\n\t\t\t\t\t\t\t<p><span style=\"background-color: transparent; color: #000000; font-family: Inter, sans-serif; font-size: 12pt; white-space-collapse: preserve; letter-spacing: -0.8px;\">L\u2019<b>assise<\/b> est l\u2019\u00e9l\u00e9ment central lorsqu\u2019on cherche \u00e0 comprendre <b>comment choisir un canap\u00e9 confortable<\/b>. La densit\u00e9 de la mousse joue un r\u00f4le essentiel dans la sensation de confort et dans la durabilit\u00e9 du canap\u00e9. Une densit\u00e9 comprise entre 30 et 35 kg\/m\u00b3 offre un confort ferme et un excellent maintien, id\u00e9al pour un usage quotidien. Une densit\u00e9 plus faible procure une sensation plus moelleuse mais peut s\u2019affaisser plus rapidement.<b> <\/b><\/span><span style=\"background-color: transparent; color: #000000; font-family: Inter, sans-serif; font-size: 12pt; white-space-collapse: preserve; letter-spacing: -0.8px;\"><b>La profondeur de l\u2019assise<\/b> est \u00e9galement d\u00e9terminante. <b>Une assise peu profonde<\/b> favorise une position droite, tandis qu\u2019une assise plus profonde est parfaite pour se d\u00e9tendre ou s\u2019allonger. Le meilleur conseil reste d\u2019essayer le canap\u00e9 en conditions r\u00e9elles afin de v\u00e9rifier s\u2019il correspond \u00e0 vos habitudes.<\/span><\/p>\t\t\t\t\t\t<\/div>\n\t\t\t\t<\/div>\n\t\t\t\t<div class=\"elementor-element elementor-element-d7dd663 elementor-widget elementor-widget-image\" data-id=\"d7dd663\" data-element_type=\"widget\" data-widget_type=\"image.default\">\n\t\t\t\t<div class=\"elementor-widget-container\">\n\t\t\t<style>\/*! elementor - v3.6.5 - 27-04-2022 *\/\n.elementor-widget-image{text-align:center}.elementor-widget-image a{display:inline-block}.elementor-widget-image a img[src$=\".svg\"]{width:48px}.elementor-widget-image img{vertical-align:middle;display:inline-block}<\/style>\t\t\t\t\t\t\t\t\t\t\t\t\t<a href=\"https:\/\/www.made-in-meubles.com\/canape-tissu-ecru-thea-p-lay19\">\n\t\t\t\t\t\t\t<img width=\"1024\" height=\"1024\" src=\"https:\/\/www.made-in-meubles.com\/blog\/wp-content\/uploads\/2025\/10\/lay19-amb-canape-biais-1024x1024.webp\" class=\"attachment-large size-large\" alt=\"\" srcset=\"https:\/\/www.made-in-meubles.com\/blog\/wp-content\/uploads\/2025\/10\/lay19-amb-canape-biais-1024x1024.webp 1024w, https:\/\/www.made-in-meubles.com\/blog\/wp-content\/uploads\/2025\/10\/lay19-amb-canape-biais-300x300.webp 300w, https:\/\/www.made-in-meubles.com\/blog\/wp-content\/uploads\/2025\/10\/lay19-amb-canape-biais-150x150.webp 150w, https:\/\/www.made-in-meubles.com\/blog\/wp-content\/uploads\/2025\/10\/lay19-amb-canape-biais-768x768.webp 768w, https:\/\/www.made-in-meubles.com\/blog\/wp-content\/uploads\/2025\/10\/lay19-amb-canape-biais.webp 1200w\" sizes=\"(max-width: 1024px) 100vw, 1024px\" \/>\t\t\t\t\t\t\t\t<\/a>\n\t\t\t\t\t\t\t\t\t\t\t\t\t\t\t<\/div>\n\t\t\t\t<\/div>\n\t\t\t\t\t<\/div>\n\t\t<\/div>\n\t\t\t\t\t\t\t<\/div>\n\t\t<\/section>\n\t\t\t\t<section class=\"elementor-section elementor-top-section elementor-element elementor-element-0fc1d42 elementor-section-boxed elementor-section-height-default elementor-section-height-default\" data-id=\"0fc1d42\" data-element_type=\"section\" data-settings=\"{&quot;jet_parallax_layout_list&quot;:[]}\">\n\t\t\t\t\t\t<div class=\"elementor-container elementor-column-gap-default\">\n\t\t\t\t\t<div class=\"elementor-column elementor-col-100 elementor-top-column elementor-element elementor-element-fa7424d\" data-id=\"fa7424d\" data-element_type=\"column\">\n\t\t\t<div class=\"elementor-widget-wrap elementor-element-populated\">\n\t\t\t\t\t\t\t\t<div class=\"elementor-element elementor-element-3371ad8 elementor-widget elementor-widget-heading\" data-id=\"3371ad8\" data-element_type=\"widget\" data-widget_type=\"heading.default\">\n\t\t\t\t<div class=\"elementor-widget-container\">\n\t\t\t<h2 class=\"elementor-heading-title elementor-size-default\">L'importance du dossier et des accoudoirs<\/h2>\t\t<\/div>\n\t\t\t\t<\/div>\n\t\t\t\t\t<\/div>\n\t\t<\/div>\n\t\t\t\t\t\t\t<\/div>\n\t\t<\/section>\n\t\t\t\t<section class=\"elementor-section elementor-top-section elementor-element elementor-element-09c9462 elementor-section-boxed elementor-section-height-default elementor-section-height-default\" data-id=\"09c9462\" data-element_type=\"section\" data-settings=\"{&quot;jet_parallax_layout_list&quot;:[]}\">\n\t\t\t\t\t\t<div class=\"elementor-container elementor-column-gap-default\">\n\t\t\t\t\t<div class=\"elementor-column elementor-col-100 elementor-top-column elementor-element elementor-element-831abef\" data-id=\"831abef\" data-element_type=\"column\">\n\t\t\t<div class=\"elementor-widget-wrap elementor-element-populated\">\n\t\t\t\t\t\t\t\t<div class=\"elementor-element elementor-element-8426ca1 elementor-widget elementor-widget-text-editor\" data-id=\"8426ca1\" data-element_type=\"widget\" data-widget_type=\"text-editor.default\">\n\t\t\t\t<div class=\"elementor-widget-container\">\n\t\t\t\t\t\t\t<p><span style=\"background-color: transparent; color: #000000; font-family: Inter, sans-serif; font-size: 12pt; white-space-collapse: preserve; letter-spacing: -0.8px;\"><b>Un canap\u00e9 confortable<\/b> ne se limite pas \u00e0 son assise. <b>Le dossier<\/b> joue un r\u00f4le cl\u00e9 dans le maintien du dos et de la nuque. Un dossier haut apporte un meilleur soutien, tandis qu\u2019un dossier compos\u00e9 de coussins permet d\u2019ajuster le confort selon vos pr\u00e9f\u00e9rences.<b> Les accoudoirs<\/b>, quant \u00e0 eux, participent au confort g\u00e9n\u00e9ral. Larges et bien rembourr\u00e9s, ils sont id\u00e9aux pour se d\u00e9tendre et adopter diff\u00e9rentes positions.<\/span><\/p>\t\t\t\t\t\t<\/div>\n\t\t\t\t<\/div>\n\t\t\t\t\t<\/div>\n\t\t<\/div>\n\t\t\t\t\t\t\t<\/div>\n\t\t<\/section>\n\t\t\t\t<section class=\"elementor-section elementor-top-section elementor-element elementor-element-5c3dacb elementor-section-boxed elementor-section-height-default elementor-section-height-default\" data-id=\"5c3dacb\" data-element_type=\"section\" data-settings=\"{&quot;jet_parallax_layout_list&quot;:[]}\">\n\t\t\t\t\t\t<div class=\"elementor-container elementor-column-gap-default\">\n\t\t\t\t\t<div class=\"elementor-column elementor-col-50 elementor-top-column elementor-element elementor-element-5386bf1\" data-id=\"5386bf1\" data-element_type=\"column\">\n\t\t\t<div class=\"elementor-widget-wrap elementor-element-populated\">\n\t\t\t\t\t\t\t\t<div class=\"elementor-element elementor-element-9b17c3e elementor-widget elementor-widget-image\" data-id=\"9b17c3e\" data-element_type=\"widget\" data-widget_type=\"image.default\">\n\t\t\t\t<div class=\"elementor-widget-container\">\n\t\t\t\t\t\t\t\t\t\t\t\t\t\t\t\t<a href=\"https:\/\/www.made-in-meubles.com\/canape-3-modules-en-tissu-bouclette-gris-calya-lot\">\n\t\t\t\t\t\t\t<img width=\"1024\" height=\"1024\" src=\"https:\/\/www.made-in-meubles.com\/blog\/wp-content\/uploads\/2026\/01\/Lay-101-1024x1024.jpeg\" class=\"attachment-large size-large\" alt=\"\" srcset=\"https:\/\/www.made-in-meubles.com\/blog\/wp-content\/uploads\/2026\/01\/Lay-101-1024x1024.jpeg 1024w, https:\/\/www.made-in-meubles.com\/blog\/wp-content\/uploads\/2026\/01\/Lay-101-300x300.jpeg 300w, https:\/\/www.made-in-meubles.com\/blog\/wp-content\/uploads\/2026\/01\/Lay-101-150x150.jpeg 150w, https:\/\/www.made-in-meubles.com\/blog\/wp-content\/uploads\/2026\/01\/Lay-101-768x768.jpeg 768w, https:\/\/www.made-in-meubles.com\/blog\/wp-content\/uploads\/2026\/01\/Lay-101.jpeg 1200w\" sizes=\"(max-width: 1024px) 100vw, 1024px\" \/>\t\t\t\t\t\t\t\t<\/a>\n\t\t\t\t\t\t\t\t\t\t\t\t\t\t\t<\/div>\n\t\t\t\t<\/div>\n\t\t\t\t\t<\/div>\n\t\t<\/div>\n\t\t\t\t<div class=\"elementor-column elementor-col-50 elementor-top-column elementor-element elementor-element-e1da77d\" data-id=\"e1da77d\" data-element_type=\"column\">\n\t\t\t<div class=\"elementor-widget-wrap elementor-element-populated\">\n\t\t\t\t\t\t\t\t<div class=\"elementor-element elementor-element-e0e4ba2 elementor-widget elementor-widget-image\" data-id=\"e0e4ba2\" data-element_type=\"widget\" data-widget_type=\"image.default\">\n\t\t\t\t<div class=\"elementor-widget-container\">\n\t\t\t\t\t\t\t\t\t\t\t\t\t\t\t<img width=\"1200\" height=\"1200\" src=\"https:\/\/www.made-in-meubles.com\/blog\/wp-content\/uploads\/2026\/01\/Lay-101-zoom.jpeg\" class=\"attachment-full size-full\" alt=\"\" srcset=\"https:\/\/www.made-in-meubles.com\/blog\/wp-content\/uploads\/2026\/01\/Lay-101-zoom.jpeg 1200w, https:\/\/www.made-in-meubles.com\/blog\/wp-content\/uploads\/2026\/01\/Lay-101-zoom-300x300.jpeg 300w, https:\/\/www.made-in-meubles.com\/blog\/wp-content\/uploads\/2026\/01\/Lay-101-zoom-1024x1024.jpeg 1024w, https:\/\/www.made-in-meubles.com\/blog\/wp-content\/uploads\/2026\/01\/Lay-101-zoom-150x150.jpeg 150w, https:\/\/www.made-in-meubles.com\/blog\/wp-content\/uploads\/2026\/01\/Lay-101-zoom-768x768.jpeg 768w\" sizes=\"(max-width: 1200px) 100vw, 1200px\" \/>\t\t\t\t\t\t\t\t\t\t\t\t\t\t\t<\/div>\n\t\t\t\t<\/div>\n\t\t\t\t\t<\/div>\n\t\t<\/div>\n\t\t\t\t\t\t\t<\/div>\n\t\t<\/section>\n\t\t\t\t<section class=\"elementor-section elementor-top-section elementor-element elementor-element-9c3890a elementor-section-boxed elementor-section-height-default elementor-section-height-default\" data-id=\"9c3890a\" data-element_type=\"section\" data-settings=\"{&quot;jet_parallax_layout_list&quot;:[]}\">\n\t\t\t\t\t\t<div class=\"elementor-container elementor-column-gap-default\">\n\t\t\t\t\t<div class=\"elementor-column elementor-col-100 elementor-top-column elementor-element elementor-element-492a5fb\" data-id=\"492a5fb\" data-element_type=\"column\">\n\t\t\t<div class=\"elementor-widget-wrap elementor-element-populated\">\n\t\t\t\t\t\t\t\t<div class=\"elementor-element elementor-element-b57006c elementor-widget elementor-widget-heading\" data-id=\"b57006c\" data-element_type=\"widget\" data-widget_type=\"heading.default\">\n\t\t\t\t<div class=\"elementor-widget-container\">\n\t\t\t<h2 class=\"elementor-heading-title elementor-size-default\">Quel rev\u00eatement choisir pour un confort optimal ?<\/h2>\t\t<\/div>\n\t\t\t\t<\/div>\n\t\t\t\t\t<\/div>\n\t\t<\/div>\n\t\t\t\t\t\t\t<\/div>\n\t\t<\/section>\n\t\t\t\t<section class=\"elementor-section elementor-top-section elementor-element elementor-element-a74cc9f elementor-section-boxed elementor-section-height-default elementor-section-height-default\" data-id=\"a74cc9f\" data-element_type=\"section\" data-settings=\"{&quot;jet_parallax_layout_list&quot;:[]}\">\n\t\t\t\t\t\t<div class=\"elementor-container elementor-column-gap-default\">\n\t\t\t\t\t<div class=\"elementor-column elementor-col-100 elementor-top-column elementor-element elementor-element-2a2ab91\" data-id=\"2a2ab91\" data-element_type=\"column\">\n\t\t\t<div class=\"elementor-widget-wrap elementor-element-populated\">\n\t\t\t\t\t\t\t\t<div class=\"elementor-element elementor-element-7e6099e elementor-widget elementor-widget-text-editor\" data-id=\"7e6099e\" data-element_type=\"widget\" data-widget_type=\"text-editor.default\">\n\t\t\t\t<div class=\"elementor-widget-container\">\n\t\t\t\t\t\t\t<p><span style=\"background-color: transparent; color: #000000; font-family: Inter, sans-serif; font-size: 12pt; white-space-collapse: preserve; letter-spacing: -0.8px;\"><b>Le rev\u00eatement<\/b> influence autant le confort que l\u2019entretien du canap\u00e9.<b> Le tissu <\/b>est tr\u00e8s appr\u00e9ci\u00e9 pour son aspect chaleureux, sa douceur et sa respirabilit\u00e9. Il offre \u00e9galement un large choix de couleurs et de textures.<b> Le cuir <\/b>s\u00e9duit par son \u00e9l\u00e9gance et sa durabilit\u00e9, tout en \u00e9tant facile \u00e0 nettoyer, m\u00eame s\u2019il peut \u00eatre plus sensible aux variations de temp\u00e9rature<b>. Le velours et la microfibre<\/b> sont particuli\u00e8rement confortables au toucher et conviennent parfaitement \u00e0 une ambiance cocooning.<\/span><\/p>\t\t\t\t\t\t<\/div>\n\t\t\t\t<\/div>\n\t\t\t\t\t<\/div>\n\t\t<\/div>\n\t\t\t\t\t\t\t<\/div>\n\t\t<\/section>\n\t\t\t\t<section class=\"elementor-section elementor-top-section elementor-element elementor-element-37c78ac elementor-section-boxed elementor-section-height-default elementor-section-height-default\" data-id=\"37c78ac\" data-element_type=\"section\" data-settings=\"{&quot;jet_parallax_layout_list&quot;:[]}\">\n\t\t\t\t\t\t<div class=\"elementor-container elementor-column-gap-default\">\n\t\t\t\t\t<div class=\"elementor-column elementor-col-50 elementor-top-column elementor-element elementor-element-2a3296c\" data-id=\"2a3296c\" data-element_type=\"column\">\n\t\t\t<div class=\"elementor-widget-wrap elementor-element-populated\">\n\t\t\t\t\t\t\t\t<div class=\"elementor-element elementor-element-0b5221a elementor-widget elementor-widget-image\" data-id=\"0b5221a\" data-element_type=\"widget\" data-widget_type=\"image.default\">\n\t\t\t\t<div class=\"elementor-widget-container\">\n\t\t\t\t\t\t\t\t\t\t\t\t\t\t\t\t<a href=\"https:\/\/www.made-in-meubles.com\/canape-tissu-vert-axel-p-lay37\">\n\t\t\t\t\t\t\t<img width=\"1024\" height=\"1024\" src=\"https:\/\/www.made-in-meubles.com\/blog\/wp-content\/uploads\/2026\/01\/LAY37-1024x1024.jpeg\" class=\"attachment-large size-large\" alt=\"\" srcset=\"https:\/\/www.made-in-meubles.com\/blog\/wp-content\/uploads\/2026\/01\/LAY37-1024x1024.jpeg 1024w, https:\/\/www.made-in-meubles.com\/blog\/wp-content\/uploads\/2026\/01\/LAY37-300x300.jpeg 300w, https:\/\/www.made-in-meubles.com\/blog\/wp-content\/uploads\/2026\/01\/LAY37-150x150.jpeg 150w, https:\/\/www.made-in-meubles.com\/blog\/wp-content\/uploads\/2026\/01\/LAY37-768x768.jpeg 768w, https:\/\/www.made-in-meubles.com\/blog\/wp-content\/uploads\/2026\/01\/LAY37.jpeg 1200w\" sizes=\"(max-width: 1024px) 100vw, 1024px\" \/>\t\t\t\t\t\t\t\t<\/a>\n\t\t\t\t\t\t\t\t\t\t\t\t\t\t\t<\/div>\n\t\t\t\t<\/div>\n\t\t\t\t\t<\/div>\n\t\t<\/div>\n\t\t\t\t<div class=\"elementor-column elementor-col-50 elementor-top-column elementor-element elementor-element-97151d1\" data-id=\"97151d1\" data-element_type=\"column\">\n\t\t\t<div class=\"elementor-widget-wrap elementor-element-populated\">\n\t\t\t\t\t\t\t\t<div class=\"elementor-element elementor-element-86323a2 elementor-widget elementor-widget-image\" data-id=\"86323a2\" data-element_type=\"widget\" data-widget_type=\"image.default\">\n\t\t\t\t<div class=\"elementor-widget-container\">\n\t\t\t\t\t\t\t\t\t\t\t\t\t\t\t<img width=\"512\" height=\"512\" src=\"https:\/\/www.made-in-meubles.com\/blog\/wp-content\/uploads\/2026\/01\/blog-article-Californien-1024-x-1024-px-512-x-512-px-1.jpg\" class=\"attachment-large size-large\" alt=\"\" srcset=\"https:\/\/www.made-in-meubles.com\/blog\/wp-content\/uploads\/2026\/01\/blog-article-Californien-1024-x-1024-px-512-x-512-px-1.jpg 512w, https:\/\/www.made-in-meubles.com\/blog\/wp-content\/uploads\/2026\/01\/blog-article-Californien-1024-x-1024-px-512-x-512-px-1-300x300.jpg 300w, https:\/\/www.made-in-meubles.com\/blog\/wp-content\/uploads\/2026\/01\/blog-article-Californien-1024-x-1024-px-512-x-512-px-1-150x150.jpg 150w\" sizes=\"(max-width: 512px) 100vw, 512px\" \/>\t\t\t\t\t\t\t\t\t\t\t\t\t\t\t<\/div>\n\t\t\t\t<\/div>\n\t\t\t\t\t<\/div>\n\t\t<\/div>\n\t\t\t\t\t\t\t<\/div>\n\t\t<\/section>\n\t\t\t\t<section class=\"elementor-section elementor-top-section elementor-element elementor-element-e964562 elementor-section-boxed elementor-section-height-default elementor-section-height-default\" data-id=\"e964562\" data-element_type=\"section\" data-settings=\"{&quot;jet_parallax_layout_list&quot;:[]}\">\n\t\t\t\t\t\t<div class=\"elementor-container elementor-column-gap-default\">\n\t\t\t\t\t<div class=\"elementor-column elementor-col-100 elementor-top-column elementor-element elementor-element-41a18b9\" data-id=\"41a18b9\" data-element_type=\"column\">\n\t\t\t<div class=\"elementor-widget-wrap elementor-element-populated\">\n\t\t\t\t\t\t\t\t<div class=\"elementor-element elementor-element-6bf2ff8 elementor-widget elementor-widget-heading\" data-id=\"6bf2ff8\" data-element_type=\"widget\" data-widget_type=\"heading.default\">\n\t\t\t\t<div class=\"elementor-widget-container\">\n\t\t\t<h2 class=\"elementor-heading-title elementor-size-default\">Adapter la taille du canap\u00e9 \u00e0 votre espace<\/h2>\t\t<\/div>\n\t\t\t\t<\/div>\n\t\t\t\t\t<\/div>\n\t\t<\/div>\n\t\t\t\t\t\t\t<\/div>\n\t\t<\/section>\n\t\t\t\t<section class=\"elementor-section elementor-top-section elementor-element elementor-element-c364a0f elementor-section-boxed elementor-section-height-default elementor-section-height-default\" data-id=\"c364a0f\" data-element_type=\"section\" data-settings=\"{&quot;jet_parallax_layout_list&quot;:[]}\">\n\t\t\t\t\t\t<div class=\"elementor-container elementor-column-gap-default\">\n\t\t\t\t\t<div class=\"elementor-column elementor-col-100 elementor-top-column elementor-element elementor-element-df218cd\" data-id=\"df218cd\" data-element_type=\"column\">\n\t\t\t<div class=\"elementor-widget-wrap elementor-element-populated\">\n\t\t\t\t\t\t\t\t<div class=\"elementor-element elementor-element-2d6cfe6 elementor-widget elementor-widget-text-editor\" data-id=\"2d6cfe6\" data-element_type=\"widget\" data-widget_type=\"text-editor.default\">\n\t\t\t\t<div class=\"elementor-widget-container\">\n\t\t\t\t\t\t\t<p><span style=\"background-color: transparent; color: #000000; font-family: Inter, sans-serif; font-size: 12pt; white-space-collapse: preserve; letter-spacing: -0.8px;\"><b>Un canap\u00e9 confortable<\/b> est aussi un canap\u00e9 bien proportionn\u00e9 \u00e0 la pi\u00e8ce dans laquelle il se trouve. <b>Un mod\u00e8le trop grand<\/b> peut encombrer l\u2019espace et nuire \u00e0 la circulation, tandis <b>qu\u2019un canap\u00e9 trop petit <\/b>peut sembler peu accueillant. Il est donc important de mesurer pr\u00e9cis\u00e9ment votre salon et de choisir un mod\u00e8le adapt\u00e9, qu\u2019il s\u2019agisse d\u2019un <b>canap\u00e9 droit, d\u2019<a href=\"https:\/\/www.made-in-meubles.com\/produits\/assise\/canape\/canape-d-angle.html\">un canap\u00e9 d\u2019angle<\/a> ou d\u2019<a href=\"https:\/\/www.made-in-meubles.com\/canape-3-modules-en-tissu-bouclette-gris-calya-lot\">un canap\u00e9 modulable<\/a><\/b> offrant plus de flexibilit\u00e9.<\/span><\/p>\t\t\t\t\t\t<\/div>\n\t\t\t\t<\/div>\n\t\t\t\t<div class=\"elementor-element elementor-element-9fe24ea elementor-aspect-ratio-169 elementor-widget elementor-widget-video\" data-id=\"9fe24ea\" data-element_type=\"widget\" data-settings=\"{&quot;video_type&quot;:&quot;hosted&quot;,&quot;autoplay&quot;:&quot;yes&quot;,&quot;play_on_mobile&quot;:&quot;yes&quot;,&quot;mute&quot;:&quot;yes&quot;,&quot;loop&quot;:&quot;yes&quot;,&quot;aspect_ratio&quot;:&quot;169&quot;}\" data-widget_type=\"video.default\">\n\t\t\t\t<div class=\"elementor-widget-container\">\n\t\t\t<style>\/*! elementor - v3.6.5 - 27-04-2022 *\/\n.elementor-widget-video .elementor-widget-container{overflow:hidden;-webkit-transform:translateZ(0);transform:translateZ(0)}.elementor-widget-video .elementor-open-inline .elementor-custom-embed-image-overlay{position:absolute;top:0;left:0;width:100%;height:100%;background-size:cover;background-position:50%}.elementor-widget-video .elementor-custom-embed-image-overlay{cursor:pointer;text-align:center}.elementor-widget-video .elementor-custom-embed-image-overlay:hover .elementor-custom-embed-play i{opacity:1}.elementor-widget-video .elementor-custom-embed-image-overlay img{display:block;width:100%}.elementor-widget-video .e-hosted-video .elementor-video{-o-object-fit:cover;object-fit:cover}<\/style>\t\t<div class=\"e-hosted-video elementor-wrapper elementor-fit-aspect-ratio elementor-open-inline\">\n\t\t\t\t\t<video class=\"elementor-video\" src=\"https:\/\/www.made-in-meubles.com\/blog\/wp-content\/uploads\/2025\/10\/LAY-101_canape_ambiance_paysage.mp4\" autoplay=\"\" loop=\"\" muted=\"muted\" playsinline=\"\" controlsList=\"nodownload\"><\/video>\n\t\t\t\t<\/div>\n\t\t\t\t<\/div>\n\t\t\t\t<\/div>\n\t\t\t\t\t<\/div>\n\t\t<\/div>\n\t\t\t\t\t\t\t<\/div>\n\t\t<\/section>\n\t\t\t\t<section class=\"elementor-section elementor-top-section elementor-element elementor-element-d96d63f elementor-section-boxed elementor-section-height-default elementor-section-height-default\" data-id=\"d96d63f\" data-element_type=\"section\" data-settings=\"{&quot;jet_parallax_layout_list&quot;:[]}\">\n\t\t\t\t\t\t<div class=\"elementor-container elementor-column-gap-default\">\n\t\t\t\t\t<div class=\"elementor-column elementor-col-100 elementor-top-column elementor-element elementor-element-1f7e6f3\" data-id=\"1f7e6f3\" data-element_type=\"column\">\n\t\t\t<div class=\"elementor-widget-wrap elementor-element-populated\">\n\t\t\t\t\t\t\t\t<div class=\"elementor-element elementor-element-5fb35d3 elementor-widget elementor-widget-heading\" data-id=\"5fb35d3\" data-element_type=\"widget\" data-widget_type=\"heading.default\">\n\t\t\t\t<div class=\"elementor-widget-container\">\n\t\t\t<h2 class=\"elementor-heading-title elementor-size-default\">Tenir compte de votre morphologie<\/h2>\t\t<\/div>\n\t\t\t\t<\/div>\n\t\t\t\t\t<\/div>\n\t\t<\/div>\n\t\t\t\t\t\t\t<\/div>\n\t\t<\/section>\n\t\t\t\t<section class=\"elementor-section elementor-top-section elementor-element elementor-element-681357e elementor-section-boxed elementor-section-height-default elementor-section-height-default\" data-id=\"681357e\" data-element_type=\"section\" data-settings=\"{&quot;jet_parallax_layout_list&quot;:[]}\">\n\t\t\t\t\t\t<div class=\"elementor-container elementor-column-gap-default\">\n\t\t\t\t\t<div class=\"elementor-column elementor-col-100 elementor-top-column elementor-element elementor-element-f4529d0\" data-id=\"f4529d0\" data-element_type=\"column\">\n\t\t\t<div class=\"elementor-widget-wrap elementor-element-populated\">\n\t\t\t\t\t\t\t\t<div class=\"elementor-element elementor-element-bc85a24 elementor-widget elementor-widget-text-editor\" data-id=\"bc85a24\" data-element_type=\"widget\" data-widget_type=\"text-editor.default\">\n\t\t\t\t<div class=\"elementor-widget-container\">\n\t\t\t\t\t\t\t<p><span style=\"background-color: transparent; color: #000000; font-family: Inter, sans-serif; font-size: 12pt; white-space-collapse: preserve; letter-spacing: -0.8px;\"><b>Le confort d\u2019un canap\u00e9 <\/b>d\u00e9pend \u00e9galement de votre <b>morphologie<\/b>. Une personne de grande taille sera plus \u00e0 l\u2019aise avec une assise profonde et un dossier haut, tandis qu\u2019une personne plus petite privil\u00e9giera une assise moins profonde afin de garder les pieds bien pos\u00e9s au sol.<b> Le confort \u00e9tant tr\u00e8s personnel<\/b>, il est toujours recommand\u00e9 de tester le canap\u00e9 avant de l\u2019acheter.<\/span><\/p>\t\t\t\t\t\t<\/div>\n\t\t\t\t<\/div>\n\t\t\t\t\t<\/div>\n\t\t<\/div>\n\t\t\t\t\t\t\t<\/div>\n\t\t<\/section>\n\t\t\t\t<section class=\"elementor-section elementor-top-section elementor-element elementor-element-40f5a87 elementor-section-boxed elementor-section-height-default elementor-section-height-default\" data-id=\"40f5a87\" data-element_type=\"section\" data-settings=\"{&quot;jet_parallax_layout_list&quot;:[]}\">\n\t\t\t\t\t\t<div class=\"elementor-container elementor-column-gap-default\">\n\t\t\t\t\t<div class=\"elementor-column elementor-col-100 elementor-top-column elementor-element elementor-element-1466bf7\" data-id=\"1466bf7\" data-element_type=\"column\">\n\t\t\t<div class=\"elementor-widget-wrap elementor-element-populated\">\n\t\t\t\t\t\t\t\t<div class=\"elementor-element elementor-element-9950619 elementor-widget elementor-widget-heading\" data-id=\"9950619\" data-element_type=\"widget\" data-widget_type=\"heading.default\">\n\t\t\t\t<div class=\"elementor-widget-container\">\n\t\t\t<h2 class=\"elementor-heading-title elementor-size-default\">Trouver son \u00e9quilibre entre design et confort<\/h2>\t\t<\/div>\n\t\t\t\t<\/div>\n\t\t\t\t\t<\/div>\n\t\t<\/div>\n\t\t\t\t\t\t\t<\/div>\n\t\t<\/section>\n\t\t\t\t<section class=\"elementor-section elementor-top-section elementor-element elementor-element-5c3d3b9 elementor-section-boxed elementor-section-height-default elementor-section-height-default\" data-id=\"5c3d3b9\" data-element_type=\"section\" data-settings=\"{&quot;jet_parallax_layout_list&quot;:[]}\">\n\t\t\t\t\t\t<div class=\"elementor-container elementor-column-gap-default\">\n\t\t\t\t\t<div class=\"elementor-column elementor-col-100 elementor-top-column elementor-element elementor-element-48715b9\" data-id=\"48715b9\" data-element_type=\"column\">\n\t\t\t<div class=\"elementor-widget-wrap elementor-element-populated\">\n\t\t\t\t\t\t\t\t<div class=\"elementor-element elementor-element-3e4aa65 elementor-widget elementor-widget-text-editor\" data-id=\"3e4aa65\" data-element_type=\"widget\" data-widget_type=\"text-editor.default\">\n\t\t\t\t<div class=\"elementor-widget-container\">\n\t\t\t\t\t\t\t<p><span style=\"background-color: transparent; color: #000000; font-family: Inter, sans-serif; font-size: 12pt; white-space-collapse: preserve; letter-spacing: -0.8px;\">Le design est un crit\u00e8re important, mais il ne doit jamais prendre le pas sur le confort. Un canap\u00e9 ergonomique, dot\u00e9 de coussins g\u00e9n\u00e9reux et d\u2019une structure solide, offrira un meilleur maintien sur le long terme. L\u2019id\u00e9al est de trouver un mod\u00e8le qui allie esth\u00e9tique et confort afin de cr\u00e9er un salon \u00e0 la fois \u00e9l\u00e9gant et agr\u00e9able \u00e0 vivre.<\/span><\/p>\t\t\t\t\t\t<\/div>\n\t\t\t\t<\/div>\n\t\t\t\t\t<\/div>\n\t\t<\/div>\n\t\t\t\t\t\t\t<\/div>\n\t\t<\/section>\n\t\t\t\t<section class=\"elementor-section elementor-top-section elementor-element elementor-element-dcf9cea elementor-section-boxed elementor-section-height-default elementor-section-height-default\" data-id=\"dcf9cea\" data-element_type=\"section\" data-settings=\"{&quot;jet_parallax_layout_list&quot;:[]}\">\n\t\t\t\t\t\t<div class=\"elementor-container elementor-column-gap-default\">\n\t\t\t\t\t<div class=\"elementor-column elementor-col-50 elementor-top-column elementor-element elementor-element-f0b3235\" data-id=\"f0b3235\" data-element_type=\"column\">\n\t\t\t<div class=\"elementor-widget-wrap elementor-element-populated\">\n\t\t\t\t\t\t\t\t<div class=\"elementor-element elementor-element-7f51894 elementor-widget elementor-widget-image\" data-id=\"7f51894\" data-element_type=\"widget\" data-widget_type=\"image.default\">\n\t\t\t\t<div class=\"elementor-widget-container\">\n\t\t\t\t\t\t\t\t\t\t\t\t\t\t\t<img width=\"1024\" height=\"1024\" src=\"https:\/\/www.made-in-meubles.com\/blog\/wp-content\/uploads\/2025\/12\/freepik__the-style-is-candid-image-photography-with-natural__18047-1024x1024.jpeg\" class=\"attachment-large size-large\" alt=\"\" srcset=\"https:\/\/www.made-in-meubles.com\/blog\/wp-content\/uploads\/2025\/12\/freepik__the-style-is-candid-image-photography-with-natural__18047-1024x1024.jpeg 1024w, https:\/\/www.made-in-meubles.com\/blog\/wp-content\/uploads\/2025\/12\/freepik__the-style-is-candid-image-photography-with-natural__18047-300x300.jpeg 300w, https:\/\/www.made-in-meubles.com\/blog\/wp-content\/uploads\/2025\/12\/freepik__the-style-is-candid-image-photography-with-natural__18047-150x150.jpeg 150w, https:\/\/www.made-in-meubles.com\/blog\/wp-content\/uploads\/2025\/12\/freepik__the-style-is-candid-image-photography-with-natural__18047-768x768.jpeg 768w, https:\/\/www.made-in-meubles.com\/blog\/wp-content\/uploads\/2025\/12\/freepik__the-style-is-candid-image-photography-with-natural__18047.jpeg 1200w\" sizes=\"(max-width: 1024px) 100vw, 1024px\" \/>\t\t\t\t\t\t\t\t\t\t\t\t\t\t\t<\/div>\n\t\t\t\t<\/div>\n\t\t\t\t\t<\/div>\n\t\t<\/div>\n\t\t\t\t<div class=\"elementor-column elementor-col-50 elementor-top-column elementor-element elementor-element-f22e1bb\" data-id=\"f22e1bb\" data-element_type=\"column\">\n\t\t\t<div class=\"elementor-widget-wrap elementor-element-populated\">\n\t\t\t\t\t\t\t\t<div class=\"elementor-element elementor-element-72e49d8 elementor-widget elementor-widget-image\" data-id=\"72e49d8\" data-element_type=\"widget\" data-widget_type=\"image.default\">\n\t\t\t\t<div class=\"elementor-widget-container\">\n\t\t\t\t\t\t\t\t\t\t\t\t\t\t\t<img width=\"1024\" height=\"1024\" src=\"https:\/\/www.made-in-meubles.com\/blog\/wp-content\/uploads\/2025\/12\/freepik__ultrarealistic-closeup-shot-of-the-same-dark-grey-__18048-1024x1024.png\" class=\"attachment-large size-large\" alt=\"\" srcset=\"https:\/\/www.made-in-meubles.com\/blog\/wp-content\/uploads\/2025\/12\/freepik__ultrarealistic-closeup-shot-of-the-same-dark-grey-__18048-1024x1024.png 1024w, https:\/\/www.made-in-meubles.com\/blog\/wp-content\/uploads\/2025\/12\/freepik__ultrarealistic-closeup-shot-of-the-same-dark-grey-__18048-300x300.png 300w, https:\/\/www.made-in-meubles.com\/blog\/wp-content\/uploads\/2025\/12\/freepik__ultrarealistic-closeup-shot-of-the-same-dark-grey-__18048-150x150.png 150w, https:\/\/www.made-in-meubles.com\/blog\/wp-content\/uploads\/2025\/12\/freepik__ultrarealistic-closeup-shot-of-the-same-dark-grey-__18048-768x768.png 768w, https:\/\/www.made-in-meubles.com\/blog\/wp-content\/uploads\/2025\/12\/freepik__ultrarealistic-closeup-shot-of-the-same-dark-grey-__18048.png 1200w\" sizes=\"(max-width: 1024px) 100vw, 1024px\" \/>\t\t\t\t\t\t\t\t\t\t\t\t\t\t\t<\/div>\n\t\t\t\t<\/div>\n\t\t\t\t\t<\/div>\n\t\t<\/div>\n\t\t\t\t\t\t\t<\/div>\n\t\t<\/section>\n\t\t\t\t<section class=\"elementor-section elementor-top-section elementor-element elementor-element-73ecc96 elementor-section-boxed elementor-section-height-default elementor-section-height-default\" data-id=\"73ecc96\" data-element_type=\"section\" data-settings=\"{&quot;jet_parallax_layout_list&quot;:[]}\">\n\t\t\t\t\t\t<div class=\"elementor-container elementor-column-gap-default\">\n\t\t\t\t\t<div class=\"elementor-column elementor-col-100 elementor-top-column elementor-element elementor-element-3eb3b13\" data-id=\"3eb3b13\" data-element_type=\"column\">\n\t\t\t<div class=\"elementor-widget-wrap elementor-element-populated\">\n\t\t\t\t\t\t\t\t<div class=\"elementor-element elementor-element-3b6af8e elementor-widget-divider--view-line elementor-widget elementor-widget-divider\" data-id=\"3b6af8e\" data-element_type=\"widget\" data-widget_type=\"divider.default\">\n\t\t\t\t<div class=\"elementor-widget-container\">\n\t\t\t<style>\/*! elementor - v3.6.5 - 27-04-2022 *\/\n.elementor-widget-divider{--divider-border-style:none;--divider-border-width:1px;--divider-color:#2c2c2c;--divider-icon-size:20px;--divider-element-spacing:10px;--divider-pattern-height:24px;--divider-pattern-size:20px;--divider-pattern-url:none;--divider-pattern-repeat:repeat-x}.elementor-widget-divider .elementor-divider{display:-webkit-box;display:-ms-flexbox;display:flex}.elementor-widget-divider .elementor-divider__text{font-size:15px;line-height:1;max-width:95%}.elementor-widget-divider .elementor-divider__element{margin:0 var(--divider-element-spacing);-ms-flex-negative:0;flex-shrink:0}.elementor-widget-divider .elementor-icon{font-size:var(--divider-icon-size)}.elementor-widget-divider .elementor-divider-separator{display:-webkit-box;display:-ms-flexbox;display:flex;margin:0;direction:ltr}.elementor-widget-divider--view-line_icon .elementor-divider-separator,.elementor-widget-divider--view-line_text .elementor-divider-separator{-webkit-box-align:center;-ms-flex-align:center;align-items:center}.elementor-widget-divider--view-line_icon .elementor-divider-separator:after,.elementor-widget-divider--view-line_icon .elementor-divider-separator:before,.elementor-widget-divider--view-line_text .elementor-divider-separator:after,.elementor-widget-divider--view-line_text .elementor-divider-separator:before{display:block;content:\"\";border-bottom:0;-webkit-box-flex:1;-ms-flex-positive:1;flex-grow:1;border-top:var(--divider-border-width) var(--divider-border-style) var(--divider-color)}.elementor-widget-divider--element-align-left .elementor-divider .elementor-divider-separator>.elementor-divider__svg:first-of-type{-webkit-box-flex:0;-ms-flex-positive:0;flex-grow:0;-ms-flex-negative:100;flex-shrink:100}.elementor-widget-divider--element-align-left .elementor-divider-separator:before{content:none}.elementor-widget-divider--element-align-left .elementor-divider__element{margin-left:0}.elementor-widget-divider--element-align-right .elementor-divider .elementor-divider-separator>.elementor-divider__svg:last-of-type{-webkit-box-flex:0;-ms-flex-positive:0;flex-grow:0;-ms-flex-negative:100;flex-shrink:100}.elementor-widget-divider--element-align-right .elementor-divider-separator:after{content:none}.elementor-widget-divider--element-align-right .elementor-divider__element{margin-right:0}.elementor-widget-divider:not(.elementor-widget-divider--view-line_text):not(.elementor-widget-divider--view-line_icon) .elementor-divider-separator{border-top:var(--divider-border-width) var(--divider-border-style) var(--divider-color)}.elementor-widget-divider--separator-type-pattern{--divider-border-style:none}.elementor-widget-divider--separator-type-pattern.elementor-widget-divider--view-line .elementor-divider-separator,.elementor-widget-divider--separator-type-pattern:not(.elementor-widget-divider--view-line) .elementor-divider-separator:after,.elementor-widget-divider--separator-type-pattern:not(.elementor-widget-divider--view-line) .elementor-divider-separator:before,.elementor-widget-divider--separator-type-pattern:not([class*=elementor-widget-divider--view]) .elementor-divider-separator{width:100%;min-height:var(--divider-pattern-height);-webkit-mask-size:var(--divider-pattern-size) 100%;mask-size:var(--divider-pattern-size) 100%;-webkit-mask-repeat:var(--divider-pattern-repeat);mask-repeat:var(--divider-pattern-repeat);background-color:var(--divider-color);-webkit-mask-image:var(--divider-pattern-url);mask-image:var(--divider-pattern-url)}.elementor-widget-divider--no-spacing{--divider-pattern-size:auto}.elementor-widget-divider--bg-round{--divider-pattern-repeat:round}.rtl .elementor-widget-divider .elementor-divider__text{direction:rtl}<\/style>\t\t<div class=\"elementor-divider\">\n\t\t\t<span class=\"elementor-divider-separator\">\n\t\t\t\t\t\t<\/span>\n\t\t<\/div>\n\t\t\t\t<\/div>\n\t\t\t\t<\/div>\n\t\t\t\t\t<\/div>\n\t\t<\/div>\n\t\t\t\t\t\t\t<\/div>\n\t\t<\/section>\n\t\t\t\t<section class=\"elementor-section elementor-top-section elementor-element elementor-element-5fd4a01 elementor-section-boxed elementor-section-height-default elementor-section-height-default\" data-id=\"5fd4a01\" data-element_type=\"section\" data-settings=\"{&quot;jet_parallax_layout_list&quot;:[]}\">\n\t\t\t\t\t\t<div class=\"elementor-container elementor-column-gap-default\">\n\t\t\t\t\t<div class=\"elementor-column elementor-col-100 elementor-top-column elementor-element elementor-element-ca910e9\" data-id=\"ca910e9\" data-element_type=\"column\">\n\t\t\t<div class=\"elementor-widget-wrap elementor-element-populated\">\n\t\t\t\t\t\t\t\t<div class=\"elementor-element elementor-element-fc7dd2d elementor-widget elementor-widget-text-editor\" data-id=\"fc7dd2d\" data-element_type=\"widget\" data-widget_type=\"text-editor.default\">\n\t\t\t\t<div class=\"elementor-widget-container\">\n\t\t\t\t\t\t\t<p><span style=\"background-color: transparent; color: #000000; font-family: Inter, sans-serif; font-size: 12pt; white-space-collapse: preserve; letter-spacing: -0.8px;\">En d\u00e9finitive, savoir <b>comment choisir un canap\u00e9 confortable<\/b> repose sur plusieurs \u00e9l\u00e9ments essentiels. L<b>\u2019usage pr\u00e9vu, la qualit\u00e9 de l\u2019assise, le soutien du dossier, le choix du rev\u00eatement et les dimensions<\/b> adapt\u00e9es \u00e0 votre espace sont autant de crit\u00e8res \u00e0 prendre en compte. En analysant attentivement ces points, vous pourrez investir dans un canap\u00e9 durable et r\u00e9ellement confortable, qui vous accompagnera pendant de nombreuses ann\u00e9es. D\u00e9couvrez notre dernier article sur <a href=\"https:\/\/www.made-in-meubles.com\/blog\/canape-tendance-les-styles-incontournables-de-lannee\/\">Les canap\u00e9s tendance 2026 : Les styles incontournables de l&rsquo;ann\u00e9e<\/a>. <\/span><\/p>\t\t\t\t\t\t<\/div>\n\t\t\t\t<\/div>\n\t\t\t\t\t<\/div>\n\t\t<\/div>\n\t\t\t\t\t\t\t<\/div>\n\t\t<\/section>\n\t\t\t\t\t\t\t<\/div>\n\t\t","protected":false},"excerpt":{"rendered":"<p>Le canap\u00e9 est la pi\u00e8ce ma\u00eetresse du salon. On s\u2019y d\u00e9tend apr\u00e8s une longue journ\u00e9e, on re\u00e7oit ses proches, on regarde des films et il arrive m\u00eame qu\u2019on y dorme. C\u2019est pourquoi il est essentiel de bien r\u00e9fl\u00e9chir avant l\u2019achat. Mais alors, comment choisir un canap\u00e9 confortable et adapt\u00e9 \u00e0 vos besoins ? Plusieurs crit\u00e8res [&hellip;]<\/p>\n","protected":false},"author":32,"featured_media":18212,"comment_status":"open","ping_status":"open","sticky":false,"template":"","format":"standard","meta":[],"categories":[5],"tags":[68],"acf":[],"_links":{"self":[{"href":"https:\/\/www.made-in-meubles.com\/blog\/wp-json\/wp\/v2\/posts\/18205"}],"collection":[{"href":"https:\/\/www.made-in-meubles.com\/blog\/wp-json\/wp\/v2\/posts"}],"about":[{"href":"https:\/\/www.made-in-meubles.com\/blog\/wp-json\/wp\/v2\/types\/post"}],"author":[{"embeddable":true,"href":"https:\/\/www.made-in-meubles.com\/blog\/wp-json\/wp\/v2\/users\/32"}],"replies":[{"embeddable":true,"href":"https:\/\/www.made-in-meubles.com\/blog\/wp-json\/wp\/v2\/comments?post=18205"}],"version-history":[{"count":13,"href":"https:\/\/www.made-in-meubles.com\/blog\/wp-json\/wp\/v2\/posts\/18205\/revisions"}],"predecessor-version":[{"id":18729,"href":"https:\/\/www.made-in-meubles.com\/blog\/wp-json\/wp\/v2\/posts\/18205\/revisions\/18729"}],"wp:featuredmedia":[{"embeddable":true,"href":"https:\/\/www.made-in-meubles.com\/blog\/wp-json\/wp\/v2\/media\/18212"}],"wp:attachment":[{"href":"https:\/\/www.made-in-meubles.com\/blog\/wp-json\/wp\/v2\/media?parent=18205"}],"wp:term":[{"taxonomy":"category","embeddable":true,"href":"https:\/\/www.made-in-meubles.com\/blog\/wp-json\/wp\/v2\/categories?post=18205"},{"taxonomy":"post_tag","embeddable":true,"href":"https:\/\/www.made-in-meubles.com\/blog\/wp-json\/wp\/v2\/tags?post=18205"}],"curies":[{"name":"wp","href":"https:\/\/api.w.org\/{rel}","templated":true}]}}