{"id":18277,"date":"2026-02-26T11:36:06","date_gmt":"2026-02-26T10:36:06","guid":{"rendered":"https:\/\/www.made-in-meubles.com\/blog\/?p=18277"},"modified":"2026-03-06T10:44:45","modified_gmt":"2026-03-06T09:44:45","slug":"amenager-espace-coworking","status":"publish","type":"post","link":"https:\/\/www.made-in-meubles.com\/blog\/amenager-espace-coworking\/","title":{"rendered":"Am\u00e9nager un espace coworking : guide &#038; mobilier | Made in Meubles"},"content":{"rendered":"\t\t<div data-elementor-type=\"wp-post\" data-elementor-id=\"18277\" class=\"elementor elementor-18277\">\n\t\t\t\t\t\t\t\t\t<section class=\"elementor-section elementor-top-section elementor-element elementor-element-2e84507 elementor-section-boxed elementor-section-height-default elementor-section-height-default\" data-id=\"2e84507\" data-element_type=\"section\" data-settings=\"{&quot;jet_parallax_layout_list&quot;:[]}\">\n\t\t\t\t\t\t<div class=\"elementor-container elementor-column-gap-default\">\n\t\t\t\t\t<div class=\"elementor-column elementor-col-100 elementor-top-column elementor-element elementor-element-75d4753\" data-id=\"75d4753\" data-element_type=\"column\">\n\t\t\t<div class=\"elementor-widget-wrap elementor-element-populated\">\n\t\t\t\t\t\t\t\t<div class=\"elementor-element elementor-element-534c500 elementor-widget elementor-widget-text-editor\" data-id=\"534c500\" data-element_type=\"widget\" data-widget_type=\"text-editor.default\">\n\t\t\t\t<div class=\"elementor-widget-container\">\n\t\t\t<style>\/*! elementor - v3.6.5 - 27-04-2022 *\/\n.elementor-widget-text-editor.elementor-drop-cap-view-stacked .elementor-drop-cap{background-color:#818a91;color:#fff}.elementor-widget-text-editor.elementor-drop-cap-view-framed .elementor-drop-cap{color:#818a91;border:3px solid;background-color:transparent}.elementor-widget-text-editor:not(.elementor-drop-cap-view-default) .elementor-drop-cap{margin-top:8px}.elementor-widget-text-editor:not(.elementor-drop-cap-view-default) .elementor-drop-cap-letter{width:1em;height:1em}.elementor-widget-text-editor .elementor-drop-cap{float:left;text-align:center;line-height:1;font-size:50px}.elementor-widget-text-editor .elementor-drop-cap-letter{display:inline-block}<\/style>\t\t\t\t<p><span style=\"background-color: transparent; color: #000000; font-family: Inter, sans-serif; font-size: 12pt; white-space-collapse: preserve; letter-spacing: -0.8px;\"><b>Le coworking <\/b>n&rsquo;est plus un ph\u00e9nom\u00e8ne de niche r\u00e9serv\u00e9 aux startups et aux ind\u00e9pendants. Aujourd&rsquo;hui, <b>les PME, les grands groupes et les \u00e9quipes nomades<\/b> int\u00e8grent massivement les espaces de travail partag\u00e9s dans leur strat\u00e9gie immobili\u00e8re. Face \u00e0 cette demande croissante, <b>am\u00e9nager un espace coworking<\/b> est devenu un v\u00e9ritable enjeu strat\u00e9gique, que vous soyez <b>gestionnaire immobilier<\/b> souhaitant valoriser un bien, ou <b>dirigeant d&rsquo;entrepri<\/b>se cherchant \u00e0 optimiser vos postes de travail. <\/span><span style=\"background-color: transparent; color: #000000; font-family: Inter, sans-serif; font-size: 12pt; white-space-collapse: preserve; letter-spacing: -0.8px;\">Mais un espace coworking r\u00e9ussi ne s&rsquo;improvise pas. Il doit allier flexibilit\u00e9, confort, productivit\u00e9 et image professionnelle. Avec le bon mobilier adapt\u00e9 : <a href=\"https:\/\/www.made-in-meubles.com\/produits\/assise\/chaise.html\">chaises<\/a>, tables, fauteuils&#8230; Voici les \u00e9tapes cl\u00e9s pour concevoir un espace qui attire et fid\u00e9lise vos utilisateurs.<\/span><\/p>\t\t\t\t\t\t<\/div>\n\t\t\t\t<\/div>\n\t\t\t\t\t<\/div>\n\t\t<\/div>\n\t\t\t\t\t\t\t<\/div>\n\t\t<\/section>\n\t\t\t\t<section class=\"elementor-section elementor-top-section elementor-element elementor-element-50e9997 elementor-section-boxed elementor-section-height-default elementor-section-height-default\" data-id=\"50e9997\" data-element_type=\"section\" data-settings=\"{&quot;jet_parallax_layout_list&quot;:[]}\">\n\t\t\t\t\t\t<div class=\"elementor-container elementor-column-gap-default\">\n\t\t\t\t\t<div class=\"elementor-column elementor-col-100 elementor-top-column elementor-element elementor-element-191ee56\" data-id=\"191ee56\" data-element_type=\"column\">\n\t\t\t<div class=\"elementor-widget-wrap elementor-element-populated\">\n\t\t\t\t\t\t\t\t<div class=\"elementor-element elementor-element-15d16ad elementor-widget elementor-widget-heading\" data-id=\"15d16ad\" data-element_type=\"widget\" data-widget_type=\"heading.default\">\n\t\t\t\t<div class=\"elementor-widget-container\">\n\t\t\t<style>\/*! elementor - v3.6.5 - 27-04-2022 *\/\n.elementor-heading-title{padding:0;margin:0;line-height:1}.elementor-widget-heading .elementor-heading-title[class*=elementor-size-]>a{color:inherit;font-size:inherit;line-height:inherit}.elementor-widget-heading .elementor-heading-title.elementor-size-small{font-size:15px}.elementor-widget-heading .elementor-heading-title.elementor-size-medium{font-size:19px}.elementor-widget-heading .elementor-heading-title.elementor-size-large{font-size:29px}.elementor-widget-heading .elementor-heading-title.elementor-size-xl{font-size:39px}.elementor-widget-heading .elementor-heading-title.elementor-size-xxl{font-size:59px}<\/style><h2 class=\"elementor-heading-title elementor-size-default\">1. D\u00e9finir le profil de vos utilisateurs avant tout<\/h2>\t\t<\/div>\n\t\t\t\t<\/div>\n\t\t\t\t\t<\/div>\n\t\t<\/div>\n\t\t\t\t\t\t\t<\/div>\n\t\t<\/section>\n\t\t\t\t<section class=\"elementor-section elementor-top-section elementor-element elementor-element-21447c3 elementor-section-boxed elementor-section-height-default elementor-section-height-default\" data-id=\"21447c3\" data-element_type=\"section\" data-settings=\"{&quot;jet_parallax_layout_list&quot;:[]}\">\n\t\t\t\t\t\t<div class=\"elementor-container elementor-column-gap-default\">\n\t\t\t\t\t<div class=\"elementor-column elementor-col-100 elementor-top-column elementor-element elementor-element-fe52600\" data-id=\"fe52600\" data-element_type=\"column\">\n\t\t\t<div class=\"elementor-widget-wrap elementor-element-populated\">\n\t\t\t\t\t\t\t\t<div class=\"elementor-element elementor-element-a38b0a7 elementor-widget elementor-widget-text-editor\" data-id=\"a38b0a7\" data-element_type=\"widget\" data-widget_type=\"text-editor.default\">\n\t\t\t\t<div class=\"elementor-widget-container\">\n\t\t\t\t\t\t\t<p><span style=\"background-color: transparent; color: #000000; font-family: Inter, sans-serif; font-size: 12pt; white-space-collapse: preserve; letter-spacing: -0.8px;\">Avant de poser le moindre mobilier, la premi\u00e8re question \u00e0 se poser est : qui va travailler ici ?<b> Pour un gestionnaire d&rsquo;espace coworking,<\/b> comprendre ses futurs occupants est fondamental. Les besoins d&rsquo;une \u00e9quipe de d\u00e9veloppeurs ne sont pas les m\u00eames que ceux d&rsquo;une \u00e9quipe commerciale ou d&rsquo;un cabinet de conseil. Voici les profils les plus courants en BtoB :<\/span><\/p>\t\t\t\t\t\t<\/div>\n\t\t\t\t<\/div>\n\t\t\t\t\t<\/div>\n\t\t<\/div>\n\t\t\t\t\t\t\t<\/div>\n\t\t<\/section>\n\t\t\t\t<section class=\"elementor-section elementor-top-section elementor-element elementor-element-5959c1a elementor-section-boxed elementor-section-height-default elementor-section-height-default\" data-id=\"5959c1a\" data-element_type=\"section\" data-settings=\"{&quot;jet_parallax_layout_list&quot;:[]}\">\n\t\t\t\t\t\t<div class=\"elementor-container elementor-column-gap-default\">\n\t\t\t\t\t<div class=\"elementor-column elementor-col-100 elementor-top-column elementor-element elementor-element-e378fa7\" data-id=\"e378fa7\" data-element_type=\"column\">\n\t\t\t<div class=\"elementor-widget-wrap elementor-element-populated\">\n\t\t\t\t\t\t\t\t<div class=\"elementor-element elementor-element-5bd59f9 elementor-tabs-view-horizontal elementor-widget elementor-widget-tabs\" data-id=\"5bd59f9\" data-element_type=\"widget\" data-widget_type=\"tabs.default\">\n\t\t\t\t<div class=\"elementor-widget-container\">\n\t\t\t<style>\/*! elementor - v3.6.5 - 27-04-2022 *\/\n.elementor-widget-tabs.elementor-tabs-view-vertical .elementor-tabs-wrapper{width:25%;-ms-flex-negative:0;flex-shrink:0}.elementor-widget-tabs.elementor-tabs-view-vertical .elementor-tab-desktop-title.elementor-active{border-right-style:none}.elementor-widget-tabs.elementor-tabs-view-vertical .elementor-tab-desktop-title.elementor-active:after,.elementor-widget-tabs.elementor-tabs-view-vertical .elementor-tab-desktop-title.elementor-active:before{height:999em;width:0;right:0;border-right-style:solid}.elementor-widget-tabs.elementor-tabs-view-vertical .elementor-tab-desktop-title.elementor-active:before{top:0;-webkit-transform:translateY(-100%);-ms-transform:translateY(-100%);transform:translateY(-100%)}.elementor-widget-tabs.elementor-tabs-view-vertical .elementor-tab-desktop-title.elementor-active:after{top:100%}.elementor-widget-tabs.elementor-tabs-view-horizontal .elementor-tab-desktop-title{display:table-cell}.elementor-widget-tabs.elementor-tabs-view-horizontal .elementor-tab-desktop-title.elementor-active{border-bottom-style:none}.elementor-widget-tabs.elementor-tabs-view-horizontal .elementor-tab-desktop-title.elementor-active:after,.elementor-widget-tabs.elementor-tabs-view-horizontal .elementor-tab-desktop-title.elementor-active:before{bottom:0;height:0;width:999em;border-bottom-style:solid}.elementor-widget-tabs.elementor-tabs-view-horizontal .elementor-tab-desktop-title.elementor-active:before{right:100%}.elementor-widget-tabs.elementor-tabs-view-horizontal .elementor-tab-desktop-title.elementor-active:after{left:100%}.elementor-widget-tabs .elementor-tab-content,.elementor-widget-tabs .elementor-tab-title,.elementor-widget-tabs .elementor-tab-title:after,.elementor-widget-tabs .elementor-tab-title:before,.elementor-widget-tabs .elementor-tabs-content-wrapper{border:1px #d4d4d4}.elementor-widget-tabs .elementor-tabs{text-align:left}.elementor-widget-tabs .elementor-tabs-wrapper{overflow:hidden}.elementor-widget-tabs .elementor-tab-title{cursor:pointer;outline:var(--focus-outline,none)}.elementor-widget-tabs .elementor-tab-desktop-title{position:relative;padding:20px 25px;font-weight:700;line-height:1;border:solid transparent}.elementor-widget-tabs .elementor-tab-desktop-title.elementor-active{border-color:#d4d4d4}.elementor-widget-tabs .elementor-tab-desktop-title.elementor-active:after,.elementor-widget-tabs .elementor-tab-desktop-title.elementor-active:before{display:block;content:\"\";position:absolute}.elementor-widget-tabs .elementor-tab-mobile-title{padding:10px;cursor:pointer}.elementor-widget-tabs .elementor-tab-content{padding:20px;display:none}@media (max-width:767px){.elementor-tabs .elementor-tab-content,.elementor-tabs .elementor-tab-title{border-style:solid solid none}.elementor-tabs .elementor-tabs-wrapper{display:none}.elementor-tabs .elementor-tabs-content-wrapper{border-bottom-style:solid}.elementor-tabs .elementor-tab-content{padding:10px}}@media (min-width:768px){.elementor-widget-tabs.elementor-tabs-view-vertical .elementor-tabs{display:-webkit-box;display:-ms-flexbox;display:flex}.elementor-widget-tabs.elementor-tabs-view-vertical .elementor-tabs-wrapper{-webkit-box-orient:vertical;-webkit-box-direction:normal;-ms-flex-direction:column;flex-direction:column}.elementor-widget-tabs.elementor-tabs-view-vertical .elementor-tabs-content-wrapper{-webkit-box-flex:1;-ms-flex-positive:1;flex-grow:1;border-style:solid solid solid none}.elementor-widget-tabs.elementor-tabs-view-horizontal .elementor-tab-content{border-style:none solid solid}.elementor-widget-tabs.elementor-tabs-alignment-center .elementor-tabs-wrapper,.elementor-widget-tabs.elementor-tabs-alignment-end .elementor-tabs-wrapper,.elementor-widget-tabs.elementor-tabs-alignment-stretch .elementor-tabs-wrapper{display:-webkit-box;display:-ms-flexbox;display:flex}.elementor-widget-tabs.elementor-tabs-alignment-center .elementor-tabs-wrapper{-webkit-box-pack:center;-ms-flex-pack:center;justify-content:center}.elementor-widget-tabs.elementor-tabs-alignment-end .elementor-tabs-wrapper{-webkit-box-pack:end;-ms-flex-pack:end;justify-content:flex-end}.elementor-widget-tabs.elementor-tabs-alignment-stretch.elementor-tabs-view-horizontal .elementor-tab-title{width:100%}.elementor-widget-tabs.elementor-tabs-alignment-stretch.elementor-tabs-view-vertical .elementor-tab-title{height:100%}.elementor-tabs .elementor-tab-mobile-title{display:none}}<\/style>\t\t<div class=\"elementor-tabs\">\n\t\t\t<div class=\"elementor-tabs-wrapper\" role=\"tablist\" >\n\t\t\t\t\t\t\t\t\t<div id=\"elementor-tab-title-9621\" class=\"elementor-tab-title elementor-tab-desktop-title\" aria-selected=\"true\" data-tab=\"1\" role=\"tab\" tabindex=\"0\" aria-controls=\"elementor-tab-content-9621\" aria-expanded=\"false\">Les \u00e9quipes projets extarnalis\u00e9es<\/div>\n\t\t\t\t\t\t\t\t\t<div id=\"elementor-tab-title-9622\" class=\"elementor-tab-title elementor-tab-desktop-title\" aria-selected=\"false\" data-tab=\"2\" role=\"tab\" tabindex=\"-1\" aria-controls=\"elementor-tab-content-9622\" aria-expanded=\"false\">Les PME en croissance<\/div>\n\t\t\t\t\t\t\t\t\t<div id=\"elementor-tab-title-9623\" class=\"elementor-tab-title elementor-tab-desktop-title\" aria-selected=\"false\" data-tab=\"3\" role=\"tab\" tabindex=\"-1\" aria-controls=\"elementor-tab-content-9623\" aria-expanded=\"false\">Les collaborateurs en t\u00e9l\u00e9travail hybride<\/div>\n\t\t\t\t\t\t\t\t\t<div id=\"elementor-tab-title-9624\" class=\"elementor-tab-title elementor-tab-desktop-title\" aria-selected=\"false\" data-tab=\"4\" role=\"tab\" tabindex=\"-1\" aria-controls=\"elementor-tab-content-9624\" aria-expanded=\"false\">Les ind\u00e9pendants et consultants<\/div>\n\t\t\t\t\t\t\t<\/div>\n\t\t\t<div class=\"elementor-tabs-content-wrapper\" role=\"tablist\" aria-orientation=\"vertical\">\n\t\t\t\t\t\t\t\t\t<div class=\"elementor-tab-title elementor-tab-mobile-title\" aria-selected=\"true\" data-tab=\"1\" role=\"tab\" tabindex=\"0\" aria-controls=\"elementor-tab-content-9621\" aria-expanded=\"false\">Les \u00e9quipes projets extarnalis\u00e9es<\/div>\n\t\t\t\t\t<div id=\"elementor-tab-content-9621\" class=\"elementor-tab-content elementor-clearfix\" data-tab=\"1\" role=\"tabpanel\" aria-labelledby=\"elementor-tab-title-9621\" tabindex=\"0\" hidden=\"false\"><p>Qui ont besoin de salles de r\u00e9union et d&rsquo;une bonne connectivit\u00e9.<\/p><\/div>\n\t\t\t\t\t\t\t\t\t<div class=\"elementor-tab-title elementor-tab-mobile-title\" aria-selected=\"false\" data-tab=\"2\" role=\"tab\" tabindex=\"-1\" aria-controls=\"elementor-tab-content-9622\" aria-expanded=\"false\">Les PME en croissance<\/div>\n\t\t\t\t\t<div id=\"elementor-tab-content-9622\" class=\"elementor-tab-content elementor-clearfix\" data-tab=\"2\" role=\"tabpanel\" aria-labelledby=\"elementor-tab-title-9622\" tabindex=\"0\" hidden=\"hidden\"><p>Qui cherchent de la flexibilit\u00e9 sans engagement immobilier lourd.<\/p><\/div>\n\t\t\t\t\t\t\t\t\t<div class=\"elementor-tab-title elementor-tab-mobile-title\" aria-selected=\"false\" data-tab=\"3\" role=\"tab\" tabindex=\"-1\" aria-controls=\"elementor-tab-content-9623\" aria-expanded=\"false\">Les collaborateurs en t\u00e9l\u00e9travail hybride<\/div>\n\t\t\t\t\t<div id=\"elementor-tab-content-9623\" class=\"elementor-tab-content elementor-clearfix\" data-tab=\"3\" role=\"tabpanel\" aria-labelledby=\"elementor-tab-title-9623\" tabindex=\"0\" hidden=\"hidden\"><p><span style=\"font-weight: 400;\">Qui ont besoin d&rsquo;un tiers-lieu proche de leur domicile.<\/span><\/p><\/div>\n\t\t\t\t\t\t\t\t\t<div class=\"elementor-tab-title elementor-tab-mobile-title\" aria-selected=\"false\" data-tab=\"4\" role=\"tab\" tabindex=\"-1\" aria-controls=\"elementor-tab-content-9624\" aria-expanded=\"false\">Les ind\u00e9pendants et consultants<\/div>\n\t\t\t\t\t<div id=\"elementor-tab-content-9624\" class=\"elementor-tab-content elementor-clearfix\" data-tab=\"4\" role=\"tabpanel\" aria-labelledby=\"elementor-tab-title-9624\" tabindex=\"0\" hidden=\"hidden\"><p>Qui valorisent le networking et l&rsquo;environnement stimulant.<\/p><\/div>\n\t\t\t\t\t\t\t<\/div>\n\t\t<\/div>\n\t\t\t\t<\/div>\n\t\t\t\t<\/div>\n\t\t\t\t\t<\/div>\n\t\t<\/div>\n\t\t\t\t\t\t\t<\/div>\n\t\t<\/section>\n\t\t\t\t<section class=\"elementor-section elementor-top-section elementor-element elementor-element-9ed92f9 elementor-section-boxed elementor-section-height-default elementor-section-height-default\" data-id=\"9ed92f9\" data-element_type=\"section\" data-settings=\"{&quot;jet_parallax_layout_list&quot;:[]}\">\n\t\t\t\t\t\t<div class=\"elementor-container elementor-column-gap-default\">\n\t\t\t\t\t<div class=\"elementor-column elementor-col-100 elementor-top-column elementor-element elementor-element-3282bdd\" data-id=\"3282bdd\" data-element_type=\"column\">\n\t\t\t<div class=\"elementor-widget-wrap elementor-element-populated\">\n\t\t\t\t\t\t\t\t<div class=\"elementor-element elementor-element-20afd0e elementor-widget elementor-widget-text-editor\" data-id=\"20afd0e\" data-element_type=\"widget\" data-widget_type=\"text-editor.default\">\n\t\t\t\t<div class=\"elementor-widget-container\">\n\t\t\t\t\t\t\t<p><span style=\"background-color: transparent; color: #000000; font-family: Inter, sans-serif; font-size: 12pt; white-space-collapse: preserve; letter-spacing: -0.8px;\">Pour les entreprises qui cherchent \u00e0 louer un espace, cet exercice de profilage permet de s\u00e9lectionner l&rsquo;espace le mieux adapt\u00e9 \u00e0 leur culture et \u00e0 leurs pratiques de travail.<\/span><\/p>\t\t\t\t\t\t<\/div>\n\t\t\t\t<\/div>\n\t\t\t\t\t<\/div>\n\t\t<\/div>\n\t\t\t\t\t\t\t<\/div>\n\t\t<\/section>\n\t\t\t\t<section class=\"elementor-section elementor-top-section elementor-element elementor-element-8f1d0e0 elementor-section-boxed elementor-section-height-default elementor-section-height-default\" data-id=\"8f1d0e0\" data-element_type=\"section\" data-settings=\"{&quot;jet_parallax_layout_list&quot;:[]}\">\n\t\t\t\t\t\t<div class=\"elementor-container elementor-column-gap-default\">\n\t\t\t\t\t<div class=\"elementor-column elementor-col-100 elementor-top-column elementor-element elementor-element-1c2de62\" data-id=\"1c2de62\" data-element_type=\"column\">\n\t\t\t<div class=\"elementor-widget-wrap elementor-element-populated\">\n\t\t\t\t\t\t\t\t<div class=\"elementor-element elementor-element-4b55627 elementor-widget elementor-widget-heading\" data-id=\"4b55627\" data-element_type=\"widget\" data-widget_type=\"heading.default\">\n\t\t\t\t<div class=\"elementor-widget-container\">\n\t\t\t<h2 class=\"elementor-heading-title elementor-size-default\">2. Choisir et optimiser la superficie<\/h2>\t\t<\/div>\n\t\t\t\t<\/div>\n\t\t\t\t\t<\/div>\n\t\t<\/div>\n\t\t\t\t\t\t\t<\/div>\n\t\t<\/section>\n\t\t\t\t<section class=\"elementor-section elementor-top-section elementor-element elementor-element-332a768 elementor-section-boxed elementor-section-height-default elementor-section-height-default\" data-id=\"332a768\" data-element_type=\"section\" data-settings=\"{&quot;jet_parallax_layout_list&quot;:[]}\">\n\t\t\t\t\t\t<div class=\"elementor-container elementor-column-gap-default\">\n\t\t\t\t\t<div class=\"elementor-column elementor-col-100 elementor-top-column elementor-element elementor-element-80cdaed\" data-id=\"80cdaed\" data-element_type=\"column\">\n\t\t\t<div class=\"elementor-widget-wrap elementor-element-populated\">\n\t\t\t\t\t\t\t\t<div class=\"elementor-element elementor-element-b533713 elementor-widget elementor-widget-text-editor\" data-id=\"b533713\" data-element_type=\"widget\" data-widget_type=\"text-editor.default\">\n\t\t\t\t<div class=\"elementor-widget-container\">\n\t\t\t\t\t\t\t<p><span style=\"background-color: transparent; color: #000000; font-family: Inter, sans-serif; font-size: 12pt; white-space-collapse: preserve; letter-spacing: -0.8px;\">La superficie est l&rsquo;un des premiers leviers d&rsquo;attractivit\u00e9 d&rsquo;un espace coworking. Les standards du secteur recommandent g\u00e9n\u00e9ralement entre<b> 8 et 12 m\u00b2 par poste de travail<\/b>, en int\u00e9grant les espaces communs (couloirs, cuisine, sanitaires, zones de d\u00e9tente). <\/span><span style=\"background-color: transparent; color: #000000; font-family: Inter, sans-serif; font-size: 12pt; white-space-collapse: preserve; letter-spacing: -0.8px;\">Pour <b>un gestionnaire<\/b>, l&rsquo;objectif est de maximiser le taux d&rsquo;occupation sans sacrifier le confort. Une bonne pratique consiste \u00e0 pr\u00e9voir <b>20 \u00e0 30 % de postes suppl\u00e9mentaires <\/b>par rapport \u00e0 la capacit\u00e9 nominale, car tous les membres ne sont jamais pr\u00e9sents simultan\u00e9ment. <\/span><span style=\"background-color: transparent; color: #000000; font-family: Inter, sans-serif; font-size: 12pt; white-space-collapse: preserve; letter-spacing: -0.8px;\">Pour<b> une entreprise cliente<\/b>, il s&rsquo;agit d&rsquo;estimer honn\u00eatement ses besoins r\u00e9els en tenant compte des jours de pic d&rsquo;activit\u00e9, des r\u00e9unions internes et des visites clients.<\/span><\/p>\t\t\t\t\t\t<\/div>\n\t\t\t\t<\/div>\n\t\t\t\t\t<\/div>\n\t\t<\/div>\n\t\t\t\t\t\t\t<\/div>\n\t\t<\/section>\n\t\t\t\t<section class=\"elementor-section elementor-top-section elementor-element elementor-element-1b56bae elementor-section-boxed elementor-section-height-default elementor-section-height-default\" data-id=\"1b56bae\" data-element_type=\"section\" data-settings=\"{&quot;jet_parallax_layout_list&quot;:[]}\">\n\t\t\t\t\t\t<div class=\"elementor-container elementor-column-gap-default\">\n\t\t\t\t\t<div class=\"elementor-column elementor-col-100 elementor-top-column elementor-element elementor-element-1b1306a\" data-id=\"1b1306a\" data-element_type=\"column\">\n\t\t\t<div class=\"elementor-widget-wrap elementor-element-populated\">\n\t\t\t\t\t\t\t\t<div class=\"elementor-element elementor-element-e943fc9 elementor-widget elementor-widget-heading\" data-id=\"e943fc9\" data-element_type=\"widget\" data-widget_type=\"heading.default\">\n\t\t\t\t<div class=\"elementor-widget-container\">\n\t\t\t<h2 class=\"elementor-heading-title elementor-size-default\">3. Structurer les zones de travail : la cl\u00e9 d'un bon am\u00e9nagement<\/h2>\t\t<\/div>\n\t\t\t\t<\/div>\n\t\t\t\t\t<\/div>\n\t\t<\/div>\n\t\t\t\t\t\t\t<\/div>\n\t\t<\/section>\n\t\t\t\t<section class=\"elementor-section elementor-top-section elementor-element elementor-element-458596e elementor-section-boxed elementor-section-height-default elementor-section-height-default\" data-id=\"458596e\" data-element_type=\"section\" data-settings=\"{&quot;jet_parallax_layout_list&quot;:[]}\">\n\t\t\t\t\t\t<div class=\"elementor-container elementor-column-gap-default\">\n\t\t\t\t\t<div class=\"elementor-column elementor-col-100 elementor-top-column elementor-element elementor-element-669607c\" data-id=\"669607c\" data-element_type=\"column\">\n\t\t\t<div class=\"elementor-widget-wrap elementor-element-populated\">\n\t\t\t\t\t\t\t\t<div class=\"elementor-element elementor-element-408f403 elementor-widget elementor-widget-text-editor\" data-id=\"408f403\" data-element_type=\"widget\" data-widget_type=\"text-editor.default\">\n\t\t\t\t<div class=\"elementor-widget-container\">\n\t\t\t\t\t\t\t<p><span style=\"background-color: transparent; color: #000000; font-family: Inter, sans-serif; font-size: 12pt; white-space-collapse: preserve; letter-spacing: -0.8px;\">Un<b> espace coworking <\/b>bien con\u00e7u n&rsquo;est pas un simple open space am\u00e9lior\u00e9. Il repose sur une organisation en zones fonctionnelles, chacune r\u00e9pondant \u00e0 un besoin pr\u00e9cis.<\/span><\/p>\t\t\t\t\t\t<\/div>\n\t\t\t\t<\/div>\n\t\t\t\t\t<\/div>\n\t\t<\/div>\n\t\t\t\t\t\t\t<\/div>\n\t\t<\/section>\n\t\t\t\t<section class=\"elementor-section elementor-top-section elementor-element elementor-element-13f2b85 elementor-section-boxed elementor-section-height-default elementor-section-height-default\" data-id=\"13f2b85\" data-element_type=\"section\" data-settings=\"{&quot;jet_parallax_layout_list&quot;:[]}\">\n\t\t\t\t\t\t<div class=\"elementor-container elementor-column-gap-default\">\n\t\t\t\t\t<div class=\"elementor-column elementor-col-100 elementor-top-column elementor-element elementor-element-30e04fc\" data-id=\"30e04fc\" data-element_type=\"column\">\n\t\t\t<div class=\"elementor-widget-wrap elementor-element-populated\">\n\t\t\t\t\t\t\t\t<div class=\"elementor-element elementor-element-f215f99 elementor-widget elementor-widget-heading\" data-id=\"f215f99\" data-element_type=\"widget\" data-widget_type=\"heading.default\">\n\t\t\t\t<div class=\"elementor-widget-container\">\n\t\t\t<h2 class=\"elementor-heading-title elementor-size-default\">Les postes de travail en open space<\/h2>\t\t<\/div>\n\t\t\t\t<\/div>\n\t\t\t\t\t<\/div>\n\t\t<\/div>\n\t\t\t\t\t\t\t<\/div>\n\t\t<\/section>\n\t\t\t\t<section class=\"elementor-section elementor-top-section elementor-element elementor-element-ba2c490 elementor-section-boxed elementor-section-height-default elementor-section-height-default\" data-id=\"ba2c490\" data-element_type=\"section\" data-settings=\"{&quot;jet_parallax_layout_list&quot;:[]}\">\n\t\t\t\t\t\t<div class=\"elementor-container elementor-column-gap-default\">\n\t\t\t\t\t<div class=\"elementor-column elementor-col-100 elementor-top-column elementor-element elementor-element-4dc4c79\" data-id=\"4dc4c79\" data-element_type=\"column\">\n\t\t\t<div class=\"elementor-widget-wrap elementor-element-populated\">\n\t\t\t\t\t\t\t\t<div class=\"elementor-element elementor-element-f07d47c elementor-widget elementor-widget-text-editor\" data-id=\"f07d47c\" data-element_type=\"widget\" data-widget_type=\"text-editor.default\">\n\t\t\t\t<div class=\"elementor-widget-container\">\n\t\t\t\t\t\t\t<p><span style=\"background-color: transparent; color: #000000; font-family: Inter, sans-serif; font-size: 12pt; white-space-collapse: preserve; letter-spacing: -0.8px;\">C&rsquo;est le c\u0153ur du coworking. Optez pour des <b>bureaux ergonomiques r\u00e9glables en hauteur<\/b> (assis-debout), des <b><a href=\"https:\/\/www.made-in-meubles.com\/produits\/assise\/chaise.html\">chaises de qualit\u00e9<\/a> et un \u00e9clairage naturel<\/b> abondant. L&rsquo;acoustique est souvent n\u00e9glig\u00e9e mais essentielle : des panneaux absorbants, des cloisons modulaires et des rev\u00eatements de sol adapt\u00e9s limitent la propagation du bruit.<\/span><\/p>\t\t\t\t\t\t<\/div>\n\t\t\t\t<\/div>\n\t\t\t\t\t<\/div>\n\t\t<\/div>\n\t\t\t\t\t\t\t<\/div>\n\t\t<\/section>\n\t\t\t\t<section class=\"elementor-section elementor-top-section elementor-element elementor-element-dc03f38 elementor-section-boxed elementor-section-height-default elementor-section-height-default\" data-id=\"dc03f38\" data-element_type=\"section\" data-settings=\"{&quot;jet_parallax_layout_list&quot;:[]}\">\n\t\t\t\t\t\t<div class=\"elementor-container elementor-column-gap-default\">\n\t\t\t\t\t<div class=\"elementor-column elementor-col-50 elementor-top-column elementor-element elementor-element-57b2851\" data-id=\"57b2851\" data-element_type=\"column\">\n\t\t\t<div class=\"elementor-widget-wrap elementor-element-populated\">\n\t\t\t\t\t\t\t\t<div class=\"elementor-element elementor-element-195d0e8 elementor-widget elementor-widget-image\" data-id=\"195d0e8\" data-element_type=\"widget\" data-widget_type=\"image.default\">\n\t\t\t\t<div class=\"elementor-widget-container\">\n\t\t\t<style>\/*! elementor - v3.6.5 - 27-04-2022 *\/\n.elementor-widget-image{text-align:center}.elementor-widget-image a{display:inline-block}.elementor-widget-image a img[src$=\".svg\"]{width:48px}.elementor-widget-image img{vertical-align:middle;display:inline-block}<\/style>\t\t\t\t\t\t\t\t\t\t\t\t\t<a href=\"https:\/\/www.made-in-meubles.com\/table-haute-acacia-orane-p-kun03\">\n\t\t\t\t\t\t\t<img width=\"1024\" height=\"1024\" src=\"https:\/\/www.made-in-meubles.com\/blog\/wp-content\/uploads\/2026\/02\/freepik__highend-interior-photography-of-a-contemporary-cor__33405-1024x1024.jpeg\" class=\"attachment-large size-large\" alt=\"\" srcset=\"https:\/\/www.made-in-meubles.com\/blog\/wp-content\/uploads\/2026\/02\/freepik__highend-interior-photography-of-a-contemporary-cor__33405-1024x1024.jpeg 1024w, https:\/\/www.made-in-meubles.com\/blog\/wp-content\/uploads\/2026\/02\/freepik__highend-interior-photography-of-a-contemporary-cor__33405-300x300.jpeg 300w, https:\/\/www.made-in-meubles.com\/blog\/wp-content\/uploads\/2026\/02\/freepik__highend-interior-photography-of-a-contemporary-cor__33405-150x150.jpeg 150w, https:\/\/www.made-in-meubles.com\/blog\/wp-content\/uploads\/2026\/02\/freepik__highend-interior-photography-of-a-contemporary-cor__33405-768x768.jpeg 768w, https:\/\/www.made-in-meubles.com\/blog\/wp-content\/uploads\/2026\/02\/freepik__highend-interior-photography-of-a-contemporary-cor__33405.jpeg 1200w\" sizes=\"(max-width: 1024px) 100vw, 1024px\" \/>\t\t\t\t\t\t\t\t<\/a>\n\t\t\t\t\t\t\t\t\t\t\t\t\t\t\t<\/div>\n\t\t\t\t<\/div>\n\t\t\t\t\t<\/div>\n\t\t<\/div>\n\t\t\t\t<div class=\"elementor-column elementor-col-50 elementor-top-column elementor-element elementor-element-f862746\" data-id=\"f862746\" data-element_type=\"column\">\n\t\t\t<div class=\"elementor-widget-wrap elementor-element-populated\">\n\t\t\t\t\t\t\t\t<div class=\"elementor-element elementor-element-ee71c66 elementor-widget elementor-widget-image\" data-id=\"ee71c66\" data-element_type=\"widget\" data-widget_type=\"image.default\">\n\t\t\t\t<div class=\"elementor-widget-container\">\n\t\t\t\t\t\t\t\t\t\t\t\t\t\t\t\t<a href=\"https:\/\/www.made-in-meubles.com\/fauteuil-tissu-terracotta-pieds-metal-clea-p-sf41\">\n\t\t\t\t\t\t\t<img width=\"1024\" height=\"1024\" src=\"https:\/\/www.made-in-meubles.com\/blog\/wp-content\/uploads\/2026\/02\/freepik__highend-interior-photography-of-a-contemporary-cow__33404.jpeg\" class=\"attachment-large size-large\" alt=\"\" srcset=\"https:\/\/www.made-in-meubles.com\/blog\/wp-content\/uploads\/2026\/02\/freepik__highend-interior-photography-of-a-contemporary-cow__33404.jpeg 1024w, https:\/\/www.made-in-meubles.com\/blog\/wp-content\/uploads\/2026\/02\/freepik__highend-interior-photography-of-a-contemporary-cow__33404-300x300.jpeg 300w, https:\/\/www.made-in-meubles.com\/blog\/wp-content\/uploads\/2026\/02\/freepik__highend-interior-photography-of-a-contemporary-cow__33404-150x150.jpeg 150w, https:\/\/www.made-in-meubles.com\/blog\/wp-content\/uploads\/2026\/02\/freepik__highend-interior-photography-of-a-contemporary-cow__33404-768x768.jpeg 768w\" sizes=\"(max-width: 1024px) 100vw, 1024px\" \/>\t\t\t\t\t\t\t\t<\/a>\n\t\t\t\t\t\t\t\t\t\t\t\t\t\t\t<\/div>\n\t\t\t\t<\/div>\n\t\t\t\t\t<\/div>\n\t\t<\/div>\n\t\t\t\t\t\t\t<\/div>\n\t\t<\/section>\n\t\t\t\t<section class=\"elementor-section elementor-top-section elementor-element elementor-element-48242cf elementor-section-boxed elementor-section-height-default elementor-section-height-default\" data-id=\"48242cf\" data-element_type=\"section\" data-settings=\"{&quot;jet_parallax_layout_list&quot;:[]}\">\n\t\t\t\t\t\t<div class=\"elementor-container elementor-column-gap-default\">\n\t\t\t\t\t<div class=\"elementor-column elementor-col-100 elementor-top-column elementor-element elementor-element-00b49cb\" data-id=\"00b49cb\" data-element_type=\"column\">\n\t\t\t<div class=\"elementor-widget-wrap elementor-element-populated\">\n\t\t\t\t\t\t\t\t<div class=\"elementor-element elementor-element-b5ebe20 elementor-widget elementor-widget-heading\" data-id=\"b5ebe20\" data-element_type=\"widget\" data-widget_type=\"heading.default\">\n\t\t\t\t<div class=\"elementor-widget-container\">\n\t\t\t<h2 class=\"elementor-heading-title elementor-size-default\">Les espaces privatifs et cabines phoniques<\/h2>\t\t<\/div>\n\t\t\t\t<\/div>\n\t\t\t\t\t<\/div>\n\t\t<\/div>\n\t\t\t\t\t\t\t<\/div>\n\t\t<\/section>\n\t\t\t\t<section class=\"elementor-section elementor-top-section elementor-element elementor-element-260fa3c elementor-section-boxed elementor-section-height-default elementor-section-height-default\" data-id=\"260fa3c\" data-element_type=\"section\" data-settings=\"{&quot;jet_parallax_layout_list&quot;:[]}\">\n\t\t\t\t\t\t<div class=\"elementor-container elementor-column-gap-default\">\n\t\t\t\t\t<div class=\"elementor-column elementor-col-100 elementor-top-column elementor-element elementor-element-94cad2e\" data-id=\"94cad2e\" data-element_type=\"column\">\n\t\t\t<div class=\"elementor-widget-wrap elementor-element-populated\">\n\t\t\t\t\t\t\t\t<div class=\"elementor-element elementor-element-0965353 elementor-widget elementor-widget-text-editor\" data-id=\"0965353\" data-element_type=\"widget\" data-widget_type=\"text-editor.default\">\n\t\t\t\t<div class=\"elementor-widget-container\">\n\t\t\t\t\t\t\t<p><span style=\"background-color: transparent; color: #000000; font-family: Inter, sans-serif; font-size: 12pt; white-space-collapse: preserve; letter-spacing: -0.8px;\">Indispensables pour les appels t\u00e9l\u00e9phoniques, les visioconf\u00e9rences ou le travail n\u00e9cessitant une concentration intense, <b>les cabines phoniques (ou \u00ab\u00a0pods\u00a0\u00bb)<\/b> sont aujourd&rsquo;hui incontournables dans tout espace coworking professionnel. Elles constituent un argument commercial fort aupr\u00e8s des entreprises.<\/span><\/p>\t\t\t\t\t\t<\/div>\n\t\t\t\t<\/div>\n\t\t\t\t\t<\/div>\n\t\t<\/div>\n\t\t\t\t\t\t\t<\/div>\n\t\t<\/section>\n\t\t\t\t<section class=\"elementor-section elementor-top-section elementor-element elementor-element-d2fbb88 elementor-section-boxed elementor-section-height-default elementor-section-height-default\" data-id=\"d2fbb88\" data-element_type=\"section\" data-settings=\"{&quot;jet_parallax_layout_list&quot;:[]}\">\n\t\t\t\t\t\t<div class=\"elementor-container elementor-column-gap-default\">\n\t\t\t\t\t<div class=\"elementor-column elementor-col-100 elementor-top-column elementor-element elementor-element-b895bf0\" data-id=\"b895bf0\" data-element_type=\"column\">\n\t\t\t<div class=\"elementor-widget-wrap elementor-element-populated\">\n\t\t\t\t\t\t\t\t<div class=\"elementor-element elementor-element-133fda9 elementor-widget elementor-widget-heading\" data-id=\"133fda9\" data-element_type=\"widget\" data-widget_type=\"heading.default\">\n\t\t\t\t<div class=\"elementor-widget-container\">\n\t\t\t<h2 class=\"elementor-heading-title elementor-size-default\">Les salles de r\u00e9union<\/h2>\t\t<\/div>\n\t\t\t\t<\/div>\n\t\t\t\t\t<\/div>\n\t\t<\/div>\n\t\t\t\t\t\t\t<\/div>\n\t\t<\/section>\n\t\t\t\t<section class=\"elementor-section elementor-top-section elementor-element elementor-element-7f8fe12 elementor-section-boxed elementor-section-height-default elementor-section-height-default\" data-id=\"7f8fe12\" data-element_type=\"section\" data-settings=\"{&quot;jet_parallax_layout_list&quot;:[]}\">\n\t\t\t\t\t\t<div class=\"elementor-container elementor-column-gap-default\">\n\t\t\t\t\t<div class=\"elementor-column elementor-col-100 elementor-top-column elementor-element elementor-element-3cb2abb\" data-id=\"3cb2abb\" data-element_type=\"column\">\n\t\t\t<div class=\"elementor-widget-wrap elementor-element-populated\">\n\t\t\t\t\t\t\t\t<div class=\"elementor-element elementor-element-f8dae27 elementor-widget elementor-widget-text-editor\" data-id=\"f8dae27\" data-element_type=\"widget\" data-widget_type=\"text-editor.default\">\n\t\t\t\t<div class=\"elementor-widget-container\">\n\t\t\t\t\t\t\t<p><span style=\"background-color: transparent; color: #000000; font-family: Inter, sans-serif; font-size: 12pt; white-space-collapse: preserve; letter-spacing: -0.8px;\">Pr\u00e9voyez plusieurs formats : <b>petites salles pour 4 \u00e0 6 personnes<\/b>,<b> salles de formation pour 10 \u00e0 20 personne<\/b>s, et id\u00e9alement un <b>grand espace modulable <\/b>pour les \u00e9v\u00e9nements. \u00c9quipez-les de syst\u00e8mes de visioconf\u00e9rence performants, d&rsquo;\u00e9crans interactifs et d&rsquo;un syst\u00e8me de r\u00e9servation simple (application ou tablette \u00e0 l&rsquo;entr\u00e9e).<\/span><\/p>\t\t\t\t\t\t<\/div>\n\t\t\t\t<\/div>\n\t\t\t\t\t<\/div>\n\t\t<\/div>\n\t\t\t\t\t\t\t<\/div>\n\t\t<\/section>\n\t\t\t\t<section class=\"elementor-section elementor-top-section elementor-element elementor-element-af00a21 elementor-section-boxed elementor-section-height-default elementor-section-height-default\" data-id=\"af00a21\" data-element_type=\"section\" data-settings=\"{&quot;jet_parallax_layout_list&quot;:[]}\">\n\t\t\t\t\t\t<div class=\"elementor-container elementor-column-gap-default\">\n\t\t\t\t\t<div class=\"elementor-column elementor-col-50 elementor-top-column elementor-element elementor-element-382c970\" data-id=\"382c970\" data-element_type=\"column\">\n\t\t\t<div class=\"elementor-widget-wrap elementor-element-populated\">\n\t\t\t\t\t\t\t\t<div class=\"elementor-element elementor-element-24310a3 elementor-widget elementor-widget-image\" data-id=\"24310a3\" data-element_type=\"widget\" data-widget_type=\"image.default\">\n\t\t\t\t<div class=\"elementor-widget-container\">\n\t\t\t\t\t\t\t\t\t\t\t\t\t\t\t\t<a href=\"https:\/\/www.made-in-meubles.com\/table-ovale-220x100-p-shr67\">\n\t\t\t\t\t\t\t<img width=\"1024\" height=\"1024\" src=\"https:\/\/www.made-in-meubles.com\/blog\/wp-content\/uploads\/2026\/02\/freepik__sf42-highend-interior-photography-of-a-contemporar__33403.jpeg\" class=\"attachment-large size-large\" alt=\"\" srcset=\"https:\/\/www.made-in-meubles.com\/blog\/wp-content\/uploads\/2026\/02\/freepik__sf42-highend-interior-photography-of-a-contemporar__33403.jpeg 1024w, https:\/\/www.made-in-meubles.com\/blog\/wp-content\/uploads\/2026\/02\/freepik__sf42-highend-interior-photography-of-a-contemporar__33403-300x300.jpeg 300w, https:\/\/www.made-in-meubles.com\/blog\/wp-content\/uploads\/2026\/02\/freepik__sf42-highend-interior-photography-of-a-contemporar__33403-150x150.jpeg 150w, https:\/\/www.made-in-meubles.com\/blog\/wp-content\/uploads\/2026\/02\/freepik__sf42-highend-interior-photography-of-a-contemporar__33403-768x768.jpeg 768w\" sizes=\"(max-width: 1024px) 100vw, 1024px\" \/>\t\t\t\t\t\t\t\t<\/a>\n\t\t\t\t\t\t\t\t\t\t\t\t\t\t\t<\/div>\n\t\t\t\t<\/div>\n\t\t\t\t\t<\/div>\n\t\t<\/div>\n\t\t\t\t<div class=\"elementor-column elementor-col-50 elementor-top-column elementor-element elementor-element-06e8a50\" data-id=\"06e8a50\" data-element_type=\"column\">\n\t\t\t<div class=\"elementor-widget-wrap elementor-element-populated\">\n\t\t\t\t\t\t\t\t<div class=\"elementor-element elementor-element-13e7ae3 elementor-widget elementor-widget-image\" data-id=\"13e7ae3\" data-element_type=\"widget\" data-widget_type=\"image.default\">\n\t\t\t\t<div class=\"elementor-widget-container\">\n\t\t\t\t\t\t\t\t\t\t\t\t\t\t\t\t<a href=\"https:\/\/www.made-in-meubles.com\/chaise-avec-accoudoirs-ronds-en-tissu-vert-et-pieds-en-metal-clea-lot-de-2-lot\">\n\t\t\t\t\t\t\t<img width=\"1024\" height=\"1024\" src=\"https:\/\/www.made-in-meubles.com\/blog\/wp-content\/uploads\/2026\/02\/sf42-amb-chaise-cote-1024x1024.webp\" class=\"attachment-large size-large\" alt=\"\" srcset=\"https:\/\/www.made-in-meubles.com\/blog\/wp-content\/uploads\/2026\/02\/sf42-amb-chaise-cote-1024x1024.webp 1024w, https:\/\/www.made-in-meubles.com\/blog\/wp-content\/uploads\/2026\/02\/sf42-amb-chaise-cote-300x300.webp 300w, https:\/\/www.made-in-meubles.com\/blog\/wp-content\/uploads\/2026\/02\/sf42-amb-chaise-cote-150x150.webp 150w, https:\/\/www.made-in-meubles.com\/blog\/wp-content\/uploads\/2026\/02\/sf42-amb-chaise-cote-768x768.webp 768w, https:\/\/www.made-in-meubles.com\/blog\/wp-content\/uploads\/2026\/02\/sf42-amb-chaise-cote.webp 1200w\" sizes=\"(max-width: 1024px) 100vw, 1024px\" \/>\t\t\t\t\t\t\t\t<\/a>\n\t\t\t\t\t\t\t\t\t\t\t\t\t\t\t<\/div>\n\t\t\t\t<\/div>\n\t\t\t\t\t<\/div>\n\t\t<\/div>\n\t\t\t\t\t\t\t<\/div>\n\t\t<\/section>\n\t\t\t\t<section class=\"elementor-section elementor-top-section elementor-element elementor-element-b059d02 elementor-section-boxed elementor-section-height-default elementor-section-height-default\" data-id=\"b059d02\" data-element_type=\"section\" data-settings=\"{&quot;jet_parallax_layout_list&quot;:[]}\">\n\t\t\t\t\t\t<div class=\"elementor-container elementor-column-gap-default\">\n\t\t\t\t\t<div class=\"elementor-column elementor-col-100 elementor-top-column elementor-element elementor-element-00721a6\" data-id=\"00721a6\" data-element_type=\"column\">\n\t\t\t<div class=\"elementor-widget-wrap elementor-element-populated\">\n\t\t\t\t\t\t\t\t<div class=\"elementor-element elementor-element-68ad65c elementor-widget elementor-widget-heading\" data-id=\"68ad65c\" data-element_type=\"widget\" data-widget_type=\"heading.default\">\n\t\t\t\t<div class=\"elementor-widget-container\">\n\t\t\t<h2 class=\"elementor-heading-title elementor-size-default\">Les espaces de d\u00e9tentes et de convivialit\u00e9<\/h2>\t\t<\/div>\n\t\t\t\t<\/div>\n\t\t\t\t\t<\/div>\n\t\t<\/div>\n\t\t\t\t\t\t\t<\/div>\n\t\t<\/section>\n\t\t\t\t<section class=\"elementor-section elementor-top-section elementor-element elementor-element-804d937 elementor-section-boxed elementor-section-height-default elementor-section-height-default\" data-id=\"804d937\" data-element_type=\"section\" data-settings=\"{&quot;jet_parallax_layout_list&quot;:[]}\">\n\t\t\t\t\t\t<div class=\"elementor-container elementor-column-gap-default\">\n\t\t\t\t\t<div class=\"elementor-column elementor-col-100 elementor-top-column elementor-element elementor-element-b9a722c\" data-id=\"b9a722c\" data-element_type=\"column\">\n\t\t\t<div class=\"elementor-widget-wrap elementor-element-populated\">\n\t\t\t\t\t\t\t\t<div class=\"elementor-element elementor-element-da7a3bb elementor-widget elementor-widget-text-editor\" data-id=\"da7a3bb\" data-element_type=\"widget\" data-widget_type=\"text-editor.default\">\n\t\t\t\t<div class=\"elementor-widget-container\">\n\t\t\t\t\t\t\t<p><span style=\"background-color: transparent; color: #000000; font-family: Inter, sans-serif; font-size: 12pt; white-space-collapse: preserve; letter-spacing: -0.8px;\">La<b> cuisine partag\u00e9e,<\/b> le coin caf\u00e9 et les zones lounge ne sont pas des accessoires : ils favorisent les \u00e9changes informels, le networking et le bien-\u00eatre au travail. Ce sont souvent les premiers espaces mentionn\u00e9s dans les avis positifs des membres. <\/span><span style=\"font-size: 12pt; letter-spacing: -0.8px; background-color: transparent; font-family: Inter, sans-serif; color: #000000; font-variant-numeric: normal; font-variant-east-asian: normal; font-variant-alternates: normal; font-variant-position: normal; font-variant-emoji: normal; vertical-align: baseline; white-space-collapse: preserve;\">Pour les am\u00e9nager avec soin, chaque d\u00e9tail compte. Des <\/span><span style=\"font-size: 12pt; letter-spacing: -0.8px; background-color: transparent; font-family: Inter, sans-serif; color: #000000; font-variant-numeric: normal; font-variant-east-asian: normal; font-variant-alternates: normal; font-variant-position: normal; font-variant-emoji: normal; vertical-align: baseline; white-space-collapse: preserve;\"><b><a href=\"https:\/\/www.made-in-meubles.com\/produits\/assise\/tabouret-de-bar.html\">tabourets<\/a><\/b><\/span><span style=\"font-size: 12pt; letter-spacing: -0.8px; background-color: transparent; font-family: Inter, sans-serif; color: #000000; font-variant-numeric: normal; font-variant-east-asian: normal; font-variant-alternates: normal; font-variant-position: normal; font-variant-emoji: normal; vertical-align: baseline; white-space-collapse: preserve;\"><b><a href=\"https:\/\/www.made-in-meubles.com\/produits\/assise\/tabouret-de-bar.html\"> hauts<\/a><\/b> autour d&rsquo;un comptoir caf\u00e9 cr\u00e9ent une atmosph\u00e8re conviviale et dynamique, id\u00e9ale pour les pauses actives entre coll\u00e8gues. Des <\/span><span style=\"font-size: 12pt; letter-spacing: -0.8px; background-color: transparent; font-family: Inter, sans-serif; color: #000000; font-weight: bold; font-variant-numeric: normal; font-variant-east-asian: normal; font-variant-alternates: normal; font-variant-position: normal; font-variant-emoji: normal; vertical-align: baseline; white-space-collapse: preserve;\">fauteuils ou <a href=\"https:\/\/www.made-in-meubles.com\/produits\/assise\/tabouret.html\">tabourets<\/a><\/span><span style=\"font-size: 12pt; letter-spacing: -0.8px; background-color: transparent; font-family: Inter, sans-serif; color: #000000; font-variant-numeric: normal; font-variant-east-asian: normal; font-variant-alternates: normal; font-variant-position: normal; font-variant-emoji: normal; vertical-align: baseline; white-space-collapse: preserve;\"> confortables et des <\/span><span style=\"font-size: 12pt; letter-spacing: -0.8px; background-color: transparent; font-family: Inter, sans-serif; color: #000000; font-weight: bold; font-variant-numeric: normal; font-variant-east-asian: normal; font-variant-alternates: normal; font-variant-position: normal; font-variant-emoji: normal; vertical-align: baseline; white-space-collapse: preserve;\">tables basses<\/span><span style=\"font-size: 12pt; letter-spacing: -0.8px; background-color: transparent; font-family: Inter, sans-serif; color: #000000; font-variant-numeric: normal; font-variant-east-asian: normal; font-variant-alternates: normal; font-variant-position: normal; font-variant-emoji: normal; vertical-align: baseline; white-space-collapse: preserve;\"> bien positionn\u00e9es invitent quant \u00e0 eux \u00e0 la d\u00e9connexion et aux \u00e9changes plus pos\u00e9s. Enfin, ne n\u00e9gligez pas l&rsquo;\u00e9clairage : un <\/span><span style=\"font-size: 12pt; letter-spacing: -0.8px; background-color: transparent; font-family: Inter, sans-serif; color: #000000; font-weight: bold; font-variant-numeric: normal; font-variant-east-asian: normal; font-variant-alternates: normal; font-variant-position: normal; font-variant-emoji: normal; vertical-align: baseline; white-space-collapse: preserve;\"><a href=\"https:\/\/www.made-in-meubles.com\/produits\/luminaire-deco.html\">luminaire<\/a><\/span><span style=\"font-size: 12pt; letter-spacing: -0.8px; background-color: transparent; font-family: Inter, sans-serif; color: #000000; font-variant-numeric: normal; font-variant-east-asian: normal; font-variant-alternates: normal; font-variant-position: normal; font-variant-emoji: normal; vertical-align: baseline; white-space-collapse: preserve;\"> bien choisi transforme radicalement l&rsquo;ambiance d&rsquo;une zone commune, apportant chaleur et caract\u00e8re \u00e0 des espaces qui, sans cela, risquent de manquer de personnalit\u00e9. Chez <\/span><span style=\"font-size: 12pt; letter-spacing: -0.8px; background-color: transparent; font-family: Inter, sans-serif; color: #000000; font-weight: bold; font-variant-numeric: normal; font-variant-east-asian: normal; font-variant-alternates: normal; font-variant-position: normal; font-variant-emoji: normal; vertical-align: baseline; white-space-collapse: preserve;\">Made in Meubles<\/span><span style=\"font-size: 12pt; letter-spacing: -0.8px; background-color: transparent; font-family: Inter, sans-serif; color: #000000; font-variant-numeric: normal; font-variant-east-asian: normal; font-variant-alternates: normal; font-variant-position: normal; font-variant-emoji: normal; vertical-align: baseline; white-space-collapse: preserve;\">, vous retrouverez l&rsquo;ensemble de ces \u00e9l\u00e9ments pour composer des espaces communs \u00e0 la fois esth\u00e9tiques et fonctionnels.<\/span><\/p>\t\t\t\t\t\t<\/div>\n\t\t\t\t<\/div>\n\t\t\t\t<div class=\"elementor-element elementor-element-08a4f9c elementor-widget elementor-widget-image\" data-id=\"08a4f9c\" data-element_type=\"widget\" data-widget_type=\"image.default\">\n\t\t\t\t<div class=\"elementor-widget-container\">\n\t\t\t\t\t\t\t\t\t\t\t\t\t\t\t\t<a href=\"https:\/\/www.made-in-meubles.com\/table-basse-en-bois-de-manguier-atlas-p-gl80\">\n\t\t\t\t\t\t\t<img width=\"1024\" height=\"1024\" src=\"https:\/\/www.made-in-meubles.com\/blog\/wp-content\/uploads\/2026\/02\/freepik__lay20-gl80-highend-interior-photography-of-a-conte__63943.jpeg\" class=\"attachment-large size-large\" alt=\"\" srcset=\"https:\/\/www.made-in-meubles.com\/blog\/wp-content\/uploads\/2026\/02\/freepik__lay20-gl80-highend-interior-photography-of-a-conte__63943.jpeg 1024w, https:\/\/www.made-in-meubles.com\/blog\/wp-content\/uploads\/2026\/02\/freepik__lay20-gl80-highend-interior-photography-of-a-conte__63943-300x300.jpeg 300w, https:\/\/www.made-in-meubles.com\/blog\/wp-content\/uploads\/2026\/02\/freepik__lay20-gl80-highend-interior-photography-of-a-conte__63943-150x150.jpeg 150w, https:\/\/www.made-in-meubles.com\/blog\/wp-content\/uploads\/2026\/02\/freepik__lay20-gl80-highend-interior-photography-of-a-conte__63943-768x768.jpeg 768w\" sizes=\"(max-width: 1024px) 100vw, 1024px\" \/>\t\t\t\t\t\t\t\t<\/a>\n\t\t\t\t\t\t\t\t\t\t\t\t\t\t\t<\/div>\n\t\t\t\t<\/div>\n\t\t\t\t\t<\/div>\n\t\t<\/div>\n\t\t\t\t\t\t\t<\/div>\n\t\t<\/section>\n\t\t\t\t<section class=\"elementor-section elementor-top-section elementor-element elementor-element-bd5ce25 elementor-section-boxed elementor-section-height-default elementor-section-height-default\" data-id=\"bd5ce25\" data-element_type=\"section\" data-settings=\"{&quot;jet_parallax_layout_list&quot;:[]}\">\n\t\t\t\t\t\t<div class=\"elementor-container elementor-column-gap-default\">\n\t\t\t\t\t<div class=\"elementor-column elementor-col-100 elementor-top-column elementor-element elementor-element-2ebd557\" data-id=\"2ebd557\" data-element_type=\"column\">\n\t\t\t<div class=\"elementor-widget-wrap elementor-element-populated\">\n\t\t\t\t\t\t\t\t<div class=\"elementor-element elementor-element-1f1eec6 elementor-widget elementor-widget-heading\" data-id=\"1f1eec6\" data-element_type=\"widget\" data-widget_type=\"heading.default\">\n\t\t\t\t<div class=\"elementor-widget-container\">\n\t\t\t<h2 class=\"elementor-heading-title elementor-size-default\">4. Miser sur une infrastructure technique irr\u00e9prochable<\/h2>\t\t<\/div>\n\t\t\t\t<\/div>\n\t\t\t\t\t<\/div>\n\t\t<\/div>\n\t\t\t\t\t\t\t<\/div>\n\t\t<\/section>\n\t\t\t\t<section class=\"elementor-section elementor-top-section elementor-element elementor-element-6b193aa elementor-section-boxed elementor-section-height-default elementor-section-height-default\" data-id=\"6b193aa\" data-element_type=\"section\" data-settings=\"{&quot;jet_parallax_layout_list&quot;:[]}\">\n\t\t\t\t\t\t<div class=\"elementor-container elementor-column-gap-default\">\n\t\t\t\t\t<div class=\"elementor-column elementor-col-100 elementor-top-column elementor-element elementor-element-a4543cb\" data-id=\"a4543cb\" data-element_type=\"column\">\n\t\t\t<div class=\"elementor-widget-wrap elementor-element-populated\">\n\t\t\t\t\t\t\t\t<div class=\"elementor-element elementor-element-c81714e elementor-widget elementor-widget-text-editor\" data-id=\"c81714e\" data-element_type=\"widget\" data-widget_type=\"text-editor.default\">\n\t\t\t\t<div class=\"elementor-widget-container\">\n\t\t\t\t\t\t\t<p><span style=\"background-color: transparent; color: #000000; font-family: Inter, sans-serif; font-size: 12pt; white-space-collapse: preserve; letter-spacing: -0.8px;\">En BtoB, la qualit\u00e9 de l&rsquo;infrastructure technique est non n\u00e9gociable. Une entreprise ne peut pas se permettre de perdre une r\u00e9union client \u00e0 cause d&rsquo;une connexion d\u00e9faillante.<\/span><\/p>\t\t\t\t\t\t<\/div>\n\t\t\t\t<\/div>\n\t\t\t\t\t<\/div>\n\t\t<\/div>\n\t\t\t\t\t\t\t<\/div>\n\t\t<\/section>\n\t\t\t\t<section class=\"elementor-section elementor-top-section elementor-element elementor-element-dde4708 elementor-section-boxed elementor-section-height-default elementor-section-height-default\" data-id=\"dde4708\" data-element_type=\"section\" data-settings=\"{&quot;jet_parallax_layout_list&quot;:[]}\">\n\t\t\t\t\t\t<div class=\"elementor-container elementor-column-gap-default\">\n\t\t\t\t\t<div class=\"elementor-column elementor-col-100 elementor-top-column elementor-element elementor-element-e97c2ba\" data-id=\"e97c2ba\" data-element_type=\"column\">\n\t\t\t<div class=\"elementor-widget-wrap elementor-element-populated\">\n\t\t\t\t\t\t\t\t<div class=\"elementor-element elementor-element-eb12adc elementor-tabs-alignment-center elementor-tabs-view-horizontal elementor-widget elementor-widget-tabs\" data-id=\"eb12adc\" data-element_type=\"widget\" data-widget_type=\"tabs.default\">\n\t\t\t\t<div class=\"elementor-widget-container\">\n\t\t\t\t\t<div class=\"elementor-tabs\">\n\t\t\t<div class=\"elementor-tabs-wrapper\" role=\"tablist\" >\n\t\t\t\t\t\t\t\t\t<div id=\"elementor-tab-title-2461\" class=\"elementor-tab-title elementor-tab-desktop-title\" aria-selected=\"true\" data-tab=\"1\" role=\"tab\" tabindex=\"0\" aria-controls=\"elementor-tab-content-2461\" aria-expanded=\"false\">La connectivit\u00e9<\/div>\n\t\t\t\t\t\t\t\t\t<div id=\"elementor-tab-title-2462\" class=\"elementor-tab-title elementor-tab-desktop-title\" aria-selected=\"false\" data-tab=\"2\" role=\"tab\" tabindex=\"-1\" aria-controls=\"elementor-tab-content-2462\" aria-expanded=\"false\">L'alimentation \u00e9lectrique<\/div>\n\t\t\t\t\t\t\t\t\t<div id=\"elementor-tab-title-2463\" class=\"elementor-tab-title elementor-tab-desktop-title\" aria-selected=\"false\" data-tab=\"3\" role=\"tab\" tabindex=\"-1\" aria-controls=\"elementor-tab-content-2463\" aria-expanded=\"false\">La s\u00e9curit\u00e9 des acc\u00e8s<\/div>\n\t\t\t\t\t\t\t<\/div>\n\t\t\t<div class=\"elementor-tabs-content-wrapper\" role=\"tablist\" aria-orientation=\"vertical\">\n\t\t\t\t\t\t\t\t\t<div class=\"elementor-tab-title elementor-tab-mobile-title\" aria-selected=\"true\" data-tab=\"1\" role=\"tab\" tabindex=\"0\" aria-controls=\"elementor-tab-content-2461\" aria-expanded=\"false\">La connectivit\u00e9<\/div>\n\t\t\t\t\t<div id=\"elementor-tab-content-2461\" class=\"elementor-tab-content elementor-clearfix\" data-tab=\"1\" role=\"tabpanel\" aria-labelledby=\"elementor-tab-title-2461\" tabindex=\"0\" hidden=\"false\"><p><span style=\"font-weight: 400;\">Est le premier crit\u00e8re de choix d&rsquo;un espace coworking pour les professionnels. Pr\u00e9voyez une connexion fibre optique sym\u00e9trique haut d\u00e9bit, avec un r\u00e9seau Wi-Fi de qualit\u00e9 professionnelle (Wi-Fi 6 recommand\u00e9) et des prises Ethernet disponibles \u00e0 chaque poste. Proposez id\u00e9alement des r\u00e9seaux segment\u00e9s (un r\u00e9seau par entreprise) pour garantir la confidentialit\u00e9 des donn\u00e9es<\/span><\/p><\/div>\n\t\t\t\t\t\t\t\t\t<div class=\"elementor-tab-title elementor-tab-mobile-title\" aria-selected=\"false\" data-tab=\"2\" role=\"tab\" tabindex=\"-1\" aria-controls=\"elementor-tab-content-2462\" aria-expanded=\"false\">L'alimentation \u00e9lectrique<\/div>\n\t\t\t\t\t<div id=\"elementor-tab-content-2462\" class=\"elementor-tab-content elementor-clearfix\" data-tab=\"2\" role=\"tabpanel\" aria-labelledby=\"elementor-tab-title-2462\" tabindex=\"0\" hidden=\"hidden\"><p><span style=\"font-weight: 400;\">Doit \u00eatre suffisante : multiprise int\u00e9gr\u00e9e aux bureaux, stations de recharge pour ordinateurs et smartphones, et prises USB sont d\u00e9sormais attendues comme standard.<\/span><\/p><\/div>\n\t\t\t\t\t\t\t\t\t<div class=\"elementor-tab-title elementor-tab-mobile-title\" aria-selected=\"false\" data-tab=\"3\" role=\"tab\" tabindex=\"-1\" aria-controls=\"elementor-tab-content-2463\" aria-expanded=\"false\">La s\u00e9curit\u00e9 des acc\u00e8s<\/div>\n\t\t\t\t\t<div id=\"elementor-tab-content-2463\" class=\"elementor-tab-content elementor-clearfix\" data-tab=\"3\" role=\"tabpanel\" aria-labelledby=\"elementor-tab-title-2463\" tabindex=\"0\" hidden=\"hidden\"><p><span style=\"font-weight: 400;\">Est \u00e9galement un enjeu majeur. Un syst\u00e8me de badges ou d&rsquo;acc\u00e8s par smartphone, des cam\u00e9ras de surveillance dans les parties communes, et des casiers s\u00e9curis\u00e9s pour les affaires personnelles rassurent les entreprises soucieuses de leurs donn\u00e9es et de leurs \u00e9quipements.<\/span><\/p><\/div>\n\t\t\t\t\t\t\t<\/div>\n\t\t<\/div>\n\t\t\t\t<\/div>\n\t\t\t\t<\/div>\n\t\t\t\t\t<\/div>\n\t\t<\/div>\n\t\t\t\t\t\t\t<\/div>\n\t\t<\/section>\n\t\t\t\t<section class=\"elementor-section elementor-top-section elementor-element elementor-element-57ba4c8 elementor-section-boxed elementor-section-height-default elementor-section-height-default\" data-id=\"57ba4c8\" data-element_type=\"section\" data-settings=\"{&quot;jet_parallax_layout_list&quot;:[]}\">\n\t\t\t\t\t\t<div class=\"elementor-container elementor-column-gap-default\">\n\t\t\t\t\t<div class=\"elementor-column elementor-col-100 elementor-top-column elementor-element elementor-element-7cd7a62\" data-id=\"7cd7a62\" data-element_type=\"column\">\n\t\t\t<div class=\"elementor-widget-wrap elementor-element-populated\">\n\t\t\t\t\t\t\t\t<div class=\"elementor-element elementor-element-75b23f6 elementor-widget elementor-widget-heading\" data-id=\"75b23f6\" data-element_type=\"widget\" data-widget_type=\"heading.default\">\n\t\t\t\t<div class=\"elementor-widget-container\">\n\t\t\t<h2 class=\"elementor-heading-title elementor-size-default\">5. Soigner l'identit\u00e9 visuelle et l'ambiance<\/h2>\t\t<\/div>\n\t\t\t\t<\/div>\n\t\t\t\t\t<\/div>\n\t\t<\/div>\n\t\t\t\t\t\t\t<\/div>\n\t\t<\/section>\n\t\t\t\t<section class=\"elementor-section elementor-top-section elementor-element elementor-element-4d9fb58 elementor-section-boxed elementor-section-height-default elementor-section-height-default\" data-id=\"4d9fb58\" data-element_type=\"section\" data-settings=\"{&quot;jet_parallax_layout_list&quot;:[]}\">\n\t\t\t\t\t\t<div class=\"elementor-container elementor-column-gap-default\">\n\t\t\t\t\t<div class=\"elementor-column elementor-col-100 elementor-top-column elementor-element elementor-element-bc68cf2\" data-id=\"bc68cf2\" data-element_type=\"column\">\n\t\t\t<div class=\"elementor-widget-wrap elementor-element-populated\">\n\t\t\t\t\t\t\t\t<div class=\"elementor-element elementor-element-618dd12 elementor-widget elementor-widget-text-editor\" data-id=\"618dd12\" data-element_type=\"widget\" data-widget_type=\"text-editor.default\">\n\t\t\t\t<div class=\"elementor-widget-container\">\n\t\t\t\t\t\t\t<p><span style=\"background-color: transparent; color: #000000; font-family: Inter, sans-serif; font-size: 12pt; white-space-collapse: preserve; letter-spacing: -0.8px;\">Un<b> espace coworking <\/b>est aussi un outil marketing. Pour les gestionnaires, l&rsquo;ambiance g\u00e9n\u00e9rale doit refl\u00e9ter une image professionnelle tout en \u00e9tant suffisamment neutre pour accueillir des entreprises de secteurs vari\u00e9s. Pour les entreprises locataires, l&rsquo;espace choisi devient le reflet de leur culture aupr\u00e8s de leurs collaborateurs et clients.<\/span><\/p><p dir=\"ltr\" style=\"line-height: 1.38; margin-top: 12pt; margin-bottom: 12pt;\"><span style=\"font-size: 12pt; font-family: Inter,sans-serif; color: #000000; background-color: transparent; font-weight: 400; font-style: normal; font-variant: normal; text-decoration: none; vertical-align: baseline; white-space: pre-wrap;\">Quelques bonnes pratiques :<\/span><\/p><ul style=\"margin-top: 0; margin-bottom: 0; padding-inline-start: 48px;\"><li dir=\"ltr\" style=\"list-style-type: disc; font-size: 12pt; font-family: Arial, sans-serif; color: #000000; background-color: transparent; font-style: normal; font-variant: normal; text-decoration: none; vertical-align: baseline; white-space: pre;\" aria-level=\"1\"><p dir=\"ltr\" style=\"line-height: 1.38; margin-top: 12pt; margin-bottom: 0pt;\" role=\"presentation\"><span style=\"font-size: 12pt; font-family: Inter, sans-serif; color: #000000; background-color: transparent; font-style: normal; font-variant: normal; text-decoration: none; vertical-align: baseline; white-space: pre-wrap;\"><b>La lumi\u00e8re naturelle est un atout majeur<\/b><\/span><span style=\"font-weight: 400; font-size: 12pt; font-family: Inter, sans-serif; color: #000000; background-color: transparent; font-style: normal; font-variant: normal; text-decoration: none; vertical-align: baseline; white-space: pre-wrap;\"> : misez sur des grandes fen\u00eatres, des verri\u00e8res et \u00e9vitez les espaces aveugles<\/span><\/p><\/li><li dir=\"ltr\" style=\"list-style-type: disc; font-size: 12pt; font-family: Arial, sans-serif; color: #000000; background-color: transparent; font-style: normal; font-variant: normal; text-decoration: none; vertical-align: baseline; white-space: pre;\" aria-level=\"1\"><p dir=\"ltr\" style=\"line-height: 1.38; margin-top: 0pt; margin-bottom: 0pt;\" role=\"presentation\"><span style=\"font-size: 12pt; font-family: Inter, sans-serif; color: #000000; background-color: transparent; font-style: normal; font-variant: normal; text-decoration: none; vertical-align: baseline; white-space: pre-wrap;\"><b>Les v\u00e9g\u00e9taux am\u00e9liorent le bien-\u00eatre<\/b><\/span><span style=\"font-weight: 400; font-size: 12pt; font-family: Inter, sans-serif; color: #000000; background-color: transparent; font-style: normal; font-variant: normal; text-decoration: none; vertical-align: baseline; white-space: pre-wrap;\">, r\u00e9duisent le stress et am\u00e9liorent la qualit\u00e9 de l&rsquo;air per\u00e7ue. Des \u00e9tudes montrent qu&rsquo;ils augmentent la productivit\u00e9 des collaborateurs.<\/span><\/p><\/li><li dir=\"ltr\" style=\"list-style-type: disc; font-size: 12pt; font-family: Arial, sans-serif; color: #000000; background-color: transparent; font-style: normal; font-variant: normal; text-decoration: none; vertical-align: baseline; white-space: pre;\" aria-level=\"1\"><p dir=\"ltr\" style=\"line-height: 1.38; margin-top: 0pt; margin-bottom: 12pt;\" role=\"presentation\"><span style=\"font-size: 12pt; font-family: Inter, sans-serif; color: #000000; background-color: transparent; font-style: normal; font-variant: normal; text-decoration: none; vertical-align: baseline; white-space: pre-wrap;\"><b>La palette de couleurs doit \u00eatre coh\u00e9rente et apaisante<\/b><\/span><span style=\"font-weight: 400; font-size: 12pt; font-family: Inter, sans-serif; color: #000000; background-color: transparent; font-style: normal; font-variant: normal; text-decoration: none; vertical-align: baseline; white-space: pre-wrap;\"> : les tons neutres (blanc, gris, beige) peuvent \u00eatre dynamis\u00e9s par des touches de couleurs vives sur du mobilier ou des \u00e9l\u00e9ments de <a href=\"https:\/\/www.made-in-meubles.com\/produits\/luminaire-deco\/decoration.html\">d\u00e9coration<\/a>.<\/span><\/p><\/li><\/ul>\t\t\t\t\t\t<\/div>\n\t\t\t\t<\/div>\n\t\t\t\t\t<\/div>\n\t\t<\/div>\n\t\t\t\t\t\t\t<\/div>\n\t\t<\/section>\n\t\t\t\t<section class=\"elementor-section elementor-top-section elementor-element elementor-element-ee2cde7 elementor-section-boxed elementor-section-height-default elementor-section-height-default\" data-id=\"ee2cde7\" data-element_type=\"section\" data-settings=\"{&quot;jet_parallax_layout_list&quot;:[]}\">\n\t\t\t\t\t\t<div class=\"elementor-container elementor-column-gap-default\">\n\t\t\t\t\t<div class=\"elementor-column elementor-col-100 elementor-top-column elementor-element elementor-element-29ef3cf\" data-id=\"29ef3cf\" data-element_type=\"column\">\n\t\t\t<div class=\"elementor-widget-wrap elementor-element-populated\">\n\t\t\t\t\t\t\t\t<div class=\"elementor-element elementor-element-a77f7ee elementor-widget elementor-widget-heading\" data-id=\"a77f7ee\" data-element_type=\"widget\" data-widget_type=\"heading.default\">\n\t\t\t\t<div class=\"elementor-widget-container\">\n\t\t\t<h2 class=\"elementor-heading-title elementor-size-default\">6. Int\u00e9grer les services \u00e0 valeur ajout\u00e9e<\/h2>\t\t<\/div>\n\t\t\t\t<\/div>\n\t\t\t\t\t<\/div>\n\t\t<\/div>\n\t\t\t\t\t\t\t<\/div>\n\t\t<\/section>\n\t\t\t\t<section class=\"elementor-section elementor-top-section elementor-element elementor-element-41e5cc0 elementor-section-boxed elementor-section-height-default elementor-section-height-default\" data-id=\"41e5cc0\" data-element_type=\"section\" data-settings=\"{&quot;jet_parallax_layout_list&quot;:[]}\">\n\t\t\t\t\t\t<div class=\"elementor-container elementor-column-gap-default\">\n\t\t\t\t\t<div class=\"elementor-column elementor-col-100 elementor-top-column elementor-element elementor-element-f355c45\" data-id=\"f355c45\" data-element_type=\"column\">\n\t\t\t<div class=\"elementor-widget-wrap elementor-element-populated\">\n\t\t\t\t\t\t\t\t<div class=\"elementor-element elementor-element-57a58e8 elementor-widget elementor-widget-text-editor\" data-id=\"57a58e8\" data-element_type=\"widget\" data-widget_type=\"text-editor.default\">\n\t\t\t\t<div class=\"elementor-widget-container\">\n\t\t\t\t\t\t\t<p><span style=\"background-color: transparent; color: #000000; font-family: Inter, sans-serif; font-size: 12pt; white-space-collapse: preserve; letter-spacing: -0.8px;\">Ce qui diff\u00e9rencie un bon espace coworking d&rsquo;un excellent espace coworking, c&rsquo;est souvent l&rsquo;\u00e9cosyst\u00e8me de services propos\u00e9s. En BtoB, ces services peuvent devenir de v\u00e9ritables arguments de vente ou de fid\u00e9lisation. <\/span><span style=\"background-color: transparent; color: #000000; font-family: Inter, sans-serif; font-size: 12pt; white-space-collapse: preserve; letter-spacing: -0.8px;\">Pour les gestionnaires, pensez \u00e0 proposer : une domiciliation d&rsquo;entreprise, un service de r\u00e9ception du courrier, une permanence t\u00e9l\u00e9phonique, un acc\u00e8s \u00e0 des imprimantes et \u00e9quipements de bureau professionnels, ou encore des partenariats avec des prestataires locaux (restauration, transport, bien-\u00eatre). <\/span><span style=\"background-color: transparent; color: #000000; font-family: Inter, sans-serif; font-size: 12pt; white-space-collapse: preserve; letter-spacing: -0.8px;\">Pour les entreprises, ces services permettent de r\u00e9duire la charge administrative et de se concentrer sur leur c\u0153ur de m\u00e9tier.<\/span><\/p>\t\t\t\t\t\t<\/div>\n\t\t\t\t<\/div>\n\t\t\t\t\t<\/div>\n\t\t<\/div>\n\t\t\t\t\t\t\t<\/div>\n\t\t<\/section>\n\t\t\t\t<section class=\"elementor-section elementor-top-section elementor-element elementor-element-80be978 elementor-section-boxed elementor-section-height-default elementor-section-height-default\" data-id=\"80be978\" data-element_type=\"section\" data-settings=\"{&quot;jet_parallax_layout_list&quot;:[]}\">\n\t\t\t\t\t\t<div class=\"elementor-container elementor-column-gap-default\">\n\t\t\t\t\t<div class=\"elementor-column elementor-col-100 elementor-top-column elementor-element elementor-element-941a3fa\" data-id=\"941a3fa\" data-element_type=\"column\">\n\t\t\t<div class=\"elementor-widget-wrap elementor-element-populated\">\n\t\t\t\t\t\t\t\t<div class=\"elementor-element elementor-element-6d4b407 elementor-widget elementor-widget-heading\" data-id=\"6d4b407\" data-element_type=\"widget\" data-widget_type=\"heading.default\">\n\t\t\t\t<div class=\"elementor-widget-container\">\n\t\t\t<h2 class=\"elementor-heading-title elementor-size-default\">7. Anticiper les normes et r\u00e9glementations<\/h2>\t\t<\/div>\n\t\t\t\t<\/div>\n\t\t\t\t\t<\/div>\n\t\t<\/div>\n\t\t\t\t\t\t\t<\/div>\n\t\t<\/section>\n\t\t\t\t<section class=\"elementor-section elementor-top-section elementor-element elementor-element-289a9af elementor-section-boxed elementor-section-height-default elementor-section-height-default\" data-id=\"289a9af\" data-element_type=\"section\" data-settings=\"{&quot;jet_parallax_layout_list&quot;:[]}\">\n\t\t\t\t\t\t<div class=\"elementor-container elementor-column-gap-default\">\n\t\t\t\t\t<div class=\"elementor-column elementor-col-100 elementor-top-column elementor-element elementor-element-43fa79c\" data-id=\"43fa79c\" data-element_type=\"column\">\n\t\t\t<div class=\"elementor-widget-wrap elementor-element-populated\">\n\t\t\t\t\t\t\t\t<div class=\"elementor-element elementor-element-0c31be1 elementor-widget elementor-widget-text-editor\" data-id=\"0c31be1\" data-element_type=\"widget\" data-widget_type=\"text-editor.default\">\n\t\t\t\t<div class=\"elementor-widget-container\">\n\t\t\t\t\t\t\t<p><span style=\"background-color: transparent; color: #000000; font-family: Inter, sans-serif; font-size: 12pt; white-space-collapse: preserve; letter-spacing: -0.8px;\">Am\u00e9nager un <b>espace coworking <\/b>implique de respecter plusieurs r\u00e9glementations, notamment en mati\u00e8re de s\u00e9curit\u00e9 incendie <b>(ERP de 5e cat\u00e9gorie minimum)<\/b>, d&rsquo;accessibilit\u00e9 aux personnes \u00e0 mobilit\u00e9 r\u00e9duite (PMR), de ventilation et de qualit\u00e9 de l&rsquo;air int\u00e9rieur. Une \u00e9tude acoustique peut \u00e9galement \u00eatre requise dans certains b\u00e2timents. <\/span><span style=\"background-color: transparent; color: #000000; font-family: Inter, sans-serif; font-size: 12pt; white-space-collapse: preserve; letter-spacing: -0.8px;\">Faites appel \u00e0 un architecte ou un ma\u00eetre d&rsquo;\u0153uvre sp\u00e9cialis\u00e9 d\u00e8s la phase de conception pour \u00e9viter des mises en conformit\u00e9 co\u00fbteuses a posteriori.<\/span><\/p>\t\t\t\t\t\t<\/div>\n\t\t\t\t<\/div>\n\t\t\t\t\t<\/div>\n\t\t<\/div>\n\t\t\t\t\t\t\t<\/div>\n\t\t<\/section>\n\t\t\t\t<section class=\"elementor-section elementor-top-section elementor-element elementor-element-da05855 elementor-section-boxed elementor-section-height-default elementor-section-height-default\" data-id=\"da05855\" data-element_type=\"section\" data-settings=\"{&quot;jet_parallax_layout_list&quot;:[]}\">\n\t\t\t\t\t\t<div class=\"elementor-container elementor-column-gap-default\">\n\t\t\t\t\t<div class=\"elementor-column elementor-col-100 elementor-top-column elementor-element elementor-element-2bc4052\" data-id=\"2bc4052\" data-element_type=\"column\">\n\t\t\t<div class=\"elementor-widget-wrap elementor-element-populated\">\n\t\t\t\t\t\t\t\t<div class=\"elementor-element elementor-element-42e9941 elementor-widget elementor-widget-heading\" data-id=\"42e9941\" data-element_type=\"widget\" data-widget_type=\"heading.default\">\n\t\t\t\t<div class=\"elementor-widget-container\">\n\t\t\t<h2 class=\"elementor-heading-title elementor-size-default\">FAQ - Am\u00e9nager un espace coworking<\/h2>\t\t<\/div>\n\t\t\t\t<\/div>\n\t\t\t\t\t<\/div>\n\t\t<\/div>\n\t\t\t\t\t\t\t<\/div>\n\t\t<\/section>\n\t\t\t\t<section class=\"elementor-section elementor-top-section elementor-element elementor-element-f71df63 elementor-section-boxed elementor-section-height-default elementor-section-height-default\" data-id=\"f71df63\" data-element_type=\"section\" data-settings=\"{&quot;jet_parallax_layout_list&quot;:[]}\">\n\t\t\t\t\t\t<div class=\"elementor-container elementor-column-gap-default\">\n\t\t\t\t\t<div class=\"elementor-column elementor-col-100 elementor-top-column elementor-element elementor-element-63ed3f0\" data-id=\"63ed3f0\" data-element_type=\"column\">\n\t\t\t<div class=\"elementor-widget-wrap elementor-element-populated\">\n\t\t\t\t\t\t\t\t<div class=\"elementor-element elementor-element-4176bef elementor-widget elementor-widget-heading\" data-id=\"4176bef\" data-element_type=\"widget\" data-widget_type=\"heading.default\">\n\t\t\t\t<div class=\"elementor-widget-container\">\n\t\t\t<h2 class=\"elementor-heading-title elementor-size-default\">Quel mobilier est indispensable pour ouvrir un espace coworking ?<\/h2>\t\t<\/div>\n\t\t\t\t<\/div>\n\t\t\t\t\t<\/div>\n\t\t<\/div>\n\t\t\t\t\t\t\t<\/div>\n\t\t<\/section>\n\t\t\t\t<section class=\"elementor-section elementor-top-section elementor-element elementor-element-072c16a elementor-section-boxed elementor-section-height-default elementor-section-height-default\" data-id=\"072c16a\" data-element_type=\"section\" data-settings=\"{&quot;jet_parallax_layout_list&quot;:[]}\">\n\t\t\t\t\t\t<div class=\"elementor-container elementor-column-gap-default\">\n\t\t\t\t\t<div class=\"elementor-column elementor-col-100 elementor-top-column elementor-element elementor-element-45a3428\" data-id=\"45a3428\" data-element_type=\"column\">\n\t\t\t<div class=\"elementor-widget-wrap elementor-element-populated\">\n\t\t\t\t\t\t\t\t<div class=\"elementor-element elementor-element-1e1ae1b elementor-widget elementor-widget-text-editor\" data-id=\"1e1ae1b\" data-element_type=\"widget\" data-widget_type=\"text-editor.default\">\n\t\t\t\t<div class=\"elementor-widget-container\">\n\t\t\t\t\t\t\t<p><span style=\"font-size: 12pt; letter-spacing: -0.8px; background-color: transparent; font-family: Inter, sans-serif; color: #000000; font-variant-numeric: normal; font-variant-east-asian: normal; font-variant-alternates: normal; font-variant-position: normal; font-variant-emoji: normal; vertical-align: baseline; white-space-collapse: preserve;\">Le mobilier minimum pour ouvrir un espace coworking professionnel comprend des <\/span><span style=\"font-size: 12pt; letter-spacing: -0.8px; background-color: transparent; font-family: Inter, sans-serif; color: #000000; font-weight: bold; font-variant-numeric: normal; font-variant-east-asian: normal; font-variant-alternates: normal; font-variant-position: normal; font-variant-emoji: normal; vertical-align: baseline; white-space-collapse: preserve;\">bureaux individuels spacieux<\/span><span style=\"font-size: 12pt; letter-spacing: -0.8px; background-color: transparent; font-family: Inter, sans-serif; color: #000000; font-variant-numeric: normal; font-variant-east-asian: normal; font-variant-alternates: normal; font-variant-position: normal; font-variant-emoji: normal; vertical-align: baseline; white-space-collapse: preserve;\">, des <\/span><span style=\"font-size: 12pt; letter-spacing: -0.8px; background-color: transparent; font-family: Inter, sans-serif; color: #000000; font-weight: bold; font-variant-numeric: normal; font-variant-east-asian: normal; font-variant-alternates: normal; font-variant-position: normal; font-variant-emoji: normal; vertical-align: baseline; white-space-collapse: preserve;\">chaises ergonomiques<\/span><span style=\"font-size: 12pt; letter-spacing: -0.8px; background-color: transparent; font-family: Inter, sans-serif; color: #000000; font-variant-numeric: normal; font-variant-east-asian: normal; font-variant-alternates: normal; font-variant-position: normal; font-variant-emoji: normal; vertical-align: baseline; white-space-collapse: preserve;\">, une ou plusieurs <\/span><span style=\"font-size: 12pt; letter-spacing: -0.8px; background-color: transparent; font-family: Inter, sans-serif; color: #000000; font-weight: bold; font-variant-numeric: normal; font-variant-east-asian: normal; font-variant-alternates: normal; font-variant-position: normal; font-variant-emoji: normal; vertical-align: baseline; white-space-collapse: preserve;\"><a href=\"https:\/\/www.made-in-meubles.com\/produits\/table-table-basse\/table-a-manger.html\">grandes tables de r\u00e9union<\/a><\/span><span style=\"font-size: 12pt; letter-spacing: -0.8px; background-color: transparent; font-family: Inter, sans-serif; color: #000000; font-variant-numeric: normal; font-variant-east-asian: normal; font-variant-alternates: normal; font-variant-position: normal; font-variant-emoji: normal; vertical-align: baseline; white-space-collapse: preserve;\"> accompagn\u00e9es de chaises, et un espace lounge avec <\/span><span style=\"font-size: 12pt; letter-spacing: -0.8px; background-color: transparent; font-family: Inter, sans-serif; color: #000000; font-weight: bold; font-variant-numeric: normal; font-variant-east-asian: normal; font-variant-alternates: normal; font-variant-position: normal; font-variant-emoji: normal; vertical-align: baseline; white-space-collapse: preserve;\">fauteuils<\/span><span style=\"font-size: 12pt; letter-spacing: -0.8px; background-color: transparent; font-family: Inter, sans-serif; color: #000000; font-variant-numeric: normal; font-variant-east-asian: normal; font-variant-alternates: normal; font-variant-position: normal; font-variant-emoji: normal; vertical-align: baseline; white-space-collapse: preserve;\"> et <\/span><span style=\"font-size: 12pt; letter-spacing: -0.8px; background-color: transparent; font-family: Inter, sans-serif; color: #000000; font-weight: bold; font-variant-numeric: normal; font-variant-east-asian: normal; font-variant-alternates: normal; font-variant-position: normal; font-variant-emoji: normal; vertical-align: baseline; white-space-collapse: preserve;\">tables basses<\/span><span style=\"font-size: 12pt; letter-spacing: -0.8px; background-color: transparent; font-family: Inter, sans-serif; color: #000000; font-variant-numeric: normal; font-variant-east-asian: normal; font-variant-alternates: normal; font-variant-position: normal; font-variant-emoji: normal; vertical-align: baseline; white-space-collapse: preserve;\">. C&rsquo;est cette combinaison qui permet de couvrir les trois usages fondamentaux du coworking : le travail individuel concentr\u00e9, la collaboration en groupe et les \u00e9changes informels. Chez <\/span><span style=\"font-size: 12pt; letter-spacing: -0.8px; background-color: transparent; font-family: Inter, sans-serif; color: #000000; font-weight: bold; font-variant-numeric: normal; font-variant-east-asian: normal; font-variant-alternates: normal; font-variant-position: normal; font-variant-emoji: normal; vertical-align: baseline; white-space-collapse: preserve;\"><a href=\"https:\/\/www.made-in-meubles.com\/\">Made in Meubles<\/a><\/span><span style=\"font-size: 12pt; letter-spacing: -0.8px; background-color: transparent; font-family: Inter, sans-serif; color: #000000; font-variant-numeric: normal; font-variant-east-asian: normal; font-variant-alternates: normal; font-variant-position: normal; font-variant-emoji: normal; vertical-align: baseline; white-space-collapse: preserve;\">, vous trouverez ces quatre familles de produits dans des gammes coh\u00e9rentes, pens\u00e9es pour un usage professionnel intensif.<\/span><\/p>\t\t\t\t\t\t<\/div>\n\t\t\t\t<\/div>\n\t\t\t\t\t<\/div>\n\t\t<\/div>\n\t\t\t\t\t\t\t<\/div>\n\t\t<\/section>\n\t\t\t\t<section class=\"elementor-section elementor-top-section elementor-element elementor-element-f698617 elementor-section-boxed elementor-section-height-default elementor-section-height-default\" data-id=\"f698617\" data-element_type=\"section\" data-settings=\"{&quot;jet_parallax_layout_list&quot;:[]}\">\n\t\t\t\t\t\t<div class=\"elementor-container elementor-column-gap-default\">\n\t\t\t\t\t<div class=\"elementor-column elementor-col-100 elementor-top-column elementor-element elementor-element-f467b9a\" data-id=\"f467b9a\" data-element_type=\"column\">\n\t\t\t<div class=\"elementor-widget-wrap elementor-element-populated\">\n\t\t\t\t\t\t\t\t<div class=\"elementor-element elementor-element-30ac4f5 elementor-widget elementor-widget-heading\" data-id=\"30ac4f5\" data-element_type=\"widget\" data-widget_type=\"heading.default\">\n\t\t\t\t<div class=\"elementor-widget-container\">\n\t\t\t<h2 class=\"elementor-heading-title elementor-size-default\">Combien co\u00fbte l'am\u00e9nagement d'un espace coworking ?<\/h2>\t\t<\/div>\n\t\t\t\t<\/div>\n\t\t\t\t\t<\/div>\n\t\t<\/div>\n\t\t\t\t\t\t\t<\/div>\n\t\t<\/section>\n\t\t\t\t<section class=\"elementor-section elementor-top-section elementor-element elementor-element-7b8fb78 elementor-section-boxed elementor-section-height-default elementor-section-height-default\" data-id=\"7b8fb78\" data-element_type=\"section\" data-settings=\"{&quot;jet_parallax_layout_list&quot;:[]}\">\n\t\t\t\t\t\t<div class=\"elementor-container elementor-column-gap-default\">\n\t\t\t\t\t<div class=\"elementor-column elementor-col-100 elementor-top-column elementor-element elementor-element-da1601c\" data-id=\"da1601c\" data-element_type=\"column\">\n\t\t\t<div class=\"elementor-widget-wrap elementor-element-populated\">\n\t\t\t\t\t\t\t\t<div class=\"elementor-element elementor-element-dcdb490 elementor-widget elementor-widget-text-editor\" data-id=\"dcdb490\" data-element_type=\"widget\" data-widget_type=\"text-editor.default\">\n\t\t\t\t<div class=\"elementor-widget-container\">\n\t\t\t\t\t\t\t<p><span style=\"background-color: transparent; color: #000000; font-family: Inter, sans-serif; font-size: 12pt; white-space-collapse: preserve; letter-spacing: -0.8px;\">Le <b>budget d&rsquo;am\u00e9nagement d&rsquo;un espace coworking <\/b>varie fortement selon la superficie, le niveau de prestation vis\u00e9 et la qualit\u00e9 du mobilier choisi. On estime en <b>moyenne entre 800 \u20ac et 2 000 \u20ac par poste de travail<\/b>, en incluant le bureau, la chaise, l&rsquo;\u00e9clairage et la quote-part des espaces communs. Les salles de r\u00e9union repr\u00e9sentent souvent un poste \u00e0 part, principalement port\u00e9 par la grande table et les chaises autour. Miser sur un mobilier durable d\u00e8s le d\u00e9part permet d&rsquo;\u00e9viter des remplacements co\u00fbteux \u00e0 moyen terme.<\/span><\/p>\t\t\t\t\t\t<\/div>\n\t\t\t\t<\/div>\n\t\t\t\t\t<\/div>\n\t\t<\/div>\n\t\t\t\t\t\t\t<\/div>\n\t\t<\/section>\n\t\t\t\t<section class=\"elementor-section elementor-top-section elementor-element elementor-element-6081c40 elementor-section-boxed elementor-section-height-default elementor-section-height-default\" data-id=\"6081c40\" data-element_type=\"section\" data-settings=\"{&quot;jet_parallax_layout_list&quot;:[]}\">\n\t\t\t\t\t\t<div class=\"elementor-container elementor-column-gap-default\">\n\t\t\t\t\t<div class=\"elementor-column elementor-col-100 elementor-top-column elementor-element elementor-element-58083e1\" data-id=\"58083e1\" data-element_type=\"column\">\n\t\t\t<div class=\"elementor-widget-wrap elementor-element-populated\">\n\t\t\t\t\t\t\t\t<div class=\"elementor-element elementor-element-f9f973f elementor-widget elementor-widget-heading\" data-id=\"f9f973f\" data-element_type=\"widget\" data-widget_type=\"heading.default\">\n\t\t\t\t<div class=\"elementor-widget-container\">\n\t\t\t<h2 class=\"elementor-heading-title elementor-size-default\">Quelles table choisir pour une salle de r\u00e9union en espace coworking ?<\/h2>\t\t<\/div>\n\t\t\t\t<\/div>\n\t\t\t\t\t<\/div>\n\t\t<\/div>\n\t\t\t\t\t\t\t<\/div>\n\t\t<\/section>\n\t\t\t\t<section class=\"elementor-section elementor-top-section elementor-element elementor-element-1e9395e elementor-section-boxed elementor-section-height-default elementor-section-height-default\" data-id=\"1e9395e\" data-element_type=\"section\" data-settings=\"{&quot;jet_parallax_layout_list&quot;:[]}\">\n\t\t\t\t\t\t<div class=\"elementor-container elementor-column-gap-default\">\n\t\t\t\t\t<div class=\"elementor-column elementor-col-100 elementor-top-column elementor-element elementor-element-e38d63e\" data-id=\"e38d63e\" data-element_type=\"column\">\n\t\t\t<div class=\"elementor-widget-wrap elementor-element-populated\">\n\t\t\t\t\t\t\t\t<div class=\"elementor-element elementor-element-3532eb1 elementor-widget elementor-widget-text-editor\" data-id=\"3532eb1\" data-element_type=\"widget\" data-widget_type=\"text-editor.default\">\n\t\t\t\t<div class=\"elementor-widget-container\">\n\t\t\t\t\t\t\t<p><span style=\"background-color: transparent; color: #000000; font-family: Inter, sans-serif; font-size: 12pt; white-space-collapse: preserve; letter-spacing: -0.8px;\">Pour une<b> salle de r\u00e9union en coworking<\/b>, privil\u00e9giez une grande table robuste et esth\u00e9tique, capable d&rsquo;accueillir entre <b>6 et 12 personnes <\/b>selon la superficie de la pi\u00e8ce. Les mod\u00e8les avec pi\u00e8tement central ou pi\u00e8tement en m\u00e9tal sont particuli\u00e8rement adapt\u00e9s car ils laissent de la libert\u00e9 de mouvement autour de la table. La finition doit r\u00e9sister aux rayures et aux nettoyages fr\u00e9quents. Les grandes tables Made in Meubles r\u00e9pondent \u00e0 ces crit\u00e8res avec des mat\u00e9riaux haut de gamme et des dimensions adapt\u00e9es aux salles de r\u00e9union professionnelles.<\/span><\/p>\t\t\t\t\t\t<\/div>\n\t\t\t\t<\/div>\n\t\t\t\t\t<\/div>\n\t\t<\/div>\n\t\t\t\t\t\t\t<\/div>\n\t\t<\/section>\n\t\t\t\t<section class=\"elementor-section elementor-top-section elementor-element elementor-element-c377d68 elementor-section-boxed elementor-section-height-default elementor-section-height-default\" data-id=\"c377d68\" data-element_type=\"section\" data-settings=\"{&quot;jet_parallax_layout_list&quot;:[]}\">\n\t\t\t\t\t\t<div class=\"elementor-container elementor-column-gap-default\">\n\t\t\t\t\t<div class=\"elementor-column elementor-col-100 elementor-top-column elementor-element elementor-element-4fc325a\" data-id=\"4fc325a\" data-element_type=\"column\">\n\t\t\t<div class=\"elementor-widget-wrap elementor-element-populated\">\n\t\t\t\t\t\t\t\t<div class=\"elementor-element elementor-element-84c23c0 elementor-widget elementor-widget-heading\" data-id=\"84c23c0\" data-element_type=\"widget\" data-widget_type=\"heading.default\">\n\t\t\t\t<div class=\"elementor-widget-container\">\n\t\t\t<h2 class=\"elementor-heading-title elementor-size-default\">Comment rendre un espace coworking attractif pour les entreprises ?<\/h2>\t\t<\/div>\n\t\t\t\t<\/div>\n\t\t\t\t\t<\/div>\n\t\t<\/div>\n\t\t\t\t\t\t\t<\/div>\n\t\t<\/section>\n\t\t\t\t<section class=\"elementor-section elementor-top-section elementor-element elementor-element-34ae92b elementor-section-boxed elementor-section-height-default elementor-section-height-default\" data-id=\"34ae92b\" data-element_type=\"section\" data-settings=\"{&quot;jet_parallax_layout_list&quot;:[]}\">\n\t\t\t\t\t\t<div class=\"elementor-container elementor-column-gap-default\">\n\t\t\t\t\t<div class=\"elementor-column elementor-col-100 elementor-top-column elementor-element elementor-element-a14bc9f\" data-id=\"a14bc9f\" data-element_type=\"column\">\n\t\t\t<div class=\"elementor-widget-wrap elementor-element-populated\">\n\t\t\t\t\t\t\t\t<div class=\"elementor-element elementor-element-f30fc6f elementor-widget elementor-widget-text-editor\" data-id=\"f30fc6f\" data-element_type=\"widget\" data-widget_type=\"text-editor.default\">\n\t\t\t\t<div class=\"elementor-widget-container\">\n\t\t\t\t\t\t\t<p><span style=\"background-color: transparent; color: #000000; font-family: Inter, sans-serif; font-size: 12pt; white-space-collapse: preserve; letter-spacing: -0.8px;\">Pour s\u00e9duire une client\u00e8le BtoB, un espace coworking doit avant tout \u00eatre fonctionnel et professionnel. Cela passe par une connexion internet fiable, des <b>salles de r\u00e9union bien \u00e9quip\u00e9es<\/b>, mais aussi par la qualit\u00e9 du mobilier qui donne la premi\u00e8re impression aux visiteurs. Des <a href=\"https:\/\/www.made-in-meubles.com\/produits\/assise\/fauteuil.html\">fauteuils confortables<\/a> dans les zones lounge, des chaises ergonomiques aux postes de travail et une <a href=\"https:\/\/www.made-in-meubles.com\/produits\/table-table-basse\/table-basse.html\">table basse <\/a>bien positionn\u00e9e dans l&rsquo;espace d\u00e9tente participent \u00e0 cr\u00e9er une ambiance s\u00e9rieuse et agr\u00e9able qui donne envie de revenir.<\/span><\/p>\t\t\t\t\t\t<\/div>\n\t\t\t\t<\/div>\n\t\t\t\t\t<\/div>\n\t\t<\/div>\n\t\t\t\t\t\t\t<\/div>\n\t\t<\/section>\n\t\t\t\t<section class=\"elementor-section elementor-top-section elementor-element elementor-element-ad4852b elementor-section-boxed elementor-section-height-default elementor-section-height-default\" data-id=\"ad4852b\" data-element_type=\"section\" data-settings=\"{&quot;jet_parallax_layout_list&quot;:[]}\">\n\t\t\t\t\t\t<div class=\"elementor-container elementor-column-gap-default\">\n\t\t\t\t\t<div class=\"elementor-column elementor-col-100 elementor-top-column elementor-element elementor-element-dd04097\" data-id=\"dd04097\" data-element_type=\"column\">\n\t\t\t<div class=\"elementor-widget-wrap elementor-element-populated\">\n\t\t\t\t\t\t\t\t<div class=\"elementor-element elementor-element-ecfdd98 elementor-widget elementor-widget-heading\" data-id=\"ecfdd98\" data-element_type=\"widget\" data-widget_type=\"heading.default\">\n\t\t\t\t<div class=\"elementor-widget-container\">\n\t\t\t<h2 class=\"elementor-heading-title elementor-size-default\">Faut-il choisir du mobilier modulable pour un espace coworking ?<\/h2>\t\t<\/div>\n\t\t\t\t<\/div>\n\t\t\t\t\t<\/div>\n\t\t<\/div>\n\t\t\t\t\t\t\t<\/div>\n\t\t<\/section>\n\t\t\t\t<section class=\"elementor-section elementor-top-section elementor-element elementor-element-f67038b elementor-section-boxed elementor-section-height-default elementor-section-height-default\" data-id=\"f67038b\" data-element_type=\"section\" data-settings=\"{&quot;jet_parallax_layout_list&quot;:[]}\">\n\t\t\t\t\t\t<div class=\"elementor-container elementor-column-gap-default\">\n\t\t\t\t\t<div class=\"elementor-column elementor-col-100 elementor-top-column elementor-element elementor-element-2c2075a\" data-id=\"2c2075a\" data-element_type=\"column\">\n\t\t\t<div class=\"elementor-widget-wrap elementor-element-populated\">\n\t\t\t\t\t\t\t\t<div class=\"elementor-element elementor-element-7838017 elementor-widget elementor-widget-text-editor\" data-id=\"7838017\" data-element_type=\"widget\" data-widget_type=\"text-editor.default\">\n\t\t\t\t<div class=\"elementor-widget-container\">\n\t\t\t\t\t\t\t<p><span style=\"background-color: transparent; color: #000000; font-family: Inter, sans-serif; font-size: 12pt; white-space-collapse: preserve; letter-spacing: -0.8px;\">Oui, <b>la modularit\u00e9 est un atout majeur en coworking<\/b>. Les besoins des occupants \u00e9voluent constamment : une grande salle peut \u00eatre divis\u00e9e pour accueillir deux \u00e9quipes, des bureaux peuvent \u00eatre regroup\u00e9s pour former un espace collaboratif ponctuel. Pr\u00e9f\u00e9rez des tables et bureaux que l&rsquo;on peut assembler ou d\u00e9placer facilement, et des chaises l\u00e9g\u00e8res et empilables pour les salles de r\u00e9union. Cette flexibilit\u00e9 permet de rentabiliser l&rsquo;espace au maximum sans investir dans de lourds travaux d&rsquo;agencement<\/span><\/p>\t\t\t\t\t\t<\/div>\n\t\t\t\t<\/div>\n\t\t\t\t\t<\/div>\n\t\t<\/div>\n\t\t\t\t\t\t\t<\/div>\n\t\t<\/section>\n\t\t\t\t<section class=\"elementor-section elementor-top-section elementor-element elementor-element-69641fa elementor-section-boxed elementor-section-height-default elementor-section-height-default\" data-id=\"69641fa\" data-element_type=\"section\" data-settings=\"{&quot;jet_parallax_layout_list&quot;:[]}\">\n\t\t\t\t\t\t<div class=\"elementor-container elementor-column-gap-default\">\n\t\t\t\t\t<div class=\"elementor-column elementor-col-100 elementor-top-column elementor-element elementor-element-bb08463\" data-id=\"bb08463\" data-element_type=\"column\">\n\t\t\t<div class=\"elementor-widget-wrap elementor-element-populated\">\n\t\t\t\t\t\t\t\t<div class=\"elementor-element elementor-element-bde7236 elementor-widget elementor-widget-heading\" data-id=\"bde7236\" data-element_type=\"widget\" data-widget_type=\"heading.default\">\n\t\t\t\t<div class=\"elementor-widget-container\">\n\t\t\t<h2 class=\"elementor-heading-title elementor-size-default\">Quelle est la diff\u00e9rence entre un fauteuil de bureau et un fauteuil lougne pour coworking ?<\/h2>\t\t<\/div>\n\t\t\t\t<\/div>\n\t\t\t\t\t<\/div>\n\t\t<\/div>\n\t\t\t\t\t\t\t<\/div>\n\t\t<\/section>\n\t\t\t\t<section class=\"elementor-section elementor-top-section elementor-element elementor-element-486e6e1 elementor-section-boxed elementor-section-height-default elementor-section-height-default\" data-id=\"486e6e1\" data-element_type=\"section\" data-settings=\"{&quot;jet_parallax_layout_list&quot;:[]}\">\n\t\t\t\t\t\t<div class=\"elementor-container elementor-column-gap-default\">\n\t\t\t\t\t<div class=\"elementor-column elementor-col-100 elementor-top-column elementor-element elementor-element-39dd9ea\" data-id=\"39dd9ea\" data-element_type=\"column\">\n\t\t\t<div class=\"elementor-widget-wrap elementor-element-populated\">\n\t\t\t\t\t\t\t\t<div class=\"elementor-element elementor-element-febcd01 elementor-widget elementor-widget-text-editor\" data-id=\"febcd01\" data-element_type=\"widget\" data-widget_type=\"text-editor.default\">\n\t\t\t\t<div class=\"elementor-widget-container\">\n\t\t\t\t\t\t\t<p><span style=\"background-color: transparent; color: #000000; font-family: Inter, sans-serif; font-size: 12pt; white-space-collapse: preserve; letter-spacing: -0.8px;\">Le <b>fauteuil de bureau <\/b>est con\u00e7u pour le travail actif : hauteur r\u00e9glable, soutien lombaire, accoudoirs adapt\u00e9s \u00e0 une position face \u00e0 un \u00e9cran. Le fauteuil lounge, lui, est destin\u00e9 aux zones de d\u00e9tente et d&rsquo;\u00e9change informel : plus enveloppant, plus design, il invite \u00e0 la conversation et \u00e0 la d\u00e9connexion ponctuelle. Dans un espace coworking complet, les deux sont n\u00e9cessaires et compl\u00e9mentaires. <a href=\"https:\/\/www.made-in-meubles.com\/\">Made in Meubles<\/a> propose ces deux types de fauteuils dans des univers esth\u00e9tiques coh\u00e9rents pour un r\u00e9sultat harmonieux dans tout l&rsquo;espace.<\/span><\/p>\t\t\t\t\t\t<\/div>\n\t\t\t\t<\/div>\n\t\t\t\t<div class=\"elementor-element elementor-element-908bd4e elementor-widget-divider--view-line elementor-widget elementor-widget-divider\" data-id=\"908bd4e\" data-element_type=\"widget\" data-widget_type=\"divider.default\">\n\t\t\t\t<div class=\"elementor-widget-container\">\n\t\t\t<style>\/*! elementor - v3.6.5 - 27-04-2022 *\/\n.elementor-widget-divider{--divider-border-style:none;--divider-border-width:1px;--divider-color:#2c2c2c;--divider-icon-size:20px;--divider-element-spacing:10px;--divider-pattern-height:24px;--divider-pattern-size:20px;--divider-pattern-url:none;--divider-pattern-repeat:repeat-x}.elementor-widget-divider .elementor-divider{display:-webkit-box;display:-ms-flexbox;display:flex}.elementor-widget-divider .elementor-divider__text{font-size:15px;line-height:1;max-width:95%}.elementor-widget-divider .elementor-divider__element{margin:0 var(--divider-element-spacing);-ms-flex-negative:0;flex-shrink:0}.elementor-widget-divider .elementor-icon{font-size:var(--divider-icon-size)}.elementor-widget-divider .elementor-divider-separator{display:-webkit-box;display:-ms-flexbox;display:flex;margin:0;direction:ltr}.elementor-widget-divider--view-line_icon .elementor-divider-separator,.elementor-widget-divider--view-line_text .elementor-divider-separator{-webkit-box-align:center;-ms-flex-align:center;align-items:center}.elementor-widget-divider--view-line_icon .elementor-divider-separator:after,.elementor-widget-divider--view-line_icon .elementor-divider-separator:before,.elementor-widget-divider--view-line_text .elementor-divider-separator:after,.elementor-widget-divider--view-line_text .elementor-divider-separator:before{display:block;content:\"\";border-bottom:0;-webkit-box-flex:1;-ms-flex-positive:1;flex-grow:1;border-top:var(--divider-border-width) var(--divider-border-style) var(--divider-color)}.elementor-widget-divider--element-align-left .elementor-divider .elementor-divider-separator>.elementor-divider__svg:first-of-type{-webkit-box-flex:0;-ms-flex-positive:0;flex-grow:0;-ms-flex-negative:100;flex-shrink:100}.elementor-widget-divider--element-align-left .elementor-divider-separator:before{content:none}.elementor-widget-divider--element-align-left .elementor-divider__element{margin-left:0}.elementor-widget-divider--element-align-right .elementor-divider .elementor-divider-separator>.elementor-divider__svg:last-of-type{-webkit-box-flex:0;-ms-flex-positive:0;flex-grow:0;-ms-flex-negative:100;flex-shrink:100}.elementor-widget-divider--element-align-right .elementor-divider-separator:after{content:none}.elementor-widget-divider--element-align-right .elementor-divider__element{margin-right:0}.elementor-widget-divider:not(.elementor-widget-divider--view-line_text):not(.elementor-widget-divider--view-line_icon) .elementor-divider-separator{border-top:var(--divider-border-width) var(--divider-border-style) var(--divider-color)}.elementor-widget-divider--separator-type-pattern{--divider-border-style:none}.elementor-widget-divider--separator-type-pattern.elementor-widget-divider--view-line .elementor-divider-separator,.elementor-widget-divider--separator-type-pattern:not(.elementor-widget-divider--view-line) .elementor-divider-separator:after,.elementor-widget-divider--separator-type-pattern:not(.elementor-widget-divider--view-line) .elementor-divider-separator:before,.elementor-widget-divider--separator-type-pattern:not([class*=elementor-widget-divider--view]) .elementor-divider-separator{width:100%;min-height:var(--divider-pattern-height);-webkit-mask-size:var(--divider-pattern-size) 100%;mask-size:var(--divider-pattern-size) 100%;-webkit-mask-repeat:var(--divider-pattern-repeat);mask-repeat:var(--divider-pattern-repeat);background-color:var(--divider-color);-webkit-mask-image:var(--divider-pattern-url);mask-image:var(--divider-pattern-url)}.elementor-widget-divider--no-spacing{--divider-pattern-size:auto}.elementor-widget-divider--bg-round{--divider-pattern-repeat:round}.rtl .elementor-widget-divider .elementor-divider__text{direction:rtl}<\/style>\t\t<div class=\"elementor-divider\">\n\t\t\t<span class=\"elementor-divider-separator\">\n\t\t\t\t\t\t<\/span>\n\t\t<\/div>\n\t\t\t\t<\/div>\n\t\t\t\t<\/div>\n\t\t\t\t\t<\/div>\n\t\t<\/div>\n\t\t\t\t\t\t\t<\/div>\n\t\t<\/section>\n\t\t\t\t<section class=\"elementor-section elementor-top-section elementor-element elementor-element-e91aadd elementor-section-boxed elementor-section-height-default elementor-section-height-default\" data-id=\"e91aadd\" data-element_type=\"section\" data-settings=\"{&quot;jet_parallax_layout_list&quot;:[]}\">\n\t\t\t\t\t\t<div class=\"elementor-container elementor-column-gap-default\">\n\t\t\t\t\t<div class=\"elementor-column elementor-col-100 elementor-top-column elementor-element elementor-element-121752d\" data-id=\"121752d\" data-element_type=\"column\">\n\t\t\t<div class=\"elementor-widget-wrap elementor-element-populated\">\n\t\t\t\t\t\t\t\t<div class=\"elementor-element elementor-element-63d9dd8 elementor-widget elementor-widget-text-editor\" data-id=\"63d9dd8\" data-element_type=\"widget\" data-widget_type=\"text-editor.default\">\n\t\t\t\t<div class=\"elementor-widget-container\">\n\t\t\t\t\t\t\t<p><span style=\"background-color: transparent; color: #000000; font-family: Inter, sans-serif; font-size: 12pt; white-space-collapse: preserve; letter-spacing: -0.8px;\">Am\u00e9nager un espace coworking qui r\u00e9pond aux exigences du march\u00e9 BtoB demande une approche m\u00e9thodique, centr\u00e9e sur les usages r\u00e9els plut\u00f4t que sur l&rsquo;esth\u00e9tique seule. Que vous soyez gestionnaire immobilier en qu\u00eate de valorisation de votre actif, ou dirigeant souhaitant offrir \u00e0 vos \u00e9quipes un environnement de travail flexible et stimulant, les cl\u00e9s du succ\u00e8s restent les m\u00eames : bien conna\u00eetre vos utilisateurs, investir dans l&rsquo;infrastructure technique, structurer intelligemment les zones de travail et soigner chaque d\u00e9tail de l&rsquo;exp\u00e9rience. <\/span><span style=\"background-color: transparent; color: #000000; font-family: Inter, sans-serif; font-size: 12pt; white-space-collapse: preserve; letter-spacing: -0.8px;\">Un espace coworking bien pens\u00e9, c&rsquo;est un espace qui se remplit naturellement et qui fid\u00e9lise. D\u00e9couvrez sur notre site internet, <a href=\"https:\/\/www.made-in-meubles.com\/espace-professionnel\">Espace Professionnel<\/a>, nos diff\u00e9rentes offres adapt\u00e9es \u00e0 chaque professionnel.<\/span><\/p>\t\t\t\t\t\t<\/div>\n\t\t\t\t<\/div>\n\t\t\t\t\t<\/div>\n\t\t<\/div>\n\t\t\t\t\t\t\t<\/div>\n\t\t<\/section>\n\t\t\t\t<section class=\"elementor-section elementor-top-section elementor-element elementor-element-1829896 elementor-section-boxed elementor-section-height-default elementor-section-height-default\" data-id=\"1829896\" data-element_type=\"section\" data-settings=\"{&quot;jet_parallax_layout_list&quot;:[]}\">\n\t\t\t\t\t\t<div class=\"elementor-container elementor-column-gap-default\">\n\t\t\t\t\t<div class=\"elementor-column elementor-col-100 elementor-top-column elementor-element elementor-element-262148f\" data-id=\"262148f\" data-element_type=\"column\">\n\t\t\t<div class=\"elementor-widget-wrap elementor-element-populated\">\n\t\t\t\t\t\t\t\t<div class=\"elementor-element elementor-element-f1317a1 elementor-widget elementor-widget-text-editor\" data-id=\"f1317a1\" data-element_type=\"widget\" data-widget_type=\"text-editor.default\">\n\t\t\t\t<div class=\"elementor-widget-container\">\n\t\t\t\t\t\t\t<p><span style=\"color: rgb(0, 0, 0); font-size: 12px; letter-spacing: -0.8px; text-align: right;\">Certaines photos peuvent \u00eatre g\u00e9n\u00e9r\u00e9es ou retravaill\u00e9es \u00e0 l\u2019aide de l\u2019intelligence artificielle.<\/span><\/p>\t\t\t\t\t\t<\/div>\n\t\t\t\t<\/div>\n\t\t\t\t\t<\/div>\n\t\t<\/div>\n\t\t\t\t\t\t\t<\/div>\n\t\t<\/section>\n\t\t\t\t\t\t\t<\/div>\n\t\t","protected":false},"excerpt":{"rendered":"<p>Le coworking n&rsquo;est plus un ph\u00e9nom\u00e8ne de niche r\u00e9serv\u00e9 aux startups et aux ind\u00e9pendants. Aujourd&rsquo;hui, les PME, les grands groupes et les \u00e9quipes nomades int\u00e8grent massivement les espaces de travail partag\u00e9s dans leur strat\u00e9gie immobili\u00e8re. Face \u00e0 cette demande croissante, am\u00e9nager un espace coworking est devenu un v\u00e9ritable enjeu strat\u00e9gique, que vous soyez gestionnaire immobilier [&hellip;]<\/p>\n","protected":false},"author":32,"featured_media":18280,"comment_status":"open","ping_status":"open","sticky":false,"template":"","format":"standard","meta":[],"categories":[5],"tags":[],"acf":[],"_links":{"self":[{"href":"https:\/\/www.made-in-meubles.com\/blog\/wp-json\/wp\/v2\/posts\/18277"}],"collection":[{"href":"https:\/\/www.made-in-meubles.com\/blog\/wp-json\/wp\/v2\/posts"}],"about":[{"href":"https:\/\/www.made-in-meubles.com\/blog\/wp-json\/wp\/v2\/types\/post"}],"author":[{"embeddable":true,"href":"https:\/\/www.made-in-meubles.com\/blog\/wp-json\/wp\/v2\/users\/32"}],"replies":[{"embeddable":true,"href":"https:\/\/www.made-in-meubles.com\/blog\/wp-json\/wp\/v2\/comments?post=18277"}],"version-history":[{"count":8,"href":"https:\/\/www.made-in-meubles.com\/blog\/wp-json\/wp\/v2\/posts\/18277\/revisions"}],"predecessor-version":[{"id":18291,"href":"https:\/\/www.made-in-meubles.com\/blog\/wp-json\/wp\/v2\/posts\/18277\/revisions\/18291"}],"wp:featuredmedia":[{"embeddable":true,"href":"https:\/\/www.made-in-meubles.com\/blog\/wp-json\/wp\/v2\/media\/18280"}],"wp:attachment":[{"href":"https:\/\/www.made-in-meubles.com\/blog\/wp-json\/wp\/v2\/media?parent=18277"}],"wp:term":[{"taxonomy":"category","embeddable":true,"href":"https:\/\/www.made-in-meubles.com\/blog\/wp-json\/wp\/v2\/categories?post=18277"},{"taxonomy":"post_tag","embeddable":true,"href":"https:\/\/www.made-in-meubles.com\/blog\/wp-json\/wp\/v2\/tags?post=18277"}],"curies":[{"name":"wp","href":"https:\/\/api.w.org\/{rel}","templated":true}]}}