{"id":18316,"date":"2026-03-11T12:00:00","date_gmt":"2026-03-11T11:00:00","guid":{"rendered":"https:\/\/www.made-in-meubles.com\/blog\/?p=18316"},"modified":"2026-03-06T10:44:57","modified_gmt":"2026-03-06T09:44:57","slug":"tendances-deco-interieur-printemps","status":"publish","type":"post","link":"https:\/\/www.made-in-meubles.com\/blog\/tendances-deco-interieur-printemps\/","title":{"rendered":"Tendances d\u00e9co int\u00e9rieur printemps 2026 by Made in Meubles"},"content":{"rendered":"\t\t<div data-elementor-type=\"wp-post\" data-elementor-id=\"18316\" class=\"elementor elementor-18316\">\n\t\t\t\t\t\t\t\t\t<section class=\"elementor-section elementor-top-section elementor-element elementor-element-b789a18 elementor-section-boxed elementor-section-height-default elementor-section-height-default\" data-id=\"b789a18\" data-element_type=\"section\" data-settings=\"{&quot;jet_parallax_layout_list&quot;:[]}\">\n\t\t\t\t\t\t<div class=\"elementor-container elementor-column-gap-default\">\n\t\t\t\t\t<div class=\"elementor-column elementor-col-100 elementor-top-column elementor-element elementor-element-0a03074\" data-id=\"0a03074\" data-element_type=\"column\">\n\t\t\t<div class=\"elementor-widget-wrap elementor-element-populated\">\n\t\t\t\t\t\t\t\t<div class=\"elementor-element elementor-element-49946c3 elementor-widget elementor-widget-text-editor\" data-id=\"49946c3\" data-element_type=\"widget\" data-widget_type=\"text-editor.default\">\n\t\t\t\t<div class=\"elementor-widget-container\">\n\t\t\t<style>\/*! elementor - v3.6.5 - 27-04-2022 *\/\n.elementor-widget-text-editor.elementor-drop-cap-view-stacked .elementor-drop-cap{background-color:#818a91;color:#fff}.elementor-widget-text-editor.elementor-drop-cap-view-framed .elementor-drop-cap{color:#818a91;border:3px solid;background-color:transparent}.elementor-widget-text-editor:not(.elementor-drop-cap-view-default) .elementor-drop-cap{margin-top:8px}.elementor-widget-text-editor:not(.elementor-drop-cap-view-default) .elementor-drop-cap-letter{width:1em;height:1em}.elementor-widget-text-editor .elementor-drop-cap{float:left;text-align:center;line-height:1;font-size:50px}.elementor-widget-text-editor .elementor-drop-cap-letter{display:inline-block}<\/style>\t\t\t\t<p><span style=\"background-color: transparent; color: #000000; font-family: Inter, sans-serif; font-size: 12pt; white-space-collapse: preserve; letter-spacing: -0.8px;\">Le<b> printemps 2026 <\/b>s&rsquo;annonce comme une saison de renouveau profond pour nos int\u00e9rieurs. Apr\u00e8s des ann\u00e9es de minimalisme aseptis\u00e9, la d\u00e9coration prend un virage radical vers l&rsquo;authenticit\u00e9, le confort sensoriel et la connexion avec la nature. <b>Les tendances d\u00e9co int\u00e9rieur printemps 2026<\/b> dessinent une nouvelle fa\u00e7on d&rsquo;habiter : plus expressive, plus engag\u00e9e, plus humaine. Que vous souhaitiez rafra\u00eechir votre <a href=\"https:\/\/www.made-in-meubles.com\/pieces\/salon.html\">salon<\/a>, renouveler votre mobilier ou simplement apporter une touche de saison \u00e0 votre maison, voici tout ce que vous devez savoir pour \u00eatre dans l&rsquo;air du temps cette ann\u00e9e.<\/span><\/p>\t\t\t\t\t\t<\/div>\n\t\t\t\t<\/div>\n\t\t\t\t\t<\/div>\n\t\t<\/div>\n\t\t\t\t\t\t\t<\/div>\n\t\t<\/section>\n\t\t\t\t<section class=\"elementor-section elementor-top-section elementor-element elementor-element-5e1c91f elementor-section-boxed elementor-section-height-default elementor-section-height-default\" data-id=\"5e1c91f\" data-element_type=\"section\" data-settings=\"{&quot;jet_parallax_layout_list&quot;:[]}\">\n\t\t\t\t\t\t<div class=\"elementor-container elementor-column-gap-default\">\n\t\t\t\t\t<div class=\"elementor-column elementor-col-100 elementor-top-column elementor-element elementor-element-e186963\" data-id=\"e186963\" data-element_type=\"column\">\n\t\t\t<div class=\"elementor-widget-wrap elementor-element-populated\">\n\t\t\t\t\t\t\t\t<div class=\"elementor-element elementor-element-1b44094 elementor-widget elementor-widget-heading\" data-id=\"1b44094\" data-element_type=\"widget\" data-widget_type=\"heading.default\">\n\t\t\t\t<div class=\"elementor-widget-container\">\n\t\t\t<style>\/*! elementor - v3.6.5 - 27-04-2022 *\/\n.elementor-heading-title{padding:0;margin:0;line-height:1}.elementor-widget-heading .elementor-heading-title[class*=elementor-size-]>a{color:inherit;font-size:inherit;line-height:inherit}.elementor-widget-heading .elementor-heading-title.elementor-size-small{font-size:15px}.elementor-widget-heading .elementor-heading-title.elementor-size-medium{font-size:19px}.elementor-widget-heading .elementor-heading-title.elementor-size-large{font-size:29px}.elementor-widget-heading .elementor-heading-title.elementor-size-xl{font-size:39px}.elementor-widget-heading .elementor-heading-title.elementor-size-xxl{font-size:59px}<\/style><h2 class=\"elementor-heading-title elementor-size-default\">Tendances d\u00e9co int\u00e9rieur printemps 2026 : Les couleurs phares du printemps <\/h2>\t\t<\/div>\n\t\t\t\t<\/div>\n\t\t\t\t\t<\/div>\n\t\t<\/div>\n\t\t\t\t\t\t\t<\/div>\n\t\t<\/section>\n\t\t\t\t<section class=\"elementor-section elementor-top-section elementor-element elementor-element-ff75cd8 elementor-section-boxed elementor-section-height-default elementor-section-height-default\" data-id=\"ff75cd8\" data-element_type=\"section\" data-settings=\"{&quot;jet_parallax_layout_list&quot;:[]}\">\n\t\t\t\t\t\t<div class=\"elementor-container elementor-column-gap-default\">\n\t\t\t\t\t<div class=\"elementor-column elementor-col-100 elementor-top-column elementor-element elementor-element-6ae9979\" data-id=\"6ae9979\" data-element_type=\"column\">\n\t\t\t<div class=\"elementor-widget-wrap elementor-element-populated\">\n\t\t\t\t\t\t\t\t<div class=\"elementor-element elementor-element-a0e1d6e elementor-widget elementor-widget-heading\" data-id=\"a0e1d6e\" data-element_type=\"widget\" data-widget_type=\"heading.default\">\n\t\t\t\t<div class=\"elementor-widget-container\">\n\t\t\t<h3 class=\"elementor-heading-title elementor-size-default\">Le Transformative Teal : La couleur de l'ann\u00e9e<\/h3>\t\t<\/div>\n\t\t\t\t<\/div>\n\t\t\t\t<div class=\"elementor-element elementor-element-7c7fd61 elementor-widget elementor-widget-text-editor\" data-id=\"7c7fd61\" data-element_type=\"widget\" data-widget_type=\"text-editor.default\">\n\t\t\t\t<div class=\"elementor-widget-container\">\n\t\t\t\t\t\t\t<p><span style=\"background-color: transparent; color: #000000; font-family: Inter, sans-serif; font-size: 12pt; white-space-collapse: preserve; letter-spacing: -0.8px;\">C&rsquo;est la teinte dont tout le monde parle. <b>Le Transformative Teal<\/b>, d\u00e9sign\u00e9 couleur de l&rsquo;ann\u00e9e 2026 par les instituts WGSN et Coloro, s&rsquo;impose comme l&rsquo;incontournable de la saison dans la d\u00e9coration int\u00e9rieure. Ce bleu-vert profond, \u00e0 mi-chemin entre l&rsquo;oc\u00e9an et la for\u00eat, exprime \u00e0 la fois le calme, la r\u00e9g\u00e9n\u00e9ration et une conscience \u00e9cologique affirm\u00e9e. <\/span><span style=\"background-color: transparent; color: #000000; font-family: Inter, sans-serif; font-size: 12pt; white-space-collapse: preserve; letter-spacing: -0.8px;\">Ce qui rend cette couleur si particuli\u00e8re, c&rsquo;est sa capacit\u00e9 \u00e0 s&rsquo;adapter \u00e0 tous les contextes. Sur un mur d&rsquo;accent dans le salon, elle cr\u00e9e une atmosph\u00e8re enveloppante et contemporaine. En touches l\u00e9g\u00e8res, un coussin, un vase, un luminaire, elle insuffle une \u00e9nergie nouvelle sans bousculer l&rsquo;ensemble. Associ\u00e9e \u00e0 des mati\u00e8res naturelles comme le bois brut, la pierre ou le lin, elle dialogue harmonieusement avec la tendance au retour aux sources qui domine cette saison. <\/span><span style=\"background-color: transparent; color: #000000; font-family: Inter, sans-serif; font-size: 12pt; white-space-collapse: preserve; letter-spacing: -0.8px;\">Pour l&rsquo;adopter avec justesse, les d\u00e9corateurs recommandent d&rsquo;appliquer la r\u00e8gle du 60-30-10 : 60 % de couleur dominante neutre (beige, blanc cass\u00e9), 30 % de couleur secondaire (le teal), et 10 % d&rsquo;accents vifs. R\u00e9sultat : une pi\u00e8ce \u00e9quilibr\u00e9e, affirm\u00e9e, sans jamais tomber dans l&rsquo;exc\u00e8s.<\/span><\/p>\t\t\t\t\t\t<\/div>\n\t\t\t\t<\/div>\n\t\t\t\t\t<\/div>\n\t\t<\/div>\n\t\t\t\t\t\t\t<\/div>\n\t\t<\/section>\n\t\t\t\t<section class=\"elementor-section elementor-top-section elementor-element elementor-element-9e44457 elementor-section-boxed elementor-section-height-default elementor-section-height-default\" data-id=\"9e44457\" data-element_type=\"section\" data-settings=\"{&quot;jet_parallax_layout_list&quot;:[]}\">\n\t\t\t\t\t\t<div class=\"elementor-container elementor-column-gap-default\">\n\t\t\t\t\t<div class=\"elementor-column elementor-col-50 elementor-top-column elementor-element elementor-element-0f59f3f\" data-id=\"0f59f3f\" data-element_type=\"column\">\n\t\t\t<div class=\"elementor-widget-wrap elementor-element-populated\">\n\t\t\t\t\t\t\t\t<div class=\"elementor-element elementor-element-a81ad27 elementor-widget elementor-widget-image\" data-id=\"a81ad27\" data-element_type=\"widget\" data-widget_type=\"image.default\">\n\t\t\t\t<div class=\"elementor-widget-container\">\n\t\t\t<style>\/*! elementor - v3.6.5 - 27-04-2022 *\/\n.elementor-widget-image{text-align:center}.elementor-widget-image a{display:inline-block}.elementor-widget-image a img[src$=\".svg\"]{width:48px}.elementor-widget-image img{vertical-align:middle;display:inline-block}<\/style>\t\t\t\t\t\t\t\t\t\t\t\t\t<a href=\"https:\/\/www.made-in-meubles.com\/grand-canape-tissu-ecru-syrel-p-mei01\">\n\t\t\t\t\t\t\t<img width=\"752\" height=\"752\" src=\"https:\/\/www.made-in-meubles.com\/blog\/wp-content\/uploads\/2026\/03\/bleu-1.jpeg\" class=\"attachment-large size-large\" alt=\"\" srcset=\"https:\/\/www.made-in-meubles.com\/blog\/wp-content\/uploads\/2026\/03\/bleu-1.jpeg 752w, https:\/\/www.made-in-meubles.com\/blog\/wp-content\/uploads\/2026\/03\/bleu-1-300x300.jpeg 300w, https:\/\/www.made-in-meubles.com\/blog\/wp-content\/uploads\/2026\/03\/bleu-1-150x150.jpeg 150w\" sizes=\"(max-width: 752px) 100vw, 752px\" \/>\t\t\t\t\t\t\t\t<\/a>\n\t\t\t\t\t\t\t\t\t\t\t\t\t\t\t<\/div>\n\t\t\t\t<\/div>\n\t\t\t\t\t<\/div>\n\t\t<\/div>\n\t\t\t\t<div class=\"elementor-column elementor-col-50 elementor-top-column elementor-element elementor-element-eb2fc8c\" data-id=\"eb2fc8c\" data-element_type=\"column\">\n\t\t\t<div class=\"elementor-widget-wrap elementor-element-populated\">\n\t\t\t\t\t\t\t\t<div class=\"elementor-element elementor-element-9f781c6 elementor-widget elementor-widget-image\" data-id=\"9f781c6\" data-element_type=\"widget\" data-widget_type=\"image.default\">\n\t\t\t\t<div class=\"elementor-widget-container\">\n\t\t\t\t\t\t\t\t\t\t\t\t\t\t\t\t<a href=\"https:\/\/www.made-in-meubles.com\/grand-canape-tissu-ecru-syrel-p-mei01\">\n\t\t\t\t\t\t\t<img width=\"889\" height=\"1024\" src=\"https:\/\/www.made-in-meubles.com\/blog\/wp-content\/uploads\/2026\/03\/bleu-2-889x1024.jpg\" class=\"attachment-large size-large\" alt=\"\" srcset=\"https:\/\/www.made-in-meubles.com\/blog\/wp-content\/uploads\/2026\/03\/bleu-2-889x1024.jpg 889w, https:\/\/www.made-in-meubles.com\/blog\/wp-content\/uploads\/2026\/03\/bleu-2-261x300.jpg 261w, https:\/\/www.made-in-meubles.com\/blog\/wp-content\/uploads\/2026\/03\/bleu-2-768x884.jpg 768w, https:\/\/www.made-in-meubles.com\/blog\/wp-content\/uploads\/2026\/03\/bleu-2.jpg 1042w\" sizes=\"(max-width: 889px) 100vw, 889px\" \/>\t\t\t\t\t\t\t\t<\/a>\n\t\t\t\t\t\t\t\t\t\t\t\t\t\t\t<\/div>\n\t\t\t\t<\/div>\n\t\t\t\t\t<\/div>\n\t\t<\/div>\n\t\t\t\t\t\t\t<\/div>\n\t\t<\/section>\n\t\t\t\t<section class=\"elementor-section elementor-top-section elementor-element elementor-element-021636b elementor-section-boxed elementor-section-height-default elementor-section-height-default\" data-id=\"021636b\" data-element_type=\"section\" data-settings=\"{&quot;jet_parallax_layout_list&quot;:[]}\">\n\t\t\t\t\t\t<div class=\"elementor-container elementor-column-gap-default\">\n\t\t\t\t\t<div class=\"elementor-column elementor-col-100 elementor-top-column elementor-element elementor-element-278f013\" data-id=\"278f013\" data-element_type=\"column\">\n\t\t\t<div class=\"elementor-widget-wrap elementor-element-populated\">\n\t\t\t\t\t\t\t\t<div class=\"elementor-element elementor-element-4be2cc3 elementor-widget elementor-widget-heading\" data-id=\"4be2cc3\" data-element_type=\"widget\" data-widget_type=\"heading.default\">\n\t\t\t\t<div class=\"elementor-widget-container\">\n\t\t\t<h3 class=\"elementor-heading-title elementor-size-default\">L'Electric Fushia et l'Amber Haze : Les couleurs d'accent<\/h3>\t\t<\/div>\n\t\t\t\t<\/div>\n\t\t\t\t\t<\/div>\n\t\t<\/div>\n\t\t\t\t\t\t\t<\/div>\n\t\t<\/section>\n\t\t\t\t<section class=\"elementor-section elementor-top-section elementor-element elementor-element-915cfe0 elementor-section-boxed elementor-section-height-default elementor-section-height-default\" data-id=\"915cfe0\" data-element_type=\"section\" data-settings=\"{&quot;jet_parallax_layout_list&quot;:[]}\">\n\t\t\t\t\t\t<div class=\"elementor-container elementor-column-gap-default\">\n\t\t\t\t\t<div class=\"elementor-column elementor-col-100 elementor-top-column elementor-element elementor-element-356b5fc\" data-id=\"356b5fc\" data-element_type=\"column\">\n\t\t\t<div class=\"elementor-widget-wrap elementor-element-populated\">\n\t\t\t\t\t\t\t\t<div class=\"elementor-element elementor-element-327d6e9 elementor-widget elementor-widget-text-editor\" data-id=\"327d6e9\" data-element_type=\"widget\" data-widget_type=\"text-editor.default\">\n\t\t\t\t<div class=\"elementor-widget-container\">\n\t\t\t\t\t\t\t<p><span style=\"background-color: transparent; color: #000000; font-family: Inter, sans-serif; font-size: 12pt; white-space-collapse: preserve; letter-spacing: -0.8px;\">Le <b>Transformative Teal<\/b> n&rsquo;est pas seul sur le podium. WGSN identifie \u00e9galement l&rsquo;Electric Fuchsia et l&rsquo;Amber Haze comme deux couleurs majeures pour pimenter les int\u00e9rieurs de 2026. Ces teintes ne sont pas destin\u00e9es \u00e0 recouvrir des surfaces enti\u00e8res : elles se glissent en touches strat\u00e9giques pour cr\u00e9er des points d&rsquo;accroche visuels imm\u00e9diats. <\/span><span style=\"background-color: transparent; color: #000000; font-family: Inter, sans-serif; font-size: 12pt; white-space-collapse: preserve; letter-spacing: -0.8px;\"><b>Le fuchsia \u00e9lectrique<\/b>, avec sa luminosit\u00e9 presque fluorescente, est id\u00e9al pour animer un<a href=\"https:\/\/www.made-in-meubles.com\/produits\/assise\/canape.html\"> canap\u00e9 gris<\/a> avec un coussin audacieux, ou dynamiser une cuisine sobre avec un pot en c\u00e9ramique flamboyant. L&rsquo;Amber Haze, ce jaune ambr\u00e9 chaud aux reflets l\u00e9g\u00e8rement verts, apporte quant \u00e0 lui une profondeur vintage et une chaleur lumineuse qui sublime particuli\u00e8rement le velours et le cuivre.<\/span><\/p>\t\t\t\t\t\t<\/div>\n\t\t\t\t<\/div>\n\t\t\t\t\t<\/div>\n\t\t<\/div>\n\t\t\t\t\t\t\t<\/div>\n\t\t<\/section>\n\t\t\t\t<section class=\"elementor-section elementor-top-section elementor-element elementor-element-c6a6b19 elementor-section-boxed elementor-section-height-default elementor-section-height-default\" data-id=\"c6a6b19\" data-element_type=\"section\" data-settings=\"{&quot;jet_parallax_layout_list&quot;:[]}\">\n\t\t\t\t\t\t<div class=\"elementor-container elementor-column-gap-default\">\n\t\t\t\t\t<div class=\"elementor-column elementor-col-50 elementor-top-column elementor-element elementor-element-edbbe94\" data-id=\"edbbe94\" data-element_type=\"column\">\n\t\t\t<div class=\"elementor-widget-wrap elementor-element-populated\">\n\t\t\t\t\t\t\t\t<div class=\"elementor-element elementor-element-553ccdf elementor-widget elementor-widget-image\" data-id=\"553ccdf\" data-element_type=\"widget\" data-widget_type=\"image.default\">\n\t\t\t\t<div class=\"elementor-widget-container\">\n\t\t\t\t\t\t\t\t\t\t\t\t\t\t\t\t<a href=\"https:\/\/www.made-in-meubles.com\/billot-marbre-et-bois-p-gl64\">\n\t\t\t\t\t\t\t<img width=\"1024\" height=\"1024\" src=\"https:\/\/www.made-in-meubles.com\/blog\/wp-content\/uploads\/2026\/03\/miel-1-1024x1024.jpeg\" class=\"attachment-large size-large\" alt=\"\" srcset=\"https:\/\/www.made-in-meubles.com\/blog\/wp-content\/uploads\/2026\/03\/miel-1-1024x1024.jpeg 1024w, https:\/\/www.made-in-meubles.com\/blog\/wp-content\/uploads\/2026\/03\/miel-1-300x300.jpeg 300w, https:\/\/www.made-in-meubles.com\/blog\/wp-content\/uploads\/2026\/03\/miel-1-150x150.jpeg 150w, https:\/\/www.made-in-meubles.com\/blog\/wp-content\/uploads\/2026\/03\/miel-1-768x768.jpeg 768w, https:\/\/www.made-in-meubles.com\/blog\/wp-content\/uploads\/2026\/03\/miel-1.jpeg 1200w\" sizes=\"(max-width: 1024px) 100vw, 1024px\" \/>\t\t\t\t\t\t\t\t<\/a>\n\t\t\t\t\t\t\t\t\t\t\t\t\t\t\t<\/div>\n\t\t\t\t<\/div>\n\t\t\t\t\t<\/div>\n\t\t<\/div>\n\t\t\t\t<div class=\"elementor-column elementor-col-50 elementor-top-column elementor-element elementor-element-d96b9c5\" data-id=\"d96b9c5\" data-element_type=\"column\">\n\t\t\t<div class=\"elementor-widget-wrap elementor-element-populated\">\n\t\t\t\t\t\t\t\t<div class=\"elementor-element elementor-element-29b7644 elementor-widget elementor-widget-image\" data-id=\"29b7644\" data-element_type=\"widget\" data-widget_type=\"image.default\">\n\t\t\t\t<div class=\"elementor-widget-container\">\n\t\t\t\t\t\t\t\t\t\t\t\t\t\t\t\t<a href=\"https:\/\/www.made-in-meubles.com\/chevet-double-plateaux-bois-manguier-nom-p-shr103\">\n\t\t\t\t\t\t\t<img width=\"1024\" height=\"1024\" src=\"https:\/\/www.made-in-meubles.com\/blog\/wp-content\/uploads\/2026\/03\/fuchsia-1024x1024.jpg\" class=\"attachment-large size-large\" alt=\"\" srcset=\"https:\/\/www.made-in-meubles.com\/blog\/wp-content\/uploads\/2026\/03\/fuchsia-1024x1024.jpg 1024w, https:\/\/www.made-in-meubles.com\/blog\/wp-content\/uploads\/2026\/03\/fuchsia-300x300.jpg 300w, https:\/\/www.made-in-meubles.com\/blog\/wp-content\/uploads\/2026\/03\/fuchsia-150x150.jpg 150w, https:\/\/www.made-in-meubles.com\/blog\/wp-content\/uploads\/2026\/03\/fuchsia-768x768.jpg 768w, https:\/\/www.made-in-meubles.com\/blog\/wp-content\/uploads\/2026\/03\/fuchsia.jpg 1200w\" sizes=\"(max-width: 1024px) 100vw, 1024px\" \/>\t\t\t\t\t\t\t\t<\/a>\n\t\t\t\t\t\t\t\t\t\t\t\t\t\t\t<\/div>\n\t\t\t\t<\/div>\n\t\t\t\t\t<\/div>\n\t\t<\/div>\n\t\t\t\t\t\t\t<\/div>\n\t\t<\/section>\n\t\t\t\t<section class=\"elementor-section elementor-top-section elementor-element elementor-element-87de80f elementor-section-boxed elementor-section-height-default elementor-section-height-default\" data-id=\"87de80f\" data-element_type=\"section\" data-settings=\"{&quot;jet_parallax_layout_list&quot;:[]}\">\n\t\t\t\t\t\t<div class=\"elementor-container elementor-column-gap-default\">\n\t\t\t\t\t<div class=\"elementor-column elementor-col-100 elementor-top-column elementor-element elementor-element-c289bf1\" data-id=\"c289bf1\" data-element_type=\"column\">\n\t\t\t<div class=\"elementor-widget-wrap elementor-element-populated\">\n\t\t\t\t\t\t\t\t<div class=\"elementor-element elementor-element-d8ab91b elementor-widget elementor-widget-heading\" data-id=\"d8ab91b\" data-element_type=\"widget\" data-widget_type=\"heading.default\">\n\t\t\t\t<div class=\"elementor-widget-container\">\n\t\t\t<h2 class=\"elementor-heading-title elementor-size-default\">Les tons terreux et les neutres lumineux<\/h2>\t\t<\/div>\n\t\t\t\t<\/div>\n\t\t\t\t\t<\/div>\n\t\t<\/div>\n\t\t\t\t\t\t\t<\/div>\n\t\t<\/section>\n\t\t\t\t<section class=\"elementor-section elementor-top-section elementor-element elementor-element-7af72cf elementor-section-boxed elementor-section-height-default elementor-section-height-default\" data-id=\"7af72cf\" data-element_type=\"section\" data-settings=\"{&quot;jet_parallax_layout_list&quot;:[]}\">\n\t\t\t\t\t\t<div class=\"elementor-container elementor-column-gap-default\">\n\t\t\t\t\t<div class=\"elementor-column elementor-col-100 elementor-top-column elementor-element elementor-element-224e63f\" data-id=\"224e63f\" data-element_type=\"column\">\n\t\t\t<div class=\"elementor-widget-wrap elementor-element-populated\">\n\t\t\t\t\t\t\t\t<div class=\"elementor-element elementor-element-e908b78 elementor-widget elementor-widget-text-editor\" data-id=\"e908b78\" data-element_type=\"widget\" data-widget_type=\"text-editor.default\">\n\t\t\t\t<div class=\"elementor-widget-container\">\n\t\t\t\t\t\t\t<p><span style=\"background-color: transparent; color: #000000; font-family: Inter, sans-serif; font-size: 12pt; white-space-collapse: preserve; letter-spacing: -0.8px;\">En contrepoint des teintes vives, <b>les couleurs chaudes et naturelles<\/b> continuent de s&rsquo;imposer durablement dans les int\u00e9rieurs. La terracotta, les bruns chocolat, l&rsquo;ocre doux et le brun argile r\u00e9chauffent les espaces tout en cr\u00e9ant un lien authentique avec la nature. Ces nuances, inspir\u00e9es de l&rsquo;argile et des min\u00e9raux, conviennent parfaitement aux pi\u00e8ces de d\u00e9tente comme le salon ou la chambre. <\/span><span style=\"background-color: transparent; color: #000000; font-family: Inter, sans-serif; font-size: 12pt; white-space-collapse: preserve; letter-spacing: -0.8px;\">Du c\u00f4t\u00e9 des neutres, le Cloud Dancer, blanc doux et poudr\u00e9 retenu par Pantone comme couleur phare de 2026, offre une base lumineuse et sereine qui met en valeur toutes les autres teintes. Ce blanc noble se marie aussi bien avec les couleurs profondes pour cr\u00e9er du contraste, qu&rsquo;avec les tons beige pour une ambiance z\u00e9nitude.<\/span><\/p>\t\t\t\t\t\t<\/div>\n\t\t\t\t<\/div>\n\t\t\t\t\t<\/div>\n\t\t<\/div>\n\t\t\t\t\t\t\t<\/div>\n\t\t<\/section>\n\t\t\t\t<section class=\"elementor-section elementor-top-section elementor-element elementor-element-57356ec elementor-section-boxed elementor-section-height-default elementor-section-height-default\" data-id=\"57356ec\" data-element_type=\"section\" data-settings=\"{&quot;jet_parallax_layout_list&quot;:[]}\">\n\t\t\t\t\t\t<div class=\"elementor-container elementor-column-gap-default\">\n\t\t\t\t\t<div class=\"elementor-column elementor-col-100 elementor-top-column elementor-element elementor-element-a9f73e9\" data-id=\"a9f73e9\" data-element_type=\"column\">\n\t\t\t<div class=\"elementor-widget-wrap elementor-element-populated\">\n\t\t\t\t\t\t\t\t<div class=\"elementor-element elementor-element-4259f9d elementor-aspect-ratio-169 elementor-widget elementor-widget-video\" data-id=\"4259f9d\" data-element_type=\"widget\" data-settings=\"{&quot;video_type&quot;:&quot;hosted&quot;,&quot;autoplay&quot;:&quot;yes&quot;,&quot;play_on_mobile&quot;:&quot;yes&quot;,&quot;mute&quot;:&quot;yes&quot;,&quot;loop&quot;:&quot;yes&quot;,&quot;aspect_ratio&quot;:&quot;169&quot;}\" data-widget_type=\"video.default\">\n\t\t\t\t<div class=\"elementor-widget-container\">\n\t\t\t<style>\/*! elementor - v3.6.5 - 27-04-2022 *\/\n.elementor-widget-video .elementor-widget-container{overflow:hidden;-webkit-transform:translateZ(0);transform:translateZ(0)}.elementor-widget-video .elementor-open-inline .elementor-custom-embed-image-overlay{position:absolute;top:0;left:0;width:100%;height:100%;background-size:cover;background-position:50%}.elementor-widget-video .elementor-custom-embed-image-overlay{cursor:pointer;text-align:center}.elementor-widget-video .elementor-custom-embed-image-overlay:hover .elementor-custom-embed-play i{opacity:1}.elementor-widget-video .elementor-custom-embed-image-overlay img{display:block;width:100%}.elementor-widget-video .e-hosted-video .elementor-video{-o-object-fit:cover;object-fit:cover}<\/style>\t\t<div class=\"e-hosted-video elementor-wrapper elementor-fit-aspect-ratio elementor-open-inline\">\n\t\t\t\t\t<video class=\"elementor-video\" src=\"https:\/\/www.made-in-meubles.com\/blog\/wp-content\/uploads\/2025\/01\/MA05-chaise-ambiance-paysage.mp4\" autoplay=\"\" loop=\"\" muted=\"muted\" playsinline=\"\" controlsList=\"nodownload\"><\/video>\n\t\t\t\t<\/div>\n\t\t\t\t<\/div>\n\t\t\t\t<\/div>\n\t\t\t\t\t<\/div>\n\t\t<\/div>\n\t\t\t\t\t\t\t<\/div>\n\t\t<\/section>\n\t\t\t\t<section class=\"elementor-section elementor-top-section elementor-element elementor-element-4d8e1c9 elementor-section-boxed elementor-section-height-default elementor-section-height-default\" data-id=\"4d8e1c9\" data-element_type=\"section\" data-settings=\"{&quot;jet_parallax_layout_list&quot;:[]}\">\n\t\t\t\t\t\t<div class=\"elementor-container elementor-column-gap-default\">\n\t\t\t\t\t<div class=\"elementor-column elementor-col-100 elementor-top-column elementor-element elementor-element-f3cca85\" data-id=\"f3cca85\" data-element_type=\"column\">\n\t\t\t<div class=\"elementor-widget-wrap elementor-element-populated\">\n\t\t\t\t\t\t\t\t<div class=\"elementor-element elementor-element-d29f89b elementor-widget elementor-widget-heading\" data-id=\"d29f89b\" data-element_type=\"widget\" data-widget_type=\"heading.default\">\n\t\t\t\t<div class=\"elementor-widget-container\">\n\t\t\t<h2 class=\"elementor-heading-title elementor-size-default\">Les meubles tendances d\u00e9co int\u00e9rieur printemps 2026 : formes organiques et mati\u00e8res naturelles<\/h2>\t\t<\/div>\n\t\t\t\t<\/div>\n\t\t\t\t\t<\/div>\n\t\t<\/div>\n\t\t\t\t\t\t\t<\/div>\n\t\t<\/section>\n\t\t\t\t<section class=\"elementor-section elementor-top-section elementor-element elementor-element-4b103f2 elementor-section-boxed elementor-section-height-default elementor-section-height-default\" data-id=\"4b103f2\" data-element_type=\"section\" data-settings=\"{&quot;jet_parallax_layout_list&quot;:[]}\">\n\t\t\t\t\t\t<div class=\"elementor-container elementor-column-gap-default\">\n\t\t\t\t\t<div class=\"elementor-column elementor-col-100 elementor-top-column elementor-element elementor-element-87e1d49\" data-id=\"87e1d49\" data-element_type=\"column\">\n\t\t\t<div class=\"elementor-widget-wrap elementor-element-populated\">\n\t\t\t\t\t\t\t\t<div class=\"elementor-element elementor-element-7fc4f17 elementor-widget elementor-widget-heading\" data-id=\"7fc4f17\" data-element_type=\"widget\" data-widget_type=\"heading.default\">\n\t\t\t\t<div class=\"elementor-widget-container\">\n\t\t\t<h3 class=\"elementor-heading-title elementor-size-default\">Les formes courbes et organiques : bienvenue dans l'\u00e8re du confort<\/h3>\t\t<\/div>\n\t\t\t\t<\/div>\n\t\t\t\t\t<\/div>\n\t\t<\/div>\n\t\t\t\t\t\t\t<\/div>\n\t\t<\/section>\n\t\t\t\t<section class=\"elementor-section elementor-top-section elementor-element elementor-element-302f74c elementor-section-boxed elementor-section-height-default elementor-section-height-default\" data-id=\"302f74c\" data-element_type=\"section\" data-settings=\"{&quot;jet_parallax_layout_list&quot;:[]}\">\n\t\t\t\t\t\t<div class=\"elementor-container elementor-column-gap-default\">\n\t\t\t\t\t<div class=\"elementor-column elementor-col-100 elementor-top-column elementor-element elementor-element-c22b416\" data-id=\"c22b416\" data-element_type=\"column\">\n\t\t\t<div class=\"elementor-widget-wrap elementor-element-populated\">\n\t\t\t\t\t\t\t\t<div class=\"elementor-element elementor-element-f76c274 elementor-widget elementor-widget-text-editor\" data-id=\"f76c274\" data-element_type=\"widget\" data-widget_type=\"text-editor.default\">\n\t\t\t\t<div class=\"elementor-widget-container\">\n\t\t\t\t\t\t\t<p><span style=\"background-color: transparent; color: #000000; font-family: Inter, sans-serif; font-size: 12pt; white-space-collapse: preserve; letter-spacing: -0.8px;\">C&rsquo;est sans doute le changement le plus visible de cette saison. Le mobilier de 2026 dit adieu aux angles saillants et aux silhouettes trop g\u00e9om\u00e9triques pour accueillir des formes courbes, enveloppantes et organiques. Canap\u00e9s haricots, <a href=\"https:\/\/www.made-in-meubles.com\/produits\/assise\/fauteuil.html\">fauteuils ronds<\/a>, tables aux contours fluides : les meubles prennent des allures de cocons et invitent imm\u00e9diatement \u00e0 s&rsquo;y blottir. <\/span><span style=\"background-color: transparent; color: #000000; font-family: Inter, sans-serif; font-size: 12pt; white-space-collapse: preserve; letter-spacing: -0.8px;\">Cette tendance r\u00e9pond \u00e0 un besoin profond : celui de se sentir prot\u00e9g\u00e9 et \u00e0 l&rsquo;aise chez soi dans un monde ext\u00e9rieur souvent agit\u00e9. Les canap\u00e9s modulables aux assises g\u00e9n\u00e9reuses s&rsquo;imposent comme pi\u00e8ce ma\u00eetresse du salon, tandis que les tables basses aux formes organiques transforment le salon en v\u00e9ritable espace d&rsquo;expression du design contemporain. <\/span><span style=\"background-color: transparent; color: #000000; font-family: Inter, sans-serif; font-size: 12pt; white-space-collapse: preserve; letter-spacing: -0.8px;\">Pour sublimer ces volumes arrondis, les designers misent sur des textiles textur\u00e9s comme le boucl\u00e9, le velours c\u00f4tel\u00e9 ou la laine naturelle, qui accentuent le c\u00f4t\u00e9 sensoriel du mobilier et donnent envie de le toucher d\u00e8s le premier regard.<\/span><\/p>\t\t\t\t\t\t<\/div>\n\t\t\t\t<\/div>\n\t\t\t\t\t<\/div>\n\t\t<\/div>\n\t\t\t\t\t\t\t<\/div>\n\t\t<\/section>\n\t\t\t\t<section class=\"elementor-section elementor-top-section elementor-element elementor-element-9b6eaf0 elementor-section-boxed elementor-section-height-default elementor-section-height-default\" data-id=\"9b6eaf0\" data-element_type=\"section\" data-settings=\"{&quot;jet_parallax_layout_list&quot;:[]}\">\n\t\t\t\t\t\t<div class=\"elementor-container elementor-column-gap-default\">\n\t\t\t\t\t<div class=\"elementor-column elementor-col-100 elementor-top-column elementor-element elementor-element-87f14a3\" data-id=\"87f14a3\" data-element_type=\"column\">\n\t\t\t<div class=\"elementor-widget-wrap elementor-element-populated\">\n\t\t\t\t\t\t\t\t<div class=\"elementor-element elementor-element-d28463d elementor-skin-carousel elementor-arrows-yes elementor-pagination-type-bullets elementor-pagination-position-outside elementor-widget elementor-widget-media-carousel\" data-id=\"d28463d\" data-element_type=\"widget\" data-settings=\"{&quot;skin&quot;:&quot;carousel&quot;,&quot;effect&quot;:&quot;slide&quot;,&quot;show_arrows&quot;:&quot;yes&quot;,&quot;pagination&quot;:&quot;bullets&quot;,&quot;speed&quot;:500,&quot;autoplay&quot;:&quot;yes&quot;,&quot;autoplay_speed&quot;:5000,&quot;loop&quot;:&quot;yes&quot;,&quot;pause_on_hover&quot;:&quot;yes&quot;,&quot;pause_on_interaction&quot;:&quot;yes&quot;,&quot;space_between&quot;:{&quot;unit&quot;:&quot;px&quot;,&quot;size&quot;:10,&quot;sizes&quot;:[]},&quot;space_between_tablet&quot;:{&quot;unit&quot;:&quot;px&quot;,&quot;size&quot;:10,&quot;sizes&quot;:[]},&quot;space_between_mobile&quot;:{&quot;unit&quot;:&quot;px&quot;,&quot;size&quot;:10,&quot;sizes&quot;:[]}}\" data-widget_type=\"media-carousel.default\">\n\t\t\t\t<div class=\"elementor-widget-container\">\n\t\t\t<link rel=\"stylesheet\" href=\"https:\/\/www.made-in-meubles.com\/blog\/wp-content\/plugins\/elementor-pro\/assets\/css\/widget-carousel.min.css\">\t\t<div class=\"elementor-swiper\">\n\t\t\t<div class=\"elementor-main-swiper swiper-container\">\n\t\t\t\t<div class=\"swiper-wrapper\">\n\t\t\t\t\t\t\t\t\t\t\t<div class=\"swiper-slide\">\n\t\t\t\t\t\t\t<a href=\"https:\/\/www.made-in-meubles.com\/table-a-manger-nuage-bois-effet-beton-blanc-thomas-p-shr109\">\t\t<div class=\"elementor-carousel-image\" style=\"background-image: url(https:\/\/www.made-in-meubles.com\/blog\/wp-content\/uploads\/2026\/01\/shr109-amb-tableamanger-ensemble.webp)\">\n\n\t\t\t\n\t\t\t\t\t<\/div>\n\t\t<\/a>\t\t\t\t\t\t<\/div>\n\t\t\t\t\t\t\t\t\t\t\t<div class=\"swiper-slide\">\n\t\t\t\t\t\t\t<a href=\"https:\/\/www.made-in-meubles.com\/table-basse-nuage-p-shr90\">\t\t<div class=\"elementor-carousel-image\" style=\"background-image: url(https:\/\/www.made-in-meubles.com\/blog\/wp-content\/uploads\/2024\/09\/shr90-tablebasse-amb-cote.webp)\">\n\n\t\t\t\n\t\t\t\t\t<\/div>\n\t\t<\/a>\t\t\t\t\t\t<\/div>\n\t\t\t\t\t\t\t\t\t\t\t<div class=\"swiper-slide\">\n\t\t\t\t\t\t\t<a href=\"https:\/\/www.made-in-meubles.com\/fauteil-nuage-tissu-ecru-thea-p-lay24\">\t\t<div class=\"elementor-carousel-image\" style=\"background-image: url(https:\/\/www.made-in-meubles.com\/blog\/wp-content\/uploads\/2026\/03\/lay24-amb-fauteuil-biais-loin.webp)\">\n\n\t\t\t\n\t\t\t\t\t<\/div>\n\t\t<\/a>\t\t\t\t\t\t<\/div>\n\t\t\t\t\t\t\t\t\t\t\t<div class=\"swiper-slide\">\n\t\t\t\t\t\t\t<a href=\"https:\/\/www.made-in-meubles.com\/bout-de-canape-en-bois-de-manguier-merlin-p-shr96\">\t\t<div class=\"elementor-carousel-image\" style=\"background-image: url(https:\/\/www.made-in-meubles.com\/blog\/wp-content\/uploads\/2024\/09\/SHR96-boutcanap-amb-zoom1.jpg)\">\n\n\t\t\t\n\t\t\t\t\t<\/div>\n\t\t<\/a>\t\t\t\t\t\t<\/div>\n\t\t\t\t\t\t\t\t\t<\/div>\n\t\t\t\t\t\t\t\t\t\t\t\t\t\t\t<div class=\"swiper-pagination\"><\/div>\n\t\t\t\t\t\t\t\t\t\t\t\t\t\t\t\t<div class=\"elementor-swiper-button elementor-swiper-button-prev\">\n\t\t\t\t\t\t\t<i aria-hidden=\"true\" class=\"eicon-chevron-left\"><\/i>\t\t\t\t\t\t\t<span class=\"elementor-screen-only\">Pr\u00e9c\u00e9dent<\/span>\n\t\t\t\t\t\t<\/div>\n\t\t\t\t\t\t<div class=\"elementor-swiper-button elementor-swiper-button-next\">\n\t\t\t\t\t\t\t<i aria-hidden=\"true\" class=\"eicon-chevron-right\"><\/i>\t\t\t\t\t\t\t<span class=\"elementor-screen-only\">Suivant<\/span>\n\t\t\t\t\t\t<\/div>\n\t\t\t\t\t\t\t\t\t\t\t\t<\/div>\n\t\t<\/div>\n\t\t\t\t<\/div>\n\t\t\t\t<\/div>\n\t\t\t\t\t<\/div>\n\t\t<\/div>\n\t\t\t\t\t\t\t<\/div>\n\t\t<\/section>\n\t\t\t\t<section class=\"elementor-section elementor-top-section elementor-element elementor-element-0ecd640 elementor-section-boxed elementor-section-height-default elementor-section-height-default\" data-id=\"0ecd640\" data-element_type=\"section\" data-settings=\"{&quot;jet_parallax_layout_list&quot;:[]}\">\n\t\t\t\t\t\t<div class=\"elementor-container elementor-column-gap-default\">\n\t\t\t\t\t<div class=\"elementor-column elementor-col-100 elementor-top-column elementor-element elementor-element-dbdd6c9\" data-id=\"dbdd6c9\" data-element_type=\"column\">\n\t\t\t<div class=\"elementor-widget-wrap elementor-element-populated\">\n\t\t\t\t\t\t\t\t<div class=\"elementor-element elementor-element-3bb620e elementor-widget elementor-widget-heading\" data-id=\"3bb620e\" data-element_type=\"widget\" data-widget_type=\"heading.default\">\n\t\t\t\t<div class=\"elementor-widget-container\">\n\t\t\t<h3 class=\"elementor-heading-title elementor-size-default\">Le bois, la pierre et la c\u00e9ramique en vedette<\/h3>\t\t<\/div>\n\t\t\t\t<\/div>\n\t\t\t\t\t<\/div>\n\t\t<\/div>\n\t\t\t\t\t\t\t<\/div>\n\t\t<\/section>\n\t\t\t\t<section class=\"elementor-section elementor-top-section elementor-element elementor-element-75b3a89 elementor-section-boxed elementor-section-height-default elementor-section-height-default\" data-id=\"75b3a89\" data-element_type=\"section\" data-settings=\"{&quot;jet_parallax_layout_list&quot;:[]}\">\n\t\t\t\t\t\t<div class=\"elementor-container elementor-column-gap-default\">\n\t\t\t\t\t<div class=\"elementor-column elementor-col-100 elementor-top-column elementor-element elementor-element-1f30e3b\" data-id=\"1f30e3b\" data-element_type=\"column\">\n\t\t\t<div class=\"elementor-widget-wrap elementor-element-populated\">\n\t\t\t\t\t\t\t\t<div class=\"elementor-element elementor-element-311a511 elementor-widget elementor-widget-text-editor\" data-id=\"311a511\" data-element_type=\"widget\" data-widget_type=\"text-editor.default\">\n\t\t\t\t<div class=\"elementor-widget-container\">\n\t\t\t\t\t\t\t<p><span style=\"background-color: transparent; color: #000000; font-family: Inter, sans-serif; font-size: 12pt; white-space-collapse: preserve; letter-spacing: -0.8px;\">La grande tendance de 2026, c&rsquo;est la beaut\u00e9 de la<b> mati\u00e8re brute<\/b>. Les meubles jouent la carte de l&rsquo;authenticit\u00e9 en mettant en avant les essences nobles dans leur forme la plus naturelle. La<a href=\"https:\/\/www.made-in-meubles.com\/produits\/table-table-basse\/table-a-manger.html\"> table en bois massif <\/a>aux veines apparentes, parfois avec un plateau \u00e9pais aux irr\u00e9gularit\u00e9s assum\u00e9es, devient la pi\u00e8ce ma\u00eetresse de la salle \u00e0 manger. Le noyer fonc\u00e9, le ch\u00eane fum\u00e9 ou le bois brut cr\u00e9ent des atmosph\u00e8res \u00e0 la fois chaleureuses et sophistiqu\u00e9es.<\/span><\/p><p><span style=\"background-color: transparent; color: #000000; font-family: Inter, sans-serif; font-size: 12pt; letter-spacing: -0.8px; white-space-collapse: preserve;\"><b>Le travertin et la pierre naturell<\/b>e continuent leur perc\u00e9e dans les int\u00e9rieurs, que ce soit pour un plateau de table, un buffet ou des \u00e9l\u00e9ments de rangement. Ces mati\u00e8res min\u00e9rales dialoguent parfaitement avec les textiles doux, coussins en lin, rideaux en coton, nappes artisanales, pour cr\u00e9er une sensation de confort organique.<\/span><\/p><p><span style=\"background-color: transparent; color: #000000; font-family: Inter, sans-serif; font-size: 12pt; white-space-collapse: preserve; letter-spacing: -0.8px;\">L<b>a c\u00e9ramique<\/b> vole \u00e9galement la vedette cette saison. Pi\u00e8ces artisanales, finitions mates ou \u00e9maill\u00e9es, formats g\u00e9n\u00e9reux : elle s&rsquo;invite aussi bien en art de table qu&rsquo;en objet d\u00e9coratif autonome, contribuant \u00e0 l&rsquo;ambiance authentique et fait-main qui d\u00e9finit le printemps 2026.<\/span><\/p>\t\t\t\t\t\t<\/div>\n\t\t\t\t<\/div>\n\t\t\t\t\t<\/div>\n\t\t<\/div>\n\t\t\t\t\t\t\t<\/div>\n\t\t<\/section>\n\t\t\t\t<section class=\"elementor-section elementor-top-section elementor-element elementor-element-d442199 elementor-section-boxed elementor-section-height-default elementor-section-height-default\" data-id=\"d442199\" data-element_type=\"section\" data-settings=\"{&quot;jet_parallax_layout_list&quot;:[]}\">\n\t\t\t\t\t\t<div class=\"elementor-container elementor-column-gap-default\">\n\t\t\t\t\t<div class=\"elementor-column elementor-col-50 elementor-top-column elementor-element elementor-element-f9143a3\" data-id=\"f9143a3\" data-element_type=\"column\">\n\t\t\t<div class=\"elementor-widget-wrap elementor-element-populated\">\n\t\t\t\t\t\t\t\t<div class=\"elementor-element elementor-element-d1d07f1 elementor-widget elementor-widget-image\" data-id=\"d1d07f1\" data-element_type=\"widget\" data-widget_type=\"image.default\">\n\t\t\t\t<div class=\"elementor-widget-container\">\n\t\t\t\t\t\t\t\t\t\t\t\t\t\t\t\t<a href=\"https:\/\/www.made-in-meubles.com\/meuble-tv-bois-recycle-arrondi-garance-p-shao921\">\n\t\t\t\t\t\t\t<img width=\"1024\" height=\"1024\" src=\"https:\/\/www.made-in-meubles.com\/blog\/wp-content\/uploads\/2026\/03\/shao921-meubletv-amb-biais-1024x1024.webp\" class=\"attachment-large size-large\" alt=\"\" srcset=\"https:\/\/www.made-in-meubles.com\/blog\/wp-content\/uploads\/2026\/03\/shao921-meubletv-amb-biais-1024x1024.webp 1024w, https:\/\/www.made-in-meubles.com\/blog\/wp-content\/uploads\/2026\/03\/shao921-meubletv-amb-biais-300x300.webp 300w, https:\/\/www.made-in-meubles.com\/blog\/wp-content\/uploads\/2026\/03\/shao921-meubletv-amb-biais-150x150.webp 150w, https:\/\/www.made-in-meubles.com\/blog\/wp-content\/uploads\/2026\/03\/shao921-meubletv-amb-biais-768x768.webp 768w, https:\/\/www.made-in-meubles.com\/blog\/wp-content\/uploads\/2026\/03\/shao921-meubletv-amb-biais.webp 1200w\" sizes=\"(max-width: 1024px) 100vw, 1024px\" \/>\t\t\t\t\t\t\t\t<\/a>\n\t\t\t\t\t\t\t\t\t\t\t\t\t\t\t<\/div>\n\t\t\t\t<\/div>\n\t\t\t\t\t<\/div>\n\t\t<\/div>\n\t\t\t\t<div class=\"elementor-column elementor-col-50 elementor-top-column elementor-element elementor-element-a48de50\" data-id=\"a48de50\" data-element_type=\"column\">\n\t\t\t<div class=\"elementor-widget-wrap elementor-element-populated\">\n\t\t\t\t\t\t\t\t<div class=\"elementor-element elementor-element-4459376 elementor-widget elementor-widget-image\" data-id=\"4459376\" data-element_type=\"widget\" data-widget_type=\"image.default\">\n\t\t\t\t<div class=\"elementor-widget-container\">\n\t\t\t\t\t\t\t\t\t\t\t\t\t\t\t\t<a href=\"https:\/\/www.made-in-meubles.com\/table-a-manger-style-louis-xvi-p-am71\">\n\t\t\t\t\t\t\t<img width=\"1024\" height=\"1024\" src=\"https:\/\/www.made-in-meubles.com\/blog\/wp-content\/uploads\/2026\/03\/am71-amb-table-biais--1024x1024.webp\" class=\"attachment-large size-large\" alt=\"\" srcset=\"https:\/\/www.made-in-meubles.com\/blog\/wp-content\/uploads\/2026\/03\/am71-amb-table-biais--1024x1024.webp 1024w, https:\/\/www.made-in-meubles.com\/blog\/wp-content\/uploads\/2026\/03\/am71-amb-table-biais--300x300.webp 300w, https:\/\/www.made-in-meubles.com\/blog\/wp-content\/uploads\/2026\/03\/am71-amb-table-biais--150x150.webp 150w, https:\/\/www.made-in-meubles.com\/blog\/wp-content\/uploads\/2026\/03\/am71-amb-table-biais--768x768.webp 768w, https:\/\/www.made-in-meubles.com\/blog\/wp-content\/uploads\/2026\/03\/am71-amb-table-biais-.webp 1200w\" sizes=\"(max-width: 1024px) 100vw, 1024px\" \/>\t\t\t\t\t\t\t\t<\/a>\n\t\t\t\t\t\t\t\t\t\t\t\t\t\t\t<\/div>\n\t\t\t\t<\/div>\n\t\t\t\t\t<\/div>\n\t\t<\/div>\n\t\t\t\t\t\t\t<\/div>\n\t\t<\/section>\n\t\t\t\t<section class=\"elementor-section elementor-top-section elementor-element elementor-element-24cc0d1 elementor-section-boxed elementor-section-height-default elementor-section-height-default\" data-id=\"24cc0d1\" data-element_type=\"section\" data-settings=\"{&quot;jet_parallax_layout_list&quot;:[]}\">\n\t\t\t\t\t\t<div class=\"elementor-container elementor-column-gap-default\">\n\t\t\t\t\t<div class=\"elementor-column elementor-col-50 elementor-top-column elementor-element elementor-element-3044cca\" data-id=\"3044cca\" data-element_type=\"column\">\n\t\t\t<div class=\"elementor-widget-wrap elementor-element-populated\">\n\t\t\t\t\t\t\t\t<div class=\"elementor-element elementor-element-bacb974 elementor-widget elementor-widget-image\" data-id=\"bacb974\" data-element_type=\"widget\" data-widget_type=\"image.default\">\n\t\t\t\t<div class=\"elementor-widget-container\">\n\t\t\t\t\t\t\t\t\t\t\t\t\t\t\t\t<a href=\"https:\/\/www.made-in-meubles.com\/table-basse-rectangulaire-bois-manguier-travertin-p-han02\">\n\t\t\t\t\t\t\t<img width=\"1024\" height=\"1024\" src=\"https:\/\/www.made-in-meubles.com\/blog\/wp-content\/uploads\/2026\/03\/ia_han02-tablebasse-amb-biais-1024x1024.webp\" class=\"attachment-large size-large\" alt=\"\" srcset=\"https:\/\/www.made-in-meubles.com\/blog\/wp-content\/uploads\/2026\/03\/ia_han02-tablebasse-amb-biais-1024x1024.webp 1024w, https:\/\/www.made-in-meubles.com\/blog\/wp-content\/uploads\/2026\/03\/ia_han02-tablebasse-amb-biais-300x300.webp 300w, https:\/\/www.made-in-meubles.com\/blog\/wp-content\/uploads\/2026\/03\/ia_han02-tablebasse-amb-biais-150x150.webp 150w, https:\/\/www.made-in-meubles.com\/blog\/wp-content\/uploads\/2026\/03\/ia_han02-tablebasse-amb-biais-768x768.webp 768w, https:\/\/www.made-in-meubles.com\/blog\/wp-content\/uploads\/2026\/03\/ia_han02-tablebasse-amb-biais.webp 1200w\" sizes=\"(max-width: 1024px) 100vw, 1024px\" \/>\t\t\t\t\t\t\t\t<\/a>\n\t\t\t\t\t\t\t\t\t\t\t\t\t\t\t<\/div>\n\t\t\t\t<\/div>\n\t\t\t\t\t<\/div>\n\t\t<\/div>\n\t\t\t\t<div class=\"elementor-column elementor-col-50 elementor-top-column elementor-element elementor-element-2864380\" data-id=\"2864380\" data-element_type=\"column\">\n\t\t\t<div class=\"elementor-widget-wrap elementor-element-populated\">\n\t\t\t\t\t\t\t\t<div class=\"elementor-element elementor-element-61d50d9 elementor-widget elementor-widget-image\" data-id=\"61d50d9\" data-element_type=\"widget\" data-widget_type=\"image.default\">\n\t\t\t\t<div class=\"elementor-widget-container\">\n\t\t\t\t\t\t\t\t\t\t\t\t\t\t\t\t<a href=\"https:\/\/www.made-in-meubles.com\/buffet-plateau-travertin-p-re104\">\n\t\t\t\t\t\t\t<img width=\"1024\" height=\"1024\" src=\"https:\/\/www.made-in-meubles.com\/blog\/wp-content\/uploads\/2026\/03\/re104-amb-buffet-cote-1024x1024.webp\" class=\"attachment-large size-large\" alt=\"\" srcset=\"https:\/\/www.made-in-meubles.com\/blog\/wp-content\/uploads\/2026\/03\/re104-amb-buffet-cote-1024x1024.webp 1024w, https:\/\/www.made-in-meubles.com\/blog\/wp-content\/uploads\/2026\/03\/re104-amb-buffet-cote-300x300.webp 300w, https:\/\/www.made-in-meubles.com\/blog\/wp-content\/uploads\/2026\/03\/re104-amb-buffet-cote-150x150.webp 150w, https:\/\/www.made-in-meubles.com\/blog\/wp-content\/uploads\/2026\/03\/re104-amb-buffet-cote-768x768.webp 768w, https:\/\/www.made-in-meubles.com\/blog\/wp-content\/uploads\/2026\/03\/re104-amb-buffet-cote.webp 1200w\" sizes=\"(max-width: 1024px) 100vw, 1024px\" \/>\t\t\t\t\t\t\t\t<\/a>\n\t\t\t\t\t\t\t\t\t\t\t\t\t\t\t<\/div>\n\t\t\t\t<\/div>\n\t\t\t\t\t<\/div>\n\t\t<\/div>\n\t\t\t\t\t\t\t<\/div>\n\t\t<\/section>\n\t\t\t\t<section class=\"elementor-section elementor-top-section elementor-element elementor-element-c57866c elementor-section-boxed elementor-section-height-default elementor-section-height-default\" data-id=\"c57866c\" data-element_type=\"section\" data-settings=\"{&quot;jet_parallax_layout_list&quot;:[]}\">\n\t\t\t\t\t\t<div class=\"elementor-container elementor-column-gap-default\">\n\t\t\t\t\t<div class=\"elementor-column elementor-col-100 elementor-top-column elementor-element elementor-element-e40524d\" data-id=\"e40524d\" data-element_type=\"column\">\n\t\t\t<div class=\"elementor-widget-wrap elementor-element-populated\">\n\t\t\t\t\t\t\t\t<div class=\"elementor-element elementor-element-251aee1 elementor-widget elementor-widget-heading\" data-id=\"251aee1\" data-element_type=\"widget\" data-widget_type=\"heading.default\">\n\t\t\t\t<div class=\"elementor-widget-container\">\n\t\t\t<h3 class=\"elementor-heading-title elementor-size-default\">Les meubles d\u00e9pareill\u00e9s : oser le mix and match<\/h3>\t\t<\/div>\n\t\t\t\t<\/div>\n\t\t\t\t\t<\/div>\n\t\t<\/div>\n\t\t\t\t\t\t\t<\/div>\n\t\t<\/section>\n\t\t\t\t<section class=\"elementor-section elementor-top-section elementor-element elementor-element-87eed20 elementor-section-boxed elementor-section-height-default elementor-section-height-default\" data-id=\"87eed20\" data-element_type=\"section\" data-settings=\"{&quot;jet_parallax_layout_list&quot;:[]}\">\n\t\t\t\t\t\t<div class=\"elementor-container elementor-column-gap-default\">\n\t\t\t\t\t<div class=\"elementor-column elementor-col-100 elementor-top-column elementor-element elementor-element-45e29db\" data-id=\"45e29db\" data-element_type=\"column\">\n\t\t\t<div class=\"elementor-widget-wrap elementor-element-populated\">\n\t\t\t\t\t\t\t\t<div class=\"elementor-element elementor-element-4526e91 elementor-widget elementor-widget-text-editor\" data-id=\"4526e91\" data-element_type=\"widget\" data-widget_type=\"text-editor.default\">\n\t\t\t\t<div class=\"elementor-widget-container\">\n\t\t\t\t\t\t\t<p><span style=\"background-color: transparent; color: #000000; font-family: Inter, sans-serif; font-size: 12pt; white-space-collapse: preserve; letter-spacing: -0.8px;\">Fini l&rsquo;obligation d&rsquo;acheter des ensembles assortis \u00e0 la virgule pr\u00e8s.<b> La tendance 2026<\/b> consiste \u00e0 m\u00e9langer les mod\u00e8les pour cr\u00e9er des int\u00e9rieurs singuliers et personnels. Dans la salle \u00e0 manger, on ose associer des <a href=\"https:\/\/www.made-in-meubles.com\/produits\/assise\/chaise.html\">chaises aux styles diff\u00e9rents<\/a> autour d&rsquo;une m\u00eame table, en maintenant un fil conducteur de couleur ou de mati\u00e8re pour assurer la coh\u00e9rence visuelle. Un fauteuil vintage chin\u00e9 en velours teal \u00e0 c\u00f4t\u00e9 d&rsquo;une chaise moderne en bois clair ? C&rsquo;est exactement l&rsquo;esprit de la saison. <\/span><span style=\"background-color: transparent; color: #000000; font-family: Inter, sans-serif; font-size: 12pt; white-space-collapse: preserve; letter-spacing: -0.8px;\">Cette approche s&rsquo;applique aussi aux luminaires : plusieurs suspensions en verre souffl\u00e9 ou en m\u00e9tal bross\u00e9, align\u00e9es ou regroup\u00e9es au-dessus d&rsquo;une table, cr\u00e9ent une composition sculpturale qui structure et anime la pi\u00e8ce.<\/span><\/p>\t\t\t\t\t\t<\/div>\n\t\t\t\t<\/div>\n\t\t\t\t\t<\/div>\n\t\t<\/div>\n\t\t\t\t\t\t\t<\/div>\n\t\t<\/section>\n\t\t\t\t<section class=\"elementor-section elementor-top-section elementor-element elementor-element-e6c35c6 elementor-section-boxed elementor-section-height-default elementor-section-height-default\" data-id=\"e6c35c6\" data-element_type=\"section\" data-settings=\"{&quot;jet_parallax_layout_list&quot;:[]}\">\n\t\t\t\t\t\t<div class=\"elementor-container elementor-column-gap-default\">\n\t\t\t\t\t<div class=\"elementor-column elementor-col-100 elementor-top-column elementor-element elementor-element-f248376\" data-id=\"f248376\" data-element_type=\"column\">\n\t\t\t<div class=\"elementor-widget-wrap elementor-element-populated\">\n\t\t\t\t\t\t\t\t<div class=\"elementor-element elementor-element-731d42d elementor-widget elementor-widget-image\" data-id=\"731d42d\" data-element_type=\"widget\" data-widget_type=\"image.default\">\n\t\t\t\t<div class=\"elementor-widget-container\">\n\t\t\t\t\t\t\t\t\t\t\t\t\t\t\t\t<a href=\"https:\/\/www.made-in-meubles.com\/table-ovale-220cm-acacia-pied-central-p-ne-220\">\n\t\t\t\t\t\t\t<img width=\"1024\" height=\"1024\" src=\"https:\/\/www.made-in-meubles.com\/blog\/wp-content\/uploads\/2026\/03\/ne220-tableamanger-amb-biais-1024x1024.webp\" class=\"attachment-large size-large\" alt=\"\" srcset=\"https:\/\/www.made-in-meubles.com\/blog\/wp-content\/uploads\/2026\/03\/ne220-tableamanger-amb-biais-1024x1024.webp 1024w, https:\/\/www.made-in-meubles.com\/blog\/wp-content\/uploads\/2026\/03\/ne220-tableamanger-amb-biais-300x300.webp 300w, https:\/\/www.made-in-meubles.com\/blog\/wp-content\/uploads\/2026\/03\/ne220-tableamanger-amb-biais-150x150.webp 150w, https:\/\/www.made-in-meubles.com\/blog\/wp-content\/uploads\/2026\/03\/ne220-tableamanger-amb-biais-768x768.webp 768w, https:\/\/www.made-in-meubles.com\/blog\/wp-content\/uploads\/2026\/03\/ne220-tableamanger-amb-biais.webp 1200w\" sizes=\"(max-width: 1024px) 100vw, 1024px\" \/>\t\t\t\t\t\t\t\t<\/a>\n\t\t\t\t\t\t\t\t\t\t\t\t\t\t\t<\/div>\n\t\t\t\t<\/div>\n\t\t\t\t\t<\/div>\n\t\t<\/div>\n\t\t\t\t\t\t\t<\/div>\n\t\t<\/section>\n\t\t\t\t<section class=\"elementor-section elementor-top-section elementor-element elementor-element-643a844 elementor-section-boxed elementor-section-height-default elementor-section-height-default\" data-id=\"643a844\" data-element_type=\"section\" data-settings=\"{&quot;jet_parallax_layout_list&quot;:[]}\">\n\t\t\t\t\t\t<div class=\"elementor-container elementor-column-gap-default\">\n\t\t\t\t\t<div class=\"elementor-column elementor-col-100 elementor-top-column elementor-element elementor-element-f9313b1\" data-id=\"f9313b1\" data-element_type=\"column\">\n\t\t\t<div class=\"elementor-widget-wrap elementor-element-populated\">\n\t\t\t\t\t\t\t\t<div class=\"elementor-element elementor-element-9ce7460 elementor-widget elementor-widget-heading\" data-id=\"9ce7460\" data-element_type=\"widget\" data-widget_type=\"heading.default\">\n\t\t\t\t<div class=\"elementor-widget-container\">\n\t\t\t<h2 class=\"elementor-heading-title elementor-size-default\">Les mati\u00e8res et textiles incontournables<\/h2>\t\t<\/div>\n\t\t\t\t<\/div>\n\t\t\t\t\t<\/div>\n\t\t<\/div>\n\t\t\t\t\t\t\t<\/div>\n\t\t<\/section>\n\t\t\t\t<section class=\"elementor-section elementor-top-section elementor-element elementor-element-240d79f elementor-section-boxed elementor-section-height-default elementor-section-height-default\" data-id=\"240d79f\" data-element_type=\"section\" data-settings=\"{&quot;jet_parallax_layout_list&quot;:[]}\">\n\t\t\t\t\t\t<div class=\"elementor-container elementor-column-gap-default\">\n\t\t\t\t\t<div class=\"elementor-column elementor-col-100 elementor-top-column elementor-element elementor-element-dc27ebd\" data-id=\"dc27ebd\" data-element_type=\"column\">\n\t\t\t<div class=\"elementor-widget-wrap elementor-element-populated\">\n\t\t\t\t\t\t\t\t<div class=\"elementor-element elementor-element-82ea745 elementor-widget elementor-widget-heading\" data-id=\"82ea745\" data-element_type=\"widget\" data-widget_type=\"heading.default\">\n\t\t\t\t<div class=\"elementor-widget-container\">\n\t\t\t<h3 class=\"elementor-heading-title elementor-size-default\">Lin, velours et fibres naturelles<\/h3>\t\t<\/div>\n\t\t\t\t<\/div>\n\t\t\t\t\t<\/div>\n\t\t<\/div>\n\t\t\t\t\t\t\t<\/div>\n\t\t<\/section>\n\t\t\t\t<section class=\"elementor-section elementor-top-section elementor-element elementor-element-bc81133 elementor-section-boxed elementor-section-height-default elementor-section-height-default\" data-id=\"bc81133\" data-element_type=\"section\" data-settings=\"{&quot;jet_parallax_layout_list&quot;:[]}\">\n\t\t\t\t\t\t<div class=\"elementor-container elementor-column-gap-default\">\n\t\t\t\t\t<div class=\"elementor-column elementor-col-100 elementor-top-column elementor-element elementor-element-b7a24ee\" data-id=\"b7a24ee\" data-element_type=\"column\">\n\t\t\t<div class=\"elementor-widget-wrap elementor-element-populated\">\n\t\t\t\t\t\t\t\t<div class=\"elementor-element elementor-element-47ac5ea elementor-widget elementor-widget-text-editor\" data-id=\"47ac5ea\" data-element_type=\"widget\" data-widget_type=\"text-editor.default\">\n\t\t\t\t<div class=\"elementor-widget-container\">\n\t\t\t\t\t\t\t<p><span style=\"background-color: transparent; color: #000000; font-family: Inter, sans-serif; font-size: 12pt; white-space-collapse: preserve; letter-spacing: -0.8px;\"><b>Le lin naturel, le coton et le jute<\/b> s&rsquo;imposent comme les mati\u00e8res textiles incontournables du printemps-\u00e9t\u00e9 2026. Ces fibres r\u00e9pondent \u00e0 la double aspiration de la saison : le retour \u00e0 l&rsquo;authenticit\u00e9 et la recherche de mat\u00e9riaux durables. En rideaux, en linge de lit, en garniture de canap\u00e9 ou en accessoires, ces mati\u00e8res apportent une douceur tactile et une chaleur visuelle incomparables. <\/span><span style=\"background-color: transparent; color: #000000; font-family: Inter, sans-serif; font-size: 12pt; white-space-collapse: preserve; letter-spacing: -0.8px;\">Le velours reste, quant \u00e0 lui, le tissu d&rsquo;ameublement le plus pl\u00e9biscit\u00e9. Il se d\u00e9cline dans toutes les couleurs phares de 2026 : teal, terracotta, fuchsia, prune et s&rsquo;adapte aussi bien aux styles contemporains qu&rsquo;aux int\u00e9rieurs plus classiques. Le velours c\u00f4tel\u00e9 en particulier b\u00e9n\u00e9ficie d&rsquo;un regain d&rsquo;int\u00e9r\u00eat marqu\u00e9 pour sa texture discr\u00e8te et son c\u00f4t\u00e9 artisanal.<\/span><\/p>\t\t\t\t\t\t<\/div>\n\t\t\t\t<\/div>\n\t\t\t\t\t<\/div>\n\t\t<\/div>\n\t\t\t\t\t\t\t<\/div>\n\t\t<\/section>\n\t\t\t\t<section class=\"elementor-section elementor-top-section elementor-element elementor-element-527f2d9 elementor-section-boxed elementor-section-height-default elementor-section-height-default\" data-id=\"527f2d9\" data-element_type=\"section\" data-settings=\"{&quot;jet_parallax_layout_list&quot;:[]}\">\n\t\t\t\t\t\t<div class=\"elementor-container elementor-column-gap-default\">\n\t\t\t\t\t<div class=\"elementor-column elementor-col-50 elementor-top-column elementor-element elementor-element-c097897\" data-id=\"c097897\" data-element_type=\"column\">\n\t\t\t<div class=\"elementor-widget-wrap elementor-element-populated\">\n\t\t\t\t\t\t\t\t<div class=\"elementor-element elementor-element-8da5811 elementor-widget elementor-widget-image\" data-id=\"8da5811\" data-element_type=\"widget\" data-widget_type=\"image.default\">\n\t\t\t\t<div class=\"elementor-widget-container\">\n\t\t\t\t\t\t\t\t\t\t\t\t\t\t\t\t<a href=\"https:\/\/www.made-in-meubles.com\/canape-tissu-velours-vert-kaori-p-caz03\">\n\t\t\t\t\t\t\t<img width=\"1024\" height=\"1024\" src=\"https:\/\/www.made-in-meubles.com\/blog\/wp-content\/uploads\/2026\/03\/caz03-canape-amb-biais-1-1024x1024.webp\" class=\"attachment-large size-large\" alt=\"\" srcset=\"https:\/\/www.made-in-meubles.com\/blog\/wp-content\/uploads\/2026\/03\/caz03-canape-amb-biais-1-1024x1024.webp 1024w, https:\/\/www.made-in-meubles.com\/blog\/wp-content\/uploads\/2026\/03\/caz03-canape-amb-biais-1-300x300.webp 300w, https:\/\/www.made-in-meubles.com\/blog\/wp-content\/uploads\/2026\/03\/caz03-canape-amb-biais-1-150x150.webp 150w, https:\/\/www.made-in-meubles.com\/blog\/wp-content\/uploads\/2026\/03\/caz03-canape-amb-biais-1-768x768.webp 768w, https:\/\/www.made-in-meubles.com\/blog\/wp-content\/uploads\/2026\/03\/caz03-canape-amb-biais-1.webp 1200w\" sizes=\"(max-width: 1024px) 100vw, 1024px\" \/>\t\t\t\t\t\t\t\t<\/a>\n\t\t\t\t\t\t\t\t\t\t\t\t\t\t\t<\/div>\n\t\t\t\t<\/div>\n\t\t\t\t\t<\/div>\n\t\t<\/div>\n\t\t\t\t<div class=\"elementor-column elementor-col-50 elementor-top-column elementor-element elementor-element-271dd1b\" data-id=\"271dd1b\" data-element_type=\"column\">\n\t\t\t<div class=\"elementor-widget-wrap elementor-element-populated\">\n\t\t\t\t\t\t\t\t<div class=\"elementor-element elementor-element-779d105 elementor-widget elementor-widget-image\" data-id=\"779d105\" data-element_type=\"widget\" data-widget_type=\"image.default\">\n\t\t\t\t<div class=\"elementor-widget-container\">\n\t\t\t\t\t\t\t\t\t\t\t\t\t\t\t\t<a href=\"https:\/\/www.made-in-meubles.com\/miroir-rond-laine-p-th26\">\n\t\t\t\t\t\t\t<img width=\"1024\" height=\"1024\" src=\"https:\/\/www.made-in-meubles.com\/blog\/wp-content\/uploads\/2024\/05\/TH26-miroir-ambiance-client-1-1024x1024.jpg\" class=\"attachment-large size-large\" alt=\"\" srcset=\"https:\/\/www.made-in-meubles.com\/blog\/wp-content\/uploads\/2024\/05\/TH26-miroir-ambiance-client-1-1024x1024.jpg 1024w, https:\/\/www.made-in-meubles.com\/blog\/wp-content\/uploads\/2024\/05\/TH26-miroir-ambiance-client-1-300x300.jpg 300w, https:\/\/www.made-in-meubles.com\/blog\/wp-content\/uploads\/2024\/05\/TH26-miroir-ambiance-client-1-150x150.jpg 150w, https:\/\/www.made-in-meubles.com\/blog\/wp-content\/uploads\/2024\/05\/TH26-miroir-ambiance-client-1-768x768.jpg 768w, https:\/\/www.made-in-meubles.com\/blog\/wp-content\/uploads\/2024\/05\/TH26-miroir-ambiance-client-1.jpg 1200w\" sizes=\"(max-width: 1024px) 100vw, 1024px\" \/>\t\t\t\t\t\t\t\t<\/a>\n\t\t\t\t\t\t\t\t\t\t\t\t\t\t\t<\/div>\n\t\t\t\t<\/div>\n\t\t\t\t\t<\/div>\n\t\t<\/div>\n\t\t\t\t\t\t\t<\/div>\n\t\t<\/section>\n\t\t\t\t<section class=\"elementor-section elementor-top-section elementor-element elementor-element-044e18e elementor-section-boxed elementor-section-height-default elementor-section-height-default\" data-id=\"044e18e\" data-element_type=\"section\" data-settings=\"{&quot;jet_parallax_layout_list&quot;:[]}\">\n\t\t\t\t\t\t<div class=\"elementor-container elementor-column-gap-default\">\n\t\t\t\t\t<div class=\"elementor-column elementor-col-100 elementor-top-column elementor-element elementor-element-e787d42\" data-id=\"e787d42\" data-element_type=\"column\">\n\t\t\t<div class=\"elementor-widget-wrap elementor-element-populated\">\n\t\t\t\t\t\t\t\t<div class=\"elementor-element elementor-element-3111238 elementor-widget elementor-widget-heading\" data-id=\"3111238\" data-element_type=\"widget\" data-widget_type=\"heading.default\">\n\t\t\t\t<div class=\"elementor-widget-container\">\n\t\t\t<h3 class=\"elementor-heading-title elementor-size-default\">Le verre sculpturale et les m\u00e9taux patin\u00e9s<\/h3>\t\t<\/div>\n\t\t\t\t<\/div>\n\t\t\t\t\t<\/div>\n\t\t<\/div>\n\t\t\t\t\t\t\t<\/div>\n\t\t<\/section>\n\t\t\t\t<section class=\"elementor-section elementor-top-section elementor-element elementor-element-95afdf5 elementor-section-boxed elementor-section-height-default elementor-section-height-default\" data-id=\"95afdf5\" data-element_type=\"section\" data-settings=\"{&quot;jet_parallax_layout_list&quot;:[]}\">\n\t\t\t\t\t\t<div class=\"elementor-container elementor-column-gap-default\">\n\t\t\t\t\t<div class=\"elementor-column elementor-col-100 elementor-top-column elementor-element elementor-element-5b75c8f\" data-id=\"5b75c8f\" data-element_type=\"column\">\n\t\t\t<div class=\"elementor-widget-wrap elementor-element-populated\">\n\t\t\t\t\t\t\t\t<div class=\"elementor-element elementor-element-ffa246a elementor-widget elementor-widget-text-editor\" data-id=\"ffa246a\" data-element_type=\"widget\" data-widget_type=\"text-editor.default\">\n\t\t\t\t<div class=\"elementor-widget-container\">\n\t\t\t\t\t\t\t<p><span style=\"background-color: transparent; color: #000000; font-family: Inter, sans-serif; font-size: 12pt; white-space-collapse: preserve; letter-spacing: -0.8px;\"><b>Le verre<\/b> conna\u00eet une v\u00e9ritable renaissance cette saison. Loin du simple mat\u00e9riau fonctionnel, il se fait artistique : transparent ou l\u00e9g\u00e8rement teint\u00e9, ondul\u00e9 ou souffl\u00e9 \u00e0 la bouche, il capte la lumi\u00e8re printani\u00e8re et cr\u00e9e des jeux visuels fascinants. Une <a href=\"https:\/\/www.made-in-meubles.com\/table-basse-set-de-p-irsh64\">table basse en verre textur\u00e9<\/a>, une lampe en verre souffl\u00e9 ou une cloison translucide deviennent autant d&rsquo;\u00e9l\u00e9ments sculpturaux qui enrichissent l&rsquo;espace. <\/span><span style=\"background-color: transparent; color: #000000; font-family: Inter, sans-serif; font-size: 12pt; white-space-collapse: preserve; letter-spacing: -0.8px;\">Les m\u00e9taux, eux, s&rsquo;\u00e9loignent du rendu industriel et brillant des derni\u00e8res saisons pour adopter des finitions patin\u00e9es, mates ou bross\u00e9es. Laiton bross\u00e9, cuivre vieilli, acier mat : ces finitions apportent des contrastes subtils et \u00e9l\u00e9gants avec les mati\u00e8res plus douces comme le bois ou les textiles naturels.<\/span><\/p>\t\t\t\t\t\t<\/div>\n\t\t\t\t<\/div>\n\t\t\t\t\t<\/div>\n\t\t<\/div>\n\t\t\t\t\t\t\t<\/div>\n\t\t<\/section>\n\t\t\t\t<section class=\"elementor-section elementor-top-section elementor-element elementor-element-07f2250 elementor-section-boxed elementor-section-height-default elementor-section-height-default\" data-id=\"07f2250\" data-element_type=\"section\" data-settings=\"{&quot;jet_parallax_layout_list&quot;:[]}\">\n\t\t\t\t\t\t<div class=\"elementor-container elementor-column-gap-default\">\n\t\t\t\t\t<div class=\"elementor-column elementor-col-100 elementor-top-column elementor-element elementor-element-2c5d0b9\" data-id=\"2c5d0b9\" data-element_type=\"column\">\n\t\t\t<div class=\"elementor-widget-wrap elementor-element-populated\">\n\t\t\t\t\t\t\t\t<div class=\"elementor-element elementor-element-fc68efb elementor-widget elementor-widget-heading\" data-id=\"fc68efb\" data-element_type=\"widget\" data-widget_type=\"heading.default\">\n\t\t\t\t<div class=\"elementor-widget-container\">\n\t\t\t<h2 class=\"elementor-heading-title elementor-size-default\">Comment adopter ces tendances int\u00e9rieur d\u00e9co printemps 2026 sans tout changer ?<\/h2>\t\t<\/div>\n\t\t\t\t<\/div>\n\t\t\t\t\t<\/div>\n\t\t<\/div>\n\t\t\t\t\t\t\t<\/div>\n\t\t<\/section>\n\t\t\t\t<section class=\"elementor-section elementor-top-section elementor-element elementor-element-a8f83b4 elementor-section-boxed elementor-section-height-default elementor-section-height-default\" data-id=\"a8f83b4\" data-element_type=\"section\" data-settings=\"{&quot;jet_parallax_layout_list&quot;:[]}\">\n\t\t\t\t\t\t<div class=\"elementor-container elementor-column-gap-default\">\n\t\t\t\t\t<div class=\"elementor-column elementor-col-100 elementor-top-column elementor-element elementor-element-1aa83fa\" data-id=\"1aa83fa\" data-element_type=\"column\">\n\t\t\t<div class=\"elementor-widget-wrap elementor-element-populated\">\n\t\t\t\t\t\t\t\t<div class=\"elementor-element elementor-element-44d96dc elementor-widget elementor-widget-text-editor\" data-id=\"44d96dc\" data-element_type=\"widget\" data-widget_type=\"text-editor.default\">\n\t\t\t\t<div class=\"elementor-widget-container\">\n\t\t\t\t\t\t\t<p><span style=\"background-color: transparent; color: #000000; font-family: Inter, sans-serif; font-size: 12pt; white-space-collapse: preserve; letter-spacing: -0.8px;\">Pas besoin de tout remettre \u00e0 plat pour se sentir dans l&rsquo;air du temps. Quelques gestes simples suffisent pour rafra\u00eechir son int\u00e9rieur \u00e0 l&rsquo;occasion du printemps.<\/span><\/p><p><span style=\"background-color: transparent; color: #000000; font-family: Inter, sans-serif; font-size: 12pt; white-space-collapse: preserve; letter-spacing: -0.8px;\"><b>Commencez par la couleur.<\/b> Un coussin en velours teal, un plaid terracotta, un vase en c\u00e9ramique amber : les accessoires textiles et d\u00e9coratifs sont le moyen le plus rapide et le moins co\u00fbteux de s&rsquo;approprier les nouvelles teintes. Testez avant d&rsquo;investir sur de grandes surfaces.<\/span><\/p><p><span style=\"background-color: transparent; color: #000000; font-family: Inter, sans-serif; font-size: 12pt; white-space-collapse: preserve; letter-spacing: -0.8px;\"><b>Misez sur une pi\u00e8ce ma\u00eetresse<\/b>. Un fauteuil aux formes organiques en velours c\u00f4tel\u00e9, une table basse en bois brut aux veines apparentes, ou un luminaire en verre souffl\u00e9 peuvent transformer l&rsquo;ambiance d&rsquo;une pi\u00e8ce enti\u00e8re sans n\u00e9cessiter de r\u00e9novation compl\u00e8te.<\/span><\/p><p><span style=\"background-color: transparent; color: #000000; font-family: Inter, sans-serif; font-size: 12pt; white-space-collapse: preserve; letter-spacing: -0.8px;\"><b>Jouez avec les textures.<\/b> Associez des mati\u00e8res diff\u00e9rentes pour cr\u00e9er de la profondeur visuelle : lin et pierre, bois et velours, c\u00e9ramique et m\u00e9tal patin\u00e9. C&rsquo;est la juxtaposition des textures qui cr\u00e9e le charme des int\u00e9rieurs tendance 2026.<\/span><\/p><p><span style=\"background-color: transparent; color: #000000; font-family: Inter, sans-serif; font-size: 12pt; white-space-collapse: preserve; letter-spacing: -0.8px;\"><b>Soignez la lumi\u00e8re<\/b>. <a href=\"https:\/\/www.made-in-meubles.com\/produits\/luminaire-deco.html\">Un \u00e9clairage<\/a> bien pens\u00e9 sublime les volumes, r\u00e9v\u00e8le les teintes et cr\u00e9e des atmosph\u00e8res raffin\u00e9es selon les moments de la journ\u00e9e. Multipliez les sources lumineuses douces et chaudes pour accompagner l&rsquo;esprit cocooning de la saison.<\/span><\/p>\t\t\t\t\t\t<\/div>\n\t\t\t\t<\/div>\n\t\t\t\t\t<\/div>\n\t\t<\/div>\n\t\t\t\t\t\t\t<\/div>\n\t\t<\/section>\n\t\t\t\t<section class=\"elementor-section elementor-top-section elementor-element elementor-element-88dca2f elementor-section-boxed elementor-section-height-default elementor-section-height-default\" data-id=\"88dca2f\" data-element_type=\"section\" data-settings=\"{&quot;jet_parallax_layout_list&quot;:[]}\">\n\t\t\t\t\t\t<div class=\"elementor-container elementor-column-gap-default\">\n\t\t\t\t\t<div class=\"elementor-column elementor-col-100 elementor-top-column elementor-element elementor-element-d71b1d2\" data-id=\"d71b1d2\" data-element_type=\"column\">\n\t\t\t<div class=\"elementor-widget-wrap elementor-element-populated\">\n\t\t\t\t\t\t\t\t<div class=\"elementor-element elementor-element-1d2fab4 elementor-widget-divider--view-line elementor-widget elementor-widget-divider\" data-id=\"1d2fab4\" data-element_type=\"widget\" data-widget_type=\"divider.default\">\n\t\t\t\t<div class=\"elementor-widget-container\">\n\t\t\t<style>\/*! elementor - v3.6.5 - 27-04-2022 *\/\n.elementor-widget-divider{--divider-border-style:none;--divider-border-width:1px;--divider-color:#2c2c2c;--divider-icon-size:20px;--divider-element-spacing:10px;--divider-pattern-height:24px;--divider-pattern-size:20px;--divider-pattern-url:none;--divider-pattern-repeat:repeat-x}.elementor-widget-divider .elementor-divider{display:-webkit-box;display:-ms-flexbox;display:flex}.elementor-widget-divider .elementor-divider__text{font-size:15px;line-height:1;max-width:95%}.elementor-widget-divider .elementor-divider__element{margin:0 var(--divider-element-spacing);-ms-flex-negative:0;flex-shrink:0}.elementor-widget-divider .elementor-icon{font-size:var(--divider-icon-size)}.elementor-widget-divider .elementor-divider-separator{display:-webkit-box;display:-ms-flexbox;display:flex;margin:0;direction:ltr}.elementor-widget-divider--view-line_icon .elementor-divider-separator,.elementor-widget-divider--view-line_text .elementor-divider-separator{-webkit-box-align:center;-ms-flex-align:center;align-items:center}.elementor-widget-divider--view-line_icon .elementor-divider-separator:after,.elementor-widget-divider--view-line_icon .elementor-divider-separator:before,.elementor-widget-divider--view-line_text .elementor-divider-separator:after,.elementor-widget-divider--view-line_text .elementor-divider-separator:before{display:block;content:\"\";border-bottom:0;-webkit-box-flex:1;-ms-flex-positive:1;flex-grow:1;border-top:var(--divider-border-width) var(--divider-border-style) var(--divider-color)}.elementor-widget-divider--element-align-left .elementor-divider .elementor-divider-separator>.elementor-divider__svg:first-of-type{-webkit-box-flex:0;-ms-flex-positive:0;flex-grow:0;-ms-flex-negative:100;flex-shrink:100}.elementor-widget-divider--element-align-left .elementor-divider-separator:before{content:none}.elementor-widget-divider--element-align-left .elementor-divider__element{margin-left:0}.elementor-widget-divider--element-align-right .elementor-divider .elementor-divider-separator>.elementor-divider__svg:last-of-type{-webkit-box-flex:0;-ms-flex-positive:0;flex-grow:0;-ms-flex-negative:100;flex-shrink:100}.elementor-widget-divider--element-align-right .elementor-divider-separator:after{content:none}.elementor-widget-divider--element-align-right .elementor-divider__element{margin-right:0}.elementor-widget-divider:not(.elementor-widget-divider--view-line_text):not(.elementor-widget-divider--view-line_icon) .elementor-divider-separator{border-top:var(--divider-border-width) var(--divider-border-style) var(--divider-color)}.elementor-widget-divider--separator-type-pattern{--divider-border-style:none}.elementor-widget-divider--separator-type-pattern.elementor-widget-divider--view-line .elementor-divider-separator,.elementor-widget-divider--separator-type-pattern:not(.elementor-widget-divider--view-line) .elementor-divider-separator:after,.elementor-widget-divider--separator-type-pattern:not(.elementor-widget-divider--view-line) .elementor-divider-separator:before,.elementor-widget-divider--separator-type-pattern:not([class*=elementor-widget-divider--view]) .elementor-divider-separator{width:100%;min-height:var(--divider-pattern-height);-webkit-mask-size:var(--divider-pattern-size) 100%;mask-size:var(--divider-pattern-size) 100%;-webkit-mask-repeat:var(--divider-pattern-repeat);mask-repeat:var(--divider-pattern-repeat);background-color:var(--divider-color);-webkit-mask-image:var(--divider-pattern-url);mask-image:var(--divider-pattern-url)}.elementor-widget-divider--no-spacing{--divider-pattern-size:auto}.elementor-widget-divider--bg-round{--divider-pattern-repeat:round}.rtl .elementor-widget-divider .elementor-divider__text{direction:rtl}<\/style>\t\t<div class=\"elementor-divider\">\n\t\t\t<span class=\"elementor-divider-separator\">\n\t\t\t\t\t\t<\/span>\n\t\t<\/div>\n\t\t\t\t<\/div>\n\t\t\t\t<\/div>\n\t\t\t\t\t<\/div>\n\t\t<\/div>\n\t\t\t\t\t\t\t<\/div>\n\t\t<\/section>\n\t\t\t\t<section class=\"elementor-section elementor-top-section elementor-element elementor-element-bdb0925 elementor-section-boxed elementor-section-height-default elementor-section-height-default\" data-id=\"bdb0925\" data-element_type=\"section\" data-settings=\"{&quot;jet_parallax_layout_list&quot;:[]}\">\n\t\t\t\t\t\t<div class=\"elementor-container elementor-column-gap-default\">\n\t\t\t\t\t<div class=\"elementor-column elementor-col-100 elementor-top-column elementor-element elementor-element-ae8849c\" data-id=\"ae8849c\" data-element_type=\"column\">\n\t\t\t<div class=\"elementor-widget-wrap elementor-element-populated\">\n\t\t\t\t\t\t\t\t<div class=\"elementor-element elementor-element-f49eea0 elementor-widget elementor-widget-text-editor\" data-id=\"f49eea0\" data-element_type=\"widget\" data-widget_type=\"text-editor.default\">\n\t\t\t\t<div class=\"elementor-widget-container\">\n\t\t\t\t\t\t\t<p><span style=\"background-color: transparent; color: #000000; font-family: Inter, sans-serif; font-size: 12pt; white-space-collapse: preserve; letter-spacing: -0.8px;\">Le printemps 2026 signe le retour d&rsquo;une d\u00e9coration int\u00e9rieure qui a de l&rsquo;\u00e2me. Entre le Transformative Teal qui red\u00e9finit le rapport \u00e0 la couleur, les formes organiques qui r\u00e9inventent le confort, et les mati\u00e8res naturelles qui ancrent nos int\u00e9rieurs dans une d\u00e9marche plus authentique et responsable, la saison offre une palette d&rsquo;inspirations riche et coh\u00e9rente. Que vous soyez pr\u00eat \u00e0 transformer enti\u00e8rement votre int\u00e9rieur ou simplement \u00e0 l&rsquo;enrichir de quelques pi\u00e8ces soigneusement choisies, ces tendances sont l\u00e0 pour vous guider vers un chez-vous qui vous ressemble vraiment. Pour d\u00e9couvrir les tendance d\u00e9co 2026, d\u00e9couvrez notre dernier article de blog : <a href=\"https:\/\/www.made-in-meubles.com\/blog\/tendance-deco-le-mobilier-au-coeur-des-interieurs-contemporain\/\">Tendance D\u00e9co 2026 : Le mobilier au coeur des int\u00e9rieurs contemporain.<\/a><\/span><\/p>\t\t\t\t\t\t<\/div>\n\t\t\t\t<\/div>\n\t\t\t\t\t<\/div>\n\t\t<\/div>\n\t\t\t\t\t\t\t<\/div>\n\t\t<\/section>\n\t\t\t\t<section class=\"elementor-section elementor-top-section elementor-element elementor-element-acdd326 elementor-section-boxed elementor-section-height-default elementor-section-height-default\" data-id=\"acdd326\" data-element_type=\"section\" data-settings=\"{&quot;jet_parallax_layout_list&quot;:[]}\">\n\t\t\t\t\t\t<div class=\"elementor-container elementor-column-gap-default\">\n\t\t\t\t\t<div class=\"elementor-column elementor-col-100 elementor-top-column elementor-element elementor-element-7461084\" data-id=\"7461084\" data-element_type=\"column\">\n\t\t\t<div class=\"elementor-widget-wrap elementor-element-populated\">\n\t\t\t\t\t\t\t\t<div class=\"elementor-element elementor-element-381d30d elementor-widget elementor-widget-text-editor\" data-id=\"381d30d\" data-element_type=\"widget\" data-widget_type=\"text-editor.default\">\n\t\t\t\t<div class=\"elementor-widget-container\">\n\t\t\t\t\t\t\t<p><span style=\"color: rgb(0, 0, 0); font-size: 12px; letter-spacing: -0.8px; text-align: right;\">Certaines photos peuvent \u00eatre g\u00e9n\u00e9r\u00e9es ou retravaill\u00e9es \u00e0 l\u2019aide de l\u2019intelligence artificielle.<\/span><\/p>\t\t\t\t\t\t<\/div>\n\t\t\t\t<\/div>\n\t\t\t\t\t<\/div>\n\t\t<\/div>\n\t\t\t\t\t\t\t<\/div>\n\t\t<\/section>\n\t\t\t\t\t\t\t<\/div>\n\t\t","protected":false},"excerpt":{"rendered":"<p>Le printemps 2026 s&rsquo;annonce comme une saison de renouveau profond pour nos int\u00e9rieurs. Apr\u00e8s des ann\u00e9es de minimalisme aseptis\u00e9, la d\u00e9coration prend un virage radical vers l&rsquo;authenticit\u00e9, le confort sensoriel et la connexion avec la nature. Les tendances d\u00e9co int\u00e9rieur printemps 2026 dessinent une nouvelle fa\u00e7on d&rsquo;habiter : plus expressive, plus engag\u00e9e, plus humaine. Que [&hellip;]<\/p>\n","protected":false},"author":32,"featured_media":18331,"comment_status":"open","ping_status":"open","sticky":false,"template":"","format":"standard","meta":[],"categories":[5],"tags":[68],"acf":[],"_links":{"self":[{"href":"https:\/\/www.made-in-meubles.com\/blog\/wp-json\/wp\/v2\/posts\/18316"}],"collection":[{"href":"https:\/\/www.made-in-meubles.com\/blog\/wp-json\/wp\/v2\/posts"}],"about":[{"href":"https:\/\/www.made-in-meubles.com\/blog\/wp-json\/wp\/v2\/types\/post"}],"author":[{"embeddable":true,"href":"https:\/\/www.made-in-meubles.com\/blog\/wp-json\/wp\/v2\/users\/32"}],"replies":[{"embeddable":true,"href":"https:\/\/www.made-in-meubles.com\/blog\/wp-json\/wp\/v2\/comments?post=18316"}],"version-history":[{"count":15,"href":"https:\/\/www.made-in-meubles.com\/blog\/wp-json\/wp\/v2\/posts\/18316\/revisions"}],"predecessor-version":[{"id":18342,"href":"https:\/\/www.made-in-meubles.com\/blog\/wp-json\/wp\/v2\/posts\/18316\/revisions\/18342"}],"wp:featuredmedia":[{"embeddable":true,"href":"https:\/\/www.made-in-meubles.com\/blog\/wp-json\/wp\/v2\/media\/18331"}],"wp:attachment":[{"href":"https:\/\/www.made-in-meubles.com\/blog\/wp-json\/wp\/v2\/media?parent=18316"}],"wp:term":[{"taxonomy":"category","embeddable":true,"href":"https:\/\/www.made-in-meubles.com\/blog\/wp-json\/wp\/v2\/categories?post=18316"},{"taxonomy":"post_tag","embeddable":true,"href":"https:\/\/www.made-in-meubles.com\/blog\/wp-json\/wp\/v2\/tags?post=18316"}],"curies":[{"name":"wp","href":"https:\/\/api.w.org\/{rel}","templated":true}]}}