{"id":4444,"date":"2017-06-12T16:05:28","date_gmt":"2017-06-12T14:05:28","guid":{"rendered":"https:\/\/www.made-in-meubles.com\/blog\/?p=4444"},"modified":"2025-05-23T16:14:27","modified_gmt":"2025-05-23T14:14:27","slug":"enfilade-design","status":"publish","type":"post","link":"https:\/\/www.made-in-meubles.com\/blog\/enfilade-design\/","title":{"rendered":"Qu&rsquo;est-ce qu&rsquo;une enfilade ?"},"content":{"rendered":"<p style=\"text-align: justify;\">Grand classique, l&rsquo;enfilade est un fid\u00e8le alli\u00e9 des Fran\u00e7ais qui a pour fonction premi\u00e8re de stocker. Elle\u00a0conserve sa fonction premi\u00e8re mais se r\u00e9v\u00e8le aujourd&rsquo;hui comme \u00e9tant\u00a0un\u00a0<strong>accessoire de d\u00e9coration \u00e0 part enti\u00e8re<\/strong>.<\/p>\n<p><!--more--><\/p>\n<h2 style=\"text-align: left;\">Enfilade, buffet, quelles diff\u00e9rences\u00a0?<\/h2>\n<p>Une <b>enfilade<\/b> en termes de mobilier est un meuble compos\u00e9 d&rsquo;au moins trois \u00e9l\u00e9ments \u00e0 la suite l&rsquo;un de l&rsquo;autre et sur le m\u00eame plan. Quant au<strong> buffet<\/strong>, \u00a0\u00bb Il peut s&rsquo;agir d&rsquo;un meuble bas avec deux ou trois portes et \u00e9ventuellement des tiroirs\u00a0\u00bb<\/p>\n<h2>Un accessoire de rangement<\/h2>\n<p style=\"text-align: justify;\">Sa fonction premi\u00e8re a longtemps \u00e9t\u00e9 vou\u00e9e au rangement. Alliant fonctionnalit\u00e9 et praticit\u00e9, cet accessoire est un <strong>classique<\/strong> que l&rsquo;on retrouve dans 80% des salles \u00e0 manger ou salons. Ses dimensions g\u00e9n\u00e9reuses en font un meuble capable <strong>de stocker<\/strong> \u00e0 volont\u00e9. Le buffet enfilade vous offrira de nombreuses solutions de rangement.<\/p>\n<h2>Mais aussi de d\u00e9coration&#8230;<\/h2>\n<p style=\"text-align: justify;\">L\u2019enfilade est l&rsquo;\u00e9l\u00e9ment de d\u00e9coration qui tonnera le ton \u00e0 votre pi\u00e8ce. Ses dimensions g\u00e9n\u00e9reuses en font <strong>un meuble de caract\u00e8re<\/strong> qui saura harmoniser l&rsquo;ensemble de votre pi\u00e8ce. De par leur design \u00e9l\u00e9gant et tr\u00e8s tendance, l&rsquo;enfilade bois massif et l&rsquo;enfilade m\u00e9tal pr\u00e9sentent de <strong>v\u00e9ritables atouts d\u00e9coratifs<\/strong>. Leur large plateau vous permettra d&rsquo;exposer vos objets d\u00e9co de fa\u00e7on subtile et tr\u00e8s \u00e9l\u00e9gante.<\/p>\n<p><img class=\" wp-image-4460 aligncenter\" src=\"https:\/\/www.made-in-meubles.com\/blog\/wp-content\/uploads\/2017\/06\/Template-10-Photos.jpg\" alt=\"\" width=\"677\" height=\"1891\" srcset=\"https:\/\/www.made-in-meubles.com\/blog\/wp-content\/uploads\/2017\/06\/Template-10-Photos.jpg 430w, https:\/\/www.made-in-meubles.com\/blog\/wp-content\/uploads\/2017\/06\/Template-10-Photos-150x420.jpg 150w, https:\/\/www.made-in-meubles.com\/blog\/wp-content\/uploads\/2017\/06\/Template-10-Photos-301x840.jpg 301w, https:\/\/www.made-in-meubles.com\/blog\/wp-content\/uploads\/2017\/06\/Template-10-Photos-107x300.jpg 107w, https:\/\/www.made-in-meubles.com\/blog\/wp-content\/uploads\/2017\/06\/Template-10-Photos-367x1024.jpg 367w\" sizes=\"(max-width: 677px) 100vw, 677px\" \/><\/p>\n<p style=\"text-align: right;\">1 \/ 2 \/ 3 \/ 4 \/ 5 \/ 6 \/ 7 \/ 8 \/ 9 \/ 10<\/p>\n<h2>Une accessoire \u00ab\u00a0passe-partout\u00a0\u00bb<\/h2>\n<p style=\"text-align: justify;\">Aujourd&rsquo;hui d\u00e9tourn\u00e9e autour de <strong>plusieurs styles<\/strong>, l&rsquo;enfilade 3 portes s\u00e9duit et ravie les moindres recoins de votre int\u00e9rieur. Qu&rsquo;elle soit plac\u00e9e dans une salle \u00e0 manger, un salon, une entr\u00e9e ou encore dans une chambre \u00e0 coucher, l&rsquo;enfilade est un parfait alli\u00e9 \u00e0 toutes les personnes qui souhaiteraient associer design et fonctionnalit\u00e9&#8230; On aime autant son style r\u00e9tro, que vintage, que scandinave, que rustique, ou encore qu&rsquo;industrielle&#8230;<\/p>\n<h2 style=\"text-align: left;\"><strong>\u00a0Notre s\u00e9lection de buffets enfilade :<\/strong><\/h2>\n\n\n<div class=\"wp-block-columns\">\n<div class=\"wp-block-column\"><\/div>\n\n\n\n<div class=\"wp-block-column\"><\/div>\n\n\n\n<div class=\"wp-block-column\"><\/div>\n<\/div>\n","protected":false},"excerpt":{"rendered":"<p>Grand classique, l&rsquo;enfilade est un fid\u00e8le alli\u00e9 des Fran\u00e7ais qui a pour fonction premi\u00e8re de stocker. Elle\u00a0conserve sa fonction premi\u00e8re mais se r\u00e9v\u00e8le aujourd&rsquo;hui comme \u00e9tant\u00a0un\u00a0accessoire de d\u00e9coration \u00e0 part enti\u00e8re.<\/p>\n","protected":false},"author":9,"featured_media":9046,"comment_status":"open","ping_status":"open","sticky":false,"template":"","format":"standard","meta":[],"categories":[5],"tags":[],"acf":[],"_links":{"self":[{"href":"https:\/\/www.made-in-meubles.com\/blog\/wp-json\/wp\/v2\/posts\/4444"}],"collection":[{"href":"https:\/\/www.made-in-meubles.com\/blog\/wp-json\/wp\/v2\/posts"}],"about":[{"href":"https:\/\/www.made-in-meubles.com\/blog\/wp-json\/wp\/v2\/types\/post"}],"author":[{"embeddable":true,"href":"https:\/\/www.made-in-meubles.com\/blog\/wp-json\/wp\/v2\/users\/9"}],"replies":[{"embeddable":true,"href":"https:\/\/www.made-in-meubles.com\/blog\/wp-json\/wp\/v2\/comments?post=4444"}],"version-history":[{"count":2,"href":"https:\/\/www.made-in-meubles.com\/blog\/wp-json\/wp\/v2\/posts\/4444\/revisions"}],"predecessor-version":[{"id":16861,"href":"https:\/\/www.made-in-meubles.com\/blog\/wp-json\/wp\/v2\/posts\/4444\/revisions\/16861"}],"wp:featuredmedia":[{"embeddable":true,"href":"https:\/\/www.made-in-meubles.com\/blog\/wp-json\/wp\/v2\/media\/9046"}],"wp:attachment":[{"href":"https:\/\/www.made-in-meubles.com\/blog\/wp-json\/wp\/v2\/media?parent=4444"}],"wp:term":[{"taxonomy":"category","embeddable":true,"href":"https:\/\/www.made-in-meubles.com\/blog\/wp-json\/wp\/v2\/categories?post=4444"},{"taxonomy":"post_tag","embeddable":true,"href":"https:\/\/www.made-in-meubles.com\/blog\/wp-json\/wp\/v2\/tags?post=4444"}],"curies":[{"name":"wp","href":"https:\/\/api.w.org\/{rel}","templated":true}]}}