{"id":4496,"date":"2017-07-12T14:59:27","date_gmt":"2017-07-12T12:59:27","guid":{"rendered":"https:\/\/www.made-in-meubles.com\/blog\/?p=4496"},"modified":"2025-05-21T15:36:27","modified_gmt":"2025-05-21T13:36:27","slug":"le-rotin","status":"publish","type":"post","link":"https:\/\/www.made-in-meubles.com\/blog\/le-rotin\/","title":{"rendered":"Le rotin, parfait pour un style boh\u00e8me r\u00e9ussi !"},"content":{"rendered":"\t\t<div data-elementor-type=\"wp-post\" data-elementor-id=\"4496\" class=\"elementor elementor-4496\">\n\t\t\t\t\t\t\t\t\t<section class=\"elementor-section elementor-top-section elementor-element elementor-element-682a39ca elementor-section-boxed elementor-section-height-default elementor-section-height-default\" data-id=\"682a39ca\" data-element_type=\"section\" data-settings=\"{&quot;jet_parallax_layout_list&quot;:[]}\">\n\t\t\t\t\t\t<div class=\"elementor-container elementor-column-gap-default\">\n\t\t\t\t\t<div class=\"elementor-column elementor-col-100 elementor-top-column elementor-element elementor-element-7d20f65a\" data-id=\"7d20f65a\" data-element_type=\"column\">\n\t\t\t<div class=\"elementor-widget-wrap elementor-element-populated\">\n\t\t\t\t\t\t\t\t<div class=\"elementor-element elementor-element-b359043 elementor-widget elementor-widget-text-editor\" data-id=\"b359043\" data-element_type=\"widget\" data-widget_type=\"text-editor.default\">\n\t\t\t\t<div class=\"elementor-widget-container\">\n\t\t\t<style>\/*! elementor - v3.6.5 - 27-04-2022 *\/\n.elementor-widget-text-editor.elementor-drop-cap-view-stacked .elementor-drop-cap{background-color:#818a91;color:#fff}.elementor-widget-text-editor.elementor-drop-cap-view-framed .elementor-drop-cap{color:#818a91;border:3px solid;background-color:transparent}.elementor-widget-text-editor:not(.elementor-drop-cap-view-default) .elementor-drop-cap{margin-top:8px}.elementor-widget-text-editor:not(.elementor-drop-cap-view-default) .elementor-drop-cap-letter{width:1em;height:1em}.elementor-widget-text-editor .elementor-drop-cap{float:left;text-align:center;line-height:1;font-size:50px}.elementor-widget-text-editor .elementor-drop-cap-letter{display:inline-block}<\/style>\t\t\t\t<p style=\"text-align: justify;\">Symbole de fra\u00eecheur et d&rsquo;authenticit\u00e9, <strong>le rotin<\/strong> conquis toutes les pi\u00e8ces de nos int\u00e9rieurs ! Ses nuances claires lui permettent de s&rsquo;associer \u00e0 tous types de styles alors que son<strong> style boh\u00e8me<\/strong> en fait un mat\u00e9riau tr\u00e8s pris\u00e9. \u00c9t\u00e9 comme hiver, les fauteuils en rotin bercent nos habitations et y font r\u00e9gner des ondes positives.\u00a0\u00c9l\u00e9ment indissociable de la tendance scandinave, le rotin confirme encore ses <strong>vertus intemporelles<\/strong>.<\/p>\n<p><\/p><\/div><\/div><\/div><\/div><\/div><\/section><\/div> <a href=\"https:\/\/www.made-in-meubles.com\/blog\/le-rotin\/#more-4496\" class=\"more-link elementor-more-link\"><span aria-label=\"Poursuivre la lecture Le rotin, parfait pour un style boh\u00e8me r\u00e9ussi !\">(plus\u2026)<\/span><\/a>","protected":false},"excerpt":{"rendered":"<p>Symbole de fra\u00eecheur et d&rsquo;authenticit\u00e9, le rotin conquis toutes les pi\u00e8ces de nos int\u00e9rieurs ! Ses nuances claires lui permettent de s&rsquo;associer \u00e0 tous types de styles alors que son style boh\u00e8me en fait un mat\u00e9riau tr\u00e8s pris\u00e9. \u00c9t\u00e9 comme hiver, les fauteuils en rotin bercent nos habitations et y font r\u00e9gner des ondes positives.\u00a0\u00c9l\u00e9ment [&hellip;]<\/p>\n","protected":false},"author":9,"featured_media":4972,"comment_status":"open","ping_status":"open","sticky":false,"template":"","format":"standard","meta":[],"categories":[2],"tags":[],"acf":[],"_links":{"self":[{"href":"https:\/\/www.made-in-meubles.com\/blog\/wp-json\/wp\/v2\/posts\/4496"}],"collection":[{"href":"https:\/\/www.made-in-meubles.com\/blog\/wp-json\/wp\/v2\/posts"}],"about":[{"href":"https:\/\/www.made-in-meubles.com\/blog\/wp-json\/wp\/v2\/types\/post"}],"author":[{"embeddable":true,"href":"https:\/\/www.made-in-meubles.com\/blog\/wp-json\/wp\/v2\/users\/9"}],"replies":[{"embeddable":true,"href":"https:\/\/www.made-in-meubles.com\/blog\/wp-json\/wp\/v2\/comments?post=4496"}],"version-history":[{"count":3,"href":"https:\/\/www.made-in-meubles.com\/blog\/wp-json\/wp\/v2\/posts\/4496\/revisions"}],"predecessor-version":[{"id":16396,"href":"https:\/\/www.made-in-meubles.com\/blog\/wp-json\/wp\/v2\/posts\/4496\/revisions\/16396"}],"wp:featuredmedia":[{"embeddable":true,"href":"https:\/\/www.made-in-meubles.com\/blog\/wp-json\/wp\/v2\/media\/4972"}],"wp:attachment":[{"href":"https:\/\/www.made-in-meubles.com\/blog\/wp-json\/wp\/v2\/media?parent=4496"}],"wp:term":[{"taxonomy":"category","embeddable":true,"href":"https:\/\/www.made-in-meubles.com\/blog\/wp-json\/wp\/v2\/categories?post=4496"},{"taxonomy":"post_tag","embeddable":true,"href":"https:\/\/www.made-in-meubles.com\/blog\/wp-json\/wp\/v2\/tags?post=4496"}],"curies":[{"name":"wp","href":"https:\/\/api.w.org\/{rel}","templated":true}]}}