{"id":6276,"date":"2020-04-29T12:37:40","date_gmt":"2020-04-29T10:37:40","guid":{"rendered":"https:\/\/www.made-in-meubles.com\/blog\/?p=6276"},"modified":"2025-06-05T14:11:19","modified_gmt":"2025-06-05T12:11:19","slug":"tous-nos-conseils-pour-se-sentir-bien-chez-soi","status":"publish","type":"post","link":"https:\/\/www.made-in-meubles.com\/blog\/tous-nos-conseils-pour-se-sentir-bien-chez-soi\/","title":{"rendered":"Tous nos conseils pour se sentir bien chez soi !"},"content":{"rendered":"\n<p>Nous avons d\u00e9cid\u00e9 de vous donner toutes nos astuces mais aussi nos conseils pour cr\u00e9er une espace id\u00e9al et vous sentir bien chez vous. <\/p>\n\n\n\n<h2>Cr\u00e9ez un bureau fonctionnel !<\/h2>\n\n\n\n<p>Cr\u00e9ez-vous un espace confortable et \u00e0 votre go\u00fbt pour \u00eatre <strong>op\u00e9rationnel pendant votre p\u00e9riode de t\u00e9l\u00e9travail<\/strong>. Nous vous proposons pour cela d&rsquo;opter pour une planche et deux tr\u00e9teaux plut\u00f4t que pour un bureau plus simple. Pour avoir un cadre agr\u00e9able n&rsquo;h\u00e9sitez pas \u00e0 <strong>entourer votre espace de plantes vertes<\/strong> ! Quoi de mieux pour \u00eatre efficace que <strong>d&rsquo;avoir un espace personnalis\u00e9<\/strong> ? Choisissez <strong>vos plus belles affiches ou photos<\/strong> pour vous motiver. Enfin, pour \u00eatre fonctionnel, il vous faut le plus de confort possible, alors choisissez la chaise qui vous correspond le plus ! <\/p>\n\n\n\n<figure class=\"wp-block-gallery has-nested-images columns-default is-cropped\">\n<figure class=\"wp-block-image size-large\"><img width=\"1000\" height=\"1000\" data-id=\"6293\"  src=\"https:\/\/www.made-in-meubles.com\/blog\/wp-content\/uploads\/2020\/04\/bureau-voiture-metal-bois-acacia.jpg\" alt=\"Bureau industriel avec cadres \" class=\"wp-image-6293\" srcset=\"https:\/\/www.made-in-meubles.com\/blog\/wp-content\/uploads\/2020\/04\/bureau-voiture-metal-bois-acacia.jpg 1000w, https:\/\/www.made-in-meubles.com\/blog\/wp-content\/uploads\/2020\/04\/bureau-voiture-metal-bois-acacia-300x300.jpg 300w, https:\/\/www.made-in-meubles.com\/blog\/wp-content\/uploads\/2020\/04\/bureau-voiture-metal-bois-acacia-150x150.jpg 150w, https:\/\/www.made-in-meubles.com\/blog\/wp-content\/uploads\/2020\/04\/bureau-voiture-metal-bois-acacia-768x768.jpg 768w, https:\/\/www.made-in-meubles.com\/blog\/wp-content\/uploads\/2020\/04\/bureau-voiture-metal-bois-acacia-696x696.jpg 696w, https:\/\/www.made-in-meubles.com\/blog\/wp-content\/uploads\/2020\/04\/bureau-voiture-metal-bois-acacia-420x420.jpg 420w, https:\/\/www.made-in-meubles.com\/blog\/wp-content\/uploads\/2020\/04\/bureau-voiture-metal-bois-acacia-840x840.jpg 840w\" sizes=\"(max-width: 1000px) 100vw, 1000px\" \/><\/figure>\n\n\n\n<figure class=\"wp-block-image size-large\"><img width=\"1000\" height=\"1000\" data-id=\"6294\"  src=\"https:\/\/www.made-in-meubles.com\/blog\/wp-content\/uploads\/2020\/04\/bureau-industriel-tiroirs.jpg\" alt=\"Bureau authentique entour\u00e9 de plantes vertes\" class=\"wp-image-6294\" srcset=\"https:\/\/www.made-in-meubles.com\/blog\/wp-content\/uploads\/2020\/04\/bureau-industriel-tiroirs.jpg 1000w, https:\/\/www.made-in-meubles.com\/blog\/wp-content\/uploads\/2020\/04\/bureau-industriel-tiroirs-300x300.jpg 300w, https:\/\/www.made-in-meubles.com\/blog\/wp-content\/uploads\/2020\/04\/bureau-industriel-tiroirs-150x150.jpg 150w, https:\/\/www.made-in-meubles.com\/blog\/wp-content\/uploads\/2020\/04\/bureau-industriel-tiroirs-768x768.jpg 768w, https:\/\/www.made-in-meubles.com\/blog\/wp-content\/uploads\/2020\/04\/bureau-industriel-tiroirs-696x696.jpg 696w, https:\/\/www.made-in-meubles.com\/blog\/wp-content\/uploads\/2020\/04\/bureau-industriel-tiroirs-420x420.jpg 420w, https:\/\/www.made-in-meubles.com\/blog\/wp-content\/uploads\/2020\/04\/bureau-industriel-tiroirs-840x840.jpg 840w\" sizes=\"(max-width: 1000px) 100vw, 1000px\" \/><\/figure>\n<\/figure>\n\n\n\n<h2>Un coup de frais dans votre salon <\/h2>\n\n\n\n<p class=\"has-text-align-justify\">On le sait pendant le confinement c&rsquo;est s\u00fbrement la pi\u00e8ce que vous occupez le plus ! Alors pour vous y sentir bien cr\u00e9ez-vous <strong>votre petit espace personnel <\/strong>o\u00f9 vous pourrez travailler ou vous d\u00e9tendre par exemple. Petite astuce d\u00e9co : Placez <strong>des chapeaux de pailles<\/strong> sur votre mur pour apporter une toute nouvelle touche d\u00e9co et un peu de fraicheur ! Tout comme dans votre bureau, choisissez le fauteuil que vous ne quitterez plus ! <\/p>\n\n\n\n<figure class=\"wp-block-gallery has-nested-images columns-default is-cropped\">\n<figure class=\"wp-block-image size-large\"><img width=\"564\" height=\"846\" data-id=\"6295\"  src=\"https:\/\/www.made-in-meubles.com\/blog\/wp-content\/uploads\/2020\/04\/accumulation-chapeaux.jpg\" alt=\"accumulation de chapeaux comme d\u00e9coration\" class=\"wp-image-6295\" srcset=\"https:\/\/www.made-in-meubles.com\/blog\/wp-content\/uploads\/2020\/04\/accumulation-chapeaux.jpg 564w, https:\/\/www.made-in-meubles.com\/blog\/wp-content\/uploads\/2020\/04\/accumulation-chapeaux-200x300.jpg 200w, https:\/\/www.made-in-meubles.com\/blog\/wp-content\/uploads\/2020\/04\/accumulation-chapeaux-280x420.jpg 280w, https:\/\/www.made-in-meubles.com\/blog\/wp-content\/uploads\/2020\/04\/accumulation-chapeaux-560x840.jpg 560w\" sizes=\"(max-width: 564px) 100vw, 564px\" \/><\/figure>\n\n\n\n<figure class=\"wp-block-image size-large\"><img width=\"1000\" height=\"1000\" data-id=\"6297\"  src=\"https:\/\/www.made-in-meubles.com\/blog\/wp-content\/uploads\/2020\/04\/fauteuil-velours-metal-dore.jpg\" alt=\"fauteuil confortable en velours dans un salon scandinave\" class=\"wp-image-6297\" srcset=\"https:\/\/www.made-in-meubles.com\/blog\/wp-content\/uploads\/2020\/04\/fauteuil-velours-metal-dore.jpg 1000w, https:\/\/www.made-in-meubles.com\/blog\/wp-content\/uploads\/2020\/04\/fauteuil-velours-metal-dore-300x300.jpg 300w, https:\/\/www.made-in-meubles.com\/blog\/wp-content\/uploads\/2020\/04\/fauteuil-velours-metal-dore-150x150.jpg 150w, https:\/\/www.made-in-meubles.com\/blog\/wp-content\/uploads\/2020\/04\/fauteuil-velours-metal-dore-768x768.jpg 768w, https:\/\/www.made-in-meubles.com\/blog\/wp-content\/uploads\/2020\/04\/fauteuil-velours-metal-dore-696x696.jpg 696w, https:\/\/www.made-in-meubles.com\/blog\/wp-content\/uploads\/2020\/04\/fauteuil-velours-metal-dore-420x420.jpg 420w, https:\/\/www.made-in-meubles.com\/blog\/wp-content\/uploads\/2020\/04\/fauteuil-velours-metal-dore-840x840.jpg 840w\" sizes=\"(max-width: 1000px) 100vw, 1000px\" \/><\/figure>\n<\/figure>\n\n\n\n<h2>Du temps pour vous dans votre salle de bain zen!<\/h2>\n\n\n\n<p>Pour am\u00e9nager votre salle de bain de fa\u00e7on optimale, n&rsquo;h\u00e9sitez pas \u00e0 placer un <strong>plateau pour votre baignoire<\/strong> ! Pour vous sentir \u00e0 l&rsquo;aise et faire de votre salle de bain un endroit cocooning <strong>ajouter \u00e9galement des bougies et des plantes vertes<\/strong> ! Sans oublier la pi\u00e8ce centrale de votre salle de bain : <strong>le miroir <\/strong>! A vous de choisir le style id\u00e9al pour se marier avec votre d\u00e9coration. Enfin, prenez un moment pour vous, un bon bain chaud avec une bougie parfum\u00e9e, soins du visages et des cheveux, un seul mot d&rsquo;ordre <strong>d\u00e9tendez-vous<\/strong>. <\/p>\n\n\n\n<figure class=\"wp-block-gallery has-nested-images columns-default is-cropped\">\n<figure class=\"wp-block-image size-large\"><img width=\"1000\" height=\"1000\" data-id=\"6298\"  src=\"https:\/\/www.made-in-meubles.com\/blog\/wp-content\/uploads\/2020\/04\/salle-de-bain-plantes-vertes.jpg\" alt=\"salle de bain bois clair avec accumulation de plantes vertes\" class=\"wp-image-6298\" srcset=\"https:\/\/www.made-in-meubles.com\/blog\/wp-content\/uploads\/2020\/04\/salle-de-bain-plantes-vertes.jpg 1000w, https:\/\/www.made-in-meubles.com\/blog\/wp-content\/uploads\/2020\/04\/salle-de-bain-plantes-vertes-300x300.jpg 300w, https:\/\/www.made-in-meubles.com\/blog\/wp-content\/uploads\/2020\/04\/salle-de-bain-plantes-vertes-150x150.jpg 150w, https:\/\/www.made-in-meubles.com\/blog\/wp-content\/uploads\/2020\/04\/salle-de-bain-plantes-vertes-768x768.jpg 768w, https:\/\/www.made-in-meubles.com\/blog\/wp-content\/uploads\/2020\/04\/salle-de-bain-plantes-vertes-696x696.jpg 696w, https:\/\/www.made-in-meubles.com\/blog\/wp-content\/uploads\/2020\/04\/salle-de-bain-plantes-vertes-420x420.jpg 420w, https:\/\/www.made-in-meubles.com\/blog\/wp-content\/uploads\/2020\/04\/salle-de-bain-plantes-vertes-840x840.jpg 840w\" sizes=\"(max-width: 1000px) 100vw, 1000px\" \/><\/figure>\n\n\n\n<figure class=\"wp-block-image size-large\"><img width=\"1000\" height=\"1000\" data-id=\"6299\"  src=\"https:\/\/www.made-in-meubles.com\/blog\/wp-content\/uploads\/2020\/04\/miroir-bois-fonc\u00e9.jpg\" alt=\"Salle de bain avec miroirs en bois fonc\u00e9\" class=\"wp-image-6299\" srcset=\"https:\/\/www.made-in-meubles.com\/blog\/wp-content\/uploads\/2020\/04\/miroir-bois-fonc\u00e9.jpg 1000w, https:\/\/www.made-in-meubles.com\/blog\/wp-content\/uploads\/2020\/04\/miroir-bois-fonc\u00e9-300x300.jpg 300w, https:\/\/www.made-in-meubles.com\/blog\/wp-content\/uploads\/2020\/04\/miroir-bois-fonc\u00e9-150x150.jpg 150w, https:\/\/www.made-in-meubles.com\/blog\/wp-content\/uploads\/2020\/04\/miroir-bois-fonc\u00e9-768x768.jpg 768w, https:\/\/www.made-in-meubles.com\/blog\/wp-content\/uploads\/2020\/04\/miroir-bois-fonc\u00e9-696x696.jpg 696w, https:\/\/www.made-in-meubles.com\/blog\/wp-content\/uploads\/2020\/04\/miroir-bois-fonc\u00e9-420x420.jpg 420w, https:\/\/www.made-in-meubles.com\/blog\/wp-content\/uploads\/2020\/04\/miroir-bois-fonc\u00e9-840x840.jpg 840w\" sizes=\"(max-width: 1000px) 100vw, 1000px\" \/><\/figure>\n<\/figure>\n\n\n\n<h2>Un chambre cocooning en quelques minutes ! <\/h2>\n\n\n\n<p class=\"has-text-align-justify\">Pour vous sentir dans un petit espace cocooning rien de mieux que <strong>d&rsquo;opter pour des tons clairs<\/strong> qui apporteront des <strong>ondes chaleureuses<\/strong> dans votre chambre. Pour avoir une ambiance chaleureuse misez sur <strong>une lumi\u00e8re tamis\u00e9e<\/strong>, optez pour une guirlande par exemple ! Enfin, pour \u00eatre le plus \u00e0 l&rsquo;aise possible dans votre int\u00e9rieur <strong>contr\u00f4lez la temp\u00e9rature<\/strong> de celle-ci. Enfin, n&rsquo;h\u00e9sitez pas \u00e0 <strong>bien organiser et trier votre chambre<\/strong> pour qu&rsquo;elle soit le plus a\u00e9r\u00e9e possible. <\/p>\n\n\n\n<figure class=\"wp-block-gallery has-nested-images columns-default is-cropped\">\n<figure class=\"wp-block-image size-large\"><img width=\"1000\" height=\"1000\" data-id=\"6300\"  src=\"https:\/\/www.made-in-meubles.com\/blog\/wp-content\/uploads\/2020\/04\/chambre-tons-clairs.jpg\" alt=\"t\u00eate de lit en bois clair sculpt\u00e9e\" class=\"wp-image-6300\" srcset=\"https:\/\/www.made-in-meubles.com\/blog\/wp-content\/uploads\/2020\/04\/chambre-tons-clairs.jpg 1000w, https:\/\/www.made-in-meubles.com\/blog\/wp-content\/uploads\/2020\/04\/chambre-tons-clairs-300x300.jpg 300w, https:\/\/www.made-in-meubles.com\/blog\/wp-content\/uploads\/2020\/04\/chambre-tons-clairs-150x150.jpg 150w, https:\/\/www.made-in-meubles.com\/blog\/wp-content\/uploads\/2020\/04\/chambre-tons-clairs-768x768.jpg 768w, https:\/\/www.made-in-meubles.com\/blog\/wp-content\/uploads\/2020\/04\/chambre-tons-clairs-696x696.jpg 696w, https:\/\/www.made-in-meubles.com\/blog\/wp-content\/uploads\/2020\/04\/chambre-tons-clairs-420x420.jpg 420w, https:\/\/www.made-in-meubles.com\/blog\/wp-content\/uploads\/2020\/04\/chambre-tons-clairs-840x840.jpg 840w\" sizes=\"(max-width: 1000px) 100vw, 1000px\" \/><\/figure>\n\n\n\n<figure class=\"wp-block-image size-large\"><img width=\"1000\" height=\"1000\" data-id=\"6301\"  src=\"https:\/\/www.made-in-meubles.com\/blog\/wp-content\/uploads\/2020\/04\/portant-pour-vetement.jpg\" alt=\"portant pour organiser votre chambre \" class=\"wp-image-6301\" srcset=\"https:\/\/www.made-in-meubles.com\/blog\/wp-content\/uploads\/2020\/04\/portant-pour-vetement.jpg 1000w, https:\/\/www.made-in-meubles.com\/blog\/wp-content\/uploads\/2020\/04\/portant-pour-vetement-300x300.jpg 300w, https:\/\/www.made-in-meubles.com\/blog\/wp-content\/uploads\/2020\/04\/portant-pour-vetement-150x150.jpg 150w, https:\/\/www.made-in-meubles.com\/blog\/wp-content\/uploads\/2020\/04\/portant-pour-vetement-768x768.jpg 768w, https:\/\/www.made-in-meubles.com\/blog\/wp-content\/uploads\/2020\/04\/portant-pour-vetement-696x696.jpg 696w, https:\/\/www.made-in-meubles.com\/blog\/wp-content\/uploads\/2020\/04\/portant-pour-vetement-420x420.jpg 420w, https:\/\/www.made-in-meubles.com\/blog\/wp-content\/uploads\/2020\/04\/portant-pour-vetement-840x840.jpg 840w\" sizes=\"(max-width: 1000px) 100vw, 1000px\" \/><\/figure>\n<\/figure>\n","protected":false},"excerpt":{"rendered":"<p>Nous avons d\u00e9cid\u00e9 de vous donner toutes nos astuces mais aussi nos conseils pour cr\u00e9er une espace id\u00e9al et vous sentir bien chez vous. Cr\u00e9ez un bureau fonctionnel ! Cr\u00e9ez-vous un espace confortable et \u00e0 votre go\u00fbt pour \u00eatre op\u00e9rationnel pendant votre p\u00e9riode de t\u00e9l\u00e9travail. Nous vous proposons pour cela d&rsquo;opter pour une planche et [&hellip;]<\/p>\n","protected":false},"author":9,"featured_media":6303,"comment_status":"open","ping_status":"open","sticky":false,"template":"","format":"standard","meta":[],"categories":[5],"tags":[],"acf":[],"_links":{"self":[{"href":"https:\/\/www.made-in-meubles.com\/blog\/wp-json\/wp\/v2\/posts\/6276"}],"collection":[{"href":"https:\/\/www.made-in-meubles.com\/blog\/wp-json\/wp\/v2\/posts"}],"about":[{"href":"https:\/\/www.made-in-meubles.com\/blog\/wp-json\/wp\/v2\/types\/post"}],"author":[{"embeddable":true,"href":"https:\/\/www.made-in-meubles.com\/blog\/wp-json\/wp\/v2\/users\/9"}],"replies":[{"embeddable":true,"href":"https:\/\/www.made-in-meubles.com\/blog\/wp-json\/wp\/v2\/comments?post=6276"}],"version-history":[{"count":1,"href":"https:\/\/www.made-in-meubles.com\/blog\/wp-json\/wp\/v2\/posts\/6276\/revisions"}],"predecessor-version":[{"id":17000,"href":"https:\/\/www.made-in-meubles.com\/blog\/wp-json\/wp\/v2\/posts\/6276\/revisions\/17000"}],"wp:featuredmedia":[{"embeddable":true,"href":"https:\/\/www.made-in-meubles.com\/blog\/wp-json\/wp\/v2\/media\/6303"}],"wp:attachment":[{"href":"https:\/\/www.made-in-meubles.com\/blog\/wp-json\/wp\/v2\/media?parent=6276"}],"wp:term":[{"taxonomy":"category","embeddable":true,"href":"https:\/\/www.made-in-meubles.com\/blog\/wp-json\/wp\/v2\/categories?post=6276"},{"taxonomy":"post_tag","embeddable":true,"href":"https:\/\/www.made-in-meubles.com\/blog\/wp-json\/wp\/v2\/tags?post=6276"}],"curies":[{"name":"wp","href":"https:\/\/api.w.org\/{rel}","templated":true}]}}