{"id":6304,"date":"2020-04-29T12:38:10","date_gmt":"2020-04-29T10:38:10","guid":{"rendered":"https:\/\/www.made-in-meubles.com\/blog\/?p=6304"},"modified":"2022-06-29T14:51:52","modified_gmt":"2022-06-29T12:51:52","slug":"tous-nos-conseils-pour-se-sentir-bien-chez-soi-episode-2","status":"publish","type":"post","link":"https:\/\/www.made-in-meubles.com\/blog\/tous-nos-conseils-pour-se-sentir-bien-chez-soi-episode-2\/","title":{"rendered":"Tous nos conseils pour se sentir bien chez soi &#8211; \u00e9pisode 2"},"content":{"rendered":"\n<p>On continue de vous donner toutes nos astuces et nos conseils pour vous sentir bien chez vous. Alors suivez le guide ! <\/p>\n\n\n\n<h2>Une cuisine bien agenc\u00e9e<\/h2>\n\n\n\n<p class=\"has-text-align-justify\">Tout le monde le sait, on cuisine mieux quand on est <strong>bien entour\u00e9<\/strong>. Alors quoi de mieux que de choisir les bons meubles ! Optez pour <strong>un objet 50%<\/strong> <strong>d\u00e9co <\/strong>mais aussi <strong>50% rangement<\/strong> comme une <strong>desserte<\/strong> par exemple ! Pensez \u00e9cologie ! Choisissez <strong>diff\u00e9rents pots en verre <\/strong>pour <strong>bannir le plastique<\/strong> de votre cuisine. Rassemblez-vous <strong>autour d&rsquo;un <\/strong><a href=\"https:\/\/www.made-in-meubles.com\/ilot-central-marbre-et-bois-de-manguier-naturel-p-b71#slide\" target=\"_blank\" rel=\"noreferrer noopener\" aria-label=\"Ilot central (opens in a new tab)\">Ilot central<\/a> pour cuisinez en famille ! Enfin <strong>gardez le sourire<\/strong> tout en cuisinant ! <\/p>\n\n\n\n<figure class=\"wp-block-gallery has-nested-images columns-default is-cropped\">\n<figure class=\"wp-block-image size-large\"><img width=\"1000\" height=\"1000\" data-id=\"6305\"  src=\"https:\/\/www.made-in-meubles.com\/blog\/wp-content\/uploads\/2020\/04\/ilot-central-en-bois-de-manguier.jpg\" alt=\"ilot central avec plateau en marbre et nombreux rangements \" class=\"wp-image-6305\" srcset=\"https:\/\/www.made-in-meubles.com\/blog\/wp-content\/uploads\/2020\/04\/ilot-central-en-bois-de-manguier.jpg 1000w, https:\/\/www.made-in-meubles.com\/blog\/wp-content\/uploads\/2020\/04\/ilot-central-en-bois-de-manguier-300x300.jpg 300w, https:\/\/www.made-in-meubles.com\/blog\/wp-content\/uploads\/2020\/04\/ilot-central-en-bois-de-manguier-150x150.jpg 150w, https:\/\/www.made-in-meubles.com\/blog\/wp-content\/uploads\/2020\/04\/ilot-central-en-bois-de-manguier-768x768.jpg 768w, https:\/\/www.made-in-meubles.com\/blog\/wp-content\/uploads\/2020\/04\/ilot-central-en-bois-de-manguier-696x696.jpg 696w, https:\/\/www.made-in-meubles.com\/blog\/wp-content\/uploads\/2020\/04\/ilot-central-en-bois-de-manguier-420x420.jpg 420w, https:\/\/www.made-in-meubles.com\/blog\/wp-content\/uploads\/2020\/04\/ilot-central-en-bois-de-manguier-840x840.jpg 840w\" sizes=\"(max-width: 1000px) 100vw, 1000px\" \/><\/figure>\n\n\n\n<figure class=\"wp-block-image size-large\"><img width=\"1000\" height=\"1000\" data-id=\"6306\"  src=\"https:\/\/www.made-in-meubles.com\/blog\/wp-content\/uploads\/2020\/04\/desserte-bois-patine-grise.jpg\" alt=\"desserte avec une patine grise et m\u00e9tal \" class=\"wp-image-6306\" srcset=\"https:\/\/www.made-in-meubles.com\/blog\/wp-content\/uploads\/2020\/04\/desserte-bois-patine-grise.jpg 1000w, https:\/\/www.made-in-meubles.com\/blog\/wp-content\/uploads\/2020\/04\/desserte-bois-patine-grise-300x300.jpg 300w, https:\/\/www.made-in-meubles.com\/blog\/wp-content\/uploads\/2020\/04\/desserte-bois-patine-grise-150x150.jpg 150w, https:\/\/www.made-in-meubles.com\/blog\/wp-content\/uploads\/2020\/04\/desserte-bois-patine-grise-768x768.jpg 768w, https:\/\/www.made-in-meubles.com\/blog\/wp-content\/uploads\/2020\/04\/desserte-bois-patine-grise-696x696.jpg 696w, https:\/\/www.made-in-meubles.com\/blog\/wp-content\/uploads\/2020\/04\/desserte-bois-patine-grise-420x420.jpg 420w, https:\/\/www.made-in-meubles.com\/blog\/wp-content\/uploads\/2020\/04\/desserte-bois-patine-grise-840x840.jpg 840w\" sizes=\"(max-width: 1000px) 100vw, 1000px\" \/><\/figure>\n<\/figure>\n\n\n\n<h2>Une entr\u00e9e optimale<\/h2>\n\n\n\n<p class=\"has-text-align-justify\">Quoi de mieux qu&rsquo;un <strong>petit coup de frais<\/strong> dans la pi\u00e8ce qui vous accueille quotidiennement ? Pour cela, n&rsquo;h\u00e9sitez pas \u00e0 ajouter <strong>un banc<\/strong> pour ranger et d\u00e9corer \u00e0 la fois ! Pour une <strong>touche d\u00e9co originale<\/strong> misez sur <strong>un porte manteau d\u00e9co <\/strong>avec des sacs en paille par exemple ! Rien de mieux qu&rsquo;une <strong>console industrielle<\/strong> dans votre entr\u00e9e <strong>pour d\u00e9poser vos affaires<\/strong> en rentrant. Enfin, apportez <strong>un miroir <\/strong>dans cet espace <strong>pour agrandir la pi\u00e8ce<\/strong> tout en apportant une touche d\u00e9co suppl\u00e9mentaire. <\/p>\n\n\n\n<figure class=\"wp-block-gallery has-nested-images columns-default is-cropped\">\n<figure class=\"wp-block-image size-large\"><img width=\"1000\" height=\"1000\" data-id=\"6307\"  src=\"https:\/\/www.made-in-meubles.com\/blog\/wp-content\/uploads\/2020\/04\/console-marbre-acacia.jpg\" alt=\"console marbre et acacia avec du cannage\" class=\"wp-image-6307\" srcset=\"https:\/\/www.made-in-meubles.com\/blog\/wp-content\/uploads\/2020\/04\/console-marbre-acacia.jpg 1000w, https:\/\/www.made-in-meubles.com\/blog\/wp-content\/uploads\/2020\/04\/console-marbre-acacia-300x300.jpg 300w, https:\/\/www.made-in-meubles.com\/blog\/wp-content\/uploads\/2020\/04\/console-marbre-acacia-150x150.jpg 150w, https:\/\/www.made-in-meubles.com\/blog\/wp-content\/uploads\/2020\/04\/console-marbre-acacia-768x768.jpg 768w, https:\/\/www.made-in-meubles.com\/blog\/wp-content\/uploads\/2020\/04\/console-marbre-acacia-696x696.jpg 696w, https:\/\/www.made-in-meubles.com\/blog\/wp-content\/uploads\/2020\/04\/console-marbre-acacia-420x420.jpg 420w, https:\/\/www.made-in-meubles.com\/blog\/wp-content\/uploads\/2020\/04\/console-marbre-acacia-840x840.jpg 840w\" sizes=\"(max-width: 1000px) 100vw, 1000px\" \/><\/figure>\n\n\n\n<figure class=\"wp-block-image size-large\"><img width=\"1000\" height=\"1000\" data-id=\"6308\"  src=\"https:\/\/www.made-in-meubles.com\/blog\/wp-content\/uploads\/2020\/04\/miroir-en-bois.jpg\" alt=\"miroir en bois style brut \" class=\"wp-image-6308\" srcset=\"https:\/\/www.made-in-meubles.com\/blog\/wp-content\/uploads\/2020\/04\/miroir-en-bois.jpg 1000w, https:\/\/www.made-in-meubles.com\/blog\/wp-content\/uploads\/2020\/04\/miroir-en-bois-300x300.jpg 300w, https:\/\/www.made-in-meubles.com\/blog\/wp-content\/uploads\/2020\/04\/miroir-en-bois-150x150.jpg 150w, https:\/\/www.made-in-meubles.com\/blog\/wp-content\/uploads\/2020\/04\/miroir-en-bois-768x768.jpg 768w, https:\/\/www.made-in-meubles.com\/blog\/wp-content\/uploads\/2020\/04\/miroir-en-bois-696x696.jpg 696w, https:\/\/www.made-in-meubles.com\/blog\/wp-content\/uploads\/2020\/04\/miroir-en-bois-420x420.jpg 420w, https:\/\/www.made-in-meubles.com\/blog\/wp-content\/uploads\/2020\/04\/miroir-en-bois-840x840.jpg 840w\" sizes=\"(max-width: 1000px) 100vw, 1000px\" \/><\/figure>\n<\/figure>\n\n\n\n<h2>Une salle \u00e0 manger conviviale <\/h2>\n\n\n\n<p class=\"has-text-align-justify\">N&rsquo;h\u00e9sitez pas \u00e0 <strong>r\u00e9organiser cette pi\u00e8ce f\u00e9d\u00e9ratrice<\/strong> ! Pour cela, n&rsquo;h\u00e9sitez pas \u00e0 <strong>mixer les diff\u00e9rents styles<\/strong> par exemple une table en bois massif avec des chaises industrielles. Vous pouvez \u00e9galement<strong> ajouter un tapis pour r\u00e9chauffer la pi\u00e8ce<\/strong> et <strong>apporter une touche cosy<\/strong> \u00e0 la pi\u00e8ce. Enfin <strong>choisissez votre team<\/strong> pour le choix de la table : <strong>Ronde ou Rectangulaire<\/strong> !<\/p>\n\n\n\n<figure class=\"wp-block-gallery has-nested-images columns-default is-cropped\">\n<figure class=\"wp-block-image size-large\"><img width=\"1000\" height=\"1000\" data-id=\"6309\"  src=\"https:\/\/www.made-in-meubles.com\/blog\/wp-content\/uploads\/2020\/04\/table-a-manger-industrielle-chaises-rotin.jpg\" alt=\"table \u00e0 manger style industriel avec chaises en rotin\" class=\"wp-image-6309\" srcset=\"https:\/\/www.made-in-meubles.com\/blog\/wp-content\/uploads\/2020\/04\/table-a-manger-industrielle-chaises-rotin.jpg 1000w, https:\/\/www.made-in-meubles.com\/blog\/wp-content\/uploads\/2020\/04\/table-a-manger-industrielle-chaises-rotin-300x300.jpg 300w, https:\/\/www.made-in-meubles.com\/blog\/wp-content\/uploads\/2020\/04\/table-a-manger-industrielle-chaises-rotin-150x150.jpg 150w, https:\/\/www.made-in-meubles.com\/blog\/wp-content\/uploads\/2020\/04\/table-a-manger-industrielle-chaises-rotin-768x768.jpg 768w, https:\/\/www.made-in-meubles.com\/blog\/wp-content\/uploads\/2020\/04\/table-a-manger-industrielle-chaises-rotin-696x696.jpg 696w, https:\/\/www.made-in-meubles.com\/blog\/wp-content\/uploads\/2020\/04\/table-a-manger-industrielle-chaises-rotin-420x420.jpg 420w, https:\/\/www.made-in-meubles.com\/blog\/wp-content\/uploads\/2020\/04\/table-a-manger-industrielle-chaises-rotin-840x840.jpg 840w\" sizes=\"(max-width: 1000px) 100vw, 1000px\" \/><\/figure>\n\n\n\n<figure class=\"wp-block-image size-large\"><img width=\"1000\" height=\"1000\" data-id=\"6310\"  src=\"https:\/\/www.made-in-meubles.com\/blog\/wp-content\/uploads\/2020\/04\/table-ronde-plateau-en-marbre.jpg\" alt=\"Table ronde avec un plateau en marbre style contemporain\" class=\"wp-image-6310\" srcset=\"https:\/\/www.made-in-meubles.com\/blog\/wp-content\/uploads\/2020\/04\/table-ronde-plateau-en-marbre.jpg 1000w, https:\/\/www.made-in-meubles.com\/blog\/wp-content\/uploads\/2020\/04\/table-ronde-plateau-en-marbre-300x300.jpg 300w, https:\/\/www.made-in-meubles.com\/blog\/wp-content\/uploads\/2020\/04\/table-ronde-plateau-en-marbre-150x150.jpg 150w, https:\/\/www.made-in-meubles.com\/blog\/wp-content\/uploads\/2020\/04\/table-ronde-plateau-en-marbre-768x768.jpg 768w, https:\/\/www.made-in-meubles.com\/blog\/wp-content\/uploads\/2020\/04\/table-ronde-plateau-en-marbre-696x696.jpg 696w, https:\/\/www.made-in-meubles.com\/blog\/wp-content\/uploads\/2020\/04\/table-ronde-plateau-en-marbre-420x420.jpg 420w, https:\/\/www.made-in-meubles.com\/blog\/wp-content\/uploads\/2020\/04\/table-ronde-plateau-en-marbre-840x840.jpg 840w\" sizes=\"(max-width: 1000px) 100vw, 1000px\" \/><\/figure>\n<\/figure>\n\n\n\n<h2>Une v\u00e9randa relaxante <\/h2>\n\n\n\n<p class=\"has-text-align-justify\">Vous avez trouv\u00e9 <strong>la pi\u00e8ce chill de votre int\u00e9rieur<\/strong> ! Pour la rendre agr\u00e9able et cosy n&rsquo;h\u00e9sitez pas \u00e0 miser sur <strong>une touche boh\u00e8me<\/strong> avec des coussins ou un tapis par exemple. Misez sur une <strong>banquette \u00ab\u00a0homemade\u00a0\u00bb avec des palettes en bois<\/strong> ! N&rsquo;oubliez pas <strong>d&rsquo;adapter votre d\u00e9coration<\/strong> \u00e0 cet endroit sp\u00e9cial. Enfin, ajoutez aussi <strong>des tables d&rsquo;appoint<\/strong> afin de rester organis\u00e9 tout en d\u00e9corant ! <\/p>\n\n\n\n<figure class=\"wp-block-gallery has-nested-images columns-default is-cropped\">\n<figure class=\"wp-block-image size-large\"><img width=\"1000\" height=\"1000\" data-id=\"6311\"  src=\"https:\/\/www.made-in-meubles.com\/blog\/wp-content\/uploads\/2020\/04\/tables-appoint-industrielles.jpg\" alt=\"tables d'appoint style industriel\" class=\"wp-image-6311\" srcset=\"https:\/\/www.made-in-meubles.com\/blog\/wp-content\/uploads\/2020\/04\/tables-appoint-industrielles.jpg 1000w, https:\/\/www.made-in-meubles.com\/blog\/wp-content\/uploads\/2020\/04\/tables-appoint-industrielles-300x300.jpg 300w, https:\/\/www.made-in-meubles.com\/blog\/wp-content\/uploads\/2020\/04\/tables-appoint-industrielles-150x150.jpg 150w, https:\/\/www.made-in-meubles.com\/blog\/wp-content\/uploads\/2020\/04\/tables-appoint-industrielles-768x768.jpg 768w, https:\/\/www.made-in-meubles.com\/blog\/wp-content\/uploads\/2020\/04\/tables-appoint-industrielles-696x696.jpg 696w, https:\/\/www.made-in-meubles.com\/blog\/wp-content\/uploads\/2020\/04\/tables-appoint-industrielles-420x420.jpg 420w, https:\/\/www.made-in-meubles.com\/blog\/wp-content\/uploads\/2020\/04\/tables-appoint-industrielles-840x840.jpg 840w\" sizes=\"(max-width: 1000px) 100vw, 1000px\" \/><\/figure>\n\n\n\n<figure class=\"wp-block-image size-large\"><img width=\"564\" height=\"704\" data-id=\"6312\"  src=\"https:\/\/www.made-in-meubles.com\/blog\/wp-content\/uploads\/2020\/04\/inspiration-deco-veranda-boheme.jpg\" alt=\"d\u00e9coration boh\u00e8me avec tapis et coussins\" class=\"wp-image-6312\" srcset=\"https:\/\/www.made-in-meubles.com\/blog\/wp-content\/uploads\/2020\/04\/inspiration-deco-veranda-boheme.jpg 564w, https:\/\/www.made-in-meubles.com\/blog\/wp-content\/uploads\/2020\/04\/inspiration-deco-veranda-boheme-240x300.jpg 240w, https:\/\/www.made-in-meubles.com\/blog\/wp-content\/uploads\/2020\/04\/inspiration-deco-veranda-boheme-336x420.jpg 336w\" sizes=\"(max-width: 564px) 100vw, 564px\" \/><\/figure>\n<\/figure>\n","protected":false},"excerpt":{"rendered":"<p>On continue de vous donner toutes nos astuces et nos conseils pour vous sentir bien chez vous. Alors suivez le guide ! Une cuisine bien agenc\u00e9e Tout le monde le sait, on cuisine mieux quand on est bien entour\u00e9. Alors quoi de mieux que de choisir les bons meubles ! Optez pour un objet 50% [&hellip;]<\/p>\n","protected":false},"author":9,"featured_media":6301,"comment_status":"open","ping_status":"open","sticky":false,"template":"","format":"standard","meta":[],"categories":[5],"tags":[],"acf":[],"_links":{"self":[{"href":"https:\/\/www.made-in-meubles.com\/blog\/wp-json\/wp\/v2\/posts\/6304"}],"collection":[{"href":"https:\/\/www.made-in-meubles.com\/blog\/wp-json\/wp\/v2\/posts"}],"about":[{"href":"https:\/\/www.made-in-meubles.com\/blog\/wp-json\/wp\/v2\/types\/post"}],"author":[{"embeddable":true,"href":"https:\/\/www.made-in-meubles.com\/blog\/wp-json\/wp\/v2\/users\/9"}],"replies":[{"embeddable":true,"href":"https:\/\/www.made-in-meubles.com\/blog\/wp-json\/wp\/v2\/comments?post=6304"}],"version-history":[{"count":0,"href":"https:\/\/www.made-in-meubles.com\/blog\/wp-json\/wp\/v2\/posts\/6304\/revisions"}],"wp:featuredmedia":[{"embeddable":true,"href":"https:\/\/www.made-in-meubles.com\/blog\/wp-json\/wp\/v2\/media\/6301"}],"wp:attachment":[{"href":"https:\/\/www.made-in-meubles.com\/blog\/wp-json\/wp\/v2\/media?parent=6304"}],"wp:term":[{"taxonomy":"category","embeddable":true,"href":"https:\/\/www.made-in-meubles.com\/blog\/wp-json\/wp\/v2\/categories?post=6304"},{"taxonomy":"post_tag","embeddable":true,"href":"https:\/\/www.made-in-meubles.com\/blog\/wp-json\/wp\/v2\/tags?post=6304"}],"curies":[{"name":"wp","href":"https:\/\/api.w.org\/{rel}","templated":true}]}}