{"id":6719,"date":"2021-06-16T17:19:58","date_gmt":"2021-06-16T15:19:58","guid":{"rendered":"https:\/\/www.made-in-meubles.com\/blog\/?p=6719"},"modified":"2026-04-10T11:39:18","modified_gmt":"2026-04-10T09:39:18","slug":"5-astuces-pour-apporter-couleur-dans-decoration","status":"publish","type":"post","link":"https:\/\/www.made-in-meubles.com\/blog\/5-astuces-pour-apporter-couleur-dans-decoration\/","title":{"rendered":"La couleur en d\u00e9coration : 5 id\u00e9es pour \u00e9gayer votre int\u00e9rieur"},"content":{"rendered":"\t\t<div data-elementor-type=\"wp-post\" data-elementor-id=\"6719\" class=\"elementor elementor-6719\">\n\t\t\t\t\t\t\t\t\t<section class=\"elementor-section elementor-top-section elementor-element elementor-element-48bfdde elementor-section-boxed elementor-section-height-default elementor-section-height-default\" data-id=\"48bfdde\" data-element_type=\"section\" data-settings=\"{&quot;jet_parallax_layout_list&quot;:[]}\">\n\t\t\t\t\t\t<div class=\"elementor-container elementor-column-gap-default\">\n\t\t\t\t\t<div class=\"elementor-column elementor-col-100 elementor-top-column elementor-element elementor-element-10fdf54\" data-id=\"10fdf54\" data-element_type=\"column\">\n\t\t\t<div class=\"elementor-widget-wrap elementor-element-populated\">\n\t\t\t\t\t\t\t\t<div class=\"elementor-element elementor-element-914c8f9 elementor-widget elementor-widget-text-editor\" data-id=\"914c8f9\" data-element_type=\"widget\" data-widget_type=\"text-editor.default\">\n\t\t\t\t<div class=\"elementor-widget-container\">\n\t\t\t<style>\/*! elementor - v3.6.5 - 27-04-2022 *\/\n.elementor-widget-text-editor.elementor-drop-cap-view-stacked .elementor-drop-cap{background-color:#818a91;color:#fff}.elementor-widget-text-editor.elementor-drop-cap-view-framed .elementor-drop-cap{color:#818a91;border:3px solid;background-color:transparent}.elementor-widget-text-editor:not(.elementor-drop-cap-view-default) .elementor-drop-cap{margin-top:8px}.elementor-widget-text-editor:not(.elementor-drop-cap-view-default) .elementor-drop-cap-letter{width:1em;height:1em}.elementor-widget-text-editor .elementor-drop-cap{float:left;text-align:center;line-height:1;font-size:50px}.elementor-widget-text-editor .elementor-drop-cap-letter{display:inline-block}<\/style>\t\t\t\t<p><span style=\"background-color: transparent; color: #000000; font-family: Inter, sans-serif; font-size: 12pt; white-space-collapse: preserve; font-weight: var( --e-global-typography-text-font-weight ); letter-spacing: -0.8px;\">D\u00e9corer son int\u00e9rieur est quelque chose de tr\u00e8s personnel. Certains aiment lorsque c\u2019est tr\u00e8s \u00e9pur\u00e9 et minimaliste tandis que d\u2019autres aiment accumuler des petites pi\u00e8ces de d\u00e9co un peu partout. L\u2019objectif principal est que votre int\u00e9rieur vous convienne et soit repr\u00e9sentatif de votre personnalit\u00e9. Peu importe le <a href=\"https:\/\/www.made-in-meubles.com\/styles.html\">style<\/a>, il est important de toujours ajouter de la couleur dans votre ambiance. Ceux qui ne jurent que par le blanc vous nous demander pourquoi. C\u2019est tr\u00e8s simple, en amenant une petite touche color\u00e9e va permettre d\u2019apporter de la vie, du dynamisme et de la gait\u00e9 ! D\u00e9couvrez dans cet article nos 5 astuces pour int\u00e9grer la couleur dans votre d\u00e9coration.<\/span><\/p><p>\u00a0<\/p>\t\t\t\t\t\t<\/div>\n\t\t\t\t<\/div>\n\t\t\t\t\t<\/div>\n\t\t<\/div>\n\t\t\t\t\t\t\t<\/div>\n\t\t<\/section>\n\t\t\t\t<section class=\"elementor-section elementor-top-section elementor-element elementor-element-c1967cd elementor-section-boxed elementor-section-height-default elementor-section-height-default\" data-id=\"c1967cd\" data-element_type=\"section\" data-settings=\"{&quot;jet_parallax_layout_list&quot;:[]}\">\n\t\t\t\t\t\t<div class=\"elementor-container elementor-column-gap-default\">\n\t\t\t\t\t<div class=\"elementor-column elementor-col-100 elementor-top-column elementor-element elementor-element-5e9f88c\" data-id=\"5e9f88c\" data-element_type=\"column\">\n\t\t\t<div class=\"elementor-widget-wrap elementor-element-populated\">\n\t\t\t\t\t\t\t\t<div class=\"elementor-element elementor-element-cacab0a elementor-widget elementor-widget-heading\" data-id=\"cacab0a\" data-element_type=\"widget\" data-widget_type=\"heading.default\">\n\t\t\t\t<div class=\"elementor-widget-container\">\n\t\t\t<style>\/*! elementor - v3.6.5 - 27-04-2022 *\/\n.elementor-heading-title{padding:0;margin:0;line-height:1}.elementor-widget-heading .elementor-heading-title[class*=elementor-size-]>a{color:inherit;font-size:inherit;line-height:inherit}.elementor-widget-heading .elementor-heading-title.elementor-size-small{font-size:15px}.elementor-widget-heading .elementor-heading-title.elementor-size-medium{font-size:19px}.elementor-widget-heading .elementor-heading-title.elementor-size-large{font-size:29px}.elementor-widget-heading .elementor-heading-title.elementor-size-xl{font-size:39px}.elementor-widget-heading .elementor-heading-title.elementor-size-xxl{font-size:59px}<\/style><h2 class=\"elementor-heading-title elementor-size-default\">1 - Couleur en d\u00e9coration : Choisir une couleur dominante pour votre d\u00e9co<\/h2>\t\t<\/div>\n\t\t\t\t<\/div>\n\t\t\t\t\t<\/div>\n\t\t<\/div>\n\t\t\t\t\t\t\t<\/div>\n\t\t<\/section>\n\t\t\t\t<section class=\"elementor-section elementor-top-section elementor-element elementor-element-5a35d4a elementor-section-boxed elementor-section-height-default elementor-section-height-default\" data-id=\"5a35d4a\" data-element_type=\"section\" data-settings=\"{&quot;jet_parallax_layout_list&quot;:[]}\">\n\t\t\t\t\t\t<div class=\"elementor-container elementor-column-gap-default\">\n\t\t\t\t\t<div class=\"elementor-column elementor-col-100 elementor-top-column elementor-element elementor-element-7c01234\" data-id=\"7c01234\" data-element_type=\"column\">\n\t\t\t<div class=\"elementor-widget-wrap elementor-element-populated\">\n\t\t\t\t\t\t\t\t<div class=\"elementor-element elementor-element-70b8c4a elementor-widget elementor-widget-text-editor\" data-id=\"70b8c4a\" data-element_type=\"widget\" data-widget_type=\"text-editor.default\">\n\t\t\t\t<div class=\"elementor-widget-container\">\n\t\t\t\t\t\t\t<p><span style=\"background-color: transparent; color: #000000; font-family: Inter, sans-serif; font-size: 12pt; white-space-collapse: preserve; font-weight: var( --e-global-typography-text-font-weight ); letter-spacing: -0.8px;\">Pour colorer sa d\u00e9co, il est primordial de s\u00e9lectionner LA couleur qui sera pr\u00e9dominante dans votre int\u00e9rieur. Vous pouvez la choisir en vous inspirant des tendances actuelles, mais vous prendrez le risque de vous en lasser \u00e0 la prochaine mode. Choisissez plut\u00f4t une couleur qui vous plait, celle qui vous correspond, celle dont vous ne vous lasserez pas rapidement. <\/span><span style=\"background-color: transparent; color: #000000; font-family: Inter, sans-serif; font-size: 12pt; white-space-collapse: preserve; font-weight: var( --e-global-typography-text-font-weight ); letter-spacing: -0.8px;\">Cette s\u00e9lection est une \u00e9tape tr\u00e8s importante. En effet, vous devrez choisir au minimum 2 autres couleurs qui s\u2019accorderont avec la premi\u00e8re. Si vous aimez les couleurs un peu terreuses et chaleureuses vous pourrez facilement opter pour le terracotta. Si vous pr\u00e9f\u00e9rez une couleur apaisante, stimulante et \u00e9quilibr\u00e9 nous vous conseillons le vert d\u2019eau. Dans le cas o\u00f9 vous souhaiteriez miser sur une couleur dynamique, p\u00e9tillante et ensoleill\u00e9e alors n\u2019h\u00e9sitez pas \u00e0 miser sur le jaune !<\/span><\/p>\t\t\t\t\t\t<\/div>\n\t\t\t\t<\/div>\n\t\t\t\t\t<\/div>\n\t\t<\/div>\n\t\t\t\t\t\t\t<\/div>\n\t\t<\/section>\n\t\t\t\t<section class=\"elementor-section elementor-top-section elementor-element elementor-element-32dc5c7 elementor-section-boxed elementor-section-height-default elementor-section-height-default\" data-id=\"32dc5c7\" data-element_type=\"section\" data-settings=\"{&quot;jet_parallax_layout_list&quot;:[]}\">\n\t\t\t\t\t\t<div class=\"elementor-container elementor-column-gap-default\">\n\t\t\t\t\t<div class=\"elementor-column elementor-col-50 elementor-top-column elementor-element elementor-element-5815943\" data-id=\"5815943\" data-element_type=\"column\">\n\t\t\t<div class=\"elementor-widget-wrap elementor-element-populated\">\n\t\t\t\t\t\t\t\t<div class=\"elementor-element elementor-element-21d8147 elementor-widget elementor-widget-image\" data-id=\"21d8147\" data-element_type=\"widget\" data-widget_type=\"image.default\">\n\t\t\t\t<div class=\"elementor-widget-container\">\n\t\t\t<style>\/*! elementor - v3.6.5 - 27-04-2022 *\/\n.elementor-widget-image{text-align:center}.elementor-widget-image a{display:inline-block}.elementor-widget-image a img[src$=\".svg\"]{width:48px}.elementor-widget-image img{vertical-align:middle;display:inline-block}<\/style>\t\t\t\t\t\t\t\t\t<figure class=\"wp-caption\">\n\t\t\t\t\t\t\t\t\t\t\t<a href=\"https:\/\/www.made-in-meubles.com\/colonne-en-bois-d-acacia-tilio-p-eac200-1\">\n\t\t\t\t\t\t\t<img width=\"1024\" height=\"1024\" src=\"https:\/\/www.made-in-meubles.com\/blog\/wp-content\/uploads\/2021\/06\/eac200-z-amb-sdb-biais-1-1024x1024.webp\" class=\"attachment-large size-large\" alt=\"Colonne de salle de bain en bois d&#039;acacia Tilio\" srcset=\"https:\/\/www.made-in-meubles.com\/blog\/wp-content\/uploads\/2021\/06\/eac200-z-amb-sdb-biais-1-1024x1024.webp 1024w, https:\/\/www.made-in-meubles.com\/blog\/wp-content\/uploads\/2021\/06\/eac200-z-amb-sdb-biais-1-300x300.webp 300w, https:\/\/www.made-in-meubles.com\/blog\/wp-content\/uploads\/2021\/06\/eac200-z-amb-sdb-biais-1-150x150.webp 150w, https:\/\/www.made-in-meubles.com\/blog\/wp-content\/uploads\/2021\/06\/eac200-z-amb-sdb-biais-1-768x768.webp 768w, https:\/\/www.made-in-meubles.com\/blog\/wp-content\/uploads\/2021\/06\/eac200-z-amb-sdb-biais-1.webp 1200w\" sizes=\"(max-width: 1024px) 100vw, 1024px\" \/>\t\t\t\t\t\t\t\t<\/a>\n\t\t\t\t\t\t\t\t\t\t\t<figcaption class=\"widget-image-caption wp-caption-text\">Colonne de salle de bain Tilio<\/figcaption>\n\t\t\t\t\t\t\t\t\t\t<\/figure>\n\t\t\t\t\t\t\t\t\t<\/div>\n\t\t\t\t<\/div>\n\t\t\t\t<div class=\"elementor-element elementor-element-85ee3aa elementor-widget elementor-widget-image\" data-id=\"85ee3aa\" data-element_type=\"widget\" data-widget_type=\"image.default\">\n\t\t\t\t<div class=\"elementor-widget-container\">\n\t\t\t\t\t\t\t\t\t\t\t\t<figure class=\"wp-caption\">\n\t\t\t\t\t\t\t\t\t\t\t<a href=\"https:\/\/www.made-in-meubles.com\/meuble-tv-en-bois-effet-beton-bois-recycle-etageres-dalva-p-mind28\">\n\t\t\t\t\t\t\t<img width=\"1024\" height=\"1024\" src=\"https:\/\/www.made-in-meubles.com\/blog\/wp-content\/uploads\/2021\/06\/mind28-meubletv-amb-1024x1024.webp\" class=\"attachment-large size-large\" alt=\"\" srcset=\"https:\/\/www.made-in-meubles.com\/blog\/wp-content\/uploads\/2021\/06\/mind28-meubletv-amb-1024x1024.webp 1024w, https:\/\/www.made-in-meubles.com\/blog\/wp-content\/uploads\/2021\/06\/mind28-meubletv-amb-300x300.webp 300w, https:\/\/www.made-in-meubles.com\/blog\/wp-content\/uploads\/2021\/06\/mind28-meubletv-amb-150x150.webp 150w, https:\/\/www.made-in-meubles.com\/blog\/wp-content\/uploads\/2021\/06\/mind28-meubletv-amb-768x768.webp 768w, https:\/\/www.made-in-meubles.com\/blog\/wp-content\/uploads\/2021\/06\/mind28-meubletv-amb.webp 1200w\" sizes=\"(max-width: 1024px) 100vw, 1024px\" \/>\t\t\t\t\t\t\t\t<\/a>\n\t\t\t\t\t\t\t\t\t\t\t<figcaption class=\"widget-image-caption wp-caption-text\">Meuble TV Dalva<\/figcaption>\n\t\t\t\t\t\t\t\t\t\t<\/figure>\n\t\t\t\t\t\t\t\t\t<\/div>\n\t\t\t\t<\/div>\n\t\t\t\t\t<\/div>\n\t\t<\/div>\n\t\t\t\t<div class=\"elementor-column elementor-col-50 elementor-top-column elementor-element elementor-element-e945d10\" data-id=\"e945d10\" data-element_type=\"column\">\n\t\t\t<div class=\"elementor-widget-wrap elementor-element-populated\">\n\t\t\t\t\t\t\t\t<div class=\"elementor-element elementor-element-06903cd elementor-widget elementor-widget-image\" data-id=\"06903cd\" data-element_type=\"widget\" data-widget_type=\"image.default\">\n\t\t\t\t<div class=\"elementor-widget-container\">\n\t\t\t\t\t\t\t\t\t\t\t\t\t\t\t<img width=\"550\" height=\"639\" src=\"https:\/\/www.made-in-meubles.com\/blog\/wp-content\/uploads\/2021\/06\/Capture-decran-2024-11-26-112946.jpg\" class=\"attachment-large size-large\" alt=\"\" srcset=\"https:\/\/www.made-in-meubles.com\/blog\/wp-content\/uploads\/2021\/06\/Capture-decran-2024-11-26-112946.jpg 550w, https:\/\/www.made-in-meubles.com\/blog\/wp-content\/uploads\/2021\/06\/Capture-decran-2024-11-26-112946-258x300.jpg 258w\" sizes=\"(max-width: 550px) 100vw, 550px\" \/>\t\t\t\t\t\t\t\t\t\t\t\t\t\t\t<\/div>\n\t\t\t\t<\/div>\n\t\t\t\t<div class=\"elementor-element elementor-element-860af0a elementor-widget elementor-widget-image\" data-id=\"860af0a\" data-element_type=\"widget\" data-widget_type=\"image.default\">\n\t\t\t\t<div class=\"elementor-widget-container\">\n\t\t\t\t\t\t\t\t\t\t\t\t\t\t\t\t<a href=\"https:\/\/www.made-in-meubles.com\/meuble-tv-en-bois-effet-beton-bois-recycle-etageres-dalva-p-mind28\">\n\t\t\t\t\t\t\t<img width=\"1024\" height=\"1024\" src=\"https:\/\/www.made-in-meubles.com\/blog\/wp-content\/uploads\/2021\/06\/mind28-meubletv-amb-zoom5-1024x1024.webp\" class=\"attachment-large size-large\" alt=\"\" srcset=\"https:\/\/www.made-in-meubles.com\/blog\/wp-content\/uploads\/2021\/06\/mind28-meubletv-amb-zoom5-1024x1024.webp 1024w, https:\/\/www.made-in-meubles.com\/blog\/wp-content\/uploads\/2021\/06\/mind28-meubletv-amb-zoom5-300x300.webp 300w, https:\/\/www.made-in-meubles.com\/blog\/wp-content\/uploads\/2021\/06\/mind28-meubletv-amb-zoom5-150x150.webp 150w, https:\/\/www.made-in-meubles.com\/blog\/wp-content\/uploads\/2021\/06\/mind28-meubletv-amb-zoom5-768x768.webp 768w, https:\/\/www.made-in-meubles.com\/blog\/wp-content\/uploads\/2021\/06\/mind28-meubletv-amb-zoom5.webp 1200w\" sizes=\"(max-width: 1024px) 100vw, 1024px\" \/>\t\t\t\t\t\t\t\t<\/a>\n\t\t\t\t\t\t\t\t\t\t\t\t\t\t\t<\/div>\n\t\t\t\t<\/div>\n\t\t\t\t\t<\/div>\n\t\t<\/div>\n\t\t\t\t\t\t\t<\/div>\n\t\t<\/section>\n\t\t\t\t<section class=\"elementor-section elementor-top-section elementor-element elementor-element-6c0bb7e elementor-section-boxed elementor-section-height-default elementor-section-height-default\" data-id=\"6c0bb7e\" data-element_type=\"section\" data-settings=\"{&quot;jet_parallax_layout_list&quot;:[]}\">\n\t\t\t\t\t\t<div class=\"elementor-container elementor-column-gap-default\">\n\t\t\t\t\t<div class=\"elementor-column elementor-col-100 elementor-top-column elementor-element elementor-element-b8ac195\" data-id=\"b8ac195\" data-element_type=\"column\">\n\t\t\t<div class=\"elementor-widget-wrap elementor-element-populated\">\n\t\t\t\t\t\t\t\t<div class=\"elementor-element elementor-element-1a21999 elementor-widget elementor-widget-heading\" data-id=\"1a21999\" data-element_type=\"widget\" data-widget_type=\"heading.default\">\n\t\t\t\t<div class=\"elementor-widget-container\">\n\t\t\t<h2 class=\"elementor-heading-title elementor-size-default\">2 - Jouer avec la couleur des murs : la cl\u00e9 pour r\u00e9ussir la couleur en d\u00e9coration<\/h2>\t\t<\/div>\n\t\t\t\t<\/div>\n\t\t\t\t\t<\/div>\n\t\t<\/div>\n\t\t\t\t\t\t\t<\/div>\n\t\t<\/section>\n\t\t\t\t<section class=\"elementor-section elementor-top-section elementor-element elementor-element-7439195 elementor-section-boxed elementor-section-height-default elementor-section-height-default\" data-id=\"7439195\" data-element_type=\"section\" data-settings=\"{&quot;jet_parallax_layout_list&quot;:[]}\">\n\t\t\t\t\t\t<div class=\"elementor-container elementor-column-gap-default\">\n\t\t\t\t\t<div class=\"elementor-column elementor-col-100 elementor-top-column elementor-element elementor-element-1761ce3\" data-id=\"1761ce3\" data-element_type=\"column\">\n\t\t\t<div class=\"elementor-widget-wrap elementor-element-populated\">\n\t\t\t\t\t\t\t\t<div class=\"elementor-element elementor-element-c6952f4 elementor-widget elementor-widget-text-editor\" data-id=\"c6952f4\" data-element_type=\"widget\" data-widget_type=\"text-editor.default\">\n\t\t\t\t<div class=\"elementor-widget-container\">\n\t\t\t\t\t\t\t<p><span style=\"background-color: transparent; color: #000000; font-family: Inter, sans-serif; font-size: 12pt; white-space-collapse: preserve; font-weight: var( --e-global-typography-text-font-weight ); letter-spacing: -0.8px;\">Lorsque l\u2019on a d\u00e9cid\u00e9 de peindre un mur, on a tr\u00e8s vite envie de peindre toute sa surface. Or parfois il suffit de simplement colorer une partie afin que la couleur am\u00e8ne du peps sans venir trop charger votre pi\u00e8ce. <\/span><\/p>\n<p><span style=\"background-color: transparent; color: #000000; font-family: Inter, sans-serif; font-size: 12pt; white-space-collapse: preserve; font-weight: var( --e-global-typography-text-font-weight ); letter-spacing: -0.8px;\">Vous pouvez ajouter la couleur avec un bandeau horizontal simplement sur la partie basse du mur. Cette technique est notamment tr\u00e8s utilis\u00e9e dans les chambres. Mais vous pouvez ais\u00e9ment en faire de m\u00eame dans votre salon ou salle \u00e0 manger. Cela viendra encadrer votre pi\u00e8ce principale afin que vous vous y sentiez plus \u00e0 l\u2019aise. <\/span><span style=\"background-color: transparent; color: #000000; font-family: Inter, sans-serif; font-size: 12pt; white-space-collapse: preserve; font-weight: var( --e-global-typography-text-font-weight ); letter-spacing: -0.8px;\">Au contraire, vous pouvez peindre une simple bande verticale. Le principal avantage est que cela va venir donner un bel effet de hauteur dans votre pi\u00e8ce. Nous conseillerons plus cette technique si vous poss\u00e9dez un plafond tr\u00e8s haut. La bande viendra accentuer et mettre en valeur cet atout, tout en comblant un espace vide.<\/span><\/p>\n<p><span style=\"background-color: transparent; color: #000000; font-family: Inter, sans-serif; font-size: 12pt; white-space-collapse: preserve; font-weight: var( --e-global-typography-text-font-weight ); letter-spacing: -0.8px;\">Si vous souhaitez apporter de l\u2019originalit\u00e9 dans votre int\u00e9rieur vous pouvez opter pour des formes plus g\u00e9om\u00e9triques. Cette astuce est parfaite si votre espace est assez lin\u00e9aire et statique car elle viendra pimenter votre d\u00e9coration.<\/span><\/p>\t\t\t\t\t\t<\/div>\n\t\t\t\t<\/div>\n\t\t\t\t\t<\/div>\n\t\t<\/div>\n\t\t\t\t\t\t\t<\/div>\n\t\t<\/section>\n\t\t\t\t<section class=\"elementor-section elementor-top-section elementor-element elementor-element-46661c7 elementor-section-boxed elementor-section-height-default elementor-section-height-default\" data-id=\"46661c7\" data-element_type=\"section\" data-settings=\"{&quot;jet_parallax_layout_list&quot;:[]}\">\n\t\t\t\t\t\t<div class=\"elementor-container elementor-column-gap-default\">\n\t\t\t\t\t<div class=\"elementor-column elementor-col-100 elementor-top-column elementor-element elementor-element-26f00a3\" data-id=\"26f00a3\" data-element_type=\"column\">\n\t\t\t<div class=\"elementor-widget-wrap elementor-element-populated\">\n\t\t\t\t\t\t\t\t<div class=\"elementor-element elementor-element-c28ab14 elementor-widget elementor-widget-heading\" data-id=\"c28ab14\" data-element_type=\"widget\" data-widget_type=\"heading.default\">\n\t\t\t\t<div class=\"elementor-widget-container\">\n\t\t\t<h2 class=\"elementor-heading-title elementor-size-default\">3 - Optimiser les \u00e9l\u00e9ments structurels de votre pi\u00e8ce<\/h2>\t\t<\/div>\n\t\t\t\t<\/div>\n\t\t\t\t\t<\/div>\n\t\t<\/div>\n\t\t\t\t\t\t\t<\/div>\n\t\t<\/section>\n\t\t\t\t<section class=\"elementor-section elementor-top-section elementor-element elementor-element-215e3df elementor-section-boxed elementor-section-height-default elementor-section-height-default\" data-id=\"215e3df\" data-element_type=\"section\" data-settings=\"{&quot;jet_parallax_layout_list&quot;:[]}\">\n\t\t\t\t\t\t<div class=\"elementor-container elementor-column-gap-default\">\n\t\t\t\t\t<div class=\"elementor-column elementor-col-100 elementor-top-column elementor-element elementor-element-4ca2c65\" data-id=\"4ca2c65\" data-element_type=\"column\">\n\t\t\t<div class=\"elementor-widget-wrap elementor-element-populated\">\n\t\t\t\t\t\t\t\t<div class=\"elementor-element elementor-element-a60efb9 elementor-widget elementor-widget-text-editor\" data-id=\"a60efb9\" data-element_type=\"widget\" data-widget_type=\"text-editor.default\">\n\t\t\t\t<div class=\"elementor-widget-container\">\n\t\t\t\t\t\t\t<p><span style=\"background-color: transparent; color: #000000; font-family: Inter, sans-serif; font-size: 12pt; white-space-collapse: preserve; font-weight: var( --e-global-typography-text-font-weight ); letter-spacing: -0.8px;\">Outre vos murs, il ne faut pas h\u00e9siter \u00e0 peindre des \u00e9l\u00e9ments plus originaux dans votre int\u00e9rieur. Si vous poss\u00e9dez un int\u00e9rieur atypique contenant des poutres ou des colonnes, cette astuce est faite pour vous. Le conseil donn\u00e9 en g\u00e9n\u00e9ral est de les peindre en blanc afin de leur donner un coup de neuf. Aujourd\u2019hui, nous vous conseillons de colorer ces \u00e9l\u00e9ments structurels afin de les mettre en valeur. Vous pouvez par exemple peindre ces poutres d\u2019une couleur similaire \u00e0 votre d\u00e9coration. Cela permettra d\u2019adoucir votre int\u00e9rieur tout en mettant l\u2019accent sur ses \u00e9l\u00e9ments essentiels. <\/span><span style=\"background-color: transparent; color: #000000; font-family: Inter, sans-serif; font-size: 12pt; white-space-collapse: preserve; font-weight: var( --e-global-typography-text-font-weight ); letter-spacing: -0.8px;\">On y pense rarement mais peindre les escaliers apporte de l\u2019originalit\u00e9. Vous pouvez appuyer le relief en optant pour une peinture bicolore. Alternez entre une couleur fonc\u00e9e et une couleur un peu plus claire pour jouer sur les contrastes. Si vous aimez la couleur, n\u2019h\u00e9sitez pas \u00e0 utiliser deux peintures totalement diff\u00e9rentes. Le plus important est que \u00e7a vous plaise !<\/span><\/p>\n<p><span style=\"background-color: transparent; color: #000000; font-family: Inter, sans-serif; font-size: 12pt; white-space-collapse: preserve; font-weight: var( --e-global-typography-text-font-weight ); letter-spacing: -0.8px;\">On y pense rarement mais peindre les escaliers apporte de l\u2019originalit\u00e9. Vous pouvez appuyer le relief en optant pour une peinture bicolore. Alternez entre une couleur fonc\u00e9e et une couleur un peu plus claire pour jouer sur les contrastes. Si vous aimez la couleur, n\u2019h\u00e9sitez pas \u00e0 utiliser deux peintures totalement diff\u00e9rentes. Le plus important est que \u00e7a vous plaise !<\/span><\/p>\t\t\t\t\t\t<\/div>\n\t\t\t\t<\/div>\n\t\t\t\t<div class=\"elementor-element elementor-element-3d7df32 elementor-widget elementor-widget-image\" data-id=\"3d7df32\" data-element_type=\"widget\" data-widget_type=\"image.default\">\n\t\t\t\t<div class=\"elementor-widget-container\">\n\t\t\t\t\t\t\t\t\t\t\t\t\t\t\t<img width=\"803\" height=\"439\" src=\"https:\/\/www.made-in-meubles.com\/blog\/wp-content\/uploads\/2021\/06\/Capture-decran-2024-11-28-144801.png\" class=\"attachment-large size-large\" alt=\"Palette de couleur pour d\u00e9co\" srcset=\"https:\/\/www.made-in-meubles.com\/blog\/wp-content\/uploads\/2021\/06\/Capture-decran-2024-11-28-144801.png 803w, https:\/\/www.made-in-meubles.com\/blog\/wp-content\/uploads\/2021\/06\/Capture-decran-2024-11-28-144801-300x164.png 300w, https:\/\/www.made-in-meubles.com\/blog\/wp-content\/uploads\/2021\/06\/Capture-decran-2024-11-28-144801-768x420.png 768w\" sizes=\"(max-width: 803px) 100vw, 803px\" \/>\t\t\t\t\t\t\t\t\t\t\t\t\t\t\t<\/div>\n\t\t\t\t<\/div>\n\t\t\t\t\t<\/div>\n\t\t<\/div>\n\t\t\t\t\t\t\t<\/div>\n\t\t<\/section>\n\t\t\t\t<section class=\"elementor-section elementor-top-section elementor-element elementor-element-3ad7ff7 elementor-section-boxed elementor-section-height-default elementor-section-height-default\" data-id=\"3ad7ff7\" data-element_type=\"section\" data-settings=\"{&quot;jet_parallax_layout_list&quot;:[]}\">\n\t\t\t\t\t\t<div class=\"elementor-container elementor-column-gap-default\">\n\t\t\t\t\t<div class=\"elementor-column elementor-col-100 elementor-top-column elementor-element elementor-element-9bc24b4\" data-id=\"9bc24b4\" data-element_type=\"column\">\n\t\t\t<div class=\"elementor-widget-wrap elementor-element-populated\">\n\t\t\t\t\t\t\t\t<div class=\"elementor-element elementor-element-98c1b07 elementor-widget elementor-widget-heading\" data-id=\"98c1b07\" data-element_type=\"widget\" data-widget_type=\"heading.default\">\n\t\t\t\t<div class=\"elementor-widget-container\">\n\t\t\t<h2 class=\"elementor-heading-title elementor-size-default\">4 - R\u00e9ussir parfaitement \u00e0 colorer sa d\u00e9co : Opter pour des accessoires tout en couleur <\/h2>\t\t<\/div>\n\t\t\t\t<\/div>\n\t\t\t\t\t<\/div>\n\t\t<\/div>\n\t\t\t\t\t\t\t<\/div>\n\t\t<\/section>\n\t\t\t\t<section class=\"elementor-section elementor-top-section elementor-element elementor-element-555697c elementor-section-boxed elementor-section-height-default elementor-section-height-default\" data-id=\"555697c\" data-element_type=\"section\" data-settings=\"{&quot;jet_parallax_layout_list&quot;:[]}\">\n\t\t\t\t\t\t<div class=\"elementor-container elementor-column-gap-default\">\n\t\t\t\t\t<div class=\"elementor-column elementor-col-100 elementor-top-column elementor-element elementor-element-b9dbb52\" data-id=\"b9dbb52\" data-element_type=\"column\">\n\t\t\t<div class=\"elementor-widget-wrap elementor-element-populated\">\n\t\t\t\t\t\t\t\t<div class=\"elementor-element elementor-element-982206e elementor-widget elementor-widget-text-editor\" data-id=\"982206e\" data-element_type=\"widget\" data-widget_type=\"text-editor.default\">\n\t\t\t\t<div class=\"elementor-widget-container\">\n\t\t\t\t\t\t\t<p><span style=\"background-color: transparent; color: #000000; font-family: Inter, sans-serif; font-size: 12pt; white-space-collapse: preserve; font-weight: var( --e-global-typography-text-font-weight ); letter-spacing: -0.8px;\">Les int\u00e9rieurs neutres sont au top de la tendance aujourd\u2019hui. Mais il faut \u00e0 tout prix \u00e9viter que votre ambiance se rapproche de celle des h\u00f4pitaux. Parfois, quand c\u2019est trop neutre, trop blanc, l\u2019atmosph\u00e8re devient tr\u00e8s vite anxiog\u00e8ne. L\u2019astuce est de choisir quelques touches color\u00e9es pour raviver le dynamisme et pour rendre vos pi\u00e8ces plus chaleureuses. <\/span><span style=\"background-color: transparent; color: #000000; font-family: Inter, sans-serif; font-size: 12pt; white-space-collapse: preserve; font-weight: var( --e-global-typography-text-font-weight ); letter-spacing: -0.8px;\">Cela peut commencer par un tapis. Un tapis aux couleurs orang\u00e9es viendra apporter du dynamisme et de la luminosit\u00e9. Des couleurs bleut\u00e9es am\u00e8neront de la vie mais d\u2019une mani\u00e8re plus apaisante que des couleurs vives. N\u2019h\u00e9sitez pas \u00e0 partir sur un tapis \u00e0 motif si vous b\u00e9n\u00e9ficiez d\u2019un large espace \u00e0 combler ! <\/span><span style=\"background-color: transparent; color: #000000; font-family: Inter, sans-serif; font-size: 12pt; white-space-collapse: preserve; font-weight: var( --e-global-typography-text-font-weight ); letter-spacing: -0.8px;\">Une autre solution est de simplement adopter plusieurs <a href=\"https:\/\/www.made-in-meubles.com\/produits\/luminaire-deco\/decoration.html\">accessoires de d\u00e9coration.<\/a> L\u00e0 le choix est multiple, vous avez \u00e0 votre disposition les cadres, livres, coussins, plaids ou m\u00eame des chaises ! <\/span><\/p>\n<p><span style=\"background-color: transparent; color: #000000; font-family: Inter, sans-serif; font-size: 12pt; white-space-collapse: preserve; font-weight: var( --e-global-typography-text-font-weight ); letter-spacing: -0.8px;\">Alors justement les chaises, vous en avez de tout les styles. Mais pour une d\u00e9co tendance et design nous vous conseillons d\u2019opter pour des chaises color\u00e9es. Attention, s\u00e9lectionner la m\u00eame couleur pour toutes les chaises peut \u00eatre risqu\u00e9. Votre ambiance sera beaucoup plus harmonieuse si vous m\u00e9langez les styles ou simplement les <\/span><a style=\"font-family: Inter, sans-serif; font-size: 12pt; white-space-collapse: preserve; font-weight: var( --e-global-typography-text-font-weight ); letter-spacing: -0.8px;\" href=\"https:\/\/www.made-in-meubles.com\/blog\/osez-la-couleur-osez-les-chaises-depareillees\/\">couleurs de vos chaises<\/a><span style=\"background-color: transparent; color: #000000; font-family: Inter, sans-serif; font-size: 12pt; white-space-collapse: preserve; font-weight: var( --e-global-typography-text-font-weight ); letter-spacing: -0.8px;\">.<\/span><\/p>\t\t\t\t\t\t<\/div>\n\t\t\t\t<\/div>\n\t\t\t\t\t<\/div>\n\t\t<\/div>\n\t\t\t\t\t\t\t<\/div>\n\t\t<\/section>\n\t\t\t\t<section class=\"elementor-section elementor-top-section elementor-element elementor-element-a0c0950 elementor-section-boxed elementor-section-height-default elementor-section-height-default\" data-id=\"a0c0950\" data-element_type=\"section\" data-settings=\"{&quot;jet_parallax_layout_list&quot;:[]}\">\n\t\t\t\t\t\t<div class=\"elementor-container elementor-column-gap-default\">\n\t\t\t\t\t<div class=\"elementor-column elementor-col-50 elementor-top-column elementor-element elementor-element-21cb9e8\" data-id=\"21cb9e8\" data-element_type=\"column\">\n\t\t\t<div class=\"elementor-widget-wrap elementor-element-populated\">\n\t\t\t\t\t\t\t\t<div class=\"elementor-element elementor-element-527545b elementor-widget elementor-widget-image\" data-id=\"527545b\" data-element_type=\"widget\" data-widget_type=\"image.default\">\n\t\t\t\t<div class=\"elementor-widget-container\">\n\t\t\t\t\t\t\t\t\t\t\t\t<figure class=\"wp-caption\">\n\t\t\t\t\t\t\t\t\t\t\t<a href=\"https:\/\/www.made-in-meubles.com\/chaise-en-triplex-et-tissu-vert-kanoa-lot-de-2-lot\">\n\t\t\t\t\t\t\t<img width=\"1024\" height=\"1024\" src=\"https:\/\/www.made-in-meubles.com\/blog\/wp-content\/uploads\/2021\/06\/ma13-chaise-amb-zoom1-1024x1024.webp\" class=\"attachment-large size-large\" alt=\"\" srcset=\"https:\/\/www.made-in-meubles.com\/blog\/wp-content\/uploads\/2021\/06\/ma13-chaise-amb-zoom1-1024x1024.webp 1024w, https:\/\/www.made-in-meubles.com\/blog\/wp-content\/uploads\/2021\/06\/ma13-chaise-amb-zoom1-300x300.webp 300w, https:\/\/www.made-in-meubles.com\/blog\/wp-content\/uploads\/2021\/06\/ma13-chaise-amb-zoom1-150x150.webp 150w, https:\/\/www.made-in-meubles.com\/blog\/wp-content\/uploads\/2021\/06\/ma13-chaise-amb-zoom1-768x768.webp 768w, https:\/\/www.made-in-meubles.com\/blog\/wp-content\/uploads\/2021\/06\/ma13-chaise-amb-zoom1.webp 1200w\" sizes=\"(max-width: 1024px) 100vw, 1024px\" \/>\t\t\t\t\t\t\t\t<\/a>\n\t\t\t\t\t\t\t\t\t\t\t<figcaption class=\"widget-image-caption wp-caption-text\">Chaise Janis<\/figcaption>\n\t\t\t\t\t\t\t\t\t\t<\/figure>\n\t\t\t\t\t\t\t\t\t<\/div>\n\t\t\t\t<\/div>\n\t\t\t\t\t<\/div>\n\t\t<\/div>\n\t\t\t\t<div class=\"elementor-column elementor-col-50 elementor-top-column elementor-element elementor-element-2479038\" data-id=\"2479038\" data-element_type=\"column\">\n\t\t\t<div class=\"elementor-widget-wrap elementor-element-populated\">\n\t\t\t\t\t\t\t\t<div class=\"elementor-element elementor-element-c84a563 elementor-widget elementor-widget-image\" data-id=\"c84a563\" data-element_type=\"widget\" data-widget_type=\"image.default\">\n\t\t\t\t<div class=\"elementor-widget-container\">\n\t\t\t\t\t\t\t\t\t\t\t\t<figure class=\"wp-caption\">\n\t\t\t\t\t\t\t\t\t\t\t<a href=\"https:\/\/www.made-in-meubles.com\/chaise-scandinave-velours-bleu-roi-p-px-02bleue-lot\">\n\t\t\t\t\t\t\t<img width=\"1024\" height=\"1024\" src=\"https:\/\/www.made-in-meubles.com\/blog\/wp-content\/uploads\/2021\/06\/product_p_x_px-02bleue-lot-chaises-ambiance-1024x1024.webp\" class=\"attachment-large size-large\" alt=\"\" srcset=\"https:\/\/www.made-in-meubles.com\/blog\/wp-content\/uploads\/2021\/06\/product_p_x_px-02bleue-lot-chaises-ambiance-1024x1024.webp 1024w, https:\/\/www.made-in-meubles.com\/blog\/wp-content\/uploads\/2021\/06\/product_p_x_px-02bleue-lot-chaises-ambiance-300x300.webp 300w, https:\/\/www.made-in-meubles.com\/blog\/wp-content\/uploads\/2021\/06\/product_p_x_px-02bleue-lot-chaises-ambiance-150x150.webp 150w, https:\/\/www.made-in-meubles.com\/blog\/wp-content\/uploads\/2021\/06\/product_p_x_px-02bleue-lot-chaises-ambiance-768x768.webp 768w, https:\/\/www.made-in-meubles.com\/blog\/wp-content\/uploads\/2021\/06\/product_p_x_px-02bleue-lot-chaises-ambiance.webp 1200w\" sizes=\"(max-width: 1024px) 100vw, 1024px\" \/>\t\t\t\t\t\t\t\t<\/a>\n\t\t\t\t\t\t\t\t\t\t\t<figcaption class=\"widget-image-caption wp-caption-text\">Chaise Copenhague<\/figcaption>\n\t\t\t\t\t\t\t\t\t\t<\/figure>\n\t\t\t\t\t\t\t\t\t<\/div>\n\t\t\t\t<\/div>\n\t\t\t\t\t<\/div>\n\t\t<\/div>\n\t\t\t\t\t\t\t<\/div>\n\t\t<\/section>\n\t\t\t\t<section class=\"elementor-section elementor-top-section elementor-element elementor-element-bbd4690 elementor-section-boxed elementor-section-height-default elementor-section-height-default\" data-id=\"bbd4690\" data-element_type=\"section\" data-settings=\"{&quot;jet_parallax_layout_list&quot;:[]}\">\n\t\t\t\t\t\t<div class=\"elementor-container elementor-column-gap-default\">\n\t\t\t\t\t<div class=\"elementor-column elementor-col-100 elementor-top-column elementor-element elementor-element-0afce67\" data-id=\"0afce67\" data-element_type=\"column\">\n\t\t\t<div class=\"elementor-widget-wrap elementor-element-populated\">\n\t\t\t\t\t\t\t\t<div class=\"elementor-element elementor-element-2700d32 elementor-widget elementor-widget-heading\" data-id=\"2700d32\" data-element_type=\"widget\" data-widget_type=\"heading.default\">\n\t\t\t\t<div class=\"elementor-widget-container\">\n\t\t\t<h2 class=\"elementor-heading-title elementor-size-default\">5 - Conseils sur la couleur en d\u00e9coration : Eviter certaines teintes<\/h2>\t\t<\/div>\n\t\t\t\t<\/div>\n\t\t\t\t\t<\/div>\n\t\t<\/div>\n\t\t\t\t\t\t\t<\/div>\n\t\t<\/section>\n\t\t\t\t<section class=\"elementor-section elementor-top-section elementor-element elementor-element-68e3b43 elementor-section-boxed elementor-section-height-default elementor-section-height-default\" data-id=\"68e3b43\" data-element_type=\"section\" data-settings=\"{&quot;jet_parallax_layout_list&quot;:[]}\">\n\t\t\t\t\t\t<div class=\"elementor-container elementor-column-gap-default\">\n\t\t\t\t\t<div class=\"elementor-column elementor-col-100 elementor-top-column elementor-element elementor-element-4d25fae\" data-id=\"4d25fae\" data-element_type=\"column\">\n\t\t\t<div class=\"elementor-widget-wrap elementor-element-populated\">\n\t\t\t\t\t\t\t\t<div class=\"elementor-element elementor-element-0534a44 elementor-widget elementor-widget-text-editor\" data-id=\"0534a44\" data-element_type=\"widget\" data-widget_type=\"text-editor.default\">\n\t\t\t\t<div class=\"elementor-widget-container\">\n\t\t\t\t\t\t\t<p><span style=\"background-color: transparent; color: #000000; font-family: Inter, sans-serif; font-size: 12pt; white-space-collapse: preserve; font-weight: var( --e-global-typography-text-font-weight ); letter-spacing: -0.8px;\">En soit, on vous dirait bien qu\u2019il n\u2019y a aucune couleur \u00e0 \u00e9viter pour votre d\u00e9coration. Tant que vous \u00eates s\u00fbrs de ce que vous faites et que vous aimez alors c\u2019est l\u2019essentiel ! <\/span><span style=\"background-color: transparent; color: #000000; font-family: Inter, sans-serif; font-size: 12pt; white-space-collapse: preserve; font-weight: var( --e-global-typography-text-font-weight ); letter-spacing: -0.8px;\">Mais on peut tout de m\u00eame vous conseiller sur les couleurs qu\u2019il faut \u00e9viter d\u2019assembler. <\/span><span style=\"background-color: transparent; color: #000000; font-family: Inter, sans-serif; font-size: 12pt; white-space-collapse: preserve; font-weight: var( --e-global-typography-text-font-weight ); letter-spacing: -0.8px;\">Par exemple, il ne faut pas assembler des couleurs trop sombres ensemble. On pense notamment au bleu marine et au noir. C\u2019est une combinaison tr\u00e8s sombre qui emp\u00eachera la lumi\u00e8re de rentrer dans votre pi\u00e8ce. <\/span><span style=\"background-color: transparent; color: #000000; font-family: Inter, sans-serif; font-size: 12pt; white-space-collapse: preserve; font-weight: var( --e-global-typography-text-font-weight ); letter-spacing: -0.8px;\">Dans le m\u00eame th\u00e8me, il ne faut pas abuser des couleurs pastel. Ces teintes doivent plut\u00f4t \u00eatre utilis\u00e9es avec des nuances plus neutres, vous obtiendrez un rendu beaucoup plus harmonieux. En dehors de ces petits conseils vous \u00eates libres de faire ce que vous voulez avec votre int\u00e9rieur ! Le principal est qu\u2019il vous ressemble !<\/span><\/p>\t\t\t\t\t\t<\/div>\n\t\t\t\t<\/div>\n\t\t\t\t\t<\/div>\n\t\t<\/div>\n\t\t\t\t\t\t\t<\/div>\n\t\t<\/section>\n\t\t\t\t<section class=\"elementor-section elementor-top-section elementor-element elementor-element-8cbe615 elementor-section-boxed elementor-section-height-default elementor-section-height-default\" data-id=\"8cbe615\" data-element_type=\"section\" data-settings=\"{&quot;jet_parallax_layout_list&quot;:[]}\">\n\t\t\t\t\t\t<div class=\"elementor-container elementor-column-gap-default\">\n\t\t\t\t\t<div class=\"elementor-column elementor-col-100 elementor-top-column elementor-element elementor-element-5ed3bbe\" data-id=\"5ed3bbe\" data-element_type=\"column\">\n\t\t\t<div class=\"elementor-widget-wrap elementor-element-populated\">\n\t\t\t\t\t\t\t\t<div class=\"elementor-element elementor-element-1c91199 elementor-widget elementor-widget-text-editor\" data-id=\"1c91199\" data-element_type=\"widget\" data-widget_type=\"text-editor.default\">\n\t\t\t\t<div class=\"elementor-widget-container\">\n\t\t\t\t\t\t\t<p><span style=\"background-color: transparent; color: #000000; font-family: Inter, sans-serif; font-size: 12pt; white-space-collapse: preserve; font-weight: var( --e-global-typography-text-font-weight ); letter-spacing: -0.8px;\">Donner vie \u00e0 votre int\u00e9rieur avec des couleurs est un moyen simple et efficace de transformer l\u2019ambiance de votre maison. Gr\u00e2ce \u00e0 ces 5 astuces pour colorer sa d\u00e9co, vous avez d\u00e9sormais toutes les cl\u00e9s en main pour int\u00e9grer des teintes qui refl\u00e8tent votre style et votre personnalit\u00e9, sans craindre les erreurs. Que vous optiez pour des accessoires, un mur color\u00e9 ou des textiles vibrants, chaque d\u00e9tail compte pour cr\u00e9er un espace unique et accueillant. Alors, osez exp\u00e9rimenter et laissez les couleurs illuminer votre d\u00e9co !<\/span><\/p><div><span style=\"background-color: transparent; color: #000000; font-family: Inter, sans-serif; font-size: 12pt; white-space-collapse: preserve; font-weight: var( --e-global-typography-text-font-weight ); letter-spacing: -0.8px;\">\u00a0<\/span><\/div>\t\t\t\t\t\t<\/div>\n\t\t\t\t<\/div>\n\t\t\t\t\t<\/div>\n\t\t<\/div>\n\t\t\t\t\t\t\t<\/div>\n\t\t<\/section>\n\t\t\t\t\t\t\t<\/div>\n\t\t","protected":false},"excerpt":{"rendered":"<p>D\u00e9corer son int\u00e9rieur est quelque chose de tr\u00e8s personnel. Certains aiment lorsque c\u2019est tr\u00e8s \u00e9pur\u00e9 et minimaliste tandis que d\u2019autres aiment accumuler des petites pi\u00e8ces de d\u00e9co un peu partout. L\u2019objectif principal est que votre int\u00e9rieur vous convienne et soit repr\u00e9sentatif de votre personnalit\u00e9. Peu importe le style, il est important de toujours ajouter de [&hellip;]<\/p>\n","protected":false},"author":12,"featured_media":14180,"comment_status":"open","ping_status":"open","sticky":false,"template":"","format":"standard","meta":[],"categories":[5],"tags":[],"acf":[],"_links":{"self":[{"href":"https:\/\/www.made-in-meubles.com\/blog\/wp-json\/wp\/v2\/posts\/6719"}],"collection":[{"href":"https:\/\/www.made-in-meubles.com\/blog\/wp-json\/wp\/v2\/posts"}],"about":[{"href":"https:\/\/www.made-in-meubles.com\/blog\/wp-json\/wp\/v2\/types\/post"}],"author":[{"embeddable":true,"href":"https:\/\/www.made-in-meubles.com\/blog\/wp-json\/wp\/v2\/users\/12"}],"replies":[{"embeddable":true,"href":"https:\/\/www.made-in-meubles.com\/blog\/wp-json\/wp\/v2\/comments?post=6719"}],"version-history":[{"count":43,"href":"https:\/\/www.made-in-meubles.com\/blog\/wp-json\/wp\/v2\/posts\/6719\/revisions"}],"predecessor-version":[{"id":18685,"href":"https:\/\/www.made-in-meubles.com\/blog\/wp-json\/wp\/v2\/posts\/6719\/revisions\/18685"}],"wp:featuredmedia":[{"embeddable":true,"href":"https:\/\/www.made-in-meubles.com\/blog\/wp-json\/wp\/v2\/media\/14180"}],"wp:attachment":[{"href":"https:\/\/www.made-in-meubles.com\/blog\/wp-json\/wp\/v2\/media?parent=6719"}],"wp:term":[{"taxonomy":"category","embeddable":true,"href":"https:\/\/www.made-in-meubles.com\/blog\/wp-json\/wp\/v2\/categories?post=6719"},{"taxonomy":"post_tag","embeddable":true,"href":"https:\/\/www.made-in-meubles.com\/blog\/wp-json\/wp\/v2\/tags?post=6719"}],"curies":[{"name":"wp","href":"https:\/\/api.w.org\/{rel}","templated":true}]}}