{"id":9111,"date":"2022-06-21T14:17:41","date_gmt":"2022-06-21T12:17:41","guid":{"rendered":"https:\/\/www.made-in-meubles.com\/blog\/?p=9111"},"modified":"2025-06-05T10:46:21","modified_gmt":"2025-06-05T08:46:21","slug":"table-manger-extensible-gain-de-place","status":"publish","type":"post","link":"https:\/\/www.made-in-meubles.com\/blog\/table-manger-extensible-gain-de-place\/","title":{"rendered":"Table \u00e0 manger extensible &#8211; le gain de place avant tout !"},"content":{"rendered":"\t\t<div data-elementor-type=\"wp-post\" data-elementor-id=\"9111\" class=\"elementor elementor-9111\">\n\t\t\t\t\t\t\t\t\t<section class=\"elementor-section elementor-top-section elementor-element elementor-element-da6c6a4 elementor-section-boxed elementor-section-height-default elementor-section-height-default\" data-id=\"da6c6a4\" data-element_type=\"section\" data-settings=\"{&quot;jet_parallax_layout_list&quot;:[]}\">\n\t\t\t\t\t\t<div class=\"elementor-container elementor-column-gap-default\">\n\t\t\t\t\t<div class=\"elementor-column elementor-col-100 elementor-top-column elementor-element elementor-element-e583732\" data-id=\"e583732\" data-element_type=\"column\">\n\t\t\t<div class=\"elementor-widget-wrap elementor-element-populated\">\n\t\t\t\t\t\t\t\t<div class=\"elementor-element elementor-element-a02ea53 elementor-widget elementor-widget-text-editor\" data-id=\"a02ea53\" data-element_type=\"widget\" data-widget_type=\"text-editor.default\">\n\t\t\t\t<div class=\"elementor-widget-container\">\n\t\t\t<style>\/*! elementor - v3.6.5 - 27-04-2022 *\/\n.elementor-widget-text-editor.elementor-drop-cap-view-stacked .elementor-drop-cap{background-color:#818a91;color:#fff}.elementor-widget-text-editor.elementor-drop-cap-view-framed .elementor-drop-cap{color:#818a91;border:3px solid;background-color:transparent}.elementor-widget-text-editor:not(.elementor-drop-cap-view-default) .elementor-drop-cap{margin-top:8px}.elementor-widget-text-editor:not(.elementor-drop-cap-view-default) .elementor-drop-cap-letter{width:1em;height:1em}.elementor-widget-text-editor .elementor-drop-cap{float:left;text-align:center;line-height:1;font-size:50px}.elementor-widget-text-editor .elementor-drop-cap-letter{display:inline-block}<\/style>\t\t\t\t<p><span id=\"docs-internal-guid-f6654c99-7fff-838d-fbab-111ac89cdbc1\"><span style=\"font-size: 11pt; font-family: Montserrat, sans-serif; color: #000000; background-color: transparent; font-variant-numeric: normal; font-variant-east-asian: normal; vertical-align: baseline; white-space: pre-wrap;\">Adapter sa table selon ses besoins est une chose que la <a href=\"https:\/\/www.made-in-meubles.com\/produits\/table-table-basse\/table-a-manger.html\" target=\"_blank\" rel=\"noopener\">table \u00e0 manger extensible<\/a> vous permet de faire. Son atout principal est qu\u2019elle vous permet ind\u00e9niablement de gagner de la place dans votre int\u00e9rieur. Ainsi, fini les prises de t\u00eate lorsque vous recevez. C\u2019est le r\u00eave non ? Laissez-nous vous pr\u00e9senter nos diff\u00e9rents mod\u00e8les de tables \u00e0 manger extensibles qui vous feront craquer !<\/span><\/span><\/p>\t\t\t\t\t\t<\/div>\n\t\t\t\t<\/div>\n\t\t\t\t\t<\/div>\n\t\t<\/div>\n\t\t\t\t\t\t\t<\/div>\n\t\t<\/section>\n\t\t\t\t<section class=\"elementor-section elementor-top-section elementor-element elementor-element-a85066c elementor-section-boxed elementor-section-height-default elementor-section-height-default\" data-id=\"a85066c\" data-element_type=\"section\" data-settings=\"{&quot;jet_parallax_layout_list&quot;:[]}\">\n\t\t\t\t\t\t<div class=\"elementor-container elementor-column-gap-default\">\n\t\t\t\t\t<div class=\"elementor-column elementor-col-100 elementor-top-column elementor-element elementor-element-db9d37a\" data-id=\"db9d37a\" data-element_type=\"column\">\n\t\t\t<div class=\"elementor-widget-wrap elementor-element-populated\">\n\t\t\t\t\t\t\t\t<div class=\"elementor-element elementor-element-c2f6416 elementor-widget elementor-widget-heading\" data-id=\"c2f6416\" data-element_type=\"widget\" data-widget_type=\"heading.default\">\n\t\t\t\t<div class=\"elementor-widget-container\">\n\t\t\t<style>\/*! elementor - v3.6.5 - 27-04-2022 *\/\n.elementor-heading-title{padding:0;margin:0;line-height:1}.elementor-widget-heading .elementor-heading-title[class*=elementor-size-]>a{color:inherit;font-size:inherit;line-height:inherit}.elementor-widget-heading .elementor-heading-title.elementor-size-small{font-size:15px}.elementor-widget-heading .elementor-heading-title.elementor-size-medium{font-size:19px}.elementor-widget-heading .elementor-heading-title.elementor-size-large{font-size:29px}.elementor-widget-heading .elementor-heading-title.elementor-size-xl{font-size:39px}.elementor-widget-heading .elementor-heading-title.elementor-size-xxl{font-size:59px}<\/style><h2 class=\"elementor-heading-title elementor-size-default\">La table \u00e0 manger extensible<\/h2>\t\t<\/div>\n\t\t\t\t<\/div>\n\t\t\t\t\t<\/div>\n\t\t<\/div>\n\t\t\t\t\t\t\t<\/div>\n\t\t<\/section>\n\t\t\t\t<section class=\"elementor-section elementor-top-section elementor-element elementor-element-fdd8db6 elementor-section-boxed elementor-section-height-default elementor-section-height-default\" data-id=\"fdd8db6\" data-element_type=\"section\" data-settings=\"{&quot;jet_parallax_layout_list&quot;:[]}\">\n\t\t\t\t\t\t<div class=\"elementor-container elementor-column-gap-default\">\n\t\t\t\t\t<div class=\"elementor-column elementor-col-100 elementor-top-column elementor-element elementor-element-bdf977b\" data-id=\"bdf977b\" data-element_type=\"column\">\n\t\t\t<div class=\"elementor-widget-wrap elementor-element-populated\">\n\t\t\t\t\t\t\t\t<div class=\"elementor-element elementor-element-9034fda elementor-widget elementor-widget-text-editor\" data-id=\"9034fda\" data-element_type=\"widget\" data-widget_type=\"text-editor.default\">\n\t\t\t\t<div class=\"elementor-widget-container\">\n\t\t\t\t\t\t\t<p><span id=\"docs-internal-guid-770673aa-7fff-bd05-0b15-8f46c4f18fb7\"><span style=\"font-size: 11pt; font-family: Montserrat, sans-serif; color: #000000; background-color: transparent; font-variant-numeric: normal; font-variant-east-asian: normal; vertical-align: baseline; white-space: pre-wrap;\">C\u2019est LE mod\u00e8le \u00e0 avoir chez soi quand son int\u00e9rieur le permet ! Sans allonges, elle offre d\u00e9j\u00e0 assez de place pour accueillir 6 personnes. Ajoutez-y les 2 allonges aux extr\u00e9mit\u00e9s et vous pourrez facilement ajouter 2 \u00e0 4 personnes suppl\u00e9mentaires. Tr\u00e8s pratique si vous avez r\u00e9guli\u00e8rement des invit\u00e9s surprise. <\/span><span style=\"font-size: 11pt; font-family: Montserrat, sans-serif; color: #000000; background-color: transparent; font-variant-numeric: normal; font-variant-east-asian: normal; vertical-align: baseline; white-space: pre-wrap;\"><br \/><\/span><span style=\"font-size: 11pt; font-family: Montserrat, sans-serif; color: #000000; background-color: transparent; font-variant-numeric: normal; font-variant-east-asian: normal; vertical-align: baseline; white-space: pre-wrap;\">Concernant le style, nous pouvons vous proposer de l\u2019industriel avec un joli plateau en bois massif et un pi\u00e8tement en m\u00e9tal. Si vous pr\u00e9f\u00e9rez les articles plus naturels, nous pouvons \u00e9galement vous proposer une table en bois blanchi originale et moderne <\/span><\/span><\/p>\t\t\t\t\t\t<\/div>\n\t\t\t\t<\/div>\n\t\t\t\t\t<\/div>\n\t\t<\/div>\n\t\t\t\t\t\t\t<\/div>\n\t\t<\/section>\n\t\t\t\t<section class=\"elementor-section elementor-top-section elementor-element elementor-element-6dbbeed elementor-section-boxed elementor-section-height-default elementor-section-height-default\" data-id=\"6dbbeed\" data-element_type=\"section\" data-settings=\"{&quot;jet_parallax_layout_list&quot;:[]}\">\n\t\t\t\t\t\t<div class=\"elementor-container elementor-column-gap-default\">\n\t\t\t\t\t<div class=\"elementor-column elementor-col-50 elementor-top-column elementor-element elementor-element-55f64f3\" data-id=\"55f64f3\" data-element_type=\"column\">\n\t\t\t<div class=\"elementor-widget-wrap elementor-element-populated\">\n\t\t\t\t\t\t\t\t<div class=\"elementor-element elementor-element-b712f95 elementor-widget elementor-widget-image\" data-id=\"b712f95\" data-element_type=\"widget\" data-widget_type=\"image.default\">\n\t\t\t\t<div class=\"elementor-widget-container\">\n\t\t\t<style>\/*! elementor - v3.6.5 - 27-04-2022 *\/\n.elementor-widget-image{text-align:center}.elementor-widget-image a{display:inline-block}.elementor-widget-image a img[src$=\".svg\"]{width:48px}.elementor-widget-image img{vertical-align:middle;display:inline-block}<\/style>\t\t\t\t\t\t\t\t\t<figure class=\"wp-caption\">\n\t\t\t\t\t\t\t\t\t\t<img width=\"1024\" height=\"1024\" src=\"https:\/\/www.made-in-meubles.com\/blog\/wp-content\/uploads\/2022\/06\/Ra2all-tableamanger-ambiance-1-1024x1024.jpg\" class=\"attachment-large size-large\" alt=\"\" srcset=\"https:\/\/www.made-in-meubles.com\/blog\/wp-content\/uploads\/2022\/06\/Ra2all-tableamanger-ambiance-1-1024x1024.jpg 1024w, https:\/\/www.made-in-meubles.com\/blog\/wp-content\/uploads\/2022\/06\/Ra2all-tableamanger-ambiance-1-300x300.jpg 300w, https:\/\/www.made-in-meubles.com\/blog\/wp-content\/uploads\/2022\/06\/Ra2all-tableamanger-ambiance-1-150x150.jpg 150w, https:\/\/www.made-in-meubles.com\/blog\/wp-content\/uploads\/2022\/06\/Ra2all-tableamanger-ambiance-1-768x768.jpg 768w, https:\/\/www.made-in-meubles.com\/blog\/wp-content\/uploads\/2022\/06\/Ra2all-tableamanger-ambiance-1.jpg 1200w\" sizes=\"(max-width: 1024px) 100vw, 1024px\" \/>\t\t\t\t\t\t\t\t\t\t\t<figcaption class=\"widget-image-caption wp-caption-text\">\u00a9 Table \u00e0 manger extensible Havana <\/figcaption>\n\t\t\t\t\t\t\t\t\t\t<\/figure>\n\t\t\t\t\t\t\t\t\t<\/div>\n\t\t\t\t<\/div>\n\t\t\t\t\t<\/div>\n\t\t<\/div>\n\t\t\t\t<div class=\"elementor-column elementor-col-50 elementor-top-column elementor-element elementor-element-650110b\" data-id=\"650110b\" data-element_type=\"column\">\n\t\t\t<div class=\"elementor-widget-wrap elementor-element-populated\">\n\t\t\t\t\t\t\t\t<div class=\"elementor-element elementor-element-f81b6c0 elementor-widget elementor-widget-image\" data-id=\"f81b6c0\" data-element_type=\"widget\" data-widget_type=\"image.default\">\n\t\t\t\t<div class=\"elementor-widget-container\">\n\t\t\t\t\t\t\t\t\t\t\t\t<figure class=\"wp-caption\">\n\t\t\t\t\t\t\t\t\t\t<img width=\"1024\" height=\"1024\" src=\"https:\/\/www.made-in-meubles.com\/blog\/wp-content\/uploads\/2022\/06\/RA40-tableamanger-ambiance-1-1024x1024.jpg\" class=\"attachment-large size-large\" alt=\"\" srcset=\"https:\/\/www.made-in-meubles.com\/blog\/wp-content\/uploads\/2022\/06\/RA40-tableamanger-ambiance-1-1024x1024.jpg 1024w, https:\/\/www.made-in-meubles.com\/blog\/wp-content\/uploads\/2022\/06\/RA40-tableamanger-ambiance-1-300x300.jpg 300w, https:\/\/www.made-in-meubles.com\/blog\/wp-content\/uploads\/2022\/06\/RA40-tableamanger-ambiance-1-150x150.jpg 150w, https:\/\/www.made-in-meubles.com\/blog\/wp-content\/uploads\/2022\/06\/RA40-tableamanger-ambiance-1-768x768.jpg 768w, https:\/\/www.made-in-meubles.com\/blog\/wp-content\/uploads\/2022\/06\/RA40-tableamanger-ambiance-1.jpg 1200w\" sizes=\"(max-width: 1024px) 100vw, 1024px\" \/>\t\t\t\t\t\t\t\t\t\t\t<figcaption class=\"widget-image-caption wp-caption-text\">\u00a9 Table \u00e0 manger extensible Terra<\/figcaption>\n\t\t\t\t\t\t\t\t\t\t<\/figure>\n\t\t\t\t\t\t\t\t\t<\/div>\n\t\t\t\t<\/div>\n\t\t\t\t\t<\/div>\n\t\t<\/div>\n\t\t\t\t\t\t\t<\/div>\n\t\t<\/section>\n\t\t\t\t<section class=\"elementor-section elementor-top-section elementor-element elementor-element-ac5340c elementor-section-boxed elementor-section-height-default elementor-section-height-default\" data-id=\"ac5340c\" data-element_type=\"section\" data-settings=\"{&quot;jet_parallax_layout_list&quot;:[]}\">\n\t\t\t\t\t\t<div class=\"elementor-container elementor-column-gap-default\">\n\t\t\t\t\t<div class=\"elementor-column elementor-col-100 elementor-top-column elementor-element elementor-element-c03f392\" data-id=\"c03f392\" data-element_type=\"column\">\n\t\t\t<div class=\"elementor-widget-wrap elementor-element-populated\">\n\t\t\t\t\t\t\t\t<div class=\"elementor-element elementor-element-538c687 elementor-widget elementor-widget-heading\" data-id=\"538c687\" data-element_type=\"widget\" data-widget_type=\"heading.default\">\n\t\t\t\t<div class=\"elementor-widget-container\">\n\t\t\t<h2 class=\"elementor-heading-title elementor-size-default\">La table \u00e0 manger extensible ronde<\/h2>\t\t<\/div>\n\t\t\t\t<\/div>\n\t\t\t\t\t<\/div>\n\t\t<\/div>\n\t\t\t\t\t\t\t<\/div>\n\t\t<\/section>\n\t\t\t\t<section class=\"elementor-section elementor-top-section elementor-element elementor-element-e67fae6 elementor-section-boxed elementor-section-height-default elementor-section-height-default\" data-id=\"e67fae6\" data-element_type=\"section\" data-settings=\"{&quot;jet_parallax_layout_list&quot;:[]}\">\n\t\t\t\t\t\t<div class=\"elementor-container elementor-column-gap-default\">\n\t\t\t\t\t<div class=\"elementor-column elementor-col-100 elementor-top-column elementor-element elementor-element-af0508c\" data-id=\"af0508c\" data-element_type=\"column\">\n\t\t\t<div class=\"elementor-widget-wrap elementor-element-populated\">\n\t\t\t\t\t\t\t\t<div class=\"elementor-element elementor-element-aa4dffc elementor-widget elementor-widget-text-editor\" data-id=\"aa4dffc\" data-element_type=\"widget\" data-widget_type=\"text-editor.default\">\n\t\t\t\t<div class=\"elementor-widget-container\">\n\t\t\t\t\t\t\t<p dir=\"ltr\" style=\"line-height: 1.38; text-align: justify; margin-top: 0pt; margin-bottom: 0pt;\"><span style=\"font-size: 11pt; font-family: Montserrat,sans-serif; color: #000000; background-color: transparent; font-weight: 400; font-style: normal; font-variant: normal; text-decoration: none; vertical-align: baseline; white-space: pre-wrap;\">Plus adapt\u00e9e aux petits espaces, une table ronde vous permet de recevoir vos proches tout en optimisant votre espace. Ajoutez-y une ou plusieurs allonges et \u00e0 vous les grandes r\u00e9ceptions ! En un seul claquement de doigts votre table ronde deviendra ovale et vous multiplierez le nombre de places.\u00a0<\/span><span style=\"background-color: transparent; color: #000000; font-family: Montserrat, sans-serif; font-size: 11pt; white-space: pre-wrap; letter-spacing: -0.8px;\">Ce type de table convient parfaitement aux int\u00e9rieurs campagnards. C\u2019est ce qu\u2019on appelle une table de ferme. Un design rustique et authentique qu\u2019on aime plus que tout et que l\u2019on peut facilement accompagner de chaises industrielles <\/span><\/p>\t\t\t\t\t\t<\/div>\n\t\t\t\t<\/div>\n\t\t\t\t\t<\/div>\n\t\t<\/div>\n\t\t\t\t\t\t\t<\/div>\n\t\t<\/section>\n\t\t\t\t<section class=\"elementor-section elementor-top-section elementor-element elementor-element-92444b6 elementor-section-boxed elementor-section-height-default elementor-section-height-default\" data-id=\"92444b6\" data-element_type=\"section\" data-settings=\"{&quot;jet_parallax_layout_list&quot;:[]}\">\n\t\t\t\t\t\t<div class=\"elementor-container elementor-column-gap-default\">\n\t\t\t\t\t<div class=\"elementor-column elementor-col-50 elementor-top-column elementor-element elementor-element-b76638f\" data-id=\"b76638f\" data-element_type=\"column\">\n\t\t\t<div class=\"elementor-widget-wrap elementor-element-populated\">\n\t\t\t\t\t\t\t\t<div class=\"elementor-element elementor-element-e698f22 elementor-widget elementor-widget-image\" data-id=\"e698f22\" data-element_type=\"widget\" data-widget_type=\"image.default\">\n\t\t\t\t<div class=\"elementor-widget-container\">\n\t\t\t\t\t\t\t\t\t\t\t\t<figure class=\"wp-caption\">\n\t\t\t\t\t\t\t\t\t\t\t<a href=\"https:\/\/www.made-in-meubles.com\/table-de-repas-authentiq-en-pin-recycle-3-allonges-p-khr-3-allonges\" target=\"_blank\">\n\t\t\t\t\t\t\t<img width=\"1024\" height=\"1024\" src=\"https:\/\/www.made-in-meubles.com\/blog\/wp-content\/uploads\/2022\/06\/KHR-3-allonges-table-ambiance-2-1024x1024.jpg\" class=\"attachment-large size-large\" alt=\"\" srcset=\"https:\/\/www.made-in-meubles.com\/blog\/wp-content\/uploads\/2022\/06\/KHR-3-allonges-table-ambiance-2-1024x1024.jpg 1024w, https:\/\/www.made-in-meubles.com\/blog\/wp-content\/uploads\/2022\/06\/KHR-3-allonges-table-ambiance-2-300x300.jpg 300w, https:\/\/www.made-in-meubles.com\/blog\/wp-content\/uploads\/2022\/06\/KHR-3-allonges-table-ambiance-2-150x150.jpg 150w, https:\/\/www.made-in-meubles.com\/blog\/wp-content\/uploads\/2022\/06\/KHR-3-allonges-table-ambiance-2-768x768.jpg 768w, https:\/\/www.made-in-meubles.com\/blog\/wp-content\/uploads\/2022\/06\/KHR-3-allonges-table-ambiance-2.jpg 1200w\" sizes=\"(max-width: 1024px) 100vw, 1024px\" \/>\t\t\t\t\t\t\t\t<\/a>\n\t\t\t\t\t\t\t\t\t\t\t<figcaption class=\"widget-image-caption wp-caption-text\">\u00a9 Table \u00e0 manger extensible Garance<\/figcaption>\n\t\t\t\t\t\t\t\t\t\t<\/figure>\n\t\t\t\t\t\t\t\t\t<\/div>\n\t\t\t\t<\/div>\n\t\t\t\t\t<\/div>\n\t\t<\/div>\n\t\t\t\t<div class=\"elementor-column elementor-col-50 elementor-top-column elementor-element elementor-element-b8c6d13\" data-id=\"b8c6d13\" data-element_type=\"column\">\n\t\t\t<div class=\"elementor-widget-wrap elementor-element-populated\">\n\t\t\t\t\t\t\t\t<div class=\"elementor-element elementor-element-b8f7cbb elementor-widget elementor-widget-image\" data-id=\"b8f7cbb\" data-element_type=\"widget\" data-widget_type=\"image.default\">\n\t\t\t\t<div class=\"elementor-widget-container\">\n\t\t\t\t\t\t\t\t\t\t\t\t<figure class=\"wp-caption\">\n\t\t\t\t\t\t\t\t\t\t<img width=\"1024\" height=\"1024\" src=\"https:\/\/www.made-in-meubles.com\/blog\/wp-content\/uploads\/2022\/06\/AM-225-table-ambiance-1-1024x1024.jpg\" class=\"attachment-large size-large\" alt=\"\" srcset=\"https:\/\/www.made-in-meubles.com\/blog\/wp-content\/uploads\/2022\/06\/AM-225-table-ambiance-1-1024x1024.jpg 1024w, https:\/\/www.made-in-meubles.com\/blog\/wp-content\/uploads\/2022\/06\/AM-225-table-ambiance-1-300x300.jpg 300w, https:\/\/www.made-in-meubles.com\/blog\/wp-content\/uploads\/2022\/06\/AM-225-table-ambiance-1-150x150.jpg 150w, https:\/\/www.made-in-meubles.com\/blog\/wp-content\/uploads\/2022\/06\/AM-225-table-ambiance-1-768x768.jpg 768w, https:\/\/www.made-in-meubles.com\/blog\/wp-content\/uploads\/2022\/06\/AM-225-table-ambiance-1.jpg 1200w\" sizes=\"(max-width: 1024px) 100vw, 1024px\" \/>\t\t\t\t\t\t\t\t\t\t\t<figcaption class=\"widget-image-caption wp-caption-text\">\u00a9 Table \u00e0 manger extensible Helsinki<\/figcaption>\n\t\t\t\t\t\t\t\t\t\t<\/figure>\n\t\t\t\t\t\t\t\t\t<\/div>\n\t\t\t\t<\/div>\n\t\t\t\t\t<\/div>\n\t\t<\/div>\n\t\t\t\t\t\t\t<\/div>\n\t\t<\/section>\n\t\t\t\t<section class=\"elementor-section elementor-top-section elementor-element elementor-element-1dbe868 elementor-section-boxed elementor-section-height-default elementor-section-height-default\" data-id=\"1dbe868\" data-element_type=\"section\" data-settings=\"{&quot;jet_parallax_layout_list&quot;:[]}\">\n\t\t\t\t\t\t<div class=\"elementor-container elementor-column-gap-default\">\n\t\t\t\t\t<div class=\"elementor-column elementor-col-100 elementor-top-column elementor-element elementor-element-9c106e9\" data-id=\"9c106e9\" data-element_type=\"column\">\n\t\t\t<div class=\"elementor-widget-wrap elementor-element-populated\">\n\t\t\t\t\t\t\t\t<div class=\"elementor-element elementor-element-b5a1f46 elementor-widget elementor-widget-heading\" data-id=\"b5a1f46\" data-element_type=\"widget\" data-widget_type=\"heading.default\">\n\t\t\t\t<div class=\"elementor-widget-container\">\n\t\t\t<h2 class=\"elementor-heading-title elementor-size-default\">La table \u00e0 manger d'ext\u00e9rieur <\/h2>\t\t<\/div>\n\t\t\t\t<\/div>\n\t\t\t\t\t<\/div>\n\t\t<\/div>\n\t\t\t\t\t\t\t<\/div>\n\t\t<\/section>\n\t\t\t\t<section class=\"elementor-section elementor-top-section elementor-element elementor-element-14d229e elementor-section-boxed elementor-section-height-default elementor-section-height-default\" data-id=\"14d229e\" data-element_type=\"section\" data-settings=\"{&quot;jet_parallax_layout_list&quot;:[]}\">\n\t\t\t\t\t\t<div class=\"elementor-container elementor-column-gap-default\">\n\t\t\t\t\t<div class=\"elementor-column elementor-col-100 elementor-top-column elementor-element elementor-element-96edf62\" data-id=\"96edf62\" data-element_type=\"column\">\n\t\t\t<div class=\"elementor-widget-wrap elementor-element-populated\">\n\t\t\t\t\t\t\t\t<div class=\"elementor-element elementor-element-8000f80 elementor-widget elementor-widget-text-editor\" data-id=\"8000f80\" data-element_type=\"widget\" data-widget_type=\"text-editor.default\">\n\t\t\t\t<div class=\"elementor-widget-container\">\n\t\t\t\t\t\t\t<p dir=\"ltr\" style=\"line-height: 1.38; text-align: justify; margin-top: 0pt; margin-bottom: 0pt;\"><span style=\"font-size: 11pt; font-family: Montserrat,sans-serif; color: #000000; background-color: transparent; font-weight: 400; font-style: normal; font-variant: normal; text-decoration: none; vertical-align: baseline; white-space: pre-wrap;\">Intemporelle, la table de jardin suit toutes les g\u00e9n\u00e9rations. Elle est robuste et permet de cr\u00e9er un espace familial o\u00f9 il fait bon de se retrouver en terrasse pendant les journ\u00e9es ensoleill\u00e9es.\u00a0<\/span><span style=\"background-color: transparent; color: #000000; font-family: Montserrat, sans-serif; font-size: 11pt; white-space-collapse: preserve; letter-spacing: -0.8px;\">La table en teck ovale, par exemple, vous ne pourrez jamais vous en lasser car elle est ind\u00e9modable. Elle poss\u00e8de des couleurs chaudes et accueillera facilement vos proches pour un barbecue en toute convivialit\u00e9 ! <\/span><\/p>\t\t\t\t\t\t<\/div>\n\t\t\t\t<\/div>\n\t\t\t\t\t<\/div>\n\t\t<\/div>\n\t\t\t\t\t\t\t<\/div>\n\t\t<\/section>\n\t\t\t\t<section class=\"elementor-section elementor-top-section elementor-element elementor-element-646db43 elementor-section-boxed elementor-section-height-default elementor-section-height-default\" data-id=\"646db43\" data-element_type=\"section\" data-settings=\"{&quot;jet_parallax_layout_list&quot;:[]}\">\n\t\t\t\t\t\t<div class=\"elementor-container elementor-column-gap-default\">\n\t\t\t\t\t<div class=\"elementor-column elementor-col-100 elementor-top-column elementor-element elementor-element-8d4d9c8\" data-id=\"8d4d9c8\" data-element_type=\"column\">\n\t\t\t<div class=\"elementor-widget-wrap\">\n\t\t\t\t\t\t\t\t\t<\/div>\n\t\t<\/div>\n\t\t\t\t\t\t\t<\/div>\n\t\t<\/section>\n\t\t\t\t\t\t\t<\/div>\n\t\t","protected":false},"excerpt":{"rendered":"<p>Adapter sa table selon ses besoins est une chose que la table \u00e0 manger extensible vous permet de faire. Son atout principal est qu\u2019elle vous permet ind\u00e9niablement de gagner de la place dans votre int\u00e9rieur. Ainsi, fini les prises de t\u00eate lorsque vous recevez. C\u2019est le r\u00eave non ? Laissez-nous vous pr\u00e9senter nos diff\u00e9rents mod\u00e8les [&hellip;]<\/p>\n","protected":false},"author":12,"featured_media":9133,"comment_status":"open","ping_status":"open","sticky":false,"template":"","format":"standard","meta":[],"categories":[5],"tags":[52],"acf":[],"_links":{"self":[{"href":"https:\/\/www.made-in-meubles.com\/blog\/wp-json\/wp\/v2\/posts\/9111"}],"collection":[{"href":"https:\/\/www.made-in-meubles.com\/blog\/wp-json\/wp\/v2\/posts"}],"about":[{"href":"https:\/\/www.made-in-meubles.com\/blog\/wp-json\/wp\/v2\/types\/post"}],"author":[{"embeddable":true,"href":"https:\/\/www.made-in-meubles.com\/blog\/wp-json\/wp\/v2\/users\/12"}],"replies":[{"embeddable":true,"href":"https:\/\/www.made-in-meubles.com\/blog\/wp-json\/wp\/v2\/comments?post=9111"}],"version-history":[{"count":3,"href":"https:\/\/www.made-in-meubles.com\/blog\/wp-json\/wp\/v2\/posts\/9111\/revisions"}],"predecessor-version":[{"id":16950,"href":"https:\/\/www.made-in-meubles.com\/blog\/wp-json\/wp\/v2\/posts\/9111\/revisions\/16950"}],"wp:featuredmedia":[{"embeddable":true,"href":"https:\/\/www.made-in-meubles.com\/blog\/wp-json\/wp\/v2\/media\/9133"}],"wp:attachment":[{"href":"https:\/\/www.made-in-meubles.com\/blog\/wp-json\/wp\/v2\/media?parent=9111"}],"wp:term":[{"taxonomy":"category","embeddable":true,"href":"https:\/\/www.made-in-meubles.com\/blog\/wp-json\/wp\/v2\/categories?post=9111"},{"taxonomy":"post_tag","embeddable":true,"href":"https:\/\/www.made-in-meubles.com\/blog\/wp-json\/wp\/v2\/tags?post=9111"}],"curies":[{"name":"wp","href":"https:\/\/api.w.org\/{rel}","templated":true}]}}