{"id":9148,"date":"2022-06-21T16:09:45","date_gmt":"2022-06-21T14:09:45","guid":{"rendered":"https:\/\/www.made-in-meubles.com\/blog\/?p=9148"},"modified":"2025-09-12T12:51:17","modified_gmt":"2025-09-12T10:51:17","slug":"la-tendance-japandi-quand-le-scandinave-rencontre-le-japon","status":"publish","type":"post","link":"https:\/\/www.made-in-meubles.com\/blog\/la-tendance-japandi-quand-le-scandinave-rencontre-le-japon\/","title":{"rendered":"La tendance Japandi : quand le scandinave rencontre le japon"},"content":{"rendered":"\t\t<div data-elementor-type=\"wp-post\" data-elementor-id=\"9148\" class=\"elementor elementor-9148\">\n\t\t\t\t\t\t\t\t\t<section class=\"elementor-section elementor-top-section elementor-element elementor-element-7018d48 elementor-section-boxed elementor-section-height-default elementor-section-height-default\" data-id=\"7018d48\" data-element_type=\"section\" data-settings=\"{&quot;jet_parallax_layout_list&quot;:[]}\">\n\t\t\t\t\t\t<div class=\"elementor-container elementor-column-gap-default\">\n\t\t\t\t\t<div class=\"elementor-column elementor-col-100 elementor-top-column elementor-element elementor-element-add1f1e\" data-id=\"add1f1e\" data-element_type=\"column\">\n\t\t\t<div class=\"elementor-widget-wrap elementor-element-populated\">\n\t\t\t\t\t\t\t\t<div class=\"elementor-element elementor-element-2e5ce3e elementor-widget elementor-widget-text-editor\" data-id=\"2e5ce3e\" data-element_type=\"widget\" data-widget_type=\"text-editor.default\">\n\t\t\t\t<div class=\"elementor-widget-container\">\n\t\t\t<style>\/*! elementor - v3.6.5 - 27-04-2022 *\/\n.elementor-widget-text-editor.elementor-drop-cap-view-stacked .elementor-drop-cap{background-color:#818a91;color:#fff}.elementor-widget-text-editor.elementor-drop-cap-view-framed .elementor-drop-cap{color:#818a91;border:3px solid;background-color:transparent}.elementor-widget-text-editor:not(.elementor-drop-cap-view-default) .elementor-drop-cap{margin-top:8px}.elementor-widget-text-editor:not(.elementor-drop-cap-view-default) .elementor-drop-cap-letter{width:1em;height:1em}.elementor-widget-text-editor .elementor-drop-cap{float:left;text-align:center;line-height:1;font-size:50px}.elementor-widget-text-editor .elementor-drop-cap-letter{display:inline-block}<\/style>\t\t\t\t<p><span id=\"docs-internal-guid-9f9a0464-7fff-bfee-1144-49d8f2f5a7c1\"><span style=\"font-size: 11pt; color: #000000; background-color: transparent; font-variant-numeric: normal; font-variant-east-asian: normal; vertical-align: baseline; white-space: pre-wrap;\">La tendance Japandi est de plus en plus pr\u00e9sente dans le monde de la d\u00e9coration. Sur les photos, dans les magasins et m\u00eame sur les r\u00e9seaux, elle marque de plus en plus son territoire. Issue de la rencontre entre le style scandinave et le japon, nous vous pr\u00e9sentons cette nouvelle tendance ! <\/span><\/span><\/p>\t\t\t\t\t\t<\/div>\n\t\t\t\t<\/div>\n\t\t\t\t\t<\/div>\n\t\t<\/div>\n\t\t\t\t\t\t\t<\/div>\n\t\t<\/section>\n\t\t\t\t<section class=\"elementor-section elementor-top-section elementor-element elementor-element-5b26819 elementor-section-boxed elementor-section-height-default elementor-section-height-default\" data-id=\"5b26819\" data-element_type=\"section\" data-settings=\"{&quot;jet_parallax_layout_list&quot;:[]}\">\n\t\t\t\t\t\t<div class=\"elementor-container elementor-column-gap-default\">\n\t\t\t\t\t<div class=\"elementor-column elementor-col-100 elementor-top-column elementor-element elementor-element-581597e\" data-id=\"581597e\" data-element_type=\"column\">\n\t\t\t<div class=\"elementor-widget-wrap elementor-element-populated\">\n\t\t\t\t\t\t\t\t<div class=\"elementor-element elementor-element-1725ee2 elementor-widget elementor-widget-heading\" data-id=\"1725ee2\" data-element_type=\"widget\" data-widget_type=\"heading.default\">\n\t\t\t\t<div class=\"elementor-widget-container\">\n\t\t\t<style>\/*! elementor - v3.6.5 - 27-04-2022 *\/\n.elementor-heading-title{padding:0;margin:0;line-height:1}.elementor-widget-heading .elementor-heading-title[class*=elementor-size-]>a{color:inherit;font-size:inherit;line-height:inherit}.elementor-widget-heading .elementor-heading-title.elementor-size-small{font-size:15px}.elementor-widget-heading .elementor-heading-title.elementor-size-medium{font-size:19px}.elementor-widget-heading .elementor-heading-title.elementor-size-large{font-size:29px}.elementor-widget-heading .elementor-heading-title.elementor-size-xl{font-size:39px}.elementor-widget-heading .elementor-heading-title.elementor-size-xxl{font-size:59px}<\/style><h2 class=\"elementor-heading-title elementor-size-default\">D\u00e9finition de la tendance Japandi<\/h2>\t\t<\/div>\n\t\t\t\t<\/div>\n\t\t\t\t\t<\/div>\n\t\t<\/div>\n\t\t\t\t\t\t\t<\/div>\n\t\t<\/section>\n\t\t\t\t<section class=\"elementor-section elementor-top-section elementor-element elementor-element-ba123e6 elementor-section-boxed elementor-section-height-default elementor-section-height-default\" data-id=\"ba123e6\" data-element_type=\"section\" data-settings=\"{&quot;jet_parallax_layout_list&quot;:[]}\">\n\t\t\t\t\t\t<div class=\"elementor-container elementor-column-gap-default\">\n\t\t\t\t\t<div class=\"elementor-column elementor-col-100 elementor-top-column elementor-element elementor-element-b595721\" data-id=\"b595721\" data-element_type=\"column\">\n\t\t\t<div class=\"elementor-widget-wrap elementor-element-populated\">\n\t\t\t\t\t\t\t\t<div class=\"elementor-element elementor-element-55f57eb elementor-widget elementor-widget-text-editor\" data-id=\"55f57eb\" data-element_type=\"widget\" data-widget_type=\"text-editor.default\">\n\t\t\t\t<div class=\"elementor-widget-container\">\n\t\t\t\t\t\t\t<p dir=\"ltr\" style=\"line-height:1.38;margin-top:0pt;margin-bottom:0pt;\"><span style=\"font-size:11pt;font-family:Montserrat,sans-serif;color:#000000;background-color:transparent;font-weight:400;font-style:normal;font-variant:normal;text-decoration:none;vertical-align:baseline;white-space:pre;white-space:pre-wrap;\">Pour faire simple, la tendance japandi est n\u00e9e d\u2019un subtil m\u00e9lange entre le Wabi Sabi et le Hygge. Elle allie minimalisme, praticit\u00e9 et esth\u00e9tisme. Ce style est parfait si vous aimez les int\u00e9rieurs \u00e9pur\u00e9s qui d\u00e9gagent des ondes positives !<\/span><\/p><p><span id=\"docs-internal-guid-6289edcb-7fff-36dc-6a34-fc279eaf4bd4\"><\/span><\/p><p dir=\"ltr\" style=\"line-height:1.38;margin-top:0pt;margin-bottom:0pt;\"><span style=\"font-size:11pt;font-family:Montserrat,sans-serif;color:#000000;background-color:transparent;font-weight:400;font-style:normal;font-variant:normal;text-decoration:none;vertical-align:baseline;white-space:pre;white-space:pre-wrap;\">Plongez-vous dans une ambiance chaleureuse, cocooning et spirituelle le plus vite possible. <\/span><\/p>\t\t\t\t\t\t<\/div>\n\t\t\t\t<\/div>\n\t\t\t\t\t<\/div>\n\t\t<\/div>\n\t\t\t\t\t\t\t<\/div>\n\t\t<\/section>\n\t\t\t\t<section class=\"elementor-section elementor-top-section elementor-element elementor-element-0b00b50 elementor-section-boxed elementor-section-height-default elementor-section-height-default\" data-id=\"0b00b50\" data-element_type=\"section\" data-settings=\"{&quot;jet_parallax_layout_list&quot;:[]}\">\n\t\t\t\t\t\t<div class=\"elementor-container elementor-column-gap-default\">\n\t\t\t\t\t<div class=\"elementor-column elementor-col-100 elementor-top-column elementor-element elementor-element-35a3892\" data-id=\"35a3892\" data-element_type=\"column\">\n\t\t\t<div class=\"elementor-widget-wrap elementor-element-populated\">\n\t\t\t\t\t\t\t\t<div class=\"elementor-element elementor-element-5e43dcc elementor-widget elementor-widget-image\" data-id=\"5e43dcc\" data-element_type=\"widget\" data-widget_type=\"image.default\">\n\t\t\t\t<div class=\"elementor-widget-container\">\n\t\t\t<style>\/*! elementor - v3.6.5 - 27-04-2022 *\/\n.elementor-widget-image{text-align:center}.elementor-widget-image a{display:inline-block}.elementor-widget-image a img[src$=\".svg\"]{width:48px}.elementor-widget-image img{vertical-align:middle;display:inline-block}<\/style>\t\t\t\t\t\t\t\t\t<figure class=\"wp-caption\">\n\t\t\t\t\t\t\t\t\t\t<img width=\"730\" height=\"913\" src=\"https:\/\/www.made-in-meubles.com\/blog\/wp-content\/uploads\/2022\/06\/japandi-6-730x913-1.webp\" class=\"attachment-large size-large\" alt=\"\" srcset=\"https:\/\/www.made-in-meubles.com\/blog\/wp-content\/uploads\/2022\/06\/japandi-6-730x913-1.webp 730w, https:\/\/www.made-in-meubles.com\/blog\/wp-content\/uploads\/2022\/06\/japandi-6-730x913-1-240x300.webp 240w\" sizes=\"(max-width: 730px) 100vw, 730px\" \/>\t\t\t\t\t\t\t\t\t\t\t<figcaption class=\"widget-image-caption wp-caption-text\">\u00a9 ANTHOLOGY CREATIVE STUDIO<\/figcaption>\n\t\t\t\t\t\t\t\t\t\t<\/figure>\n\t\t\t\t\t\t\t\t\t<\/div>\n\t\t\t\t<\/div>\n\t\t\t\t\t<\/div>\n\t\t<\/div>\n\t\t\t\t\t\t\t<\/div>\n\t\t<\/section>\n\t\t\t\t<section class=\"elementor-section elementor-top-section elementor-element elementor-element-7ebebdf elementor-section-boxed elementor-section-height-default elementor-section-height-default\" data-id=\"7ebebdf\" data-element_type=\"section\" data-settings=\"{&quot;jet_parallax_layout_list&quot;:[]}\">\n\t\t\t\t\t\t<div class=\"elementor-container elementor-column-gap-default\">\n\t\t\t\t\t<div class=\"elementor-column elementor-col-100 elementor-top-column elementor-element elementor-element-343feb1\" data-id=\"343feb1\" data-element_type=\"column\">\n\t\t\t<div class=\"elementor-widget-wrap elementor-element-populated\">\n\t\t\t\t\t\t\t\t<div class=\"elementor-element elementor-element-fef5216 elementor-widget elementor-widget-heading\" data-id=\"fef5216\" data-element_type=\"widget\" data-widget_type=\"heading.default\">\n\t\t\t\t<div class=\"elementor-widget-container\">\n\t\t\t<h2 class=\"elementor-heading-title elementor-size-default\">Les couleurs de la tendance Japandi<\/h2>\t\t<\/div>\n\t\t\t\t<\/div>\n\t\t\t\t\t<\/div>\n\t\t<\/div>\n\t\t\t\t\t\t\t<\/div>\n\t\t<\/section>\n\t\t\t\t<section class=\"elementor-section elementor-top-section elementor-element elementor-element-d2d5259 elementor-section-boxed elementor-section-height-default elementor-section-height-default\" data-id=\"d2d5259\" data-element_type=\"section\" data-settings=\"{&quot;jet_parallax_layout_list&quot;:[]}\">\n\t\t\t\t\t\t<div class=\"elementor-container elementor-column-gap-default\">\n\t\t\t\t\t<div class=\"elementor-column elementor-col-100 elementor-top-column elementor-element elementor-element-752b2e3\" data-id=\"752b2e3\" data-element_type=\"column\">\n\t\t\t<div class=\"elementor-widget-wrap elementor-element-populated\">\n\t\t\t\t\t\t\t\t<div class=\"elementor-element elementor-element-7a2b85b elementor-widget elementor-widget-text-editor\" data-id=\"7a2b85b\" data-element_type=\"widget\" data-widget_type=\"text-editor.default\">\n\t\t\t\t<div class=\"elementor-widget-container\">\n\t\t\t\t\t\t\t<p><span style=\"background-color: transparent; color: rgb(0, 0, 0); font-size: 11pt; white-space: pre-wrap; letter-spacing: -0.8px;\">Quand on entend tendance scandinave on pense imm\u00e9diatement aux couleurs claires et \u00e9pur\u00e9es. Alors que la d\u00e9co japonaise mise plut\u00f4t sur des couleurs sombres. Ici, il ne faut donc pas h\u00e9siter \u00e0 mixer les deux.&nbsp;<\/span><\/p>\n<p><span><\/span><\/p>\n<p dir=\"ltr\" style=\"line-height:1.38;margin-top:0pt;margin-bottom:0pt;\"><span style=\"font-size: 11pt; color: rgb(0, 0, 0); background-color: transparent; font-variant-numeric: normal; font-variant-east-asian: normal; vertical-align: baseline; white-space: pre-wrap;\">Attention, la sobri\u00e9t\u00e9 est \u00e0 l\u2019honneur pour cette tendance. Misez donc sur des couleurs terreuses qui am\u00e8nent \u00e0 la nature. On pense notamment aux couleurs type argile, beige, terracotta, \u00e9cru, nude, kaki etc\u2026&nbsp;<\/span><\/p>\n<p dir=\"ltr\" style=\"line-height:1.38;margin-top:0pt;margin-bottom:0pt;\"><span style=\"font-size: 11pt; color: rgb(0, 0, 0); background-color: transparent; font-variant-numeric: normal; font-variant-east-asian: normal; vertical-align: baseline; white-space: pre-wrap;\">Ce sont des couleurs que vous pouvez facilement int\u00e9grer dans des accessoires de d\u00e9co ainsi que dans la peinture. <\/span><\/p>\n<div><span style=\"font-size: 11pt; color: rgb(0, 0, 0); background-color: transparent; font-variant-numeric: normal; font-variant-east-asian: normal; vertical-align: baseline; white-space: pre-wrap;\"><br><\/span><\/div>\n<p><\/p>\t\t\t\t\t\t<\/div>\n\t\t\t\t<\/div>\n\t\t\t\t\t<\/div>\n\t\t<\/div>\n\t\t\t\t\t\t\t<\/div>\n\t\t<\/section>\n\t\t\t\t<section class=\"elementor-section elementor-top-section elementor-element elementor-element-1b30b86 elementor-section-boxed elementor-section-height-default elementor-section-height-default\" data-id=\"1b30b86\" data-element_type=\"section\" data-settings=\"{&quot;jet_parallax_layout_list&quot;:[]}\">\n\t\t\t\t\t\t<div class=\"elementor-container elementor-column-gap-default\">\n\t\t\t\t\t<div class=\"elementor-column elementor-col-100 elementor-top-column elementor-element elementor-element-b712b77\" data-id=\"b712b77\" data-element_type=\"column\">\n\t\t\t<div class=\"elementor-widget-wrap elementor-element-populated\">\n\t\t\t\t\t\t\t\t<div class=\"elementor-element elementor-element-6e70a50 elementor-widget elementor-widget-image\" data-id=\"6e70a50\" data-element_type=\"widget\" data-widget_type=\"image.default\">\n\t\t\t\t<div class=\"elementor-widget-container\">\n\t\t\t\t\t\t\t\t\t\t\t\t\t\t\t<img width=\"800\" height=\"800\" src=\"https:\/\/www.made-in-meubles.com\/blog\/wp-content\/uploads\/2022\/06\/Sans-titre-16.png\" class=\"attachment-large size-large\" alt=\"\" srcset=\"https:\/\/www.made-in-meubles.com\/blog\/wp-content\/uploads\/2022\/06\/Sans-titre-16.png 800w, https:\/\/www.made-in-meubles.com\/blog\/wp-content\/uploads\/2022\/06\/Sans-titre-16-300x300.png 300w, https:\/\/www.made-in-meubles.com\/blog\/wp-content\/uploads\/2022\/06\/Sans-titre-16-150x150.png 150w, https:\/\/www.made-in-meubles.com\/blog\/wp-content\/uploads\/2022\/06\/Sans-titre-16-768x768.png 768w\" sizes=\"(max-width: 800px) 100vw, 800px\" \/>\t\t\t\t\t\t\t\t\t\t\t\t\t\t\t<\/div>\n\t\t\t\t<\/div>\n\t\t\t\t\t<\/div>\n\t\t<\/div>\n\t\t\t\t\t\t\t<\/div>\n\t\t<\/section>\n\t\t\t\t<section class=\"elementor-section elementor-top-section elementor-element elementor-element-7d69895 elementor-section-boxed elementor-section-height-default elementor-section-height-default\" data-id=\"7d69895\" data-element_type=\"section\" data-settings=\"{&quot;jet_parallax_layout_list&quot;:[]}\">\n\t\t\t\t\t\t<div class=\"elementor-container elementor-column-gap-default\">\n\t\t\t\t\t<div class=\"elementor-column elementor-col-100 elementor-top-column elementor-element elementor-element-a6d3337\" data-id=\"a6d3337\" data-element_type=\"column\">\n\t\t\t<div class=\"elementor-widget-wrap elementor-element-populated\">\n\t\t\t\t\t\t\t\t<div class=\"elementor-element elementor-element-fddb804 elementor-widget elementor-widget-heading\" data-id=\"fddb804\" data-element_type=\"widget\" data-widget_type=\"heading.default\">\n\t\t\t\t<div class=\"elementor-widget-container\">\n\t\t\t<h2 class=\"elementor-heading-title elementor-size-default\">Les mati\u00e8res de la tendance Japandi<\/h2>\t\t<\/div>\n\t\t\t\t<\/div>\n\t\t\t\t\t<\/div>\n\t\t<\/div>\n\t\t\t\t\t\t\t<\/div>\n\t\t<\/section>\n\t\t\t\t<section class=\"elementor-section elementor-top-section elementor-element elementor-element-81e6f2e elementor-section-boxed elementor-section-height-default elementor-section-height-default\" data-id=\"81e6f2e\" data-element_type=\"section\" data-settings=\"{&quot;jet_parallax_layout_list&quot;:[]}\">\n\t\t\t\t\t\t<div class=\"elementor-container elementor-column-gap-default\">\n\t\t\t\t\t<div class=\"elementor-column elementor-col-100 elementor-top-column elementor-element elementor-element-68aa4d1\" data-id=\"68aa4d1\" data-element_type=\"column\">\n\t\t\t<div class=\"elementor-widget-wrap elementor-element-populated\">\n\t\t\t\t\t\t\t\t<div class=\"elementor-element elementor-element-5ce2356 elementor-widget elementor-widget-text-editor\" data-id=\"5ce2356\" data-element_type=\"widget\" data-widget_type=\"text-editor.default\">\n\t\t\t\t<div class=\"elementor-widget-container\">\n\t\t\t\t\t\t\t<p><span id=\"docs-internal-guid-b3d9106e-7fff-5afb-ac99-e0c7ee4767e2\"><span style=\"font-size: 11pt; color: rgb(0, 0, 0); background-color: transparent; font-variant-numeric: normal; font-variant-east-asian: normal; vertical-align: baseline; white-space: pre-wrap;\">Au risque d\u2019\u00eatre r\u00e9p\u00e9titif, la tendance Japandi mise sur le naturel. Il faut donc opter pour des mat\u00e9riaux qui vous permettront d\u2019atteindre cet objectif. <\/span><span style=\"font-size: 11pt; color: rgb(0, 0, 0); background-color: transparent; font-variant-numeric: normal; font-variant-east-asian: normal; vertical-align: baseline; white-space: pre-wrap;\"><br><\/span><span style=\"font-size: 11pt; color: rgb(0, 0, 0); background-color: transparent; font-variant-numeric: normal; font-variant-east-asian: normal; vertical-align: baseline; white-space: pre-wrap;\">Le bois prend donc naturellement la premi\u00e8re place dans les mat\u00e9riaux \u00e0 privil\u00e9gier. N\u2019h\u00e9sitez pas \u00e0 opter pour des meubles en bois d\u2019acacia massif. <\/span><span style=\"font-size: 11pt; color: rgb(0, 0, 0); background-color: transparent; font-variant-numeric: normal; font-variant-east-asian: normal; vertical-align: baseline; white-space: pre-wrap;\">Vous pouvez \u00e9galement int\u00e9grer des accessoires d\u00e9coratifs en rotin, cannage et c\u00e9ramique. <\/span><span style=\"font-size: 11pt; color: rgb(0, 0, 0); background-color: transparent; font-variant-numeric: normal; font-variant-east-asian: normal; vertical-align: baseline; white-space: pre-wrap;\"><br><\/span><span style=\"font-size: 11pt; color: rgb(0, 0, 0); background-color: transparent; font-variant-numeric: normal; font-variant-east-asian: normal; vertical-align: baseline; white-space: pre-wrap;\">Si votre int\u00e9rieur dispose d\u2019un mur ou d\u2019un sol en b\u00e9ton cir\u00e9 alors profitez-en car cette mati\u00e8re s\u2019int\u00e8gre tr\u00e8s bien dans la tendance Japandi.<\/span><\/span><br><\/p>\t\t\t\t\t\t<\/div>\n\t\t\t\t<\/div>\n\t\t\t\t\t<\/div>\n\t\t<\/div>\n\t\t\t\t\t\t\t<\/div>\n\t\t<\/section>\n\t\t\t\t<section class=\"elementor-section elementor-top-section elementor-element elementor-element-4efb14c elementor-section-boxed elementor-section-height-default elementor-section-height-default\" data-id=\"4efb14c\" data-element_type=\"section\" data-settings=\"{&quot;jet_parallax_layout_list&quot;:[]}\">\n\t\t\t\t\t\t<div class=\"elementor-container elementor-column-gap-default\">\n\t\t\t\t\t<div class=\"elementor-column elementor-col-100 elementor-top-column elementor-element elementor-element-2926508\" data-id=\"2926508\" data-element_type=\"column\">\n\t\t\t<div class=\"elementor-widget-wrap elementor-element-populated\">\n\t\t\t\t\t\t\t\t<div class=\"elementor-element elementor-element-30bd62a elementor-widget elementor-widget-image\" data-id=\"30bd62a\" data-element_type=\"widget\" data-widget_type=\"image.default\">\n\t\t\t\t<div class=\"elementor-widget-container\">\n\t\t\t\t\t\t\t\t\t\t\t\t<figure class=\"wp-caption\">\n\t\t\t\t\t\t\t\t\t\t<img width=\"1024\" height=\"682\" src=\"https:\/\/www.made-in-meubles.com\/blog\/wp-content\/uploads\/2022\/06\/Alex_Corban_Shoot_26-54_1024x1024.webp\" class=\"attachment-large size-large\" alt=\"\" srcset=\"https:\/\/www.made-in-meubles.com\/blog\/wp-content\/uploads\/2022\/06\/Alex_Corban_Shoot_26-54_1024x1024.webp 1024w, https:\/\/www.made-in-meubles.com\/blog\/wp-content\/uploads\/2022\/06\/Alex_Corban_Shoot_26-54_1024x1024-300x200.webp 300w, https:\/\/www.made-in-meubles.com\/blog\/wp-content\/uploads\/2022\/06\/Alex_Corban_Shoot_26-54_1024x1024-768x512.webp 768w\" sizes=\"(max-width: 1024px) 100vw, 1024px\" \/>\t\t\t\t\t\t\t\t\t\t\t<figcaption class=\"widget-image-caption wp-caption-text\">\u00a9 AC Homestone<\/figcaption>\n\t\t\t\t\t\t\t\t\t\t<\/figure>\n\t\t\t\t\t\t\t\t\t<\/div>\n\t\t\t\t<\/div>\n\t\t\t\t\t<\/div>\n\t\t<\/div>\n\t\t\t\t\t\t\t<\/div>\n\t\t<\/section>\n\t\t\t\t<section class=\"elementor-section elementor-top-section elementor-element elementor-element-efd9b6b elementor-section-boxed elementor-section-height-default elementor-section-height-default\" data-id=\"efd9b6b\" data-element_type=\"section\" data-settings=\"{&quot;jet_parallax_layout_list&quot;:[]}\">\n\t\t\t\t\t\t<div class=\"elementor-container elementor-column-gap-default\">\n\t\t\t\t\t<div class=\"elementor-column elementor-col-100 elementor-top-column elementor-element elementor-element-b23874f\" data-id=\"b23874f\" data-element_type=\"column\">\n\t\t\t<div class=\"elementor-widget-wrap elementor-element-populated\">\n\t\t\t\t\t\t\t\t<div class=\"elementor-element elementor-element-cc1a092 elementor-widget elementor-widget-heading\" data-id=\"cc1a092\" data-element_type=\"widget\" data-widget_type=\"heading.default\">\n\t\t\t\t<div class=\"elementor-widget-container\">\n\t\t\t<h2 class=\"elementor-heading-title elementor-size-default\">Notre collection Judith<\/h2>\t\t<\/div>\n\t\t\t\t<\/div>\n\t\t\t\t\t<\/div>\n\t\t<\/div>\n\t\t\t\t\t\t\t<\/div>\n\t\t<\/section>\n\t\t\t\t<section class=\"elementor-section elementor-top-section elementor-element elementor-element-4f1f09b elementor-section-boxed elementor-section-height-default elementor-section-height-default\" data-id=\"4f1f09b\" data-element_type=\"section\" data-settings=\"{&quot;jet_parallax_layout_list&quot;:[]}\">\n\t\t\t\t\t\t<div class=\"elementor-container elementor-column-gap-default\">\n\t\t\t\t\t<div class=\"elementor-column elementor-col-100 elementor-top-column elementor-element elementor-element-d34aeac\" data-id=\"d34aeac\" data-element_type=\"column\">\n\t\t\t<div class=\"elementor-widget-wrap elementor-element-populated\">\n\t\t\t\t\t\t\t\t<div class=\"elementor-element elementor-element-a8eadc6 elementor-widget elementor-widget-text-editor\" data-id=\"a8eadc6\" data-element_type=\"widget\" data-widget_type=\"text-editor.default\">\n\t\t\t\t<div class=\"elementor-widget-container\">\n\t\t\t\t\t\t\t<p>\u00a0<\/p><p dir=\"ltr\" style=\"line-height: 1.38; margin-top: 0pt; margin-bottom: 0pt;\"><span style=\"font-size: 11pt; font-family: Montserrat,sans-serif; color: #000000; background-color: transparent; font-weight: 400; font-style: normal; font-variant: normal; text-decoration: none; vertical-align: baseline; white-space: pre-wrap;\">Arriv\u00e9es r\u00e9cemment chez nous, la collection Judith entrent compl\u00e8tement dans l&rsquo;univers Japandi.<\/span><\/p>\t\t\t\t\t\t<\/div>\n\t\t\t\t<\/div>\n\t\t\t\t\t<\/div>\n\t\t<\/div>\n\t\t\t\t\t\t\t<\/div>\n\t\t<\/section>\n\t\t\t\t<section class=\"elementor-section elementor-top-section elementor-element elementor-element-35823e0 elementor-section-boxed elementor-section-height-default elementor-section-height-default\" data-id=\"35823e0\" data-element_type=\"section\" data-settings=\"{&quot;jet_parallax_layout_list&quot;:[]}\">\n\t\t\t\t\t\t<div class=\"elementor-container elementor-column-gap-default\">\n\t\t\t\t\t<div class=\"elementor-column elementor-col-100 elementor-top-column elementor-element elementor-element-8788b55\" data-id=\"8788b55\" data-element_type=\"column\">\n\t\t\t<div class=\"elementor-widget-wrap elementor-element-populated\">\n\t\t\t\t\t\t\t\t<div class=\"elementor-element elementor-element-ae85683 elementor-widget elementor-widget-text-editor\" data-id=\"ae85683\" data-element_type=\"widget\" data-widget_type=\"text-editor.default\">\n\t\t\t\t<div class=\"elementor-widget-container\">\n\t\t\t\t\t\t\t<p dir=\"ltr\" style=\"margin-top: 0pt; margin-bottom: 0pt; letter-spacing: -0.8px; line-height: 1.38;\"><span style=\"color: #000000;\"><span style=\"font-size: 14.6667px; white-space: pre-wrap;\">Elle poss\u00e8de des teintes \u00e0 la fois lumineuses et et terreuses. La lumi\u00e8re est apport\u00e9e par le plateau en marbre tandis que le bois de manguier am\u00e8ne les couleurs plus terreuses. On y retrouve un design arrondi qui est l&rsquo;une des caract\u00e9ristiques principales de la tendance Japandi.<\/span><\/span><\/p>\t\t\t\t\t\t<\/div>\n\t\t\t\t<\/div>\n\t\t\t\t\t<\/div>\n\t\t<\/div>\n\t\t\t\t\t\t\t<\/div>\n\t\t<\/section>\n\t\t\t\t<section class=\"elementor-section elementor-top-section elementor-element elementor-element-6e81521 elementor-section-boxed elementor-section-height-default elementor-section-height-default\" data-id=\"6e81521\" data-element_type=\"section\" data-settings=\"{&quot;jet_parallax_layout_list&quot;:[]}\">\n\t\t\t\t\t\t<div class=\"elementor-container elementor-column-gap-default\">\n\t\t\t\t\t<div class=\"elementor-column elementor-col-50 elementor-top-column elementor-element elementor-element-9b6ac9a\" data-id=\"9b6ac9a\" data-element_type=\"column\">\n\t\t\t<div class=\"elementor-widget-wrap elementor-element-populated\">\n\t\t\t\t\t\t\t\t<div class=\"elementor-element elementor-element-cbad20a elementor-widget elementor-widget-image\" data-id=\"cbad20a\" data-element_type=\"widget\" data-widget_type=\"image.default\">\n\t\t\t\t<div class=\"elementor-widget-container\">\n\t\t\t\t\t\t\t\t\t\t\t\t<figure class=\"wp-caption\">\n\t\t\t\t\t\t\t\t\t\t\t<a href=\"https:\/\/www.made-in-meubles.com\/buffet-relief-en-bois-et-marbre-blanc-2-portes-3-tiroirs-p-cap01\" target=\"_blank\">\n\t\t\t\t\t\t\t<img width=\"1024\" height=\"1024\" src=\"https:\/\/www.made-in-meubles.com\/blog\/wp-content\/uploads\/2022\/06\/CAP01-Buffet-ambiance-01-1024x1024.jpg\" class=\"attachment-large size-large\" alt=\"\" srcset=\"https:\/\/www.made-in-meubles.com\/blog\/wp-content\/uploads\/2022\/06\/CAP01-Buffet-ambiance-01-1024x1024.jpg 1024w, https:\/\/www.made-in-meubles.com\/blog\/wp-content\/uploads\/2022\/06\/CAP01-Buffet-ambiance-01-300x300.jpg 300w, https:\/\/www.made-in-meubles.com\/blog\/wp-content\/uploads\/2022\/06\/CAP01-Buffet-ambiance-01-150x150.jpg 150w, https:\/\/www.made-in-meubles.com\/blog\/wp-content\/uploads\/2022\/06\/CAP01-Buffet-ambiance-01-768x768.jpg 768w, https:\/\/www.made-in-meubles.com\/blog\/wp-content\/uploads\/2022\/06\/CAP01-Buffet-ambiance-01.jpg 1200w\" sizes=\"(max-width: 1024px) 100vw, 1024px\" \/>\t\t\t\t\t\t\t\t<\/a>\n\t\t\t\t\t\t\t\t\t\t\t<figcaption class=\"widget-image-caption wp-caption-text\">\u00a9 Buffet Judith<\/figcaption>\n\t\t\t\t\t\t\t\t\t\t<\/figure>\n\t\t\t\t\t\t\t\t\t<\/div>\n\t\t\t\t<\/div>\n\t\t\t\t\t<\/div>\n\t\t<\/div>\n\t\t\t\t<div class=\"elementor-column elementor-col-50 elementor-top-column elementor-element elementor-element-2e26ffb\" data-id=\"2e26ffb\" data-element_type=\"column\">\n\t\t\t<div class=\"elementor-widget-wrap elementor-element-populated\">\n\t\t\t\t\t\t\t\t<div class=\"elementor-element elementor-element-ff1ae8d elementor-widget elementor-widget-image\" data-id=\"ff1ae8d\" data-element_type=\"widget\" data-widget_type=\"image.default\">\n\t\t\t\t<div class=\"elementor-widget-container\">\n\t\t\t\t\t\t\t\t\t\t\t\t<figure class=\"wp-caption\">\n\t\t\t\t\t\t\t\t\t\t\t<a href=\"https:\/\/www.made-in-meubles.com\/buffet-relief-en-bois-et-marbre-blanc-2-portes-p-cap03\" target=\"_blank\">\n\t\t\t\t\t\t\t<img width=\"1024\" height=\"1024\" src=\"https:\/\/www.made-in-meubles.com\/blog\/wp-content\/uploads\/2022\/06\/CAP03-Buffet-ambiance-01-1024x1024.jpg\" class=\"attachment-large size-large\" alt=\"\" srcset=\"https:\/\/www.made-in-meubles.com\/blog\/wp-content\/uploads\/2022\/06\/CAP03-Buffet-ambiance-01-1024x1024.jpg 1024w, https:\/\/www.made-in-meubles.com\/blog\/wp-content\/uploads\/2022\/06\/CAP03-Buffet-ambiance-01-300x300.jpg 300w, https:\/\/www.made-in-meubles.com\/blog\/wp-content\/uploads\/2022\/06\/CAP03-Buffet-ambiance-01-150x150.jpg 150w, https:\/\/www.made-in-meubles.com\/blog\/wp-content\/uploads\/2022\/06\/CAP03-Buffet-ambiance-01-768x768.jpg 768w, https:\/\/www.made-in-meubles.com\/blog\/wp-content\/uploads\/2022\/06\/CAP03-Buffet-ambiance-01.jpg 1200w\" sizes=\"(max-width: 1024px) 100vw, 1024px\" \/>\t\t\t\t\t\t\t\t<\/a>\n\t\t\t\t\t\t\t\t\t\t\t<figcaption class=\"widget-image-caption wp-caption-text\">\u00a9 Petit buffet Judith<\/figcaption>\n\t\t\t\t\t\t\t\t\t\t<\/figure>\n\t\t\t\t\t\t\t\t\t<\/div>\n\t\t\t\t<\/div>\n\t\t\t\t\t<\/div>\n\t\t<\/div>\n\t\t\t\t\t\t\t<\/div>\n\t\t<\/section>\n\t\t\t\t<section class=\"elementor-section elementor-top-section elementor-element elementor-element-ed1de6b elementor-section-boxed elementor-section-height-default elementor-section-height-default\" data-id=\"ed1de6b\" data-element_type=\"section\" data-settings=\"{&quot;jet_parallax_layout_list&quot;:[]}\">\n\t\t\t\t\t\t<div class=\"elementor-container elementor-column-gap-default\">\n\t\t\t\t\t<div class=\"elementor-column elementor-col-50 elementor-top-column elementor-element elementor-element-d7a973a\" data-id=\"d7a973a\" data-element_type=\"column\">\n\t\t\t<div class=\"elementor-widget-wrap elementor-element-populated\">\n\t\t\t\t\t\t\t\t<div class=\"elementor-element elementor-element-f16c8a4 elementor-widget elementor-widget-image\" data-id=\"f16c8a4\" data-element_type=\"widget\" data-widget_type=\"image.default\">\n\t\t\t\t<div class=\"elementor-widget-container\">\n\t\t\t\t\t\t\t\t\t\t\t\t<figure class=\"wp-caption\">\n\t\t\t\t\t\t\t\t\t\t\t<a href=\"https:\/\/www.made-in-meubles.com\/meuble-tv-relief-en-bois-et-marbre-blanc-2-portes-2-niches-p-cap02\" target=\"_blank\">\n\t\t\t\t\t\t\t<img width=\"1024\" height=\"1024\" src=\"https:\/\/www.made-in-meubles.com\/blog\/wp-content\/uploads\/2022\/06\/CAP02-Meuble-TV-ambiance-1024x1024.jpg\" class=\"attachment-large size-large\" alt=\"\" srcset=\"https:\/\/www.made-in-meubles.com\/blog\/wp-content\/uploads\/2022\/06\/CAP02-Meuble-TV-ambiance-1024x1024.jpg 1024w, https:\/\/www.made-in-meubles.com\/blog\/wp-content\/uploads\/2022\/06\/CAP02-Meuble-TV-ambiance-300x300.jpg 300w, https:\/\/www.made-in-meubles.com\/blog\/wp-content\/uploads\/2022\/06\/CAP02-Meuble-TV-ambiance-150x150.jpg 150w, https:\/\/www.made-in-meubles.com\/blog\/wp-content\/uploads\/2022\/06\/CAP02-Meuble-TV-ambiance-768x768.jpg 768w, https:\/\/www.made-in-meubles.com\/blog\/wp-content\/uploads\/2022\/06\/CAP02-Meuble-TV-ambiance.jpg 1200w\" sizes=\"(max-width: 1024px) 100vw, 1024px\" \/>\t\t\t\t\t\t\t\t<\/a>\n\t\t\t\t\t\t\t\t\t\t\t<figcaption class=\"widget-image-caption wp-caption-text\">\u00a9 Meuble TV Judtih<\/figcaption>\n\t\t\t\t\t\t\t\t\t\t<\/figure>\n\t\t\t\t\t\t\t\t\t<\/div>\n\t\t\t\t<\/div>\n\t\t\t\t\t<\/div>\n\t\t<\/div>\n\t\t\t\t<div class=\"elementor-column elementor-col-50 elementor-top-column elementor-element elementor-element-4d83cce\" data-id=\"4d83cce\" data-element_type=\"column\">\n\t\t\t<div class=\"elementor-widget-wrap elementor-element-populated\">\n\t\t\t\t\t\t\t\t<div class=\"elementor-element elementor-element-4948eda elementor-widget elementor-widget-image\" data-id=\"4948eda\" data-element_type=\"widget\" data-widget_type=\"image.default\">\n\t\t\t\t<div class=\"elementor-widget-container\">\n\t\t\t\t\t\t\t\t\t\t\t\t<figure class=\"wp-caption\">\n\t\t\t\t\t\t\t\t\t\t\t<a href=\"https:\/\/www.made-in-meubles.com\/commode-en-bois-de-manguier-et-marbre-blanc-judith-p-cap08\" target=\"_blank\">\n\t\t\t\t\t\t\t<img width=\"1024\" height=\"1024\" src=\"https:\/\/www.made-in-meubles.com\/blog\/wp-content\/uploads\/2022\/06\/CAP08-Commode-ambiance-1024x1024.jpg\" class=\"attachment-large size-large\" alt=\"\" srcset=\"https:\/\/www.made-in-meubles.com\/blog\/wp-content\/uploads\/2022\/06\/CAP08-Commode-ambiance-1024x1024.jpg 1024w, https:\/\/www.made-in-meubles.com\/blog\/wp-content\/uploads\/2022\/06\/CAP08-Commode-ambiance-300x300.jpg 300w, https:\/\/www.made-in-meubles.com\/blog\/wp-content\/uploads\/2022\/06\/CAP08-Commode-ambiance-150x150.jpg 150w, https:\/\/www.made-in-meubles.com\/blog\/wp-content\/uploads\/2022\/06\/CAP08-Commode-ambiance-768x768.jpg 768w, https:\/\/www.made-in-meubles.com\/blog\/wp-content\/uploads\/2022\/06\/CAP08-Commode-ambiance.jpg 1200w\" sizes=\"(max-width: 1024px) 100vw, 1024px\" \/>\t\t\t\t\t\t\t\t<\/a>\n\t\t\t\t\t\t\t\t\t\t\t<figcaption class=\"widget-image-caption wp-caption-text\">\u00a9 Commode Judith<\/figcaption>\n\t\t\t\t\t\t\t\t\t\t<\/figure>\n\t\t\t\t\t\t\t\t\t<\/div>\n\t\t\t\t<\/div>\n\t\t\t\t\t<\/div>\n\t\t<\/div>\n\t\t\t\t\t\t\t<\/div>\n\t\t<\/section>\n\t\t\t\t\t\t\t<\/div>\n\t\t","protected":false},"excerpt":{"rendered":"<p>La tendance Japandi est de plus en plus pr\u00e9sente dans le monde de la d\u00e9coration. Sur les photos, dans les magasins et m\u00eame sur les r\u00e9seaux, elle marque de plus en plus son territoire. Issue de la rencontre entre le style scandinave et le japon, nous vous pr\u00e9sentons cette nouvelle tendance ! D\u00e9finition de la [&hellip;]<\/p>\n","protected":false},"author":12,"featured_media":9165,"comment_status":"open","ping_status":"open","sticky":false,"template":"","format":"standard","meta":[],"categories":[2],"tags":[52],"acf":[],"_links":{"self":[{"href":"https:\/\/www.made-in-meubles.com\/blog\/wp-json\/wp\/v2\/posts\/9148"}],"collection":[{"href":"https:\/\/www.made-in-meubles.com\/blog\/wp-json\/wp\/v2\/posts"}],"about":[{"href":"https:\/\/www.made-in-meubles.com\/blog\/wp-json\/wp\/v2\/types\/post"}],"author":[{"embeddable":true,"href":"https:\/\/www.made-in-meubles.com\/blog\/wp-json\/wp\/v2\/users\/12"}],"replies":[{"embeddable":true,"href":"https:\/\/www.made-in-meubles.com\/blog\/wp-json\/wp\/v2\/comments?post=9148"}],"version-history":[{"count":6,"href":"https:\/\/www.made-in-meubles.com\/blog\/wp-json\/wp\/v2\/posts\/9148\/revisions"}],"predecessor-version":[{"id":17727,"href":"https:\/\/www.made-in-meubles.com\/blog\/wp-json\/wp\/v2\/posts\/9148\/revisions\/17727"}],"wp:featuredmedia":[{"embeddable":true,"href":"https:\/\/www.made-in-meubles.com\/blog\/wp-json\/wp\/v2\/media\/9165"}],"wp:attachment":[{"href":"https:\/\/www.made-in-meubles.com\/blog\/wp-json\/wp\/v2\/media?parent=9148"}],"wp:term":[{"taxonomy":"category","embeddable":true,"href":"https:\/\/www.made-in-meubles.com\/blog\/wp-json\/wp\/v2\/categories?post=9148"},{"taxonomy":"post_tag","embeddable":true,"href":"https:\/\/www.made-in-meubles.com\/blog\/wp-json\/wp\/v2\/tags?post=9148"}],"curies":[{"name":"wp","href":"https:\/\/api.w.org\/{rel}","templated":true}]}}